{"id":8736,"date":"2016-04-08T17:38:28","date_gmt":"2017-03-28T00:15:31","guid":{"rendered":"http:\/\/newwp.insightcrime.org?p=8736"},"modified":"2023-04-24T15:51:23","modified_gmt":"2023-04-24T20:51:23","slug":"iglesia-bolivia-se-enfrenta-gobierno-mordaz-ataque-corrupcion-relacionada-drogas","status":"publish","type":"post","link":"https:\/\/insightcrime.org\/es\/noticias\/noticias-del-dia\/iglesia-bolivia-se-enfrenta-gobierno-mordaz-ataque-corrupcion-relacionada-drogas\/","title":{"rendered":"Iglesia en Bolivia enfrenta al gobierno por corrupci\u00f3n relacionada con drogas"},"content":{"rendered":"\n<p class=\"wp-block-paragraph\">&nbsp;Una pastoral de representantes de la Iglesia cat\u00f3lica de Bolivia denuncia el tr\u00e1fico y el consumo de estupefacientes en el pa\u00eds, y de manera controvertida adjudica parte de la culpa a las fuerzas de gobierno y seguridad \u201ccorruptas\u201d del pa\u00eds.<\/p>\n\n\n\n<p class=\"wp-block-paragraph\">La carta de la Conferencia Episcopal Boliviana (CEB) \u2014que recibi\u00f3 duras cr\u00edticas del gobierno\u2014 se titula \u201cHoy pongo ante ti la vida o la muerte\u201d (vea el documento abajo). En la publicaci\u00f3n de 50 p\u00e1ginas, los sacerdotes manifiestan su preocupaci\u00f3n de que el narcotr\u00e1fico se haya convertido en \u201cuna realidad cada vez m\u00e1s alarmante en Bolivia\u201d, donde \u201cel creciente tr\u00e1fico y consumo de drogas il\u00edcitas\u2026 afectan seriamente a la poblaci\u00f3n boliviana, \u2018en su mayor\u00eda j\u00f3venes&#8217;\u201d.<\/p>\n\n\n\n<p class=\"wp-block-paragraph\">Un tema clave es el de la corrupci\u00f3n oficial, la impunidad, las deficiencias institucionales y la desconfianza del p\u00fablico en las autoridades bolivianas.<\/p>\n\n\n\n<p class=\"wp-block-paragraph\">\u201cComo es de dominio p\u00fablico, el narcotr\u00e1fico\u2026 penetra incluso estructuras estatales y fuerzas del orden\u201d, se\u00f1ala la carta. \u201cLa corrupci\u00f3n ha minado la credibilidad de autoridades\u2026 encargadas de la lucha contra el narcotr\u00e1fico\u201d.<\/p>\n\n\n\n<p class=\"wp-block-paragraph\"><strong style=\"font-family: 'Georgia Regular'; color: #800000; font-size: 18.6667px; line-height: 26.6667px;\">VEA TAMBI\u00c9N<\/strong><span style=\"color: #333333; font-family: 'Georgia Regular'; font-size: 18.6667px; line-height: 26.6667px;\">:<\/span>&nbsp;<a href=\"\/noticias-sobre-crimen-organizado-en-honduras\" target=\"_blank\">Cobertura sobre Bolivia<\/a><\/p>\n\n\n\n<p class=\"wp-block-paragraph\">La carta tambi\u00e9n establece una diferencia entre los adictos a la droga y el narcotr\u00e1fico. Mientras los consumidores necesitan recibir asistencia espiritual y humana, dicen los obispos, el narcotr\u00e1fico debe considerarse un \u201ccrimen contra la humanidad, que hiere a la persona, genera violencia, muerte y desintegraci\u00f3n familiar\u2026 representa un pecado grave y una ofensa al Dios&nbsp; de la vida\u2026 Por eso, nos unimos a [el antiguo papa] San Juan Pablo II para denunciar firmemente a los narcotraficantes como \u2018<a href=\"https:\/\/zenit.org\/articles\/where-the-church-draws-the-line-on-drugs\/\" target=\"_blank\">mercaderes de la muerte<\/a>\u2018.<\/p>\n\n\n\n<p class=\"wp-block-paragraph\">La pastoral promueve la prevenci\u00f3n y la educaci\u00f3n como elementos cr\u00edticos en la lucha contra el negocio de la droga. Afirma la necesidad de atacarlo en sus movimientos financieros, incluyendo <a href=\"\/component\/tags\/tag\/226-lavado-de-dinero\" target=\"_blank\">el lavado de dinero<\/a>, y demanda mayor cooperaci\u00f3n internacional entre los pa\u00edses afectados.<\/p>\n\n\n\n<p class=\"wp-block-paragraph\">Los obispos adem\u00e1s destacan los costos ambientales de los cultivos ilegales, aun cuando respetan el uso tradicional \u201cpermitido\u201d de la hoja de coca en las culturas andinas.<\/p>\n\n\n\n<p class=\"wp-block-paragraph\"><a href=\"https:\/\/www.scribd.com\/doc\/307238455\/Hoy-pongo-ante-ti-la-vida-o-la-muerte-Carta-Pastoral-sobre-Narcotrafico-y-Drogadiccion\" target=\"_blank\">Hoy pongo ante ti la vida o la muerte \u2013 Carta Pastoral sobre Narcotr\u00e1fico y Drogadicci\u00f3n<\/a><\/p>\n\n\n\n<p class=\"wp-block-paragraph\"><iframe loading=\"lazy\" src=\"https:\/\/www.scribd.com\/embeds\/307238455\/content?start_page=1&amp;view_mode=scroll&amp;show_recommendations=true\" frameborder=\"0\" scrolling=\"no\" width=\"100%\" height=\"600\" class=\"scribd_iframe_embed\" data-auto-height=\"false\" data-aspect-ratio=\"undefined\" id=\"doc_93340\"><\/iframe><\/p>\n\n\n\n<h3 class=\"wp-block-heading\">An\u00e1lisis de InSight Crime<\/h3>\n\n\n\n<p class=\"wp-block-paragraph\">El pronunciamiento de los obispos bolivianos sobre el tema del crimen organizado aparece de forma casi inesperada. Aunque durante d\u00e9cadas la Iglesia boliviana <a href=\"https:\/\/www.la-razon.com\/sociedad\/Iglesia-Catolica-narcotrafico-inseguridad-Bolivia_0_1723627716.html\" target=\"_blank\">ha expresado sus preocupacione<\/a>s y <a href=\"https:\/\/eju.tv\/2013\/11\/bolivia-oposicin-exige-combatir-narcotrfico-y-oficialismo-pide-propuestas-a-iglesia\/\" target=\"_blank\">se ha opuesto al gobierno<\/a> por el tema de la droga, esta parece ser la cr\u00edtica m\u00e1s profunda al rol del estado en la industria del narcotr\u00e1fico por parte de los obispos bolivianos en los \u00faltimos a\u00f1os.<\/p>\n\n\n\n<p class=\"wp-block-paragraph\">Menos sorprendente es la ac\u00e9rrima reacci\u00f3n del gobierno boliviano hacia la carta. El presidente <a href=\"https:\/\/www.patrianueva.bo\/?q=node\/6968\" target=\"_blank\">Evo Morales calific\u00f3<\/a> de incomprensible que la Iglesia acusara de narcotr\u00e1fico a los miembros del gobierno, y demand\u00f3 que la instituci\u00f3n presentara de inmediato los nombres de los presuntos funcionarios corruptos.<\/p>\n\n\n\n<p class=\"wp-block-paragraph\">\u201cSean responsables con su discurso\u201d, declar\u00f3 Morales, a\u00f1adiendo que si la Iglesia no entrega la evidencia \u00e9l asumir\u00e1 que la instituci\u00f3n quer\u00eda \u201catacar el movimiento ind\u00edgena, como en el pasado\u201d.<\/p>\n\n\n\n<p class=\"wp-block-paragraph\">Otros funcionarios han reprochado la \u201cmetida de pata\u201d <a href=\"https:\/\/www.eldeber.com.bo\/bolivia\/califican-metida-pata-carta-iglesia.html\" target=\"_blank\">de la Iglesia<\/a>, por la carga pol\u00edtica e ideol\u00f3gica, y por desconocer los avances que el estado ha buscado contra el narcotr\u00e1fico.<\/p>\n\n\n\n<p class=\"wp-block-paragraph\"><strong style=\"font-family: 'Georgia Regular'; color: #800000; font-size: 18.6667px; line-height: 26.6667px;\">VEA TAMBI\u00c9N:<\/strong>&nbsp; <a href=\"\/component\/tags\/tag\/374-politicas-de-seguridad\" target=\"_blank\">Cobertura sobre Pol\u00edtica de Seguridad<\/a><\/p>\n\n\n\n<p class=\"wp-block-paragraph\">No cabe duda de que en Latinoam\u00e9rica \u2014una regi\u00f3n con una cultura religiosa muy arraigada\u2014 la participaci\u00f3n de la Iglesia cat\u00f3lica en el debate sobre el crimen organizado puede ser poco fiable. Esto se debe en parte a esa postura conservadora que muchas veces va en contrav\u00eda de la pol\u00edtica nacional e internacional. La dura posici\u00f3n de los obispos bolivianos sobre el consumo de droga, por ejemplo, podr\u00eda llegar a polarizar el debate de liberalizaci\u00f3n de las drogas <a href=\"\/noticias\/noticias-del-dia\/presidentes-latinoamerica-piden-reforma-antidrogas-visperas-sesion-especial-onu\" target=\"_blank\">que ha estado ganando fuerza en la regi\u00f3n<\/a>.<\/p>\n\n\n\n<p class=\"wp-block-paragraph\">M\u00e1s a\u00fan, La Iglesia misma se ha visto implicada en el crimen organizado en diferentes pa\u00edses, entre ellos M\u00e9xico, Argentina y Paraguay, lo que afecta su credibilidad.<\/p>\n\n\n\n<p class=\"wp-block-paragraph\">Sin embargo, esto no ha impedido a las figuras religiosas de <a href=\"https:\/\/es.catholic.net\/op\/articulos\/5388\/cat\/222\/iglesia-catolica-en-mexico-narcotrafico-se-ha-convertido-en-gran-empleador-de-jovenes.html\" target=\"_blank\">todo el continente<\/a> <a href=\"https:\/\/www.diariopopular.com.ar\/notas\/174474-la-iglesia-alerto-el-crecimiento-del-narcotrafico\" target=\"_blank\">hacerse o\u00edr <\/a>en la lucha contra las drogas. La Iglesia tambi\u00e9n se ha visto obligada a mediar en las treguas entre los grupos armados ilegales, como <a href=\"\/noticias\/analisis\/iglesia-catolica-de-el-salvador-peon-o-jugador-en-la-tregua-entre-pandillas\" target=\"_blank\">la tregua de pandillas de 2012 <\/a>en El Salvador y <a href=\"https:\/\/www.ncregister.com\/site\/article\/rebel_uprising_in_colombia_shouldnt_derail_church_brokered_peace_talks\/\" target=\"_blank\">las pasadas negociaciones<\/a> de paz con la guerrilla colombiana, acuerdos que en \u00faltimas no prosperaron.&nbsp;<\/p>\n","protected":false},"excerpt":{"rendered":"<p>&nbsp;Una pastoral de representantes de la Iglesia cat\u00f3lica de Bolivia denuncia el tr\u00e1fico y el consumo de estupefacientes en el pa\u00eds, y de manera controvertida adjudica parte de la culpa a las fuerzas de gobierno y seguridad \u0093corruptas\u0094 del pa\u00eds.<\/p>\n","protected":false},"author":52,"featured_media":44238,"comment_status":"closed","ping_status":"closed","sticky":false,"template":"","format":"standard","meta":{"newspack_ads_suppress_ads":false,"newspack_popups_has_disabled_popups":false,"newspack_sponsor_sponsorship_scope":"","newspack_sponsor_native_byline_display":"inherit","newspack_sponsor_native_category_display":"inherit","newspack_sponsor_underwriter_style":"inherit","newspack_sponsor_underwriter_placement":"inherit","_EventAllDay":false,"_EventTimezone":"","_EventStartDate":"","_EventEndDate":"","_EventStartDateUTC":"","_EventEndDateUTC":"","_EventShowMap":false,"_EventShowMapLink":false,"_EventURL":"","_EventCost":"","_EventCostDescription":"","_EventCurrencySymbol":"","_EventCurrencyCode":"","_EventCurrencyPosition":"","_EventDateTimeSeparator":"","_EventTimeRangeSeparator":"","_EventOrganizerID":[],"_EventVenueID":[],"_OrganizerEmail":"","_OrganizerPhone":"","_OrganizerWebsite":"","_VenueAddress":"","_VenueCity":"","_VenueCountry":"","_VenueProvince":"","_VenueState":"","_VenueZip":"","_VenuePhone":"","_VenueURL":"","_VenueStateProvince":"","_VenueLat":"","_VenueLng":"","_VenueShowMap":false,"_VenueShowMapLink":false,"_newspack_byline_active":false,"_newspack_byline":"","newspack_hide_updated_date":false,"newspack_show_updated_date":false,"newspack_featured_image_position":"","newspack_post_subtitle":"","newspack_article_summary_title":"Overview:","newspack_article_summary":"","_jetpack_memberships_contains_paid_content":false,"footnotes":""},"categories":[334],"tags":[403,438],"newspack_spnsrs_tax":[],"coauthors":[3887],"class_list":["post-8736","post","type-post","status-publish","format-standard","has-post-thumbnail","hentry","category-noticias-del-dia","tag-bolivia-pais","tag-politicas-de-seguridad","entry"],"parsely":{"version":"1.1.0","canonical_url":"https:\/\/insightcrime.org\/es\/noticias\/noticias-del-dia\/iglesia-bolivia-se-enfrenta-gobierno-mordaz-ataque-corrupcion-relacionada-drogas\/","smart_links":{"inbound":0,"outbound":0},"traffic_boost_suggestions_count":0,"meta":{"@context":"https:\/\/schema.org","@type":"NewsArticle","headline":"Iglesia en Bolivia enfrenta al gobierno por corrupci\u00f3n relacionada con drogas","url":"http:\/\/insightcrime.org\/es\/noticias\/noticias-del-dia\/iglesia-bolivia-se-enfrenta-gobierno-mordaz-ataque-corrupcion-relacionada-drogas\/","mainEntityOfPage":{"@type":"WebPage","@id":"http:\/\/insightcrime.org\/es\/noticias\/noticias-del-dia\/iglesia-bolivia-se-enfrenta-gobierno-mordaz-ataque-corrupcion-relacionada-drogas\/"},"thumbnailUrl":"https:\/\/i0.wp.com\/insightcrime.org\/wp-content\/uploads\/2016\/04\/es-16-04-06-Bolivia-flag-cross.jpg?resize=150%2C150&quality=100&ssl=1","image":{"@type":"ImageObject","url":"https:\/\/i0.wp.com\/insightcrime.org\/wp-content\/uploads\/2016\/04\/es-16-04-06-Bolivia-flag-cross.jpg?fit=680%2C425&quality=100&ssl=1"},"articleSection":"Noticias del d\u00eda","author":[{"@type":"Person","name":"Mimi Yagoub"}],"creator":["Mimi Yagoub"],"publisher":{"@type":"Organization","name":"InSight Crime","logo":"https:\/\/insightcrime.org\/wp-content\/uploads\/2023\/08\/logo.png"},"keywords":["bolivia","pol\u00edticas de seguridad"],"dateCreated":"2017-03-28T00:15:31Z","datePublished":"2017-03-28T00:15:31Z","dateModified":"2023-04-24T20:51:23Z"},"rendered":"<meta name=\"parsely-title\" content=\"Iglesia en Bolivia enfrenta al gobierno por corrupci\u00f3n relacionada con drogas\" \/>\n<meta name=\"parsely-link\" content=\"http:\/\/insightcrime.org\/es\/noticias\/noticias-del-dia\/iglesia-bolivia-se-enfrenta-gobierno-mordaz-ataque-corrupcion-relacionada-drogas\/\" \/>\n<meta name=\"parsely-type\" content=\"post\" \/>\n<meta name=\"parsely-image-url\" content=\"https:\/\/i0.wp.com\/insightcrime.org\/wp-content\/uploads\/2016\/04\/es-16-04-06-Bolivia-flag-cross.jpg?resize=150%2C150&amp;quality=100&amp;ssl=1\" \/>\n<meta name=\"parsely-pub-date\" content=\"2017-03-28T00:15:31Z\" \/>\n<meta name=\"parsely-section\" content=\"Noticias del d\u00eda\" \/>\n<meta name=\"parsely-tags\" content=\"bolivia,pol\u00edticas de seguridad\" \/>\n<meta name=\"parsely-author\" content=\"Mimi Yagoub\" \/>","tracker_url":"https:\/\/cdn.parsely.com\/keys\/insightcrime.org\/p.js"},"jetpack_sharing_enabled":true,"jetpack-related-posts":[{"id":177596,"url":"https:\/\/insightcrime.org\/es\/noticias\/exjefe-antinarcoticos-mira-bolivia-eeuu\/","url_meta":{"origin":8736,"position":0},"title":"Exjefe antinarc\u00f3ticos en la mira de Bolivia y EE. UU.","author":"Scott Mistler-Ferguson","date":"4 de febrero de 2022","format":false,"excerpt":"La imputaci\u00f3n de Estados Unidos contra el exjefe antinarc\u00f3ticos boliviano por cargos de drogas y armas implica que este podr\u00eda ser extraditado a Estados Unidos, una decisi\u00f3n que depende de Bolivia, tras ser capturado en ese pa\u00eds por enriquecimiento il\u00edcito.","rel":"","context":"En \u00abNoticias\u00bb","block_context":{"text":"Noticias","link":"https:\/\/insightcrime.org\/es\/category\/noticias\/"},"img":{"alt_text":"Maximiliano D\u00e1vila exjefe antinarc\u00f3ticos","src":"https:\/\/i0.wp.com\/insightcrime.org\/wp-content\/uploads\/2022\/02\/2022-02-03-Maximiliano-Davila-Perez1.jpeg?fit=350%2C250&quality=100&ssl=1&resize=350%2C200","width":350,"height":200},"classes":[]},{"id":141610,"url":"https:\/\/insightcrime.org\/es\/noticias\/corrupcion-impulsa-trafico-tierras-bolivia\/","url_meta":{"origin":8736,"position":1},"title":"Corrupci\u00f3n impulsa tr\u00e1fico de tierras en Bolivia","author":"Katie Jones","date":"23 de abril de 2021","format":false,"excerpt":"La captura de un ministro del gobierno de Bolivia por presuntos sobornos en relaci\u00f3n con el tr\u00e1fico de tierras pone sobre la mesa c\u00f3mo dicha pr\u00e1ctica se ha acentuado por la corrupci\u00f3n a lo largo de la historia del pa\u00eds.","rel":"","context":"En \u00abNoticias\u00bb","block_context":{"text":"Noticias","link":"https:\/\/insightcrime.org\/es\/category\/noticias\/"},"img":{"alt_text":"","src":"https:\/\/i0.wp.com\/insightcrime.org\/wp-content\/uploads\/2021\/04\/Bolivia-1-1.jpeg?fit=350%2C250&quality=100&ssl=1&resize=350%2C200","width":350,"height":200},"classes":[]},{"id":126781,"url":"https:\/\/insightcrime.org\/es\/noticias\/nuevo-presidente-de-bolivia-enfrenta-complejo-escenario-en-tema-de-narcoticos\/","url_meta":{"origin":8736,"position":2},"title":"Nuevo presidente de Bolivia enfrenta complejo escenario en tema de narc\u00f3ticos","author":"Parker Asmann","date":"11 de noviembre de 2020","format":false,"excerpt":"El reci\u00e9n posesionado presidente de Bolivia, Luis Arce, enfrentar\u00e1 varios acuciantes desaf\u00edos de seguridad en su trabajo por devolver la estabilidad al pa\u00eds, pero ninguno tan importante como fijar una pol\u00edtica clara en materia de drogas.","rel":"","context":"En \u00abNoticias\u00bb","block_context":{"text":"Noticias","link":"https:\/\/insightcrime.org\/es\/category\/noticias\/"},"img":{"alt_text":"","src":"https:\/\/i0.wp.com\/insightcrime.org\/wp-content\/uploads\/2020\/11\/20-11-10-Luis-Arce-Bolivia-1.jpg?fit=350%2C250&quality=100&ssl=1&resize=350%2C200","width":350,"height":200},"classes":[]},{"id":271200,"url":"https:\/\/insightcrime.org\/es\/investigaciones\/amazonia-boliviana-enfrenta-amenazas-todos-lados\/","url_meta":{"origin":8736,"position":3},"title":"La Amazon\u00eda boliviana enfrenta amenazas de todos lados","author":"Seth Robbins","date":"2 de mayo de 2024","format":false,"excerpt":"Los 60 millones de hect\u00e1reas de la Amazon\u00eda boliviana, que abarcan parte de los departamentos de Pando, Beni, Cochabamba, La Paz y Santa Cruz, concentran algunas de las zonas m\u00e1s biodiversas de la cuenca amaz\u00f3nica. Pero la Amazon\u00eda boliviana suele caer en el olvido, ya que otros pa\u00edses reciben la\u2026","rel":"","context":"En \u00abInvestigaciones\u00bb","block_context":{"text":"Investigaciones","link":"https:\/\/insightcrime.org\/es\/category\/investigaciones\/"},"img":{"alt_text":"","src":"https:\/\/i0.wp.com\/insightcrime.org\/wp-content\/uploads\/2024\/05\/Bolivia-Principales-motores-de-la-deforestacion-en-Bolivia-InSightCrime-Mayo-2024.jpg?resize=350%2C200&quality=100&ssl=1","width":350,"height":200,"srcset":"https:\/\/i0.wp.com\/insightcrime.org\/wp-content\/uploads\/2024\/05\/Bolivia-Principales-motores-de-la-deforestacion-en-Bolivia-InSightCrime-Mayo-2024.jpg?resize=350%2C200&quality=100&ssl=1 1x, https:\/\/i0.wp.com\/insightcrime.org\/wp-content\/uploads\/2024\/05\/Bolivia-Principales-motores-de-la-deforestacion-en-Bolivia-InSightCrime-Mayo-2024.jpg?resize=525%2C300&quality=100&ssl=1 1.5x, https:\/\/i0.wp.com\/insightcrime.org\/wp-content\/uploads\/2024\/05\/Bolivia-Principales-motores-de-la-deforestacion-en-Bolivia-InSightCrime-Mayo-2024.jpg?resize=700%2C400&quality=100&ssl=1 2x, https:\/\/i0.wp.com\/insightcrime.org\/wp-content\/uploads\/2024\/05\/Bolivia-Principales-motores-de-la-deforestacion-en-Bolivia-InSightCrime-Mayo-2024.jpg?resize=1050%2C600&quality=100&ssl=1 3x, https:\/\/i0.wp.com\/insightcrime.org\/wp-content\/uploads\/2024\/05\/Bolivia-Principales-motores-de-la-deforestacion-en-Bolivia-InSightCrime-Mayo-2024.jpg?resize=1400%2C800&quality=100&ssl=1 4x"},"classes":[]},{"id":9047,"url":"https:\/\/insightcrime.org\/es\/noticias-crimen-organizado-bolivia\/bolivia-perfil\/","url_meta":{"origin":8736,"position":4},"title":"Perfil de Bolivia","author":"InSight Crime","date":"17 de marzo de 2022","format":false,"excerpt":"Bolivia, uno de los pa\u00edses m\u00e1s pobres de Latinoam\u00e9rica, es el tercer productor mundial de coca despu\u00e9s de Colombia y Per\u00fa, y es un punto clave para el tr\u00e1nsito de drogas. Adem\u00e1s de servir como puente a\u00e9reo para la coca\u00edna peruana, en Bolivia existen organizaciones criminales extranjeras, sobre todo grupos\u2026","rel":"","context":"En \u00abBolivia\u00bb","block_context":{"text":"Bolivia","link":"https:\/\/insightcrime.org\/es\/category\/noticias-crimen-organizado-bolivia\/"},"img":{"alt_text":"","src":"https:\/\/i0.wp.com\/insightcrime.org\/wp-content\/uploads\/2017\/08\/Bolivia-1.jpg?fit=1200%2C810&quality=100&ssl=1&resize=350%2C200","width":350,"height":200,"srcset":"https:\/\/i0.wp.com\/insightcrime.org\/wp-content\/uploads\/2017\/08\/Bolivia-1.jpg?fit=1200%2C810&quality=100&ssl=1&resize=350%2C200 1x, https:\/\/i0.wp.com\/insightcrime.org\/wp-content\/uploads\/2017\/08\/Bolivia-1.jpg?fit=1200%2C810&quality=100&ssl=1&resize=525%2C300 1.5x, https:\/\/i0.wp.com\/insightcrime.org\/wp-content\/uploads\/2017\/08\/Bolivia-1.jpg?fit=1200%2C810&quality=100&ssl=1&resize=700%2C400 2x, https:\/\/i0.wp.com\/insightcrime.org\/wp-content\/uploads\/2017\/08\/Bolivia-1.jpg?fit=1200%2C810&quality=100&ssl=1&resize=1050%2C600 3x"},"classes":[]},{"id":163596,"url":"https:\/\/insightcrime.org\/es\/noticias\/contrabando-bienes-bolivia-alcanza-niveles-criticos\/","url_meta":{"origin":8736,"position":5},"title":"Contrabando de bienes en Bolivia alcanza niveles cr\u00edticos","author":"Katie Jones","date":"22 de julio de 2021","format":false,"excerpt":"El control del contrabando de veh\u00edculos por parte de las fuerzas de seguridad de Bolivia parece estar fracasando este a\u00f1o, debido a un aumento en el contrabando del pa\u00eds en general.","rel":"","context":"En \u00abNoticias\u00bb","block_context":{"text":"Noticias","link":"https:\/\/insightcrime.org\/es\/category\/noticias\/"},"img":{"alt_text":"Bolivia-Military-Contraband","src":"https:\/\/i0.wp.com\/insightcrime.org\/wp-content\/uploads\/2021\/07\/Bolivia-Military-Contraband-1-1.jpeg?fit=350%2C250&quality=100&ssl=1&resize=350%2C200","width":350,"height":200},"classes":[]}],"jetpack_featured_media_url":"https:\/\/i0.wp.com\/insightcrime.org\/wp-content\/uploads\/2016\/04\/es-16-04-06-Bolivia-flag-cross.jpg?fit=680%2C425&quality=100&ssl=1","_links":{"self":[{"href":"https:\/\/insightcrime.org\/es\/wp-json\/wp\/v2\/posts\/8736","targetHints":{"allow":["GET"]}}],"collection":[{"href":"https:\/\/insightcrime.org\/es\/wp-json\/wp\/v2\/posts"}],"about":[{"href":"https:\/\/insightcrime.org\/es\/wp-json\/wp\/v2\/types\/post"}],"author":[{"embeddable":true,"href":"https:\/\/insightcrime.org\/es\/wp-json\/wp\/v2\/users\/52"}],"replies":[{"embeddable":true,"href":"https:\/\/insightcrime.org\/es\/wp-json\/wp\/v2\/comments?post=8736"}],"version-history":[{"count":1,"href":"https:\/\/insightcrime.org\/es\/wp-json\/wp\/v2\/posts\/8736\/revisions"}],"predecessor-version":[{"id":26374,"href":"https:\/\/insightcrime.org\/es\/wp-json\/wp\/v2\/posts\/8736\/revisions\/26374"}],"wp:featuredmedia":[{"embeddable":true,"href":"https:\/\/insightcrime.org\/es\/wp-json\/wp\/v2\/media\/44238"}],"wp:attachment":[{"href":"https:\/\/insightcrime.org\/es\/wp-json\/wp\/v2\/media?parent=8736"}],"wp:term":[{"taxonomy":"category","embeddable":true,"href":"https:\/\/insightcrime.org\/es\/wp-json\/wp\/v2\/categories?post=8736"},{"taxonomy":"post_tag","embeddable":true,"href":"https:\/\/insightcrime.org\/es\/wp-json\/wp\/v2\/tags?post=8736"},{"taxonomy":"newspack_spnsrs_tax","embeddable":true,"href":"https:\/\/insightcrime.org\/es\/wp-json\/wp\/v2\/newspack_spnsrs_tax?post=8736"},{"taxonomy":"author","embeddable":true,"href":"https:\/\/insightcrime.org\/es\/wp-json\/wp\/v2\/coauthors?post=8736"}],"curies":[{"name":"wp","href":"https:\/\/api.w.org\/{rel}","templated":true}]}}