{"id":8760,"date":"2016-04-15T16:18:01","date_gmt":"2017-03-28T00:15:42","guid":{"rendered":"http:\/\/newwp.insightcrime.org?p=8760"},"modified":"2023-04-24T15:51:31","modified_gmt":"2023-04-24T20:51:31","slug":"colombia-redobla-esfuerzos-contra-bacrim","status":"publish","type":"post","link":"https:\/\/insightcrime.org\/es\/noticias\/noticias-del-dia\/colombia-redobla-esfuerzos-contra-bacrim\/","title":{"rendered":"Colombia redobla esfuerzos contra las Bacrim"},"content":{"rendered":"\n<p class=\"wp-block-paragraph\">El presidente de Colombia Juan Manuel Santos anunci\u00f3 que su administraci\u00f3n intensificar\u00e1 a\u00fan m\u00e1s la presi\u00f3n contra las organizaciones neoparamilitares del pa\u00eds, conocidas como Bacrim, una se\u00f1al de la creciente importancia de estos grupos en el panorama de seguridad del pa\u00eds.<\/p>\n\n\n\n<p class=\"wp-block-paragraph\">El 11 de abril, Santos anunci\u00f3 que las autoridades <a href=\"https:\/\/www.efe.com\/efe\/america\/politica\/colombia-fortalecera-la-lucha-contra-las-bandas-criminales-y-duplica-recompensas\/20000035-2893456\" target=\"_blank\">han duplicado la recompensa<\/a> en dinero por informaci\u00f3n que lleve a la captura de Dairo Antonio \u00dasuga, alias \u201cOtoniel\u201d, m\u00e1ximo cabecilla del grupo neoparamilitar los Urabe\u00f1os y el criminal m\u00e1s buscado del pa\u00eds. La recompensa pas\u00f3 de 1.500 millones de pesos (algo menos de US$500.000) a 3 mil millones de pesos (casi US$1 mill\u00f3n).<\/p>\n\n\n\n<p class=\"wp-block-paragraph\">El anuncio hac\u00eda parte de un plan desplegado por Santos para reforzar a\u00fan m\u00e1s la lucha contra los grupos neoparamilitares de Colombia, conocidos como \u201cbandas criminales\u201d o Bacrim. Esto incluye el fortalecimiento del Bloque de B\u00fasqueda, una unidad especial nueva contra las Bacrim, y mayor coordinaci\u00f3n entre la polic\u00eda, el ej\u00e9rcito, los fiscales y jueces, <a href=\"https:\/\/www.elcolombiano.com\/colombia\/santos-duplica-recompensa-por-alias-otoniel-lider-de-urabenos-NK3936096\" target=\"_blank\">seg\u00fan informes de El Colombiano<\/a>.<\/p>\n\n\n\n<p class=\"wp-block-paragraph\">Santos se\u00f1al\u00f3 tambi\u00e9n que los funcionarios enviar\u00e1n un nuevo proyecto de ley al Congreso, para reducir la miner\u00eda ilegal, una de las <a href=\"https:\/\/es.insightcrime.org\/noticias\/noticias-del-dia\/farc-y-bacrim-se-dividen-ganancias-del-oro-en-departamento-de-colombia-policia\/\" target=\"_blank\">principales fuentes de ingreso<\/a> de los grupos criminales en Colombia.&nbsp;<\/p>\n\n\n\n<h3 class=\"wp-block-heading\">An\u00e1lisis de InSight Crime<\/h3>\n\n\n\n<p class=\"wp-block-paragraph\">La noticia dada por Santos puede ser en parte respuesta al <a href=\"https:\/\/es.insightcrime.org\/noticias\/noticias-del-dia\/paro-urabenos-colombia-intento-iniciar-negociaciones-paz\/\" target=\"_blank\">reciente paro armado<\/a> impuesto por los Urabe\u00f1os a comienzos de abril, que paraliz\u00f3 temporalmente algunas partes del noroccidente de Colombia. El paro fue una elocuente demostraci\u00f3n de fuerza por parte de los Urabe\u00f1os y una derrota simb\u00f3lica para un gobierno que en el \u00faltimo a\u00f1o invirti\u00f3 grandes cantidades de recursos en la <a href=\"https:\/\/es.insightcrime.org\/noticias\/noticias-del-dia\/colombia-intensifica-busqueda-jefe-los-urabenos\/\" target=\"_blank\">persecuci\u00f3n a \u201cOtoniel\u201d<\/a>,&nbsp;en un intento por debilitar el grupo criminal m\u00e1s poderoso de Colombia.<\/p>\n\n\n\n<p class=\"wp-block-paragraph\">La declaraci\u00f3n tambi\u00e9n refleja un giro mayor en las prioridades de seguridad en Colombia ahora que el mayor grupo guerrillero del pa\u00eds, las Fuerzas Armadas Revolucionarias de Colombia (FARC) se acercan a un acuerdo de paz con el gobierno. A finales de marzo, altos funcionarios del gobierno anunciaron que comenzar\u00edan <a href=\"https:\/\/es.insightcrime.org\/noticias\/analisis\/dialogos-paz-farc-modelo-negociaciones-eln\/\" target=\"_blank\">di\u00e1logos formales<\/a> con el segundo grupo guerrillero del pa\u00eds, el Ej\u00e9rcito de Liberaci\u00f3n Nacional (ELN). Al aminorar la amenaza guerrillera en Colombia, las autoridades est\u00e1n volcando cada vez m\u00e1s atenci\u00f3n en Bacrim.<\/p>\n\n\n\n<p class=\"wp-block-paragraph\"><strong><span style=\"color: #800000\">VEA TAMBI\u00c9N:<\/span><\/strong> <a href=\"\/component\/tags\/tag\/340-bacrim\" target=\"_blank\">Cobertura sobre las BACRIM<\/a><\/p>\n\n\n\n<p class=\"wp-block-paragraph\">\u201cUna de las prioridades de este gobierno a partir de este momento va a ser centrarnos en la erradicaci\u00f3n del crimen organizado apenas podamos firmar [un acuerdo de] la paz\u201d, <a href=\"https:\/\/www.bluradio.com\/119624\/santos-reitera-que-erradicacion-de-bacrim-son-objetivo-de-gobierno\" target=\"_blank\">se\u00f1al\u00f3 Santos en enero<\/a>.<\/p>\n\n\n\n<p class=\"wp-block-paragraph\">Algunos expertos en seguridad, sin embargo, dicen que a la administraci\u00f3n Santos <a href=\"Las%20cinco%20razones%20por%20las%20que%20las%20bacrim%20le%20ganan%20el%20pulso%20a%20Santos\" target=\"_blank\">le falta una estrategia integral<\/a> para enfrentar a las Bacrim. Los Urabe\u00f1os, por ejemplo, <a href=\"https:\/\/es.insightcrime.org\/noticias\/noticias-del-dia\/fuerzas-seguridad-colombia-no-logran-contener-expansion-urabenos\/\" target=\"_blank\">contin\u00faan su expansi\u00f3n territorial<\/a> a pesar de la intensa presi\u00f3n de seguridad. Tambi\u00e9n hay <a href=\"https:\/\/www.elcolombiano.com\/colombia\/no-hay-posibilidad-de-que-el-clan-usuga-tenga-un-trato-politico-AJ3931705\" target=\"_blank\">resistencia del gobierno<\/a> para <a href=\"https:\/\/es.insightcrime.org\/noticias\/noticias-del-dia\/colombia-busca-desmovilizacion-grupos-criminales\/\" target=\"_blank\">incluir<\/a> a los Urabe\u00f1os y otras Bacrim en negociaciones de paz por su car\u00e1cter criminal, ya que esto les dar\u00eda un estatus de actores en el conflicto armado del pa\u00eds.<\/p>\n","protected":false},"excerpt":{"rendered":"<p>El presidente de Colombia Juan Manuel Santos anunci\u00f3 que su administraci\u00f3n intensificar\u00e1 a\u00fan m\u00e1s la presi\u00f3n contra las organizaciones neoparamilitares del pa\u00eds, conocidas como Bacrim, una se\u00f1al de la creciente importancia de estos grupos en el panorama de seguridad del pa\u00eds.<\/p>\n","protected":false},"author":36,"featured_media":44272,"comment_status":"closed","ping_status":"closed","sticky":false,"template":"","format":"standard","meta":{"newspack_ads_suppress_ads":false,"newspack_popups_has_disabled_popups":false,"newspack_sponsor_sponsorship_scope":"","newspack_sponsor_native_byline_display":"inherit","newspack_sponsor_native_category_display":"inherit","newspack_sponsor_underwriter_style":"inherit","newspack_sponsor_underwriter_placement":"inherit","_EventAllDay":false,"_EventTimezone":"","_EventStartDate":"","_EventEndDate":"","_EventStartDateUTC":"","_EventEndDateUTC":"","_EventShowMap":false,"_EventShowMapLink":false,"_EventURL":"","_EventCost":"","_EventCostDescription":"","_EventCurrencySymbol":"","_EventCurrencyCode":"","_EventCurrencyPosition":"","_EventDateTimeSeparator":"","_EventTimeRangeSeparator":"","_EventOrganizerID":[],"_EventVenueID":[],"_OrganizerEmail":"","_OrganizerPhone":"","_OrganizerWebsite":"","_VenueAddress":"","_VenueCity":"","_VenueCountry":"","_VenueProvince":"","_VenueState":"","_VenueZip":"","_VenuePhone":"","_VenueURL":"","_VenueStateProvince":"","_VenueLat":"","_VenueLng":"","_VenueShowMap":false,"_VenueShowMapLink":false,"_newspack_byline_active":false,"_newspack_byline":"","newspack_hide_updated_date":false,"newspack_show_updated_date":false,"newspack_featured_image_position":"","newspack_post_subtitle":"","newspack_article_summary_title":"Overview:","newspack_article_summary":"","_jetpack_memberships_contains_paid_content":false,"footnotes":""},"categories":[334],"tags":[368,2927,480],"newspack_spnsrs_tax":[],"coauthors":[3924],"class_list":["post-8760","post","type-post","status-publish","format-standard","has-post-thumbnail","hentry","category-noticias-del-dia","tag-colombia-pais","tag-gaitanistas","tag-otoniel-usuga","entry"],"parsely":{"version":"1.1.0","canonical_url":"https:\/\/insightcrime.org\/es\/noticias\/noticias-del-dia\/colombia-redobla-esfuerzos-contra-bacrim\/","smart_links":{"inbound":0,"outbound":0},"traffic_boost_suggestions_count":0,"meta":{"@context":"https:\/\/schema.org","@type":"NewsArticle","headline":"Colombia redobla esfuerzos contra las Bacrim","url":"http:\/\/insightcrime.org\/es\/noticias\/noticias-del-dia\/colombia-redobla-esfuerzos-contra-bacrim\/","mainEntityOfPage":{"@type":"WebPage","@id":"http:\/\/insightcrime.org\/es\/noticias\/noticias-del-dia\/colombia-redobla-esfuerzos-contra-bacrim\/"},"thumbnailUrl":"https:\/\/i0.wp.com\/insightcrime.org\/wp-content\/uploads\/2016\/04\/es-16-04-12-Colombia-BACRIM-Santos.jpg?resize=150%2C150&quality=100&ssl=1","image":{"@type":"ImageObject","url":"https:\/\/i0.wp.com\/insightcrime.org\/wp-content\/uploads\/2016\/04\/es-16-04-12-Colombia-BACRIM-Santos.jpg?fit=250%2C163&quality=100&ssl=1"},"articleSection":"Noticias del d\u00eda","author":[{"@type":"Person","name":"David Gagne"}],"creator":["David Gagne"],"publisher":{"@type":"Organization","name":"InSight Crime","logo":"https:\/\/insightcrime.org\/wp-content\/uploads\/2023\/08\/logo.png"},"keywords":["colombia","gaitanistas","otoniel"],"dateCreated":"2017-03-28T00:15:42Z","datePublished":"2017-03-28T00:15:42Z","dateModified":"2023-04-24T20:51:31Z"},"rendered":"<meta name=\"parsely-title\" content=\"Colombia redobla esfuerzos contra las Bacrim\" \/>\n<meta name=\"parsely-link\" content=\"http:\/\/insightcrime.org\/es\/noticias\/noticias-del-dia\/colombia-redobla-esfuerzos-contra-bacrim\/\" \/>\n<meta name=\"parsely-type\" content=\"post\" \/>\n<meta name=\"parsely-image-url\" content=\"https:\/\/i0.wp.com\/insightcrime.org\/wp-content\/uploads\/2016\/04\/es-16-04-12-Colombia-BACRIM-Santos.jpg?resize=150%2C150&amp;quality=100&amp;ssl=1\" \/>\n<meta name=\"parsely-pub-date\" content=\"2017-03-28T00:15:42Z\" \/>\n<meta name=\"parsely-section\" content=\"Noticias del d\u00eda\" \/>\n<meta name=\"parsely-tags\" content=\"colombia,gaitanistas,otoniel\" \/>\n<meta name=\"parsely-author\" content=\"David Gagne\" \/>","tracker_url":"https:\/\/cdn.parsely.com\/keys\/insightcrime.org\/p.js"},"jetpack_sharing_enabled":true,"jetpack-related-posts":[{"id":170193,"url":"https:\/\/insightcrime.org\/es\/noticias\/significa-realmente-arresto-otoniel-colombia\/","url_meta":{"origin":8760,"position":0},"title":"\u00bfQu\u00e9 significa realmente el arresto de Otoniel para Colombia?","author":"Chris Dalby","date":"25 de octubre de 2021","format":false,"excerpt":"Dairo Antonio \u00dasuga, alias \u201cOtoniel\u201d, era el hombre m\u00e1s buscado en Colombia. Su arresto se consideraba tan importante, que\u00a0se ofreci\u00f3\u00a0una recompensa de US$5 millones por su cabeza. En poco tiempo ser\u00e1 extraditado a Estados Unidos para enfrentar una larga lista de cargos federales.","rel":"","context":"En \u00abNews\u00bb","block_context":{"text":"News","link":"https:\/\/insightcrime.org\/category\/news\/"},"img":{"alt_text":"Dario Antonio \u00dasuga, alias \u201cOtoniel,\" after his arrest in Colombia","src":"https:\/\/i0.wp.com\/insightcrime.org\/wp-content\/uploads\/2021\/10\/Colombia-pone-jaque-al-Clan-del-Golfo-con-captura-de.jpg?fit=350%2C250&quality=100&ssl=1&resize=350%2C200","width":350,"height":200},"classes":[]},{"id":184577,"url":"https:\/\/insightcrime.org\/es\/noticias\/extradicion-otoniel-anuncia-fin-generacion-traficantes-colombianos\/","url_meta":{"origin":8760,"position":1},"title":"Extradici\u00f3n de Otoniel anuncia el fin de una generaci\u00f3n de traficantes colombianos","author":"Seth Robbins","date":"5 de mayo de 2022","format":false,"excerpt":"La extradici\u00f3n del imputado jefe narco colombiano Dairo Antonio \u00dasuga, alias \u201cOtoniel\u201d, a Estados Unidos, pone fin a una era de traficantes forjados en el fragor del conflicto civil del pa\u00eds.","rel":"","context":"En \u00abNoticias\u00bb","block_context":{"text":"Noticias","link":"https:\/\/insightcrime.org\/es\/category\/noticias\/"},"img":{"alt_text":"","src":"https:\/\/i0.wp.com\/insightcrime.org\/wp-content\/uploads\/2022\/05\/Otoniel-Extradition-US-Court-NY.png?fit=350%2C250&quality=100&ssl=1&resize=350%2C200","width":350,"height":200},"classes":[]},{"id":185026,"url":"https:\/\/insightcrime.org\/es\/news\/paro-armado-ultima-marcha-conjunta-urabenos\/","url_meta":{"origin":8760,"position":2},"title":"Paro armado: \u00bfLa \u00faltima marcha conjunta de Los Gaitanistas?\u00a0","author":"Juan Diego Posada","date":"12 de mayo de 2022","format":false,"excerpt":"Un poderoso paro armado del grupo narcotraficante m\u00e1s importante de Colombia, dej\u00f3 varios departamentos\u00a0afectados. La extradici\u00f3n de su principal l\u00edder ser\u00eda el detonante del accionar violento que dej\u00f3 paralizado una tercera parte del pa\u00eds.\u00a0\u00a0","rel":"","context":"En \u00abNews\u00bb","block_context":{"text":"News","link":"https:\/\/insightcrime.org\/category\/news\/"},"img":{"alt_text":"Casas marcadas con las siglas de las Autodefensas Gaitanistas de Colombia","src":"https:\/\/i0.wp.com\/insightcrime.org\/wp-content\/uploads\/2022\/05\/Paro-Armado.jpg?fit=350%2C250&quality=100&ssl=1&resize=350%2C200","width":350,"height":200},"classes":[]},{"id":209122,"url":"https:\/\/insightcrime.org\/es\/noticias\/otoniel-se-declara-culpable-adios-al-ultimo-capo-de-colombia\/","url_meta":{"origin":8760,"position":3},"title":"Otoniel se declara culpable: adi\u00f3s a la vieja guardia de capos de Colombia","author":"Juan Diego Posada","date":"26 de enero de 2023","format":false,"excerpt":"Otoniel, el antiguo jefe de los Urabe\u00f1os, se declar\u00f3 culpable de varios delitos ante una jueza en Estados Unidos. Su declaraci\u00f3n pone fin a una era dominada por los capos de Colombia en el narcotr\u00e1fico mundial. El bajo mundo criminal de Colombia ya no est\u00e1 dominado por poderosos capos de\u2026","rel":"","context":"En \u00abNoticias\u00bb","block_context":{"text":"Noticias","link":"https:\/\/insightcrime.org\/es\/category\/noticias\/"},"img":{"alt_text":"","src":"https:\/\/i0.wp.com\/insightcrime.org\/wp-content\/uploads\/2023\/01\/Colombia-police-escort-Dairo-Antonio-Usuga-Otoniel-May-2022-AP23025714047594-A2.jpg?fit=1200%2C690&quality=100&ssl=1&resize=350%2C200","width":350,"height":200,"srcset":"https:\/\/i0.wp.com\/insightcrime.org\/wp-content\/uploads\/2023\/01\/Colombia-police-escort-Dairo-Antonio-Usuga-Otoniel-May-2022-AP23025714047594-A2.jpg?fit=1200%2C690&quality=100&ssl=1&resize=350%2C200 1x, https:\/\/i0.wp.com\/insightcrime.org\/wp-content\/uploads\/2023\/01\/Colombia-police-escort-Dairo-Antonio-Usuga-Otoniel-May-2022-AP23025714047594-A2.jpg?fit=1200%2C690&quality=100&ssl=1&resize=525%2C300 1.5x, https:\/\/i0.wp.com\/insightcrime.org\/wp-content\/uploads\/2023\/01\/Colombia-police-escort-Dairo-Antonio-Usuga-Otoniel-May-2022-AP23025714047594-A2.jpg?fit=1200%2C690&quality=100&ssl=1&resize=700%2C400 2x, https:\/\/i0.wp.com\/insightcrime.org\/wp-content\/uploads\/2023\/01\/Colombia-police-escort-Dairo-Antonio-Usuga-Otoniel-May-2022-AP23025714047594-A2.jpg?fit=1200%2C690&quality=100&ssl=1&resize=1050%2C600 3x"},"classes":[]},{"id":4882,"url":"https:\/\/insightcrime.org\/es\/colombia-organized-crime-news\/dairo-antonio-usuga-alias-otoniel\/","url_meta":{"origin":8760,"position":4},"title":"Dairo Antonio \u00dasuga, alias &#8216;Otoniel&#8217;","author":"InSight Crime","date":"30 de enero de 2023","format":false,"excerpt":"Dairo Antonio \u00dasuga, alias \u201cOtoniel\u201d, fue el comandante en jefe de la organizaci\u00f3n criminal m\u00e1s poderosa de Colombia, y el hombre m\u00e1s buscado del pa\u00eds.","rel":"","context":"En \u00abColombia\u00bb","block_context":{"text":"Colombia","link":"https:\/\/insightcrime.org\/category\/colombia-organized-crime-news\/"},"img":{"alt_text":"Alias \"Otoniel\"","src":"https:\/\/i0.wp.com\/insightcrime.org\/wp-content\/uploads\/2026\/06\/Perfil-Criminal-Alias-Otoniel-1.jpg?fit=1200%2C900&quality=100&ssl=1&resize=350%2C200","width":350,"height":200,"srcset":"https:\/\/i0.wp.com\/insightcrime.org\/wp-content\/uploads\/2026\/06\/Perfil-Criminal-Alias-Otoniel-1.jpg?fit=1200%2C900&quality=100&ssl=1&resize=350%2C200 1x, https:\/\/i0.wp.com\/insightcrime.org\/wp-content\/uploads\/2026\/06\/Perfil-Criminal-Alias-Otoniel-1.jpg?fit=1200%2C900&quality=100&ssl=1&resize=525%2C300 1.5x, https:\/\/i0.wp.com\/insightcrime.org\/wp-content\/uploads\/2026\/06\/Perfil-Criminal-Alias-Otoniel-1.jpg?fit=1200%2C900&quality=100&ssl=1&resize=700%2C400 2x, https:\/\/i0.wp.com\/insightcrime.org\/wp-content\/uploads\/2026\/06\/Perfil-Criminal-Alias-Otoniel-1.jpg?fit=1200%2C900&quality=100&ssl=1&resize=1050%2C600 3x"},"classes":[]},{"id":170293,"url":"https:\/\/insightcrime.org\/es\/noticias\/superviviente-imputaciones-eeuu-cuentan-historia-otoniel-colombia\/","url_meta":{"origin":8760,"position":5},"title":"El superviviente: imputaciones de EE. UU. cuentan la historia de Otoniel en Colombia","author":"Seth Robbins","date":"26 de octubre de 2021","format":false,"excerpt":"Poco despu\u00e9s de la captura del se\u00f1alado capo del narcotr\u00e1fico Dairo Antonio \u00dasuga, el presidente de Colombia Iv\u00e1n Duque anunci\u00f3 que el traficante m\u00e1s buscado del pa\u00eds ser\u00eda enviado a Estados Unidos a responder ante la justicia.","rel":"","context":"En \u00abNoticias\u00bb","block_context":{"text":"Noticias","link":"https:\/\/insightcrime.org\/es\/category\/noticias\/"},"img":{"alt_text":"Otoniel-Colombia-Capture-Drug-Capo","src":"https:\/\/i0.wp.com\/insightcrime.org\/wp-content\/uploads\/2021\/10\/Otoniel-Capture-Colombia.jpg?fit=350%2C249&quality=100&ssl=1&resize=350%2C200","width":350,"height":200},"classes":[]}],"jetpack_featured_media_url":"https:\/\/i0.wp.com\/insightcrime.org\/wp-content\/uploads\/2016\/04\/es-16-04-12-Colombia-BACRIM-Santos.jpg?fit=250%2C163&quality=100&ssl=1","_links":{"self":[{"href":"https:\/\/insightcrime.org\/es\/wp-json\/wp\/v2\/posts\/8760","targetHints":{"allow":["GET"]}}],"collection":[{"href":"https:\/\/insightcrime.org\/es\/wp-json\/wp\/v2\/posts"}],"about":[{"href":"https:\/\/insightcrime.org\/es\/wp-json\/wp\/v2\/types\/post"}],"author":[{"embeddable":true,"href":"https:\/\/insightcrime.org\/es\/wp-json\/wp\/v2\/users\/36"}],"replies":[{"embeddable":true,"href":"https:\/\/insightcrime.org\/es\/wp-json\/wp\/v2\/comments?post=8760"}],"version-history":[{"count":1,"href":"https:\/\/insightcrime.org\/es\/wp-json\/wp\/v2\/posts\/8760\/revisions"}],"predecessor-version":[{"id":26410,"href":"https:\/\/insightcrime.org\/es\/wp-json\/wp\/v2\/posts\/8760\/revisions\/26410"}],"wp:featuredmedia":[{"embeddable":true,"href":"https:\/\/insightcrime.org\/es\/wp-json\/wp\/v2\/media\/44272"}],"wp:attachment":[{"href":"https:\/\/insightcrime.org\/es\/wp-json\/wp\/v2\/media?parent=8760"}],"wp:term":[{"taxonomy":"category","embeddable":true,"href":"https:\/\/insightcrime.org\/es\/wp-json\/wp\/v2\/categories?post=8760"},{"taxonomy":"post_tag","embeddable":true,"href":"https:\/\/insightcrime.org\/es\/wp-json\/wp\/v2\/tags?post=8760"},{"taxonomy":"newspack_spnsrs_tax","embeddable":true,"href":"https:\/\/insightcrime.org\/es\/wp-json\/wp\/v2\/newspack_spnsrs_tax?post=8760"},{"taxonomy":"author","embeddable":true,"href":"https:\/\/insightcrime.org\/es\/wp-json\/wp\/v2\/coauthors?post=8760"}],"curies":[{"name":"wp","href":"https:\/\/api.w.org\/{rel}","templated":true}]}}