{"id":8768,"date":"2016-04-18T16:41:21","date_gmt":"2016-04-18T21:41:21","guid":{"rendered":"http:\/\/newwp.insightcrime.org?p=8768"},"modified":"2023-04-24T15:51:34","modified_gmt":"2023-04-24T20:51:34","slug":"importante-capo-cartel-golfo-mexico-busco-refugio-texas","status":"publish","type":"post","link":"https:\/\/insightcrime.org\/es\/noticias\/analisis\/importante-capo-cartel-golfo-mexico-busco-refugio-texas\/","title":{"rendered":"Importante &#8216;Capo&#8217; de Cartel del Golfo de M\u00e9xico busc\u00f3 refugio en Texas"},"content":{"rendered":"\n<p class=\"wp-block-paragraph\">Un antiguo abogado de carteles, que dirigi\u00f3 el Cartel de Los Zetas antes de huir a M\u00e9xico, fue una excepci\u00f3n a la \u201cnorma\u201d que dice que los grandes capos no intentan esconderse en Estados Unidos. Los tres hombres que mataron a Juan Jes\u00fas Guerrero Chapa se presentar\u00e1n a juicio en Texas a finales de abril.<\/p>\n\n\n\n<p class=\"wp-block-paragraph\">Un hombre que cay\u00f3 abatido en un exclusivo centro comercial de un suburbio de Dallas fue identificado en documentos de un juzgado federal como l\u00edder interino de un notorio cartel mexicano, aseveraci\u00f3n que va en contrav\u00eda a la creencia arraigada de que es raro que los capos de la droga busquen escondite en Estados Unidos.<\/p>\n\n\n\n<p class=\"wp-block-paragraph\">Juan Jes\u00fas Guerrero Chapa se mud\u00f3 a una mansi\u00f3n en Southlake, Texas, en 2011, dos a\u00f1os antes de ser fatalmente abaleado por tres hombres que, seg\u00fan los fiscales del caso, llevaban meses acech\u00e1ndolo.<\/p>\n\n\n\n<p class=\"wp-block-paragraph\"><em>Este art\u00edculo apareci\u00f3 originalmente en <a href=\"https:\/\/www.eldailypost.com\/\" target=\"_blank\">El Daily Post<\/a> y se republica con autorizaci\u00f3n. Vea el original <a href=\"https:\/\/www.eldailypost.com\/news\/2016\/04\/top-capo-sought-temporary-haven-in-texas\/\" target=\"_blank\">aqu\u00ed.<\/a><\/em><\/p>\n\n\n\n<p class=\"wp-block-paragraph\">Seg\u00fan un expediente judicial reciente enviado por los abogados de Jes\u00fas Gerardo Ledezma Cepeda \u2014uno de los tres sospechosos elegidos para comparecer por el homicidio de Guerrero \u2014quien lleg\u00f3 a ser jefe interino del Cartel del Golfo\u2014, una de las redes narcotraficantes m\u00e1s violentas de M\u00e9xico, luego del arresto de su predecesor Osiel C\u00e1rdenas Guill\u00e9n, quien fue extraditado a Estados Unidos en 2007&nbsp; y luego sentenciado a 25 a\u00f1os de c\u00e1rcel.<\/p>\n\n\n\n<p class=\"wp-block-paragraph\">Como cabecilla del Cartel del Golfo, \u201c(Guerrero) Chapa dirigi\u00f3 una gran empresa criminal, cuyas actividades inclu\u00edan homicidios, tr\u00e1fico de estupefacientes, <a href=\"\/component\/tags\/tag\/208-secuestro\" target=\"_blank\">secuestro<\/a>, <a href=\"\/component\/tags\/tag\/248-extorsion\" target=\"_blank\">extorsi\u00f3n<\/a>, soborno,<a href=\"\/component\/tags\/tag\/226-lavado-de-dinero\" target=\"_blank\"> lavado de dinero<\/a> y tortura\u201d, dice el expediente.<\/p>\n\n\n\n<p class=\"wp-block-paragraph\"><span style=\"font-family: 'Georgia Regular'; font-size: 18.6667px; line-height: 26.6667px; color: #800000;\"><strong>VEA TAMBI\u00c9N<\/strong><\/span><span style=\"color: #333333; font-family: 'Georgia Regular'; font-size: 18.6667px; line-height: 26.6667px;\">:&nbsp;<\/span><a href=\"\/noticias-sobre-crimen-organizado-en-mexico\/cartel-del-golfo\" target=\"_blank\">Noticias y perfil de Cartel del Golfo<\/a><\/p>\n\n\n\n<p class=\"wp-block-paragraph\">Al parecer, al mudarse al \u00e1rea metropolitana de Dallas Guerrero Chapa buscaba en parte el anonimato con su familia. Los registros de la corte se\u00f1alaron <a href=\"https:\/\/www.eldailypost.com\/news\/2016\/04\/documents-slain-cartel-lawyer-knew-he-had-been-found\/?preview_id=28594&amp;preview_nonce=ae5e14551e&amp;post_format=standard&amp;preview=true\" target=\"_blank\">que viv\u00eda con un temor constante,<\/a> porque \u201chab\u00eda sido hallado por personas que quer\u00edan matarlo\u201d.<\/p>\n\n\n\n<p class=\"wp-block-paragraph\">Los funcionarios federales afirman que no es habitual ver a cabecillas de pandillas de alto rango como Guerrero Chapa en Texas, y en particular en el Norte de Texas, una regi\u00f3n que los carteles han usado durante a\u00f1os como punto de partida para extender su red de distribuci\u00f3n de drogas. La regi\u00f3n de Dallas, a la que afluyen varias autopistas de libre circulaci\u00f3n y peque\u00f1os aeropuertos, permite tomar rutas directas al Medio oeste y m\u00e1s all\u00e1.<\/p>\n\n\n\n<figure class=\"wp-block-image is-resized\"><img loading=\"lazy\" decoding=\"async\" src=\"\/images\/2016\/4\/16-04-18-Mexico-Southlake.jpeg\" alt=\"16-04-18-Mexico-Southlake\" height=\"353\" width=\"628\"\/><\/figure>\n\n\n\n<p class=\"has-text-align-center wp-block-paragraph\"><em>Cubrimiento de la televisi\u00f3n local el d\u00eda del asesinato. Foto: Associated Press.<\/em><\/p>\n\n\n\n<p class=\"wp-block-paragraph\">Ledezma Cepeda y los otros dos acusados deber\u00e1n comparecer ante el juez a finales de este mes por acusaciones que incluyen: conspiraci\u00f3n para cometer homicidio por encargo y persecuci\u00f3n interestatal.<\/p>\n\n\n\n<p class=\"wp-block-paragraph\">Uno de los abogados de Ledezma Cepeda, Wes Ball, declar\u00f3 que Guerrero Chapa dirigi\u00f3 el Cartel del Golfo de manera transicional o interina. Las&nbsp; autoridades federales han se\u00f1alado que Guerrero Chapa era abogado de C\u00e1rdenas Guill\u00e9n y figura principal en la operaci\u00f3n del cartel.<\/p>\n\n\n\n<p class=\"wp-block-paragraph\"><span style=\"font-family: 'Georgia Regular'; font-size: 18.6667px; line-height: 26.6667px; color: #800000;\"><strong>VEA TAMBI\u00c9N<\/strong><\/span><span style=\"color: #333333; font-family: 'Georgia Regular'; font-size: 18.6667px; line-height: 26.6667px;\">:<\/span>&nbsp;<a href=\"\/component\/tags\/tag\/309-frontera-eu-mexico\" target=\"_blank\">Cobertura sobre Frontera Estados Unidos\/M\u00e9xico<\/a><\/p>\n\n\n\n<p class=\"wp-block-paragraph\">Los carteles acostumbran mantener a miembros del menor rango viviendo en Estados Unidos para ampliar las operaciones de narcotr\u00e1fico, indic\u00f3 mediante un comunicado Russ Baer, portavoz de la Agencia Antidrogas de Estados Unidos. Estos elementos se encuentran por lo general por periodos de tiempo limitados en los estados y luego vuelven a M\u00e9xico para evitar el escrutinio de las autoridades.<\/p>\n\n\n\n<p class=\"wp-block-paragraph\">Sin embargo, los cabecillas de alto rango no suelen vivir en Estados Unidos, debido a la alta probabilidad de captura, coment\u00f3 Baer.<\/p>\n\n\n\n<p class=\"wp-block-paragraph\">Ball a\u00f1adi\u00f3 que el juicio de los tres acusados de la muerte de Guerrero Chapa puede ofrecer una rara mirada a las operaciones de los carteles.<\/p>\n\n\n\n<p class=\"wp-block-paragraph\">\u201cLa mayor parte de sus cabecillas de carteles nunca llegan a juicio, casi indefectiblemente se declaran culpables\u201d, indic\u00f3 Ball. \u201cAs\u00ed que los juicios p\u00fablicos donde se presentan todos los detalles son en realidad muy raros\u201d.<\/p>\n\n\n\n<p class=\"wp-block-paragraph\">La muerte de Guerrero Chapa cerca de Dallas en 2013 se dio el mismo mes en que fue condenado en Austin el hermano de los dos principales cabecillas de un cartel rival.<\/p>\n\n\n\n<p class=\"wp-block-paragraph\">Jos\u00e9 Trevi\u00f1o Morales y otros usaron las ganancias obtenidas de la venta de narc\u00f3ticos en Estados Unidos para comprar caballos estadounidenses de cuarto de milla y as\u00ed lavar el dinero. Los expedientes judiciales muestran que la operaci\u00f3n se encontraba en los suburbios de Dallas, y se hall\u00f3 que Trevi\u00f1o Morales hab\u00eda invertido US$16 millones de d\u00f3lares de dinero de la droga en la compra, el adiestramiento y carreras de caballos en el suroeste de Estados Unidos.<\/p>\n\n\n\n<p class=\"wp-block-paragraph\"><strong style=\"color: #800000; font-family: 'Georgia Regular'; font-size: 18.6667px; line-height: 26.6667px;\">VEA TAMBI\u00c9N:&nbsp;<\/strong><a href=\"\/noticias-sobre-crimen-organizado-en-mexico\/zetas\" target=\"_blank\">Noticias y perfil de Los Zetas<\/a><\/p>\n\n\n\n<p class=\"wp-block-paragraph\">Trevi\u00f1o Morales es hermano de dos antiguos cabecillas de Los Zetas, una organizaci\u00f3n que se ha expandido m\u00e1s all\u00e1 del negocio de la droga para convertirse en el mayor grupo criminal de M\u00e9xico. Uno de los hombres fue capturado en 2013 por las autoridades mexicanas y el otro, dos a\u00f1os despu\u00e9s.<\/p>\n\n\n\n<p class=\"wp-block-paragraph\">En otro caso, Juan Francisco S\u00e1enz T\u00e1mez fue arrestado por agentes federales en 2014, mientras estaba de compras en la ciudad de Edinburg, al sur de Texas. La Agencia Antidrogas de Estados Unidos inform\u00f3 que S\u00e1enz T\u00e1mez era cabecilla del Cartel del Golfo.<\/p>\n\n\n\n<p class=\"wp-block-paragraph\"><em>*Este art\u00edculo apareci\u00f3 originalmente en El Daily Post y se republica con autorizaci\u00f3n. Vea el original aqu\u00ed<\/em><\/p>\n","protected":false},"excerpt":{"rendered":"<p>Un antiguo abogado de carteles, que dirigi\u00f3 el Cartel de Los Zetas antes de huir a M\u00e9xico, fue una excepci\u00f3n a la \u201cnorma\u201d que dice que los grandes capos no intentan esconderse en Estados Unidos. Los tres hombres que mataron a Juan Jes\u00fas Guerrero Chapa se presentar\u00e1n a juicio en Texas a finales de abril.<\/p>\n","protected":false},"author":61,"featured_media":44290,"comment_status":"closed","ping_status":"closed","sticky":false,"template":"","format":"standard","meta":{"newspack_ads_suppress_ads":false,"newspack_popups_has_disabled_popups":false,"newspack_sponsor_sponsorship_scope":"","newspack_sponsor_native_byline_display":"inherit","newspack_sponsor_native_category_display":"inherit","newspack_sponsor_underwriter_style":"inherit","newspack_sponsor_underwriter_placement":"inherit","_EventAllDay":false,"_EventTimezone":"","_EventStartDate":"","_EventEndDate":"","_EventStartDateUTC":"","_EventEndDateUTC":"","_EventShowMap":false,"_EventShowMapLink":false,"_EventURL":"","_EventCost":"","_EventCostDescription":"","_EventCurrencySymbol":"","_EventCurrencyCode":"","_EventCurrencyPosition":"","_EventDateTimeSeparator":"","_EventTimeRangeSeparator":"","_EventOrganizerID":[],"_EventVenueID":[],"_OrganizerEmail":"","_OrganizerPhone":"","_OrganizerWebsite":"","_VenueAddress":"","_VenueCity":"","_VenueCountry":"","_VenueProvince":"","_VenueState":"","_VenueZip":"","_VenuePhone":"","_VenueURL":"","_VenueStateProvince":"","_VenueLat":"","_VenueLng":"","_VenueShowMap":false,"_VenueShowMapLink":false,"_newspack_byline_active":false,"_newspack_byline":"","newspack_hide_updated_date":false,"newspack_show_updated_date":false,"newspack_featured_image_position":"","newspack_post_subtitle":"","newspack_article_summary_title":"Overview:","newspack_article_summary":"","_jetpack_memberships_contains_paid_content":false,"footnotes":""},"categories":[340],"tags":[412,2997,406,2881],"newspack_spnsrs_tax":[],"coauthors":[4024],"class_list":["post-8768","post","type-post","status-publish","format-standard","has-post-thumbnail","hentry","category-analisis","tag-cartel-del-golfo","tag-frontera-eumexico-es","tag-mexico-pais","tag-los-zetas-es","entry"],"parsely":{"version":"1.1.0","canonical_url":"https:\/\/insightcrime.org\/es\/noticias\/analisis\/importante-capo-cartel-golfo-mexico-busco-refugio-texas\/","smart_links":{"inbound":0,"outbound":0},"traffic_boost_suggestions_count":0,"meta":{"@context":"https:\/\/schema.org","@type":"NewsArticle","headline":"Importante &#8216;Capo&#8217; de Cartel del Golfo de M\u00e9xico busc\u00f3 refugio en Texas","url":"http:\/\/insightcrime.org\/es\/noticias\/analisis\/importante-capo-cartel-golfo-mexico-busco-refugio-texas\/","mainEntityOfPage":{"@type":"WebPage","@id":"http:\/\/insightcrime.org\/es\/noticias\/analisis\/importante-capo-cartel-golfo-mexico-busco-refugio-texas\/"},"thumbnailUrl":"https:\/\/i0.wp.com\/insightcrime.org\/wp-content\/uploads\/2016\/04\/es-16-04-18-Mexico-Dallas.jpeg?resize=150%2C150&quality=100&ssl=1","image":{"@type":"ImageObject","url":"https:\/\/i0.wp.com\/insightcrime.org\/wp-content\/uploads\/2016\/04\/es-16-04-18-Mexico-Dallas.jpeg?fit=350%2C166&quality=100&ssl=1"},"articleSection":"An\u00e1lisis","author":[{"@type":"Person","name":"David Warren"}],"creator":["David Warren"],"publisher":{"@type":"Organization","name":"InSight Crime","logo":"https:\/\/insightcrime.org\/wp-content\/uploads\/2023\/08\/logo.png"},"keywords":["cartel del golfo","frontera eu\/m\u00e9xico","m\u00e9xico","zetas"],"dateCreated":"2016-04-18T21:41:21Z","datePublished":"2016-04-18T21:41:21Z","dateModified":"2023-04-24T20:51:34Z"},"rendered":"<meta name=\"parsely-title\" content=\"Importante &#8216;Capo&#8217; de Cartel del Golfo de M\u00e9xico busc\u00f3 refugio en Texas\" \/>\n<meta name=\"parsely-link\" content=\"http:\/\/insightcrime.org\/es\/noticias\/analisis\/importante-capo-cartel-golfo-mexico-busco-refugio-texas\/\" \/>\n<meta name=\"parsely-type\" content=\"post\" \/>\n<meta name=\"parsely-image-url\" content=\"https:\/\/i0.wp.com\/insightcrime.org\/wp-content\/uploads\/2016\/04\/es-16-04-18-Mexico-Dallas.jpeg?resize=150%2C150&amp;quality=100&amp;ssl=1\" \/>\n<meta name=\"parsely-pub-date\" content=\"2016-04-18T21:41:21Z\" \/>\n<meta name=\"parsely-section\" content=\"An\u00e1lisis\" \/>\n<meta name=\"parsely-tags\" content=\"cartel del golfo,frontera eu\/m\u00e9xico,m\u00e9xico,zetas\" \/>\n<meta name=\"parsely-author\" content=\"David Warren\" \/>","tracker_url":"https:\/\/cdn.parsely.com\/keys\/insightcrime.org\/p.js"},"jetpack_sharing_enabled":true,"jetpack-related-posts":[{"id":340029,"url":"https:\/\/insightcrime.org\/es\/noticias\/mexico-se-esta-quedando-sin-capos\/","url_meta":{"origin":8768,"position":0},"title":"\u00bfM\u00e9xico se est\u00e1 quedando sin capos?","author":"Victoria Dittmar","date":"28 de abril de 2026","format":false,"excerpt":"La captura de Audias Flores Silva, alias \u201cEl Jardinero\u201d, refleja c\u00f3mo la estrategia de perseguir capos de la droga en M\u00e9xico sigue fragmentando a los grandes grupos criminales y reconfigurando el mapa criminal del pa\u00eds.","rel":"","context":"En \u00abNoticias\u00bb","block_context":{"text":"Noticias","link":"https:\/\/insightcrime.org\/es\/category\/noticias\/"},"img":{"alt_text":"","src":"https:\/\/i0.wp.com\/insightcrime.org\/wp-content\/uploads\/2026\/04\/Flagship-Cover-Is-Mexico-Running-Out-of-Kingpins-InSightCrime-Abr-2026.jpg?fit=1200%2C690&quality=100&ssl=1&resize=350%2C200","width":350,"height":200,"srcset":"https:\/\/i0.wp.com\/insightcrime.org\/wp-content\/uploads\/2026\/04\/Flagship-Cover-Is-Mexico-Running-Out-of-Kingpins-InSightCrime-Abr-2026.jpg?fit=1200%2C690&quality=100&ssl=1&resize=350%2C200 1x, https:\/\/i0.wp.com\/insightcrime.org\/wp-content\/uploads\/2026\/04\/Flagship-Cover-Is-Mexico-Running-Out-of-Kingpins-InSightCrime-Abr-2026.jpg?fit=1200%2C690&quality=100&ssl=1&resize=525%2C300 1.5x, https:\/\/i0.wp.com\/insightcrime.org\/wp-content\/uploads\/2026\/04\/Flagship-Cover-Is-Mexico-Running-Out-of-Kingpins-InSightCrime-Abr-2026.jpg?fit=1200%2C690&quality=100&ssl=1&resize=700%2C400 2x, https:\/\/i0.wp.com\/insightcrime.org\/wp-content\/uploads\/2026\/04\/Flagship-Cover-Is-Mexico-Running-Out-of-Kingpins-InSightCrime-Abr-2026.jpg?fit=1200%2C690&quality=100&ssl=1&resize=1050%2C600 3x"},"classes":[]},{"id":290017,"url":"https:\/\/insightcrime.org\/es\/noticias\/osiel-cardenas-creador-cartel-golfo-zetas-mexico-liberado-eeuu\/","url_meta":{"origin":8768,"position":1},"title":"Creador del Cartel del Golfo y los Zetas en M\u00e9xico es liberado en EE.UU.","author":"Peter Appleby","date":"30 de agosto de 2024","format":false,"excerpt":"Estados Unidos liber\u00f3 a Osiel C\u00e1rdenas Guill\u00e9n, exl\u00edder del Cartel del Golfo que form\u00f3 Los Zetas e inici\u00f3 una serie de violentas guerras que marcaron el panorama criminal de M\u00e9xico desde principios de siglo.","rel":"","context":"En \u00abNoticias\u00bb","block_context":{"text":"Noticias","link":"https:\/\/insightcrime.org\/es\/category\/noticias\/"},"img":{"alt_text":"Osiel C\u00e1rdenas Guillen., handcuffed, with agents of Mexico's now defunct ","src":"https:\/\/i0.wp.com\/insightcrime.org\/wp-content\/uploads\/2024\/08\/osiel-cardenas-guillen-1.jpg?fit=350%2C250&quality=100&ssl=1&resize=350%2C200","width":350,"height":200},"classes":[]},{"id":166363,"url":"https:\/\/insightcrime.org\/es\/noticias\/modelo-crimen-organizado-zetas-esta-destrozando-mexico\/","url_meta":{"origin":8768,"position":2},"title":"El modelo de crimen organizado de Los Zetas est\u00e1 desgarrando a M\u00e9xico","author":"Steven Dudley","date":"30 de agosto de 2021","format":false,"excerpt":"Un s\u00e1bado, a eso de las 12:30 p.m. hora local, una caravana de tres veh\u00edculos repletos de hombres bien armados y al menos una mujer comenz\u00f3 una violenta arremetida por todo Reynosa, ciudad mexicana de unas 700.000 personas que limita con McAllen, Texas, y es utilizada como un importante centro\u2026","rel":"","context":"En \u00abNoticias\u00bb","block_context":{"text":"Noticias","link":"https:\/\/insightcrime.org\/es\/category\/noticias\/"},"img":{"alt_text":"","src":"https:\/\/i0.wp.com\/insightcrime.org\/wp-content\/uploads\/2021\/08\/AP_16276029765693-A2.jpg?fit=1200%2C690&quality=100&ssl=1&resize=350%2C200","width":350,"height":200,"srcset":"https:\/\/i0.wp.com\/insightcrime.org\/wp-content\/uploads\/2021\/08\/AP_16276029765693-A2.jpg?fit=1200%2C690&quality=100&ssl=1&resize=350%2C200 1x, https:\/\/i0.wp.com\/insightcrime.org\/wp-content\/uploads\/2021\/08\/AP_16276029765693-A2.jpg?fit=1200%2C690&quality=100&ssl=1&resize=525%2C300 1.5x, https:\/\/i0.wp.com\/insightcrime.org\/wp-content\/uploads\/2021\/08\/AP_16276029765693-A2.jpg?fit=1200%2C690&quality=100&ssl=1&resize=700%2C400 2x, https:\/\/i0.wp.com\/insightcrime.org\/wp-content\/uploads\/2021\/08\/AP_16276029765693-A2.jpg?fit=1200%2C690&quality=100&ssl=1&resize=1050%2C600 3x"},"classes":[]},{"id":5698,"url":"https:\/\/insightcrime.org\/es\/noticias-crimen-organizado-mexico\/x20\/","url_meta":{"origin":8768,"position":3},"title":"Mario Ram\u00edrez Trevi\u00f1o, alias &#8216;X20&#8217;","author":"InSight Crime","date":"17 de noviembre de 2016","format":false,"excerpt":"Mario Ram\u00edrez Trevi\u00f1o, alias \"X20\", era el jefe del Cartel del Golfo, una organizaci\u00f3n que ha traficado drogas ilegales y mercanc\u00eda de contrabando a lo largo del noreste de M\u00e9xico durante al menos 40 a\u00f1os. \u00c9l consolid\u00f3 su control sobre la organizaci\u00f3n en 2013, luego de librar varias batallas sangrientas\u2026","rel":"","context":"En \u00abM\u00e9xico\u00bb","block_context":{"text":"M\u00e9xico","link":"https:\/\/insightcrime.org\/es\/category\/noticias-crimen-organizado-mexico\/"},"img":{"alt_text":"Mario Ramirez Trevi\u00c3\u00b1o, alias \"X20\"","src":"https:\/\/i0.wp.com\/insightcrime.org\/wp-content\/uploads\/2017\/02\/Alias-X20-Mexico.jpg?fit=450%2C350&quality=100&ssl=1&resize=350%2C200","width":350,"height":200},"classes":[]},{"id":7032,"url":"https:\/\/insightcrime.org\/es\/noticias-crimen-organizado-mexico\/cartel-del-golfo-perfil\/","url_meta":{"origin":8768,"position":4},"title":"Cartel del Golfo","author":"InSight Crime","date":"7 de agosto de 2026","format":false,"excerpt":"Cartel del Golfo 2026: qui\u00e9n lidera sus principales facciones, d\u00f3nde opera y qu\u00e9 poder conserva en M\u00e9xico. Perfil completo actualizado.","rel":"","context":"En \u00abM\u00e9xico\u00bb","block_context":{"text":"M\u00e9xico","link":"https:\/\/insightcrime.org\/es\/category\/noticias-crimen-organizado-mexico\/"},"img":{"alt_text":"Gulf Cartel","src":"https:\/\/i0.wp.com\/insightcrime.org\/wp-content\/uploads\/2026\/06\/Grupo-Criminal-Cartel-del-Golfo-1.jpg?fit=1200%2C900&quality=100&ssl=1&resize=350%2C200","width":350,"height":200,"srcset":"https:\/\/i0.wp.com\/insightcrime.org\/wp-content\/uploads\/2026\/06\/Grupo-Criminal-Cartel-del-Golfo-1.jpg?fit=1200%2C900&quality=100&ssl=1&resize=350%2C200 1x, https:\/\/i0.wp.com\/insightcrime.org\/wp-content\/uploads\/2026\/06\/Grupo-Criminal-Cartel-del-Golfo-1.jpg?fit=1200%2C900&quality=100&ssl=1&resize=525%2C300 1.5x, https:\/\/i0.wp.com\/insightcrime.org\/wp-content\/uploads\/2026\/06\/Grupo-Criminal-Cartel-del-Golfo-1.jpg?fit=1200%2C900&quality=100&ssl=1&resize=700%2C400 2x, https:\/\/i0.wp.com\/insightcrime.org\/wp-content\/uploads\/2026\/06\/Grupo-Criminal-Cartel-del-Golfo-1.jpg?fit=1200%2C900&quality=100&ssl=1&resize=1050%2C600 3x"},"classes":[]},{"id":212818,"url":"https:\/\/insightcrime.org\/es\/noticias\/matamoros-sintoma-padecimiento-mexico\/","url_meta":{"origin":8768,"position":5},"title":"Matamoros: un s\u00edntoma del gran padecimiento de M\u00e9xico","author":"Victoria Dittmar","date":"20 de marzo de 2023","format":false,"excerpt":"Matamoros, M\u00e9xico, est\u00e1 en el ojo del hurac\u00e1n tras el asesinato de dos ciudadanos estadounidenses. Pero esta ciudad fronteriza hist\u00f3ricamente ha sido un epicentro para el crimen organizado y la violencia asociada.","rel":"","context":"En \u00abNoticias\u00bb","block_context":{"text":"Noticias","link":"https:\/\/insightcrime.org\/es\/category\/noticias\/"},"img":{"alt_text":"Varios oficiales de polic\u00eda se encuentran en una camioneta mientras custodian el paso fronterizo de Matamoros con Estados Unidos","src":"https:\/\/i0.wp.com\/insightcrime.org\/wp-content\/uploads\/2023\/03\/Matamoros-violencia-Revista-HV.jpg?fit=350%2C250&quality=100&ssl=1&resize=350%2C200","width":350,"height":200},"classes":[]}],"jetpack_featured_media_url":"https:\/\/i0.wp.com\/insightcrime.org\/wp-content\/uploads\/2016\/04\/es-16-04-18-Mexico-Dallas.jpeg?fit=350%2C166&quality=100&ssl=1","_links":{"self":[{"href":"https:\/\/insightcrime.org\/es\/wp-json\/wp\/v2\/posts\/8768","targetHints":{"allow":["GET"]}}],"collection":[{"href":"https:\/\/insightcrime.org\/es\/wp-json\/wp\/v2\/posts"}],"about":[{"href":"https:\/\/insightcrime.org\/es\/wp-json\/wp\/v2\/types\/post"}],"author":[{"embeddable":true,"href":"https:\/\/insightcrime.org\/es\/wp-json\/wp\/v2\/users\/61"}],"replies":[{"embeddable":true,"href":"https:\/\/insightcrime.org\/es\/wp-json\/wp\/v2\/comments?post=8768"}],"version-history":[{"count":1,"href":"https:\/\/insightcrime.org\/es\/wp-json\/wp\/v2\/posts\/8768\/revisions"}],"predecessor-version":[{"id":26430,"href":"https:\/\/insightcrime.org\/es\/wp-json\/wp\/v2\/posts\/8768\/revisions\/26430"}],"wp:featuredmedia":[{"embeddable":true,"href":"https:\/\/insightcrime.org\/es\/wp-json\/wp\/v2\/media\/44290"}],"wp:attachment":[{"href":"https:\/\/insightcrime.org\/es\/wp-json\/wp\/v2\/media?parent=8768"}],"wp:term":[{"taxonomy":"category","embeddable":true,"href":"https:\/\/insightcrime.org\/es\/wp-json\/wp\/v2\/categories?post=8768"},{"taxonomy":"post_tag","embeddable":true,"href":"https:\/\/insightcrime.org\/es\/wp-json\/wp\/v2\/tags?post=8768"},{"taxonomy":"newspack_spnsrs_tax","embeddable":true,"href":"https:\/\/insightcrime.org\/es\/wp-json\/wp\/v2\/newspack_spnsrs_tax?post=8768"},{"taxonomy":"author","embeddable":true,"href":"https:\/\/insightcrime.org\/es\/wp-json\/wp\/v2\/coauthors?post=8768"}],"curies":[{"name":"wp","href":"https:\/\/api.w.org\/{rel}","templated":true}]}}