{"id":8838,"date":"2016-05-18T19:25:35","date_gmt":"2017-03-28T00:16:29","guid":{"rendered":"http:\/\/newwp.insightcrime.org?p=8838"},"modified":"2023-04-24T15:52:01","modified_gmt":"2023-04-24T20:52:01","slug":"el-chapo-ad-portas-extradicion","status":"publish","type":"post","link":"https:\/\/insightcrime.org\/es\/noticias\/analisis\/el-chapo-ad-portas-extradicion\/","title":{"rendered":"\u00bf&#8217;El Chapo&#8217; ad portas de la extradici\u00f3n?"},"content":{"rendered":"\n<p class=\"wp-block-paragraph\">Dos jueces en M\u00e9xico han aprobado diferentes solicitudes de extradici\u00f3n de Estados Unidos para Joaqu\u00edn \u201cEl Chapo\u201d Guzm\u00e1n por acusaciones radicadas en los estados de Texas y Florida, y las autoridades mexicanas han trasladado al capo a una c\u00e1rcel en la frontera con Estados Unidos. El acad\u00e9mico Nathan B. Jones estudia los \u00e1ngulos de este caso de alto perfil para el Centro de Estudios sobre M\u00e9xico del Baker Institute.<\/p>\n\n\n\n<p class=\"wp-block-paragraph\">Dos jueces en M\u00e9xico han fallado que no hay nada que impida la extradici\u00f3n de Joaqu\u00edn \u201cEl Chapo\u201d Guzm\u00e1n a Estados Unidos; seguido del primero de esos fallos, se transfiri\u00f3 a Guzm\u00e1n a una c\u00e1rcel en Ciudad Ju\u00e1rez, cerca de la frontera con Texas, el 7 de mayo, <a href=\"https:\/\/www.nytimes.com\/2016\/05\/10\/world\/americas\/mexico-el-chapo-joaquin-loera-guzman.html?ref=americas&amp;_r=1\" target=\"_blank\">inform\u00f3 The New York Times.<\/a><\/p>\n\n\n\n<p class=\"wp-block-paragraph\">Como lo indica el art\u00edculo, eso sugiere que el secretario de relaciones exteriores de M\u00e9xico y la administraci\u00f3n de Enrique Pe\u00f1a Nieto tendr\u00e1n 30 d\u00edas para decidir si lo extraditan, aunque el proceso a\u00fan puede tardar meses, si no a\u00f1os, debido a los recursos de apelaci\u00f3n de la defensa. El posible temor de algunos funcionarios poderosos y corruptos de M\u00e9xico es que Guzm\u00e1n tiene bastante informaci\u00f3n relacionada con sus tratos il\u00edcitos con narcotraficantes.<\/p>\n\n\n\n<p class=\"has-text-align-center wp-block-paragraph\"><em><strong>Este art\u00edculo apareci\u00f3 originalmente en el blog del <a href=\"https:\/\/blog.chron.com\/bakerblog\/\" target=\"_blank\">Baker Institute<\/a> y fue traducido, editado para mayor claridad y publicado con permiso pero no necesariamente refleja las opiniones de InSight Crime. Vea la versi\u00f3n original <a href=\"https:\/\/blog.chron.com\/bakerblog\/2016\/05\/understanding-el-chapos-transfer-to-juarez-prison\/\" target=\"_blank\">aqu\u00ed.<\/a>&nbsp;<\/strong><\/em><\/p>\n\n\n\n<p class=\"wp-block-paragraph\">Como lo ha se\u00f1alado el experto en seguridad Alejandro Hope, el temor para el gobierno mexicano puede ser tambi\u00e9n que el flujo de inteligencia que suministre Guzm\u00e1n pueda parar cuando se encuentre en Estados Unidos, pues las autoridades estadounidenses se vuelven herm\u00e9ticas por temor a que se filtre informaci\u00f3n a M\u00e9xico. El impacto involuntario de la participaci\u00f3n de Estados Unidos en las decapitaciones de figuras l\u00edderes del cartel est\u00e1 ahora en la memoria de todos, luego del <a href=\"https:\/\/interactives.dallasnews.com\/2016\/cartels\/\" target=\"_blank\">brillante reportaje reciente<\/a> de Alfredo Corchado para el Dallas Morning News sobre la sentencia negociada a la que accedi\u00f3 el cabecilla del Cartel del Golfo Osiel C\u00e1rdenas Guill\u00e9n alguna vez cuando se encontraba en custodia de Estados Unidos.<\/p>\n\n\n\n<p class=\"wp-block-paragraph\">El traslado de Guzm\u00e1n puede atender a m\u00faltiples funciones. Primero, un traslado no programado ni anunciado puede ser un mecanismo efectivo para desbaratar un posible plan de fuga. Guzm\u00e1n se ha escapado dos veces de c\u00e1rceles de m\u00e1xima seguridad, y la mayor\u00eda de esas prisiones tienen exactamente la misma distribuci\u00f3n, como nos dimos cuenta en su \u00faltima fuga.<\/p>\n\n\n\n<div class=\"pull-quotes\">\n<div class=\"pull-quotes-body\">En cualquier momento, Guzm\u00e1n podr\u00eda simplemente ser trasladado en auto al otro lado de la frontera en medio de la noche hasta El Paso, donde tambi\u00e9n podr\u00eda ser juzgado.<\/div>\n<\/div>\n\n\n\n<p class=\"wp-block-paragraph\">Segundo, el traslado de Guzm\u00e1n a Ju\u00e1rez lo acerca m\u00e1s a la vigilancia de Estados Unidos. El Centro de Inteligencia de El Paso (EPIC, por sus siglas en ingl\u00e9s), de la Agencia Antidrogas (DEA por sus iniciales en ingl\u00e9s) est\u00e1 apenas al otro lado de la frontera, al igual que muchos otros recursos de Estados Unidos, incluyendo posiblemente un cuerpo de reacci\u00f3n inmediata. En este punto, es probable que haya mayor colaboraci\u00f3n entre el gobierno mexicano y Estados Unidos, pese a la susceptibilidad habitual en lo que respecta a la soberan\u00eda por parte del primero, con el fin de evitar una nueva humillaci\u00f3n.<\/p>\n\n\n\n<p class=\"wp-block-paragraph\">Tercero, su presencia en Ju\u00e1rez podr\u00eda facilitar un traslado rel\u00e1mpago no anunciado a la custodia de Estados Unidos. Antes de su \u00faltima fuga, se hab\u00eda hecho una solicitud de extradici\u00f3n. Un miembro de la fuerza de tarea anticarteles de Estados Unidos brind\u00f3 una <a href=\"https:\/\/www.youtube.com\/watch?v=gwH6eeOwC4k&amp;feature=youtu.be&amp;t=1h21m50s\" target=\"_blank\">excelente descripci\u00f3n <\/a>de este proceso de extradici\u00f3n durante un evento del National Law Enforcement Memorial Fund, cuando describi\u00f3 a los miembros de la fuerza de tarea que atacaron la organizaci\u00f3n Arellano F\u00e9lix, tambi\u00e9n conocida como el Cartel de Tijuana.<\/p>\n\n\n\n<p class=\"wp-block-paragraph\"><span style=\"color: #800000\"><strong>VEA TAMBI\u00c9N<\/strong><\/span>: <a href=\"\/component\/tags\/tag\/305-extradicion\" target=\"_blank\">Cobertura sobre Extradici\u00f3n<\/a><\/p>\n\n\n\n<p class=\"wp-block-paragraph\">Cuarto, aunque los expedientes federales contra Guzm\u00e1n interpuestos en Nueva York y Chicago han acaparado la atenci\u00f3n, tambi\u00e9n enfrenta cargos <a href=\"https:\/\/www.elpasotimes.com\/story\/news\/crime\/2015\/11\/27\/guzmn-indictment-sheds-light-sinaloa-cartel\/76395052\/\" target=\"_blank\">en el distrito Occidental de Texas.<\/a> Es de ese distrito, El Paso incluido, <a href=\"https:\/\/www.abc.net.au\/news\/2016-05-17\/el-chapo-extradition-order\/7420696\" target=\"_blank\">de donde emana la solicitud<\/a>. La extradici\u00f3n de Guzm\u00e1n podr\u00eda manejarse de manera diferente a otras extradiciones de capos importantes en el pasado, que se hicieron generalmente por avi\u00f3n y entre aeropuertos. En cualquier momento, Guzm\u00e1n podr\u00eda simplemente ser trasladado en auto al otro lado de la frontera en medio de la noche hasta El Paso, donde tambi\u00e9n podr\u00eda ser juzgado, lo que har\u00eda de Texas el centro donde se concentrar\u00eda todo, tanto la extradici\u00f3n como el primero de muchos juicios posibles.<\/p>\n\n\n\n<p class=\"wp-block-paragraph\">La teor\u00eda de la conspiraci\u00f3n que veo altamente improbable es que se trata de una t\u00e1ctica para permitir una nueva fuga de Guzm\u00e1n, orquestada desde la c\u00fapula del gobierno. Esto no ha impedido que exagentes de la DEA se\u00f1alen, con raz\u00f3n, que el cartel de Sinaloa tiene instalada en Ciudad Ju\u00e1rez la infraestructura para llevar a cabo dicha operaci\u00f3n, y que la c\u00e1rcel de Ciudad Ju\u00e1rez no es de mucha calidad.<\/p>\n\n\n\n<p class=\"wp-block-paragraph\">Predigo que habr\u00e1 un proceso de extradici\u00f3n bastante r\u00e1pido desde all\u00ed, pero debo admitir que en el pasado me equivocado en temas relacionados con \u201cEl Chapo\u201d Guzm\u00e1n: estaba muy seguro de que los infantes de marina mexicanos no lo capturar\u00edan vivo una segunda vez.<\/p>\n\n\n\n<p class=\"wp-block-paragraph\"><em>*Nathan P. Jones es especialista no residente para el Centro de Estudios sobre M\u00e9xico y el Programa de Pol\u00edticas de Drogas del Baker Institute. Tambi\u00e9n es profesor asistente de estudios de seguridad en la Sam Houston State University.<\/em><\/p>\n","protected":false},"excerpt":{"rendered":"<p>Dos jueces en M\u00e9xico han aprobado diferentes solicitudes de extradici\u00f3n de Estados Unidos para Joaqu\u00edn \u0093El Chapo\u0094 Guzm\u00e1n por acusaciones radicadas en los estados de Texas y Florida, y las autoridades mexicanas han trasladado al capo a una c\u00e1rcel en la frontera con Estados Unidos. El acad\u00e9mico Nathan B. Jones estudia los \u00e1ngulos de este caso de alto perfil para el Centro de Estudios sobre M\u00e9xico del Baker Institute.<\/p>\n","protected":false},"author":37,"featured_media":44425,"comment_status":"closed","ping_status":"closed","sticky":false,"template":"","format":"standard","meta":{"newspack_ads_suppress_ads":false,"newspack_popups_has_disabled_popups":false,"newspack_sponsor_sponsorship_scope":"","newspack_sponsor_native_byline_display":"inherit","newspack_sponsor_native_category_display":"inherit","newspack_sponsor_underwriter_style":"inherit","newspack_sponsor_underwriter_placement":"inherit","_EventAllDay":false,"_EventTimezone":"","_EventStartDate":"","_EventEndDate":"","_EventStartDateUTC":"","_EventEndDateUTC":"","_EventShowMap":false,"_EventShowMapLink":false,"_EventURL":"","_EventCost":"","_EventCostDescription":"","_EventCurrencySymbol":"","_EventCurrencyCode":"","_EventCurrencyPosition":"","_EventDateTimeSeparator":"","_EventTimeRangeSeparator":"","_EventOrganizerID":[],"_EventVenueID":[],"_OrganizerEmail":"","_OrganizerPhone":"","_OrganizerWebsite":"","_VenueAddress":"","_VenueCity":"","_VenueCountry":"","_VenueProvince":"","_VenueState":"","_VenueZip":"","_VenuePhone":"","_VenueURL":"","_VenueStateProvince":"","_VenueLat":"","_VenueLng":"","_VenueShowMap":false,"_VenueShowMapLink":false,"_newspack_byline_active":false,"_newspack_byline":"","newspack_hide_updated_date":false,"newspack_show_updated_date":false,"newspack_featured_image_position":"","newspack_post_subtitle":"","newspack_article_summary_title":"Overview:","newspack_article_summary":"","_jetpack_memberships_contains_paid_content":false,"footnotes":""},"categories":[340],"tags":[407,481,406],"newspack_spnsrs_tax":[],"coauthors":[4029],"class_list":["post-8838","post","type-post","status-publish","format-standard","has-post-thumbnail","hentry","category-analisis","tag-el-chapo-guzman","tag-extradicion","tag-mexico-pais","entry"],"parsely":{"version":"1.1.0","canonical_url":"https:\/\/insightcrime.org\/es\/noticias\/analisis\/el-chapo-ad-portas-extradicion\/","smart_links":{"inbound":0,"outbound":0},"traffic_boost_suggestions_count":0,"meta":{"@context":"https:\/\/schema.org","@type":"NewsArticle","headline":"\u00bf&#8217;El Chapo&#8217; ad portas de la extradici\u00f3n?","url":"http:\/\/insightcrime.org\/es\/noticias\/analisis\/el-chapo-ad-portas-extradicion\/","mainEntityOfPage":{"@type":"WebPage","@id":"http:\/\/insightcrime.org\/es\/noticias\/analisis\/el-chapo-ad-portas-extradicion\/"},"thumbnailUrl":"https:\/\/i0.wp.com\/insightcrime.org\/wp-content\/uploads\/2016\/05\/es-16-05-17-Chapo.jpg?resize=150%2C150&quality=100&ssl=1","image":{"@type":"ImageObject","url":"https:\/\/i0.wp.com\/insightcrime.org\/wp-content\/uploads\/2016\/05\/es-16-05-17-Chapo.jpg?fit=250%2C166&quality=100&ssl=1"},"articleSection":"An\u00e1lisis","author":[{"@type":"Person","name":"Nathan B. Jones"}],"creator":["Nathan B. Jones"],"publisher":{"@type":"Organization","name":"InSight Crime","logo":"https:\/\/insightcrime.org\/wp-content\/uploads\/2023\/08\/logo.png"},"keywords":["el chapo","extradici\u00f3n","m\u00e9xico"],"dateCreated":"2017-03-28T00:16:29Z","datePublished":"2017-03-28T00:16:29Z","dateModified":"2023-04-24T20:52:01Z"},"rendered":"<meta name=\"parsely-title\" content=\"\u00bf&#8217;El Chapo&#8217; ad portas de la extradici\u00f3n?\" \/>\n<meta name=\"parsely-link\" content=\"http:\/\/insightcrime.org\/es\/noticias\/analisis\/el-chapo-ad-portas-extradicion\/\" \/>\n<meta name=\"parsely-type\" content=\"post\" \/>\n<meta name=\"parsely-image-url\" content=\"https:\/\/i0.wp.com\/insightcrime.org\/wp-content\/uploads\/2016\/05\/es-16-05-17-Chapo.jpg?resize=150%2C150&amp;quality=100&amp;ssl=1\" \/>\n<meta name=\"parsely-pub-date\" content=\"2017-03-28T00:16:29Z\" \/>\n<meta name=\"parsely-section\" content=\"An\u00e1lisis\" \/>\n<meta name=\"parsely-tags\" content=\"el chapo,extradici\u00f3n,m\u00e9xico\" \/>\n<meta name=\"parsely-author\" content=\"Nathan B. Jones\" \/>","tracker_url":"https:\/\/cdn.parsely.com\/keys\/insightcrime.org\/p.js"},"jetpack_sharing_enabled":true,"jetpack-related-posts":[{"id":269839,"url":"https:\/\/insightcrime.org\/es\/noticias-crimen-organizado-mexico\/emma-coronel\/","url_meta":{"origin":8838,"position":0},"title":"Emma Coronel","author":"InSight Crime","date":"1 de marzo de 2024","format":false,"excerpt":"Emma Coronel Aispuro es una exoperadora del Cartel de Sinaloa que se declar\u00f3 culpable de tr\u00e1fico de drogas y lavado de dinero en Estados Unidos. Es la tercera esposa de Joaqu\u00edn Guzm\u00e1n, alias \u201cEl Chapo\u201d, quien antes de su arresto y extradici\u00f3n a Estados Unidos fung\u00eda como uno de los\u2026","rel":"","context":"En \u00abM\u00e9xico\u00bb","block_context":{"text":"M\u00e9xico","link":"https:\/\/insightcrime.org\/es\/category\/noticias-crimen-organizado-mexico\/"},"img":{"alt_text":"","src":"","width":0,"height":0},"classes":[]},{"id":285645,"url":"https:\/\/insightcrime.org\/es\/noticias\/detencion-lideres-cartel-sinaloa-victoria-simbolica-insuficiente-ee-uu\/","url_meta":{"origin":8838,"position":1},"title":"Detenci\u00f3n de l\u00edderes del Cartel de Sinaloa es una victoria simb\u00f3lica pero insuficiente para EE.UU.","author":"Victoria Dittmar","date":"26 de julio de 2024","format":false,"excerpt":"Dos de los narcotraficantes m\u00e1s buscados del Cartel de Sinaloa se entregaron a las autoridades de Estados Unidos, lo que representa un momento sin precedentes y pone en duda el futuro de unas de las organizaciones criminales m\u00e1s poderosas de M\u00e9xico.","rel":"","context":"En \u00abNoticias\u00bb","block_context":{"text":"Noticias","link":"https:\/\/insightcrime.org\/es\/category\/noticias\/"},"img":{"alt_text":"Ismael Zambada Garc\u00eda, alias \u201cEl Mayo\u201d, and Joaqu\u00edn Guzm\u00e1n L\u00f3pez, son of the now incarcerated Joaqu\u00edn Guzm\u00e1n, alias \u201cEl Chapo\u201d-Ismael Zambada Garc\u00eda, alias \u201cEl Mayo\u201d, y Joaqu\u00edn Guzm\u00e1n L\u00f3pez, hijo del ahora encarcelado , Joaqu\u00edn Guzm\u00e1n alias \u201cEl Chapo\u201d.","src":"https:\/\/i0.wp.com\/insightcrime.org\/wp-content\/uploads\/2024\/07\/Joaquin-Guzman-Lopez-Ismael-Zamada-Detencion-Noroeste.jpg?fit=350%2C250&quality=100&ssl=1&resize=350%2C200","width":350,"height":200},"classes":[]},{"id":207609,"url":"https:\/\/insightcrime.org\/es\/noticias\/afectara-captura-ovidio-mexico-cartel-sinaloa-trafico-fentanilo\/","url_meta":{"origin":8838,"position":2},"title":"\u00bfC\u00f3mo afectar\u00e1 el arresto de Ovidio en M\u00e9xico al Cartel de Sinaloa y el tr\u00e1fico de fentanilo?","author":"Chris Dalby","date":"9 de enero de 2023","format":false,"excerpt":"La captura de Ovidio Guzm\u00e1n no fue sencilla. Nunca lo ser\u00eda. Con las fugas de prisi\u00f3n de El Chapo y el caos vivido con la primera detenci\u00f3n y liberaci\u00f3n de Ovidio en 2019, ha sido dif\u00edcil mantener a los Guzm\u00e1n tras las rejas.","rel":"","context":"En \u00abNoticias\u00bb","block_context":{"text":"Noticias","link":"https:\/\/insightcrime.org\/es\/category\/noticias\/"},"img":{"alt_text":"","src":"https:\/\/i0.wp.com\/insightcrime.org\/wp-content\/uploads\/2023\/01\/Mexico-Violence-Armored-vehicle-in-building-where-Ovidio-Guzman-is-in-custody-Jan-2023-AP23005841493923-A2-1.jpg?fit=1200%2C690&quality=100&ssl=1&resize=350%2C200","width":350,"height":200,"srcset":"https:\/\/i0.wp.com\/insightcrime.org\/wp-content\/uploads\/2023\/01\/Mexico-Violence-Armored-vehicle-in-building-where-Ovidio-Guzman-is-in-custody-Jan-2023-AP23005841493923-A2-1.jpg?fit=1200%2C690&quality=100&ssl=1&resize=350%2C200 1x, https:\/\/i0.wp.com\/insightcrime.org\/wp-content\/uploads\/2023\/01\/Mexico-Violence-Armored-vehicle-in-building-where-Ovidio-Guzman-is-in-custody-Jan-2023-AP23005841493923-A2-1.jpg?fit=1200%2C690&quality=100&ssl=1&resize=525%2C300 1.5x, https:\/\/i0.wp.com\/insightcrime.org\/wp-content\/uploads\/2023\/01\/Mexico-Violence-Armored-vehicle-in-building-where-Ovidio-Guzman-is-in-custody-Jan-2023-AP23005841493923-A2-1.jpg?fit=1200%2C690&quality=100&ssl=1&resize=700%2C400 2x, https:\/\/i0.wp.com\/insightcrime.org\/wp-content\/uploads\/2023\/01\/Mexico-Violence-Armored-vehicle-in-building-where-Ovidio-Guzman-is-in-custody-Jan-2023-AP23005841493923-A2-1.jpg?fit=1200%2C690&quality=100&ssl=1&resize=1050%2C600 3x"},"classes":[]},{"id":7030,"url":"https:\/\/insightcrime.org\/es\/noticias-crimen-organizado-mexico\/sinaloa-cartel-perfil\/","url_meta":{"origin":8838,"position":3},"title":"Cartel de Sinaloa","author":"InSight Crime","date":"19 de mayo de 2025","format":false,"excerpt":"Cartel de Sinaloa: cu\u00e1l es su historia, qui\u00e9nes son sus l\u00edderes, d\u00f3nde opera en M\u00e9xico y las \u00faltimas noticias sobre Los Chapitos y La Mayiza. Todo en este perfil.","rel":"","context":"En \u00abM\u00e9xico\u00bb","block_context":{"text":"M\u00e9xico","link":"https:\/\/insightcrime.org\/es\/category\/noticias-crimen-organizado-mexico\/"},"img":{"alt_text":"Grupo Criminal Cartel de Sinaloa, M\u00e9xico.","src":"https:\/\/i0.wp.com\/insightcrime.org\/wp-content\/uploads\/2026\/07\/Grupo-Criminal-Cartel-de-Sinaloa-Mexico.jpg?fit=1200%2C900&quality=100&ssl=1&resize=350%2C200","width":350,"height":200,"srcset":"https:\/\/i0.wp.com\/insightcrime.org\/wp-content\/uploads\/2026\/07\/Grupo-Criminal-Cartel-de-Sinaloa-Mexico.jpg?fit=1200%2C900&quality=100&ssl=1&resize=350%2C200 1x, https:\/\/i0.wp.com\/insightcrime.org\/wp-content\/uploads\/2026\/07\/Grupo-Criminal-Cartel-de-Sinaloa-Mexico.jpg?fit=1200%2C900&quality=100&ssl=1&resize=525%2C300 1.5x, https:\/\/i0.wp.com\/insightcrime.org\/wp-content\/uploads\/2026\/07\/Grupo-Criminal-Cartel-de-Sinaloa-Mexico.jpg?fit=1200%2C900&quality=100&ssl=1&resize=700%2C400 2x, https:\/\/i0.wp.com\/insightcrime.org\/wp-content\/uploads\/2026\/07\/Grupo-Criminal-Cartel-de-Sinaloa-Mexico.jpg?fit=1200%2C900&quality=100&ssl=1&resize=1050%2C600 3x"},"classes":[]},{"id":287202,"url":"https:\/\/insightcrime.org\/es\/noticias\/carta-aumenta-tensiones-mexico-eeuu-arrestos-cartel-sinaloa\/","url_meta":{"origin":8838,"position":4},"title":"\u00bfVerdad o mentira? Una carta de El Mayo aumenta tensiones entre M\u00e9xico y EE.\u00a0UU. por los arrestos relacionados con el Cartel de Sinaloa","author":"Parker Asmann","date":"14 de agosto de 2024","format":false,"excerpt":"Las detenciones de dos l\u00edderes del Cartel de Sinaloa en Estados Unidos siguen suscitando controversia y versiones contradictorias, planteando interrogantes sobre la causa de las detenciones y c\u00f3mo el hist\u00f3rico golpe a la c\u00fapula puede afectar a uno de los grupos narcotraficantes m\u00e1s poderosos de M\u00e9xico.","rel":"","context":"En \u00abNoticias\u00bb","block_context":{"text":"Noticias","link":"https:\/\/insightcrime.org\/es\/category\/noticias\/"},"img":{"alt_text":"","src":"https:\/\/i0.wp.com\/insightcrime.org\/wp-content\/uploads\/2024\/08\/Ismael-Zambada-Garcia-alias-El-Mayo-InSightCrime.jpg?fit=1200%2C690&quality=100&ssl=1&resize=350%2C200","width":350,"height":200,"srcset":"https:\/\/i0.wp.com\/insightcrime.org\/wp-content\/uploads\/2024\/08\/Ismael-Zambada-Garcia-alias-El-Mayo-InSightCrime.jpg?fit=1200%2C690&quality=100&ssl=1&resize=350%2C200 1x, https:\/\/i0.wp.com\/insightcrime.org\/wp-content\/uploads\/2024\/08\/Ismael-Zambada-Garcia-alias-El-Mayo-InSightCrime.jpg?fit=1200%2C690&quality=100&ssl=1&resize=525%2C300 1.5x, https:\/\/i0.wp.com\/insightcrime.org\/wp-content\/uploads\/2024\/08\/Ismael-Zambada-Garcia-alias-El-Mayo-InSightCrime.jpg?fit=1200%2C690&quality=100&ssl=1&resize=700%2C400 2x, https:\/\/i0.wp.com\/insightcrime.org\/wp-content\/uploads\/2024\/08\/Ismael-Zambada-Garcia-alias-El-Mayo-InSightCrime.jpg?fit=1200%2C690&quality=100&ssl=1&resize=1050%2C600 3x"},"classes":[]},{"id":4865,"url":"https:\/\/insightcrime.org\/es\/noticias-crimen-organizado-mexico\/ismael-zambada-garcia-el-mayo\/","url_meta":{"origin":8838,"position":5},"title":"Ismael Zambada Garc\u00eda, alias &#8216;El Mayo&#8217;","author":"InSight Crime","date":"5 de agosto de 2026","format":false,"excerpt":"Ismael \u201cEl Mayo\u201d Zambada fue condenado a cadena perpetua en Estados Unidos. Su historia, su papel en el Cartel de Sinaloa, todo en nuestro perfil completo actualizado de 2026.","rel":"","context":"En \u00abM\u00e9xico\u00bb","block_context":{"text":"M\u00e9xico","link":"https:\/\/insightcrime.org\/es\/category\/noticias-crimen-organizado-mexico\/"},"img":{"alt_text":"Ismael \"El Mayo\" Zambada - La Mayiza - Cartel de M\u00e9xico","src":"https:\/\/i0.wp.com\/insightcrime.org\/wp-content\/uploads\/2026\/06\/Perfil-Criminal-Alias-El-Mayo-Zambada.jpg?fit=1200%2C900&quality=100&ssl=1&resize=350%2C200","width":350,"height":200,"srcset":"https:\/\/i0.wp.com\/insightcrime.org\/wp-content\/uploads\/2026\/06\/Perfil-Criminal-Alias-El-Mayo-Zambada.jpg?fit=1200%2C900&quality=100&ssl=1&resize=350%2C200 1x, https:\/\/i0.wp.com\/insightcrime.org\/wp-content\/uploads\/2026\/06\/Perfil-Criminal-Alias-El-Mayo-Zambada.jpg?fit=1200%2C900&quality=100&ssl=1&resize=525%2C300 1.5x, https:\/\/i0.wp.com\/insightcrime.org\/wp-content\/uploads\/2026\/06\/Perfil-Criminal-Alias-El-Mayo-Zambada.jpg?fit=1200%2C900&quality=100&ssl=1&resize=700%2C400 2x, https:\/\/i0.wp.com\/insightcrime.org\/wp-content\/uploads\/2026\/06\/Perfil-Criminal-Alias-El-Mayo-Zambada.jpg?fit=1200%2C900&quality=100&ssl=1&resize=1050%2C600 3x"},"classes":[]}],"jetpack_featured_media_url":"https:\/\/i0.wp.com\/insightcrime.org\/wp-content\/uploads\/2016\/05\/es-16-05-17-Chapo.jpg?fit=250%2C166&quality=100&ssl=1","_links":{"self":[{"href":"https:\/\/insightcrime.org\/es\/wp-json\/wp\/v2\/posts\/8838","targetHints":{"allow":["GET"]}}],"collection":[{"href":"https:\/\/insightcrime.org\/es\/wp-json\/wp\/v2\/posts"}],"about":[{"href":"https:\/\/insightcrime.org\/es\/wp-json\/wp\/v2\/types\/post"}],"author":[{"embeddable":true,"href":"https:\/\/insightcrime.org\/es\/wp-json\/wp\/v2\/users\/37"}],"replies":[{"embeddable":true,"href":"https:\/\/insightcrime.org\/es\/wp-json\/wp\/v2\/comments?post=8838"}],"version-history":[{"count":2,"href":"https:\/\/insightcrime.org\/es\/wp-json\/wp\/v2\/posts\/8838\/revisions"}],"predecessor-version":[{"id":72113,"href":"https:\/\/insightcrime.org\/es\/wp-json\/wp\/v2\/posts\/8838\/revisions\/72113"}],"wp:featuredmedia":[{"embeddable":true,"href":"https:\/\/insightcrime.org\/es\/wp-json\/wp\/v2\/media\/44425"}],"wp:attachment":[{"href":"https:\/\/insightcrime.org\/es\/wp-json\/wp\/v2\/media?parent=8838"}],"wp:term":[{"taxonomy":"category","embeddable":true,"href":"https:\/\/insightcrime.org\/es\/wp-json\/wp\/v2\/categories?post=8838"},{"taxonomy":"post_tag","embeddable":true,"href":"https:\/\/insightcrime.org\/es\/wp-json\/wp\/v2\/tags?post=8838"},{"taxonomy":"newspack_spnsrs_tax","embeddable":true,"href":"https:\/\/insightcrime.org\/es\/wp-json\/wp\/v2\/newspack_spnsrs_tax?post=8838"},{"taxonomy":"author","embeddable":true,"href":"https:\/\/insightcrime.org\/es\/wp-json\/wp\/v2\/coauthors?post=8838"}],"curies":[{"name":"wp","href":"https:\/\/api.w.org\/{rel}","templated":true}]}}