{"id":8846,"date":"2016-05-23T17:13:09","date_gmt":"2017-03-28T00:16:32","guid":{"rendered":"http:\/\/newwp.insightcrime.org?p=8846"},"modified":"2023-04-24T15:52:04","modified_gmt":"2023-04-24T20:52:04","slug":"argentina-aprueba-extradicion-capo-colombiano-mi-sangre","status":"publish","type":"post","link":"https:\/\/insightcrime.org\/es\/noticias\/noticias-del-dia\/argentina-aprueba-extradicion-capo-colombiano-mi-sangre\/","title":{"rendered":"Argentina aprueba extradici\u00f3n de capo colombiano &#8216;Mi Sangre&#8217;"},"content":{"rendered":"\n<p class=\"wp-block-paragraph\">Argentina aprob\u00f3 la extradici\u00f3n del narcotraficante colombiano \u201cMi Sangre\u201d a Estados Unidos, lo que ha generado especulaciones acerca de cu\u00e1nta informaci\u00f3n les puede ofrecer a los funcionarios antidrogas estadounidenses y por qu\u00e9 no fue enviado primero a Colombia, su pa\u00eds natal.<\/p>\n\n\n\n<p class=\"wp-block-paragraph\">El 19 de mayo, un juez de Buenos Aires firm\u00f3 la extradici\u00f3n de Henry de Jes\u00fas L\u00f3pez Londo\u00f1o, alias \u201cMi Sangre\u201d, para enfrentar cargos por narcotr\u00e1fico en Estados Unidos, <a href=\"https:\/\/www.infobae.com\/2016\/05\/19\/1812889-ordenan-extraditar-los-eeuu-al-narco-lopez-londono-alias-mi-sangre\" target=\"_blank\">inform\u00f3 Infobae<\/a>.<\/p>\n\n\n\n<p class=\"wp-block-paragraph\">Arrestado en Argentina <a href=\"\/noticias\/analisis\/mi-sangre-capo-colombiano-es-capturado-en-argentina\" target=\"_blank\">en octubre de 2012<\/a>, L\u00f3pez Londo\u00f1o <a href=\"https:\/\/caracol.com.co\/radio\/2016\/05\/20\/internacional\/1463747643_809156.html\" target=\"_blank\">comenz\u00f3 su carrera<\/a> criminal con la Oficina de Envigado de Medell\u00edn. Luego se convirti\u00f3 en un importante l\u00edder de la organizaci\u00f3n criminal colombiana Los Urabe\u00f1os y supuestamente estaba a cargo de las operaciones de este grupo en Medell\u00edn.<\/p>\n\n\n\n<p class=\"wp-block-paragraph\">Comenz\u00f3 a vivir en Argentina con su esposa e hijo en 2011.<\/p>\n\n\n\n<p class=\"wp-block-paragraph\"><span style=\"color: #800000\"><strong>VEA TAMBI\u00c9N:<\/strong><\/span> <a href=\"\/component\/tags\/tag\/313-mi-sangre\" target=\"_blank\">Cobertura sobre Mi Sangre<\/a><\/p>\n\n\n\n<p class=\"wp-block-paragraph\">L\u00f3pez Londo\u00f1o se opuso a la extradici\u00f3n para enfrentar cargos en un tribunal del sur de la Florida, afirmando que era <a href=\"\/news\/briefs\/colombia-fights-extradition-political-persecution\" target=\"_blank\">v\u00edctima de persecuci\u00f3n pol\u00edtica<\/a> por parte del gobierno colombiano y la Agencia Antidrogas de Estados Unidos. Su juicio, programado inicialmente para comenzar en noviembre de 2013, fue retrasado varias veces por su equipo de defensa.<\/p>\n\n\n\n<p class=\"wp-block-paragraph\"><a href=\"https:\/\/www.lanacion.com.ar\/1900658-aprobaron-la-extradicion-a-los-eeuu-del-narco-mi-sangre\" target=\"_blank\">Seg\u00fan La Naci\u00f3n<\/a>, L\u00f3pez Londo\u00f1o puede apelar la decisi\u00f3n de extradici\u00f3n ante la Corte Suprema de Argentina.<\/p>\n\n\n\n<h3 class=\"wp-block-heading\">An\u00e1lisis de InSight Crime<\/h3>\n\n\n\n<p class=\"wp-block-paragraph\">Si procede la extradici\u00f3n, el traslado de Mi Sangre a custodia estadounidense plantea varias preguntas inquietantes.<\/p>\n\n\n\n<p class=\"wp-block-paragraph\">La primera es su valor como fuente de inteligencia para los agentes antidrogas estadounidenses. Aunque ha estado por fuera de Colombia desde hace varios a\u00f1os, Mi Sangre fue una figura clave en el mundo criminal de Medell\u00edn y es probable que tenga informaci\u00f3n sobre sus contactos criminales y su modus operandi, que a las autoridades les gustar\u00eda conocer.<\/p>\n\n\n\n<p class=\"wp-block-paragraph\">De hecho, Mi Sangre puede tener informaci\u00f3n que relaciona a los pol\u00edticos colombianos con el narcotr\u00e1fico y con su participaci\u00f3n con los paramilitares, dado que \u00e9l mismo fue miembro de las Autodefensas Unidas de Colombia (AUC). \u00c9l ha hecho amenazas veladas de que podr\u00eda implicar a varios funcionarios.<\/p>\n\n\n\n<p class=\"wp-block-paragraph\">Durante una entrevista el 20 de mayo con La W Radio, a la abogada de L\u00f3pez Londo\u00f1o, Mar\u00eda Gabriela Ricagno, se le pregunt\u00f3 a qu\u00e9 se refer\u00eda su cliente cuando dijo despu\u00e9s de ser capturado: \u201cSi les impact\u00f3 lo que se supo del general Santoyo, cuando yo hable, eso les va a parecer un juego de mu\u00f1ecas\u201d. Ricagno le respondi\u00f3 al entrevistador que eso habr\u00eda que pregunt\u00e1rselo a su cliente.<\/p>\n\n\n\n<p class=\"wp-block-paragraph\">El general Mauricio Santoyo ejerci\u00f3 como jefe de seguridad del expresidente \u00c1lvaro Uribe de 2002 a 2005. <a href=\"https:\/\/www.bbc.co.uk\/news\/world-latin-america-20733782\" target=\"_blank\">Fue condenado a 13 a\u00f1os de prisi\u00f3n<\/a> por un tribunal de Estados Unidos a finales de 2012, por v\u00ednculos con las AUC.<\/p>\n\n\n\n<p class=\"wp-block-paragraph\">Que un juez argentino haya aprobado la extradici\u00f3n de Mi Sangre a Estados Unidos en lugar de enviarlo a Colombia, podr\u00eda tambi\u00e9n estar relacionado con un descongelamiento de las relaciones entre Argentina y Estados Unidos bajo la administraci\u00f3n del presidente Mauricio Macri. Durante una reciente visita a Argentina, el presidente de Estados Unidos, Barack Obama, hizo avances en el fortalecimiento de los lazos bilaterales en materia de seguridad y en los esfuerzos conjuntos <a href=\"\/noticias\/analisis\/entro-argentina-en-la-guerra-contra-las-drogas\" target=\"_blank\">para combatir el crimen organizado<\/a>.&nbsp;&nbsp;<\/p>\n","protected":false},"excerpt":{"rendered":"<p>Argentina aprob\u00f3 la extradici\u00f3n del narcotraficante colombiano \u0093Mi Sangre\u0094 a Estados Unidos, lo que ha generado especulaciones acerca de cu\u00e1nta informaci\u00f3n les puede ofrecer a los funcionarios antidrogas estadounidenses y por qu\u00e9 no fue enviado primero a Colombia, su pa\u00eds natal.<\/p>\n","protected":false},"author":25,"featured_media":44440,"comment_status":"closed","ping_status":"closed","sticky":false,"template":"","format":"standard","meta":{"newspack_ads_suppress_ads":false,"newspack_popups_has_disabled_popups":false,"newspack_sponsor_sponsorship_scope":"","newspack_sponsor_native_byline_display":"inherit","newspack_sponsor_native_category_display":"inherit","newspack_sponsor_underwriter_style":"inherit","newspack_sponsor_underwriter_placement":"inherit","_EventAllDay":false,"_EventTimezone":"","_EventStartDate":"","_EventEndDate":"","_EventStartDateUTC":"","_EventEndDateUTC":"","_EventShowMap":false,"_EventShowMapLink":false,"_EventURL":"","_EventCost":"","_EventCostDescription":"","_EventCurrencySymbol":"","_EventCurrencyCode":"","_EventCurrencyPosition":"","_EventDateTimeSeparator":"","_EventTimeRangeSeparator":"","_EventOrganizerID":[],"_EventVenueID":[],"_OrganizerEmail":"","_OrganizerPhone":"","_OrganizerWebsite":"","_VenueAddress":"","_VenueCity":"","_VenueCountry":"","_VenueProvince":"","_VenueState":"","_VenueZip":"","_VenuePhone":"","_VenueURL":"","_VenueStateProvince":"","_VenueLat":"","_VenueLng":"","_VenueShowMap":false,"_VenueShowMapLink":false,"_newspack_byline_active":false,"_newspack_byline":"","newspack_hide_updated_date":false,"newspack_show_updated_date":false,"newspack_featured_image_position":"","newspack_post_subtitle":"","newspack_article_summary_title":"Overview:","newspack_article_summary":"","_jetpack_memberships_contains_paid_content":false,"footnotes":""},"categories":[334],"tags":[428,368,481,2927,1498],"newspack_spnsrs_tax":[],"coauthors":[3872],"class_list":["post-8846","post","type-post","status-publish","format-standard","has-post-thumbnail","hentry","category-noticias-del-dia","tag-argentina-pais","tag-colombia-pais","tag-extradicion","tag-gaitanistas","tag-mi-sangre-es","entry"],"parsely":{"version":"1.1.0","canonical_url":"https:\/\/insightcrime.org\/es\/noticias\/noticias-del-dia\/argentina-aprueba-extradicion-capo-colombiano-mi-sangre\/","smart_links":{"inbound":0,"outbound":0},"traffic_boost_suggestions_count":0,"meta":{"@context":"https:\/\/schema.org","@type":"NewsArticle","headline":"Argentina aprueba extradici\u00f3n de capo colombiano &#8216;Mi Sangre&#8217;","url":"http:\/\/insightcrime.org\/es\/noticias\/noticias-del-dia\/argentina-aprueba-extradicion-capo-colombiano-mi-sangre\/","mainEntityOfPage":{"@type":"WebPage","@id":"http:\/\/insightcrime.org\/es\/noticias\/noticias-del-dia\/argentina-aprueba-extradicion-capo-colombiano-mi-sangre\/"},"thumbnailUrl":"https:\/\/i0.wp.com\/insightcrime.org\/wp-content\/uploads\/2016\/05\/es-16-05-20-Argentina-MiSangre.jpg?resize=150%2C140&quality=100&ssl=1","image":{"@type":"ImageObject","url":"https:\/\/i0.wp.com\/insightcrime.org\/wp-content\/uploads\/2016\/05\/es-16-05-20-Argentina-MiSangre.jpg?fit=250%2C140&quality=100&ssl=1"},"articleSection":"Noticias del d\u00eda","author":[{"@type":"Person","name":"Michael Lohmuller"}],"creator":["Michael Lohmuller"],"publisher":{"@type":"Organization","name":"InSight Crime","logo":"https:\/\/insightcrime.org\/wp-content\/uploads\/2023\/08\/logo.png"},"keywords":["argentina","colombia","extradici\u00f3n","gaitanistas","mi sangre"],"dateCreated":"2017-03-28T00:16:32Z","datePublished":"2017-03-28T00:16:32Z","dateModified":"2023-04-24T20:52:04Z"},"rendered":"<meta name=\"parsely-title\" content=\"Argentina aprueba extradici\u00f3n de capo colombiano &#8216;Mi Sangre&#8217;\" \/>\n<meta name=\"parsely-link\" content=\"http:\/\/insightcrime.org\/es\/noticias\/noticias-del-dia\/argentina-aprueba-extradicion-capo-colombiano-mi-sangre\/\" \/>\n<meta name=\"parsely-type\" content=\"post\" \/>\n<meta name=\"parsely-image-url\" content=\"https:\/\/i0.wp.com\/insightcrime.org\/wp-content\/uploads\/2016\/05\/es-16-05-20-Argentina-MiSangre.jpg?resize=150%2C140&amp;quality=100&amp;ssl=1\" \/>\n<meta name=\"parsely-pub-date\" content=\"2017-03-28T00:16:32Z\" \/>\n<meta name=\"parsely-section\" content=\"Noticias del d\u00eda\" \/>\n<meta name=\"parsely-tags\" content=\"argentina,colombia,extradici\u00f3n,gaitanistas,mi sangre\" \/>\n<meta name=\"parsely-author\" content=\"Michael Lohmuller\" \/>","tracker_url":"https:\/\/cdn.parsely.com\/keys\/insightcrime.org\/p.js"},"jetpack_sharing_enabled":true,"jetpack-related-posts":[{"id":291406,"url":"https:\/\/insightcrime.org\/es\/noticias\/honduras-elimino-extradicion-mejor-arma-contra-narcotrafico\/","url_meta":{"origin":8846,"position":0},"title":"Honduras elimin\u00f3 su mejor arma contra el narcotr\u00e1fico","author":"Sam Woolston","date":"3 de septiembre de 2024","format":false,"excerpt":"El gobierno hondure\u00f1o anunci\u00f3 que planea poner fin a su acuerdo de extradici\u00f3n con Estados Unidos, en una medida que debilitar\u00e1 la capacidad del pa\u00eds para combatir el tr\u00e1fico de drogas y perseguir a los narcotraficantes.","rel":"","context":"En \u00abNoticias\u00bb","block_context":{"text":"Noticias","link":"https:\/\/insightcrime.org\/es\/category\/noticias\/"},"img":{"alt_text":"Castro_Press_Conference","src":"https:\/\/i0.wp.com\/insightcrime.org\/wp-content\/uploads\/2024\/09\/w980-p16x9-2024-08-30T003910Z_864964110_RC2RX2AI9JBG_RTRMADP_3_HONDURAS-USA-2.jpg?fit=350%2C250&quality=100&ssl=1&resize=350%2C200","width":350,"height":200},"classes":[]},{"id":232453,"url":"https:\/\/insightcrime.org\/es\/noticias\/extradicion-prohibicion-fentanilo-mexico-replantea-guerra-antidrogas\/","url_meta":{"origin":8846,"position":1},"title":"Una extradici\u00f3n (y una prohibici\u00f3n sobre el fentanilo), M\u00e9xico replantea guerra antidrogas","author":"Steven Dudley","date":"18 de septiembre de 2023","format":false,"excerpt":"La acelerada extradici\u00f3n de un importante traficante de fentanilo de M\u00e9xico a Estados Unidos y la prohibici\u00f3n impuesta por el hampa sobre la producci\u00f3n de esta sustancia indican que el gobierno de M\u00e9xico y algunos de los criminales m\u00e1s buscados de dicho pa\u00eds podr\u00edan estar intentando un replanteamiento de las\u2026","rel":"","context":"En \u00abNoticias\u00bb","block_context":{"text":"Noticias","link":"https:\/\/insightcrime.org\/es\/category\/noticias\/"},"img":{"alt_text":"Primera imagen de la extradici\u00f3n de Ovidio Guzm\u00e1n. DEA, fentanilo","src":"https:\/\/i0.wp.com\/insightcrime.org\/wp-content\/uploads\/2023\/09\/Ovidio-guzman-extradition-first-photo-dea-fentanyl-2023-1.jpg?fit=1200%2C600&quality=100&ssl=1&resize=350%2C200","width":350,"height":200,"srcset":"https:\/\/i0.wp.com\/insightcrime.org\/wp-content\/uploads\/2023\/09\/Ovidio-guzman-extradition-first-photo-dea-fentanyl-2023-1.jpg?fit=1200%2C600&quality=100&ssl=1&resize=350%2C200 1x, https:\/\/i0.wp.com\/insightcrime.org\/wp-content\/uploads\/2023\/09\/Ovidio-guzman-extradition-first-photo-dea-fentanyl-2023-1.jpg?fit=1200%2C600&quality=100&ssl=1&resize=525%2C300 1.5x, https:\/\/i0.wp.com\/insightcrime.org\/wp-content\/uploads\/2023\/09\/Ovidio-guzman-extradition-first-photo-dea-fentanyl-2023-1.jpg?fit=1200%2C600&quality=100&ssl=1&resize=700%2C400 2x, https:\/\/i0.wp.com\/insightcrime.org\/wp-content\/uploads\/2023\/09\/Ovidio-guzman-extradition-first-photo-dea-fentanyl-2023-1.jpg?fit=1200%2C600&quality=100&ssl=1&resize=1050%2C600 3x"},"classes":[]},{"id":167301,"url":"https:\/\/insightcrime.org\/es\/noticias\/alex-saab-depositario-secretos-financieros-venezuela-extraditado-ee-uu\/","url_meta":{"origin":8846,"position":2},"title":"\u00c1lex Saab, depositario de secretos financieros de Venezuela, ser\u00e1 extraditado a EE.UU.","author":"Seth Robbins","date":"7 de septiembre de 2021","format":false,"excerpt":"Un alto tribunal de Cabo Verde aprob\u00f3 la extradici\u00f3n a Estados Unidos del empresario colombiano \u00c1lex Saab, quien puede tener informaci\u00f3n clave sobre presuntos esquemas de lavado de dinero en los que estar\u00edan implicados el presidente venezolano Nicol\u00e1s Maduro y otros altos funcionarios de su gobierno.","rel":"","context":"En \u00abNoticias\u00bb","block_context":{"text":"Noticias","link":"https:\/\/insightcrime.org\/es\/category\/noticias\/"},"img":{"alt_text":"","src":"https:\/\/i0.wp.com\/insightcrime.org\/wp-content\/uploads\/2019\/08\/Venezuela-Colombia-Alex-Saab-19-08-01.jpg?fit=350%2C250&quality=100&ssl=1&resize=350%2C200","width":350,"height":200},"classes":[]},{"id":188766,"url":"https:\/\/insightcrime.org\/es\/noticias-crimen-organizado-colombia\/gilberto-rodriguez-orejuela-alias-el-ajedrecista\/","url_meta":{"origin":8846,"position":3},"title":"Gilberto Rodr\u00edguez Orejuela, alias &#8216;El Ajedrecista&#8217;","author":"InSight Crime","date":"15 de junio de 2022","format":false,"excerpt":"Gilberto Rodr\u00edguez Orejuela, alias \u201cEl Ajedrecista\u201d, fue uno de los cabecillas del extinto Cartel de Cali.","rel":"","context":"En \u00abColombia\u00bb","block_context":{"text":"Colombia","link":"https:\/\/insightcrime.org\/es\/category\/noticias-crimen-organizado-colombia\/"},"img":{"alt_text":"Perfil criminal - Gilberto Rodr\u00edguez Orejuela, alias 'El Ajedrecista' - Colombia.","src":"https:\/\/i0.wp.com\/insightcrime.org\/wp-content\/uploads\/2026\/08\/Perfil-Criminal-Alias-El-Ajedrecista-Colombia.jpg?fit=1200%2C900&quality=100&ssl=1&resize=350%2C200","width":350,"height":200,"srcset":"https:\/\/i0.wp.com\/insightcrime.org\/wp-content\/uploads\/2026\/08\/Perfil-Criminal-Alias-El-Ajedrecista-Colombia.jpg?fit=1200%2C900&quality=100&ssl=1&resize=350%2C200 1x, https:\/\/i0.wp.com\/insightcrime.org\/wp-content\/uploads\/2026\/08\/Perfil-Criminal-Alias-El-Ajedrecista-Colombia.jpg?fit=1200%2C900&quality=100&ssl=1&resize=525%2C300 1.5x, https:\/\/i0.wp.com\/insightcrime.org\/wp-content\/uploads\/2026\/08\/Perfil-Criminal-Alias-El-Ajedrecista-Colombia.jpg?fit=1200%2C900&quality=100&ssl=1&resize=700%2C400 2x, https:\/\/i0.wp.com\/insightcrime.org\/wp-content\/uploads\/2026\/08\/Perfil-Criminal-Alias-El-Ajedrecista-Colombia.jpg?fit=1200%2C900&quality=100&ssl=1&resize=1050%2C600 3x"},"classes":[]},{"id":304747,"url":"https:\/\/insightcrime.org\/es\/noticias\/multiples-vidas-de-carrera-criminal-de-caro-quintero-en-mexico\/","url_meta":{"origin":8846,"position":4},"title":"Las m\u00faltiples vidas de la carrera criminal de Caro Quintero en M\u00e9xico","author":"Alejandra Rodriguez","date":"28 de febrero de 2025","format":false,"excerpt":"Tras cuatro d\u00e9cadas de maniobras exitosas para evitar la extradici\u00f3n a Estados Unidos, las autoridades mexicanas finalmente pusieron fin a la notoria carrera criminal de Rafael Caro Quintero al enviarlo esta semana a enfrentar cargos de tr\u00e1fico de drogas y homicidio.","rel":"","context":"En \u00abNoticias\u00bb","block_context":{"text":"Noticias","link":"https:\/\/insightcrime.org\/es\/category\/noticias\/"},"img":{"alt_text":"","src":"https:\/\/i0.wp.com\/insightcrime.org\/wp-content\/uploads\/2025\/02\/Cover-1336x768-Rafael-Caro-Quintero-Collage-InSightCrime-Feb-2025.jpg?fit=1200%2C690&quality=100&ssl=1&resize=350%2C200","width":350,"height":200,"srcset":"https:\/\/i0.wp.com\/insightcrime.org\/wp-content\/uploads\/2025\/02\/Cover-1336x768-Rafael-Caro-Quintero-Collage-InSightCrime-Feb-2025.jpg?fit=1200%2C690&quality=100&ssl=1&resize=350%2C200 1x, https:\/\/i0.wp.com\/insightcrime.org\/wp-content\/uploads\/2025\/02\/Cover-1336x768-Rafael-Caro-Quintero-Collage-InSightCrime-Feb-2025.jpg?fit=1200%2C690&quality=100&ssl=1&resize=525%2C300 1.5x, https:\/\/i0.wp.com\/insightcrime.org\/wp-content\/uploads\/2025\/02\/Cover-1336x768-Rafael-Caro-Quintero-Collage-InSightCrime-Feb-2025.jpg?fit=1200%2C690&quality=100&ssl=1&resize=700%2C400 2x, https:\/\/i0.wp.com\/insightcrime.org\/wp-content\/uploads\/2025\/02\/Cover-1336x768-Rafael-Caro-Quintero-Collage-InSightCrime-Feb-2025.jpg?fit=1200%2C690&quality=100&ssl=1&resize=1050%2C600 3x"},"classes":[]},{"id":169671,"url":"https:\/\/insightcrime.org\/es\/noticias\/comparecencia-alex-saab-justicia-eeuu-provoca-respuesta-venezuela\/","url_meta":{"origin":8846,"position":5},"title":"Comparecencia de \u00c1lex Saab ante justicia de EE. UU. provoca reacci\u00f3n de Venezuela","author":"Unidad Investigativa de Venezuela","date":"19 de octubre de 2021","format":false,"excerpt":"La fuerte reacci\u00f3n del presidente de Venezuela Nicol\u00e1s Maduro a la extradici\u00f3n del presunto lavador de dinero y aliado suyo \u00c1lex Saab, quien compareci\u00f3 ante un juez estadounidense para responder por los cargos que se le imputan, sugiere que hay m\u00e1s en juego en su caso que con otras importantes\u2026","rel":"","context":"En \u00abNoticias\u00bb","block_context":{"text":"Noticias","link":"https:\/\/insightcrime.org\/es\/category\/noticias\/"},"img":{"alt_text":"","src":"https:\/\/i0.wp.com\/insightcrime.org\/wp-content\/uploads\/2021\/10\/Saab-Mug-Shot-1.jpg?fit=350%2C250&quality=100&ssl=1&resize=350%2C200","width":350,"height":200},"classes":[]}],"jetpack_featured_media_url":"https:\/\/i0.wp.com\/insightcrime.org\/wp-content\/uploads\/2016\/05\/es-16-05-20-Argentina-MiSangre.jpg?fit=250%2C140&quality=100&ssl=1","_links":{"self":[{"href":"https:\/\/insightcrime.org\/es\/wp-json\/wp\/v2\/posts\/8846","targetHints":{"allow":["GET"]}}],"collection":[{"href":"https:\/\/insightcrime.org\/es\/wp-json\/wp\/v2\/posts"}],"about":[{"href":"https:\/\/insightcrime.org\/es\/wp-json\/wp\/v2\/types\/post"}],"author":[{"embeddable":true,"href":"https:\/\/insightcrime.org\/es\/wp-json\/wp\/v2\/users\/25"}],"replies":[{"embeddable":true,"href":"https:\/\/insightcrime.org\/es\/wp-json\/wp\/v2\/comments?post=8846"}],"version-history":[{"count":1,"href":"https:\/\/insightcrime.org\/es\/wp-json\/wp\/v2\/posts\/8846\/revisions"}],"predecessor-version":[{"id":26588,"href":"https:\/\/insightcrime.org\/es\/wp-json\/wp\/v2\/posts\/8846\/revisions\/26588"}],"wp:featuredmedia":[{"embeddable":true,"href":"https:\/\/insightcrime.org\/es\/wp-json\/wp\/v2\/media\/44440"}],"wp:attachment":[{"href":"https:\/\/insightcrime.org\/es\/wp-json\/wp\/v2\/media?parent=8846"}],"wp:term":[{"taxonomy":"category","embeddable":true,"href":"https:\/\/insightcrime.org\/es\/wp-json\/wp\/v2\/categories?post=8846"},{"taxonomy":"post_tag","embeddable":true,"href":"https:\/\/insightcrime.org\/es\/wp-json\/wp\/v2\/tags?post=8846"},{"taxonomy":"newspack_spnsrs_tax","embeddable":true,"href":"https:\/\/insightcrime.org\/es\/wp-json\/wp\/v2\/newspack_spnsrs_tax?post=8846"},{"taxonomy":"author","embeddable":true,"href":"https:\/\/insightcrime.org\/es\/wp-json\/wp\/v2\/coauthors?post=8846"}],"curies":[{"name":"wp","href":"https:\/\/api.w.org\/{rel}","templated":true}]}}