{"id":8872,"date":"2016-06-02T15:46:39","date_gmt":"2017-03-28T00:16:43","guid":{"rendered":"http:\/\/newwp.insightcrime.org?p=8872"},"modified":"2023-04-24T15:52:13","modified_gmt":"2023-04-24T20:52:13","slug":"346-pandilleros-muerto-enfrentamientos-fuerzas-seguridad-de-el-salvador-este-ano","status":"publish","type":"post","link":"https:\/\/insightcrime.org\/es\/noticias\/noticias-del-dia\/346-pandilleros-muerto-enfrentamientos-fuerzas-seguridad-de-el-salvador-este-ano\/","title":{"rendered":"346 pandilleros abatidos por fuerzas de seguridad en El Salvador"},"content":{"rendered":"\n<p class=\"wp-block-paragraph\">Seg\u00fan informes, 346 pandilleros de El Salvador han muerto en enfrentamientos violentos con la polic\u00eda en lo que va de este a\u00f1o, lo que vuelve a generar los temores de que la agresiva estrategia de seguridad del pa\u00eds est\u00e9 llevando a abusos generalizados de los derechos humanos.<\/p>\n\n\n\n<p class=\"wp-block-paragraph\">Howard Cotto, director de la Polic\u00eda Nacional Civil (PNC) de El Salvador, dijo que polic\u00edas apoyados por soldados han dado muerte a 346 presuntos pandilleros en igual n\u00famero de enfrentamientos desde principios de 2016, <a href=\"https:\/\/elmundo.sv\/346-enfrentamientos-entre-pnc-y-pandillas-en-2016\/\" target=\"_blank\">inform\u00f3 El Mundo<\/a>. Ello significa un promedio de 2,2 enfrentamientos \u2014y pandilleros muertos\u2014 por d\u00eda.<\/p>\n\n\n\n<p class=\"wp-block-paragraph\">Cotto no especific\u00f3 cu\u00e1ntos miembros de las fuerzas de seguridad han muerto en los enfrentamientos. Sin embargo, otros informes indican que, hacia el 12 de abril de este a\u00f1o, presuntos pandilleros <a href=\"https:\/\/www.eluniversal.com.co\/mundo\/seis-pandilleros-y-tres-policias-mueren-en-enfrentamiento-en-el-salvador-223647\" target=\"_blank\">hab\u00edan matado a 16 polic\u00edas<\/a>, muchos de los cuales fueron asesinados mientras estaban fuera de servicio, o fuera de las operaciones referidas por el director de la polic\u00eda.<\/p>\n\n\n\n<p class=\"wp-block-paragraph\">El n\u00famero de enfrentamientos ha aumentado en las \u00faltimas semanas, tras <a href=\"\/noticias\/noticias-del-dia\/el-salvador-despliega-escuadron-elite-antipandillas-zonas-rurales\" target=\"_blank\">el despliegue de fuerzas mixtas de la polic\u00eda y el ej\u00e9rcito<\/a>, que conforman una unidad especial encargada de ir tras pandilleros que presuntamente se han trasladado a zonas rurales para huir de las estrictas medidas de seguridad en las principales ciudades del pa\u00eds. La mayor parte de los enfrentamientos mencionados por Cotto se han presentado en zonas rurales, inform\u00f3 El Mundo.<\/p>\n\n\n\n<h3 class=\"wp-block-heading\">An\u00e1lisis de InSight Crime<\/h3>\n\n\n\n<p class=\"wp-block-paragraph\">La gran cantidad de pandilleros muertos y el n\u00famero desproporcionadamente bajo de oficiales que han muerto por disparos durante las operaciones plantea serias dudas sobre las circunstancias en las que ocurrieron esas muertes. <a href=\"\/investigations\/uptick-in-confrontation-deaths-strikes-familiar-pattern\" target=\"_blank\">En toda Latinoam\u00e9rica<\/a>, en pa\u00edses como M\u00e9xico, Venezuela y Brasil, el t\u00e9rmino \u201cenfrentamiento\u201d se utiliza para dar una explicaci\u00f3n a los <a href=\"\/noticias\/analisis\/fuerzas-seguridad-venezuela-protectores-perpetradores\" target=\"_blank\">conteos inequitativos de cuerpos <\/a>y para encubrir las <a href=\"\/noticias\/noticias-del-dia\/video-muestra-policia-encubre-ejecuciones-brasil\" target=\"_blank\">violaciones a los derechos humanos<\/a> por parte de las fuerzas de seguridad.<\/p>\n\n\n\n<p class=\"wp-block-paragraph\">La constante represi\u00f3n por parte del gobierno ha planteado preocupaciones similares acerca de El Salvador, donde ya hay <a href=\"\/noticias\/analisis\/policia-mata-miente-de-nuevo-el-salvador\" target=\"_blank\">casos bien documentados<\/a> de <a href=\"\/noticias\/noticias-del-dia\/policia-el-salvador-acusada-dos-masacres-extrajudiciales\" target=\"_blank\">ejecuciones extrajudiciales <\/a>cometidas por agentes de la polic\u00eda. En un caso que se present\u00f3 en marzo de 2015, agentes de la PNC informaron haber dado de baja a ocho delincuentes durante un tiroteo en una finca cafetera conocida como San Blas. Una investigaci\u00f3n del <a href=\"\/noticias\/analisis\/policia-masacro-finca-san-blas-el-salvador\" target=\"_blank\">medio de noticias salvadore\u00f1o El Faro<\/a> descubri\u00f3 que los \u201ccriminales,\u201d entre los que se encontraban una mujer y dos menores de edad, hab\u00edan sido ejecutados sumariamente y que sus cuerpos hab\u00eda sido reacomodados para sustentar la versi\u00f3n de los hechos presentada por la polic\u00eda.<\/p>\n\n\n\n<p class=\"wp-block-paragraph\"><span style=\"color: #800000\"><strong>VEA TAMBI\u00c9N:<\/strong><\/span> <a href=\"\/noticias-sobre-crimen-organizado-en-el-salvador\" target=\"_blank\">Noticias y perfiles de El Salvador<\/a><\/p>\n\n\n\n<p class=\"wp-block-paragraph\">La militarizaci\u00f3n de la lucha contra las pandillas salvadore\u00f1as, tanto material como <a href=\"\/noticias\/noticias-del-dia\/guerra-pandillas-funcionario-policia-el-salvador\" target=\"_blank\">ret\u00f3ricamente<\/a>, puede contribuir a una acci\u00f3n m\u00e1s agresiva por parte de la fuerza p\u00fablica. En enero de 2015, por ejemplo, el entonces director de la PNC, y actual ministro de Seguridad, Mauricio Ram\u00edrez Landaverde, les dijo a sus oficiales que deb\u00edan sentir \u201c<a href=\"\/noticias\/noticias-del-dia\/director-policia-el-salvador-apunta-creciente-violencia-pandillas\" target=\"_blank\">completa confianza<\/a>\u201d al usar sus armas contra los criminales.<\/p>\n","protected":false},"excerpt":{"rendered":"<p>Seg\u00fan informes, 346 pandilleros de El Salvador han muerto en enfrentamientos violentos con la polic\u00eda en lo que va de este a\u00f1o, lo que vuelve a generar los temores de que la agresiva estrategia de seguridad del pa\u00eds est\u00e9 llevando a abusos generalizados de los derechos humanos.<\/p>\n","protected":false},"author":36,"featured_media":44493,"comment_status":"closed","ping_status":"closed","sticky":false,"template":"","format":"standard","meta":{"newspack_ads_suppress_ads":false,"newspack_popups_has_disabled_popups":false,"newspack_sponsor_sponsorship_scope":"","newspack_sponsor_native_byline_display":"inherit","newspack_sponsor_native_category_display":"inherit","newspack_sponsor_underwriter_style":"inherit","newspack_sponsor_underwriter_placement":"inherit","_EventAllDay":false,"_EventTimezone":"","_EventStartDate":"","_EventEndDate":"","_EventStartDateUTC":"","_EventEndDateUTC":"","_EventShowMap":false,"_EventShowMapLink":false,"_EventURL":"","_EventCost":"","_EventCostDescription":"","_EventCurrencySymbol":"","_EventCurrencyCode":"","_EventCurrencyPosition":"","_EventDateTimeSeparator":"","_EventTimeRangeSeparator":"","_EventOrganizerID":[],"_EventVenueID":[],"_OrganizerEmail":"","_OrganizerPhone":"","_OrganizerWebsite":"","_VenueAddress":"","_VenueCity":"","_VenueCountry":"","_VenueProvince":"","_VenueState":"","_VenueZip":"","_VenuePhone":"","_VenueURL":"","_VenueStateProvince":"","_VenueLat":"","_VenueLng":"","_VenueShowMap":false,"_VenueShowMapLink":false,"_newspack_byline_active":false,"_newspack_byline":"","newspack_hide_updated_date":false,"newspack_show_updated_date":false,"newspack_featured_image_position":"","newspack_post_subtitle":"","newspack_article_summary_title":"Overview:","newspack_article_summary":"","_jetpack_memberships_contains_paid_content":false,"footnotes":""},"categories":[334],"tags":[375,450,1540,1500,438],"newspack_spnsrs_tax":[],"coauthors":[3924],"class_list":["post-8872","post","type-post","status-publish","format-standard","has-post-thumbnail","hentry","category-noticias-del-dia","tag-barrio-18-grupo","tag-derechos-humanos","tag-el-salvador-pais","tag-ms13-es","tag-politicas-de-seguridad","entry"],"parsely":{"version":"1.1.0","canonical_url":"https:\/\/insightcrime.org\/es\/noticias\/noticias-del-dia\/346-pandilleros-muerto-enfrentamientos-fuerzas-seguridad-de-el-salvador-este-ano\/","smart_links":{"inbound":0,"outbound":0},"traffic_boost_suggestions_count":0,"meta":{"@context":"https:\/\/schema.org","@type":"NewsArticle","headline":"346 pandilleros abatidos por fuerzas de seguridad en El Salvador","url":"http:\/\/insightcrime.org\/es\/noticias\/noticias-del-dia\/346-pandilleros-muerto-enfrentamientos-fuerzas-seguridad-de-el-salvador-este-ano\/","mainEntityOfPage":{"@type":"WebPage","@id":"http:\/\/insightcrime.org\/es\/noticias\/noticias-del-dia\/346-pandilleros-muerto-enfrentamientos-fuerzas-seguridad-de-el-salvador-este-ano\/"},"thumbnailUrl":"https:\/\/i0.wp.com\/insightcrime.org\/wp-content\/uploads\/2016\/06\/es-16-06-01-ElSal-Police-Kill.jpg?resize=150%2C150&quality=100&ssl=1","image":{"@type":"ImageObject","url":"https:\/\/i0.wp.com\/insightcrime.org\/wp-content\/uploads\/2016\/06\/es-16-06-01-ElSal-Police-Kill.jpg?fit=250%2C167&quality=100&ssl=1"},"articleSection":"Noticias del d\u00eda","author":[{"@type":"Person","name":"David Gagne"}],"creator":["David Gagne"],"publisher":{"@type":"Organization","name":"InSight Crime","logo":"https:\/\/insightcrime.org\/wp-content\/uploads\/2023\/08\/logo.png"},"keywords":["barrio 18","derechos humanos","el salvador","ms13","pol\u00edticas de seguridad"],"dateCreated":"2017-03-28T00:16:43Z","datePublished":"2017-03-28T00:16:43Z","dateModified":"2023-04-24T20:52:13Z"},"rendered":"<meta name=\"parsely-title\" content=\"346 pandilleros abatidos por fuerzas de seguridad en El Salvador\" \/>\n<meta name=\"parsely-link\" content=\"http:\/\/insightcrime.org\/es\/noticias\/noticias-del-dia\/346-pandilleros-muerto-enfrentamientos-fuerzas-seguridad-de-el-salvador-este-ano\/\" \/>\n<meta name=\"parsely-type\" content=\"post\" \/>\n<meta name=\"parsely-image-url\" content=\"https:\/\/i0.wp.com\/insightcrime.org\/wp-content\/uploads\/2016\/06\/es-16-06-01-ElSal-Police-Kill.jpg?resize=150%2C150&amp;quality=100&amp;ssl=1\" \/>\n<meta name=\"parsely-pub-date\" content=\"2017-03-28T00:16:43Z\" \/>\n<meta name=\"parsely-section\" content=\"Noticias del d\u00eda\" \/>\n<meta name=\"parsely-tags\" content=\"barrio 18,derechos humanos,el salvador,ms13,pol\u00edticas de seguridad\" \/>\n<meta name=\"parsely-author\" content=\"David Gagne\" \/>","tracker_url":"https:\/\/cdn.parsely.com\/keys\/insightcrime.org\/p.js"},"jetpack_sharing_enabled":true,"jetpack-related-posts":[{"id":182147,"url":"https:\/\/insightcrime.org\/es\/noticias\/politica-seguridad-el-salvador-pasa-mano-dura-exceso-fuerza\/","url_meta":{"origin":8872,"position":0},"title":"Pol\u00edtica de seguridad en El Salvador pasa de la mano dura al exceso de fuerza","author":"Alex Papadovassilakis","date":"12 de abril de 2022","format":false,"excerpt":"Con una oleada de detenciones rara vez vista, el gobierno de El Salvador redobla y extiende sus pol\u00edticas de seguridad, conocidas como de mano dura, las cuales han fracasado consistentemente en producir resultados duraderos.","rel":"","context":"En \u00abNoticias\u00bb","block_context":{"text":"Noticias","link":"https:\/\/insightcrime.org\/es\/category\/noticias\/"},"img":{"alt_text":"Miembros de pandillas siendo escoltados","src":"https:\/\/i0.wp.com\/insightcrime.org\/wp-content\/uploads\/2022\/04\/ezgif-1-cad0e1da2c-1.jpg?fit=350%2C250&quality=100&ssl=1&resize=350%2C200","width":350,"height":200},"classes":[]},{"id":181042,"url":"https:\/\/insightcrime.org\/es\/noticias\/ola-homicida-pandillas-conmociona-gobierno-el-salvador\/","url_meta":{"origin":8872,"position":1},"title":"Ola homicida de pandillas sacude a gobierno de El Salvador","author":"Alex Papadovassilakis","date":"28 de marzo de 2022","format":false,"excerpt":"Una ola de asesinatos in\u00e9dita desde los d\u00edas de la guerra civil en El Salvador fue el mensaje f\u00fanebre de las pandillas del pa\u00eds, en el idioma que usan para pronunciarse, hacia el gobierno.","rel":"","context":"En \u00abNoticias\u00bb","block_context":{"text":"Noticias","link":"https:\/\/insightcrime.org\/es\/category\/noticias\/"},"img":{"alt_text":"Fuerzas de seguridad de El Salvador en guardia","src":"https:\/\/i0.wp.com\/insightcrime.org\/wp-content\/uploads\/2022\/03\/ES-Spree-1.jpeg?fit=350%2C250&quality=100&ssl=1&resize=350%2C200","width":350,"height":200},"classes":[]},{"id":343239,"url":"https:\/\/insightcrime.org\/es\/noticias\/como-transformado-doctrina-donroe-politica-seguridad-en-america-latina\/","url_meta":{"origin":8872,"position":2},"title":"Crecen los enfrentamientos entre fuerzas de seguridad y grupos criminales desde la llegada al poder de Trump","author":"Creusa Mu\u00f1oz","date":"2 de junio de 2026","format":false,"excerpt":"Un reciente informe concluye que la estrategia de seguridad promovida por Donald Trump en Am\u00e9rica Latina coincide con un aumento de los enfrentamientos letales y la adaptaci\u00f3n de los grupos criminales.","rel":"","context":"En \u00abNoticias\u00bb","block_context":{"text":"Noticias","link":"https:\/\/insightcrime.org\/es\/category\/noticias\/"},"img":{"alt_text":"","src":"https:\/\/i0.wp.com\/insightcrime.org\/wp-content\/uploads\/2026\/06\/shield-of-the-americas-1.jpeg?fit=350%2C250&quality=100&ssl=1&resize=350%2C200","width":350,"height":200},"classes":[]},{"id":187339,"url":"https:\/\/insightcrime.org\/es\/noticias\/exodo-pandillas-salvador-genera-panico-aunque-pocos-arrestos\/","url_meta":{"origin":8872,"position":3},"title":"\u00c9xodo de pandillas de El Salvador genera p\u00e1nico, aunque pocos arrestos","author":"Alessandro Ford","date":"2 de junio de 2022","format":false,"excerpt":"Desde hace dos meses que el gobierno de El Salvador comenz\u00f3 su campa\u00f1a de arrestos masivos, como una ofensiva contra las pandillas, menos de 60 presuntos pandilleros del pa\u00eds han sido arrestados en Honduras y Guatemala, una cifra que pone en duda los refuerzos a la seguridad y la ret\u00f3rica\u2026","rel":"","context":"En \u00abNoticias\u00bb","block_context":{"text":"Noticias","link":"https:\/\/insightcrime.org\/es\/category\/noticias\/"},"img":{"alt_text":"El ministro de Gobierno de Guatemala, David Napole\u00f3n Barrientos","src":"https:\/\/i0.wp.com\/insightcrime.org\/wp-content\/uploads\/2022\/05\/FPb_Hv6X0AIwmuD.jpeg?fit=350%2C250&quality=100&ssl=1&resize=350%2C200","width":350,"height":200},"classes":[]},{"id":137407,"url":"https:\/\/insightcrime.org\/es\/noticias\/fuga-presos-expone-nexos-lider-pandillero-elites-haiti\/","url_meta":{"origin":8872,"position":4},"title":"Fuga de presos expone nexos de l\u00edder pandillero con \u00e9lites en Hait\u00ed","author":"Alejandra Rodriguez","date":"8 de marzo de 2021","format":false,"excerpt":"El asesinato de un l\u00edder pandillero despu\u00e9s de una peligrosa fuga de presos en Hait\u00ed pudo haber sido intencional, un hecho que plantea dudas sobre las t\u00f3xicas relaciones entre las pandillas y las \u00e9lites pol\u00edticas en v\u00edsperas de nuevas elecciones.","rel":"","context":"En \u00abNoticias\u00bb","block_context":{"text":"Noticias","link":"https:\/\/insightcrime.org\/es\/category\/noticias\/"},"img":{"alt_text":"","src":"https:\/\/i0.wp.com\/insightcrime.org\/wp-content\/uploads\/2021\/03\/21-03-03-Haiti-Arnel-Joseph.jpg?fit=350%2C250&quality=100&ssl=1&resize=350%2C200","width":350,"height":200},"classes":[]},{"id":191993,"url":"https:\/\/insightcrime.org\/es\/noticias\/conexiones-politicas-ayudan-cabecillas-ms13-escapar-salvador\/","url_meta":{"origin":8872,"position":5},"title":"Conexiones pol\u00edticas ayudan a cabecillas de la MS13 a escapar de El Salvador","author":"Parker Asmann","date":"19 de julio de 2022","format":false,"excerpt":"La liberaci\u00f3n de un importante cabecilla de la MS13 de una prisi\u00f3n de m\u00e1xima seguridad de El Salvador, y su posterior fuga, ponen de manifiesto la capacidad que tiene la pandilla para aprovechar sus conexiones pol\u00edticas y las redes transnacionales para proteger a los miembros m\u00e1s importantes de la organizaci\u00f3n.","rel":"","context":"En \u00abNoticias\u00bb","block_context":{"text":"Noticias","link":"https:\/\/insightcrime.org\/es\/category\/noticias\/"},"img":{"alt_text":"MS13 members in prison in El Salvador","src":"https:\/\/i0.wp.com\/insightcrime.org\/wp-content\/uploads\/2022\/07\/El-Salvador-Imprisoned-gang-members-face-masks-AP_20248762682929-Sep-2020-A2-1.jpg?fit=1200%2C675&quality=100&ssl=1&resize=350%2C200","width":350,"height":200,"srcset":"https:\/\/i0.wp.com\/insightcrime.org\/wp-content\/uploads\/2022\/07\/El-Salvador-Imprisoned-gang-members-face-masks-AP_20248762682929-Sep-2020-A2-1.jpg?fit=1200%2C675&quality=100&ssl=1&resize=350%2C200 1x, https:\/\/i0.wp.com\/insightcrime.org\/wp-content\/uploads\/2022\/07\/El-Salvador-Imprisoned-gang-members-face-masks-AP_20248762682929-Sep-2020-A2-1.jpg?fit=1200%2C675&quality=100&ssl=1&resize=525%2C300 1.5x, https:\/\/i0.wp.com\/insightcrime.org\/wp-content\/uploads\/2022\/07\/El-Salvador-Imprisoned-gang-members-face-masks-AP_20248762682929-Sep-2020-A2-1.jpg?fit=1200%2C675&quality=100&ssl=1&resize=700%2C400 2x, https:\/\/i0.wp.com\/insightcrime.org\/wp-content\/uploads\/2022\/07\/El-Salvador-Imprisoned-gang-members-face-masks-AP_20248762682929-Sep-2020-A2-1.jpg?fit=1200%2C675&quality=100&ssl=1&resize=1050%2C600 3x"},"classes":[]}],"jetpack_featured_media_url":"https:\/\/i0.wp.com\/insightcrime.org\/wp-content\/uploads\/2016\/06\/es-16-06-01-ElSal-Police-Kill.jpg?fit=250%2C167&quality=100&ssl=1","_links":{"self":[{"href":"https:\/\/insightcrime.org\/es\/wp-json\/wp\/v2\/posts\/8872","targetHints":{"allow":["GET"]}}],"collection":[{"href":"https:\/\/insightcrime.org\/es\/wp-json\/wp\/v2\/posts"}],"about":[{"href":"https:\/\/insightcrime.org\/es\/wp-json\/wp\/v2\/types\/post"}],"author":[{"embeddable":true,"href":"https:\/\/insightcrime.org\/es\/wp-json\/wp\/v2\/users\/36"}],"replies":[{"embeddable":true,"href":"https:\/\/insightcrime.org\/es\/wp-json\/wp\/v2\/comments?post=8872"}],"version-history":[{"count":1,"href":"https:\/\/insightcrime.org\/es\/wp-json\/wp\/v2\/posts\/8872\/revisions"}],"predecessor-version":[{"id":26642,"href":"https:\/\/insightcrime.org\/es\/wp-json\/wp\/v2\/posts\/8872\/revisions\/26642"}],"wp:featuredmedia":[{"embeddable":true,"href":"https:\/\/insightcrime.org\/es\/wp-json\/wp\/v2\/media\/44493"}],"wp:attachment":[{"href":"https:\/\/insightcrime.org\/es\/wp-json\/wp\/v2\/media?parent=8872"}],"wp:term":[{"taxonomy":"category","embeddable":true,"href":"https:\/\/insightcrime.org\/es\/wp-json\/wp\/v2\/categories?post=8872"},{"taxonomy":"post_tag","embeddable":true,"href":"https:\/\/insightcrime.org\/es\/wp-json\/wp\/v2\/tags?post=8872"},{"taxonomy":"newspack_spnsrs_tax","embeddable":true,"href":"https:\/\/insightcrime.org\/es\/wp-json\/wp\/v2\/newspack_spnsrs_tax?post=8872"},{"taxonomy":"author","embeddable":true,"href":"https:\/\/insightcrime.org\/es\/wp-json\/wp\/v2\/coauthors?post=8872"}],"curies":[{"name":"wp","href":"https:\/\/api.w.org\/{rel}","templated":true}]}}