{"id":8957,"date":"2016-07-01T20:23:54","date_gmt":"2017-03-28T00:17:22","guid":{"rendered":"http:\/\/newwp.insightcrime.org?p=8957"},"modified":"2023-04-24T15:52:46","modified_gmt":"2023-04-24T20:52:46","slug":"autoridades-centroamericanas-disuelven-enorme-red-trafico-ilicito-migrantes","status":"publish","type":"post","link":"https:\/\/insightcrime.org\/es\/noticias\/analisis\/autoridades-centroamericanas-disuelven-enorme-red-trafico-ilicito-migrantes\/","title":{"rendered":"Autoridades de Centroam\u00e9rica disuelven masiva red de tr\u00e1fico de migrantes"},"content":{"rendered":"\n<p class=\"wp-block-paragraph\">Las autoridades en Centroam\u00e9rica desmantelaron una red de tr\u00e1fico de migrantes que se extend\u00eda de Brasil a M\u00e9xico, una extraordinaria operaci\u00f3n policial encubierta que se da en medio de la creciente preocupaci\u00f3n de Estados Unidos por el uso de estas redes por posibles terroristas buscando ingresar ilegalmente a Estados Unidos.&nbsp;<\/p>\n\n\n\n<p class=\"wp-block-paragraph\">Se captur\u00f3 a veintinueve presuntos miembros de la red en El Salvador, Honduras, Costa Rica y Panam\u00e1 en allanamientos coordinados el 28 de junio, como parte de la \u201cOperaci\u00f3n Mesoam\u00e9rica\u201d, <a href=\"https:\/\/www.prensalibre.com\/guatemala\/san-marcos\/desarticulan-banda-internacional-de-trata-de-personas\" target=\"_blank\">inform\u00f3 Prensa Libre<\/a>. Las autoridades guatemaltecas detuvieron al supuesto cabecilla, Luis Leonardo Mej\u00eda Pasapera, alias \u201cLeo\u201d, junto con otros ocho sospechosos. Doce personas fueron detenidas en Panam\u00e1, cinco en Honduras, dos en Costa Rica y una en El Salvador, seg\u00fan el Ministerio P\u00fablico de Guatemala. Uno de los jefes de la red de tr\u00e1fico fue arrestado la semana pasada en Brasil.<\/p>\n\n\n\n<p class=\"wp-block-paragraph\">Muchos de los migrantes, de nacionalidad asi\u00e1tica o africana, buscaban entrar a Estados Unidos. La red de tr\u00e1fico recog\u00eda a los migrantes en Dub\u00e1i, <a href=\"https:\/\/www.wradio.com.co\/noticias\/internacional\/costa-rica-califica-de-exito-operacion-mesoamerica-contra-trata-de-migrantes\/20160628\/nota\/3174206.aspx\" target=\"_blank\">se\u00f1alan los investigadores<\/a>, donde les entregaban documentaci\u00f3n para ingresar a Brasil. Una vez all\u00ed, los migrantes viajaban en avi\u00f3n a Colombia antes de entrar a Panam\u00e1 por tierra. A continuaci\u00f3n la red pasaba ilegalmente a los migrantes por Centroam\u00e9rica, usando rutas por el mar Pac\u00edfico o Atl\u00e1ntico.&nbsp;<\/p>\n\n\n\n<p class=\"wp-block-paragraph\">Cuando los migrantes llegaban a M\u00e9xico, los grupos criminales los usaban como mulas para introducir drogas a Estados Unidos, <a href=\"https:\/\/www.wradio.com.co\/noticias\/internacional\/costa-rica-califica-de-exito-operacion-mesoamerica-contra-trata-de-migrantes\/20160628\/nota\/3174206.aspx\" target=\"_blank\">seg\u00fan declar\u00f3<\/a> el fiscal general de Costa Rica, Jorge Chavarr\u00eda. Prensa Libre inform\u00f3 que la red de tr\u00e1fico cobraba a cada migrante entre US$7.000 y US$25.000 por el viaje.<\/p>\n\n\n\n<p class=\"wp-block-paragraph\">La secretaria general del Ministerio P\u00fablico de Guatemala, Mayra V\u00e9liz, dijo que la red estaba bien organizada y ten\u00eda capacidad para traficar hasta 150 migrantes a la vez.<\/p>\n\n\n\n<p class=\"wp-block-paragraph\">\u201cEs quiz\u00e1 la organizaci\u00f3n m\u00e1s poderosa para tr\u00e1fico de migrantes que opera en la regi\u00f3n\u201d, se\u00f1al\u00f3 Mauricio Boraschi, fiscal contra el crimen organizado en Costa Rica.<\/p>\n\n\n\n<p class=\"wp-block-paragraph\">V\u00e9liz explic\u00f3 que la investigaci\u00f3n a la red de trata comenz\u00f3 en marzo de 2015 por informaci\u00f3n de la Embajada de Estados Unidos en Guatemala. El Servicio de Inmigraci\u00f3n y Control de Aduanas de Estados Unidos (ICE, por sus siglas en ingl\u00e9s) apoy\u00f3 la operaci\u00f3n que condujo al arresto en El Salvador, <a href=\"https:\/\/www.laprensagrafica.com\/2016\/06\/28\/detenido-en-el-salvador-un-miembro-de-una-red-dedicada-a-la-trata-de-personas\" target=\"_blank\">inform\u00f3 La Prensa Gr\u00e1fica.<\/a><\/p>\n\n\n\n<p class=\"wp-block-paragraph\">Las autoridades guatemaltecas afirmaron que a\u00fan hay capturas pendientes de sospechosos de colaborar con la red.<\/p>\n\n\n\n<h3 class=\"wp-block-heading\">An\u00e1lisis de InSight Crime<\/h3>\n\n\n\n<p class=\"wp-block-paragraph\">Hasta ahora, es poco claro qu\u00e9 rol tuvieron las autoridades de Estados Unidos en la coordinaci\u00f3n y ayuda para la Operaci\u00f3n Mesoam\u00e9rica. La \u00fanica informaci\u00f3n que se ha entregado hasta el momento es que la Embajada de Estados Unidos en Guatemala alert\u00f3 a las autoridades locales de la existencia de la red de trata de migrantes a comienzos de 2015, y que el ICE prest\u00f3 apoyo a la operaci\u00f3n en El Salvador. Los repetidos intentos de InSight Crime de comunicarse con la oficina de prensa en la Embajada de Estados Unidos en Guatemala fueron infructuosos.<\/p>\n\n\n\n<p class=\"wp-block-paragraph\">Algunos funcionarios de Estados Unidos cercanos al tema<a href=\"\/news\/briefs\/us-fears-of-terrorist-criminal-nexus-in-latin-america-resurface\" target=\"_blank\"> est\u00e1n preocupados<\/a> por que las redes de trata de migrantes puedan estar ayudando a posibles terroristas a ingresar de manera ilegal a Estados Unidos. Bajo este pretexto, las redes de tr\u00e1fico pasan de ser un problema de migraci\u00f3n ilegal a un asunto de seguridad nacional para las autoridades estadounidenses.<\/p>\n\n\n\n<p class=\"wp-block-paragraph\">Aunque esos temores se desprenden de los hechos del 11 de septiembre de 2001, la atenci\u00f3n sobre el problema puede haberse intensificado ahora por un par de razones. En primer lugar, la gran afluencia de migrantes centroamericanos a Estados Unidos podr\u00eda hacer cada vez m\u00e1s vulnerable la frontera sur de Estados Unidos. Un agente de vigilancia fronteriza de Estados Unidos <a href=\"https:\/\/www.azcentral.com\/story\/news\/politics\/immigration\/2015\/11\/24\/agents-fear-central-american-migrants-spike-makes-border-vulnerable\/76323898\/\" target=\"_blank\">se\u00f1al\u00f3 al Arizona Republic <\/a>en noviembre pasado que hay temores de que los grupos criminales pasen ilegalmente a posibles terroristas por la frontera mientras las autoridades estadounidenses est\u00e1n distra\u00eddas acorralando y deportando a migrantes.<\/p>\n\n\n\n<p class=\"wp-block-paragraph\"><span style=\"color: #800000\"><strong>VEA TAMBI\u00c9N<\/strong><\/span>: <a href=\"\/component\/tags\/tag\/321-trafico-humano\" target=\"_blank\">Cobertura sobre tr\u00e1fico humano<\/a><\/p>\n\n\n\n<p class=\"wp-block-paragraph\">Segundo, los potenciales terroristas probablemente prefieran ingresar a Estados Unidos usando redes de trata que por medios legales. Aunque algunos pol\u00edticos de Estados Unidos <a href=\"https:\/\/edition.cnn.com\/2015\/11\/16\/world\/paris-attacks-syrian-refugees-backlash\/\" target=\"_blank\">se oponen a recibir<\/a> a refugiados sirios por temor a que sean terroristas camuflados como solicitantes de asilo, otros dicen que los terroristas tienen alternativas m\u00e1s r\u00e1pidas y menos riesgosas.<\/p>\n\n\n\n<p class=\"wp-block-paragraph\">\u201cFrancamente, si yo viniera con la clara intenci\u00f3n de causar da\u00f1o a este pa\u00eds, no creo que eligiera la ruta de ingreso buscando el estatus de refugiado o que lo solicitara desde el exterior\u201d, coment\u00f3 la Comisionada de Protecci\u00f3n de Fronteras y Aduanas de Estados&nbsp; Unidos Gil Kerlikowske al Arizona Republic.<\/p>\n\n\n\n<p class=\"wp-block-paragraph\">Finalmente, esas preocupaciones pueden haberse alimentado de <a href=\"\/...\/documentos-policiales-vinculos-hezbola-pcc-brasil\" target=\"_blank\">informes sobre nexos<\/a> entre grupos terroristas de Medio Oriente y el crimen organizado en Latinoam\u00e9rica. A lo largo de los a\u00f1os se han presentado<a href=\"\/news\/briefs\/us-alleges-zetas-hezbollah-funding-link\" target=\"_blank\"> alertas peri\u00f3dicas<\/a> sobre la mayor i<a href=\"\/news\/analysis\/hezbollah-in-latin-america-an-over-hyped-threat\" target=\"_blank\">nfluencia de Hezbollah<\/a> en la regi\u00f3n, y la amenaza que esto supone para Estados Unidos.<\/p>\n\n\n\n<p class=\"wp-block-paragraph\">Estos temores, sin embargo, podr\u00edan ser un tanto exagerados. Casi quince a\u00f1os despu\u00e9s del 11 de septiembre, no hay se\u00f1ales de ingreso ilegal de terroristas a trav\u00e9s de Latinoam\u00e9rica. Y la evidencia de un nexo predominante del crimen organizado y los terroristas en la regi\u00f3n<a href=\"\/...\/terrorismo-y-criminalidad-en-las-americas-es-un-%20negocio\" target=\"_blank\"> sigue siendo raro<\/a>.<\/p>\n","protected":false},"excerpt":{"rendered":"<p>Las autoridades en Centroam\u00e9rica desmantelaron una red de tr\u00e1fico de migrantes que se extend\u00eda de Brasil a M\u00e9xico, una extraordinaria operaci\u00f3n policial encubierta que se da en medio de la creciente preocupaci\u00f3n de Estados Unidos por el uso de estas redes por posibles terroristas buscando ingresar ilegalmente a Estados Unidos.&nbsp;<\/p>\n","protected":false},"author":36,"featured_media":44653,"comment_status":"closed","ping_status":"closed","sticky":false,"template":"","format":"standard","meta":{"newspack_ads_suppress_ads":false,"newspack_popups_has_disabled_popups":false,"newspack_sponsor_sponsorship_scope":"","newspack_sponsor_native_byline_display":"inherit","newspack_sponsor_native_category_display":"inherit","newspack_sponsor_underwriter_style":"inherit","newspack_sponsor_underwriter_placement":"inherit","_EventAllDay":false,"_EventTimezone":"","_EventStartDate":"","_EventEndDate":"","_EventStartDateUTC":"","_EventEndDateUTC":"","_EventShowMap":false,"_EventShowMapLink":false,"_EventURL":"","_EventCost":"","_EventCostDescription":"","_EventCurrencySymbol":"","_EventCurrencyCode":"","_EventCurrencyPosition":"","_EventDateTimeSeparator":"","_EventTimeRangeSeparator":"","_EventOrganizerID":[],"_EventVenueID":[],"_OrganizerEmail":"","_OrganizerPhone":"","_OrganizerWebsite":"","_VenueAddress":"","_VenueCity":"","_VenueCountry":"","_VenueProvince":"","_VenueState":"","_VenueZip":"","_VenuePhone":"","_VenueURL":"","_VenueStateProvince":"","_VenueLat":"","_VenueLng":"","_VenueShowMap":false,"_VenueShowMapLink":false,"_newspack_byline_active":false,"_newspack_byline":"","newspack_hide_updated_date":false,"newspack_show_updated_date":false,"newspack_featured_image_position":"","newspack_post_subtitle":"","newspack_article_summary_title":"Overview:","newspack_article_summary":"","_jetpack_memberships_contains_paid_content":false,"footnotes":""},"categories":[340],"tags":[374,463,433],"newspack_spnsrs_tax":[],"coauthors":[3924],"class_list":["post-8957","post","type-post","status-publish","format-standard","has-post-thumbnail","hentry","category-analisis","tag-guatemala-pais","tag-panama-pais","tag-trafico-humano","entry"],"parsely":{"version":"1.1.0","canonical_url":"https:\/\/insightcrime.org\/es\/noticias\/analisis\/autoridades-centroamericanas-disuelven-enorme-red-trafico-ilicito-migrantes\/","smart_links":{"inbound":0,"outbound":0},"traffic_boost_suggestions_count":0,"meta":{"@context":"https:\/\/schema.org","@type":"NewsArticle","headline":"Autoridades de Centroam\u00e9rica disuelven masiva red de tr\u00e1fico de migrantes","url":"http:\/\/insightcrime.org\/es\/noticias\/analisis\/autoridades-centroamericanas-disuelven-enorme-red-trafico-ilicito-migrantes\/","mainEntityOfPage":{"@type":"WebPage","@id":"http:\/\/insightcrime.org\/es\/noticias\/analisis\/autoridades-centroamericanas-disuelven-enorme-red-trafico-ilicito-migrantes\/"},"thumbnailUrl":"https:\/\/i0.wp.com\/insightcrime.org\/wp-content\/uploads\/2016\/07\/es-16-06-29-CentAm-Migrants-Smuggling.jpg?resize=150%2C150&quality=100&ssl=1","image":{"@type":"ImageObject","url":"https:\/\/i0.wp.com\/insightcrime.org\/wp-content\/uploads\/2016\/07\/es-16-06-29-CentAm-Migrants-Smuggling.jpg?fit=350%2C234&quality=100&ssl=1"},"articleSection":"An\u00e1lisis","author":[{"@type":"Person","name":"David Gagne"}],"creator":["David Gagne"],"publisher":{"@type":"Organization","name":"InSight Crime","logo":"https:\/\/insightcrime.org\/wp-content\/uploads\/2023\/08\/logo.png"},"keywords":["guatemala","panam\u00e1","tr\u00e1fico de personas"],"dateCreated":"2017-03-28T00:17:22Z","datePublished":"2017-03-28T00:17:22Z","dateModified":"2023-04-24T20:52:46Z"},"rendered":"<meta name=\"parsely-title\" content=\"Autoridades de Centroam\u00e9rica disuelven masiva red de tr\u00e1fico de migrantes\" \/>\n<meta name=\"parsely-link\" content=\"http:\/\/insightcrime.org\/es\/noticias\/analisis\/autoridades-centroamericanas-disuelven-enorme-red-trafico-ilicito-migrantes\/\" \/>\n<meta name=\"parsely-type\" content=\"post\" \/>\n<meta name=\"parsely-image-url\" content=\"https:\/\/i0.wp.com\/insightcrime.org\/wp-content\/uploads\/2016\/07\/es-16-06-29-CentAm-Migrants-Smuggling.jpg?resize=150%2C150&amp;quality=100&amp;ssl=1\" \/>\n<meta name=\"parsely-pub-date\" content=\"2017-03-28T00:17:22Z\" \/>\n<meta name=\"parsely-section\" content=\"An\u00e1lisis\" \/>\n<meta name=\"parsely-tags\" content=\"guatemala,panam\u00e1,tr\u00e1fico de personas\" \/>\n<meta name=\"parsely-author\" content=\"David Gagne\" \/>","tracker_url":"https:\/\/cdn.parsely.com\/keys\/insightcrime.org\/p.js"},"jetpack_sharing_enabled":true,"jetpack-related-posts":[{"id":129198,"url":"https:\/\/insightcrime.org\/es\/noticias\/trafico-de-personas-prolifera-entre-costa-rica-y-nicaragua\/","url_meta":{"origin":8957,"position":0},"title":"Tr\u00e1fico de personas prolifera entre Costa Rica y Nicaragua","author":"Katie Jones","date":"15 de enero de 2021","format":false,"excerpt":"Varias interceptaciones recientes asociadas al tr\u00e1fico de migrantes en la frontera entre Nicaragua y Costa Rica ilustran en qu\u00e9 medida grupos clandestinos e individuos siguen operando entre ambos pa\u00edses a pesar de las restricciones a la movilidad por la pandemia de coronavirus.","rel":"","context":"En \u00abNoticias\u00bb","block_context":{"text":"Noticias","link":"https:\/\/insightcrime.org\/es\/category\/noticias\/"},"img":{"alt_text":"","src":"https:\/\/i0.wp.com\/insightcrime.org\/wp-content\/uploads\/2021\/01\/Costa-Rica-Nicaragua.jpg?fit=350%2C250&quality=100&ssl=1&resize=350%2C200","width":350,"height":200},"classes":[]},{"id":207083,"url":"https:\/\/insightcrime.org\/es\/noticias\/traficantes-personas-lanzan-mar-pacifico-mexico\/","url_meta":{"origin":8957,"position":1},"title":"Traficantes de personas se lanzan a las olas a lo largo de la costa Pac\u00edfica de M\u00e9xico","author":"Peter Appleby","date":"20 de diciembre de 2022","format":false,"excerpt":"Un incremento de la migraci\u00f3n por mar a lo largo de la costa de M\u00e9xico sobre el Pac\u00edfico evidencia la adaptabilidad de las redes de tr\u00e1fico de personas en el pa\u00eds y su desinter\u00e9s por las personas que transportan.","rel":"","context":"En \u00abNoticias\u00bb","block_context":{"text":"Noticias","link":"https:\/\/insightcrime.org\/es\/category\/noticias\/"},"img":{"alt_text":"Autoridades rescatan a migrantes que viajaban en lancha volcada","src":"https:\/\/i0.wp.com\/insightcrime.org\/wp-content\/uploads\/2022\/12\/mexico-oaxaca-migrants-1.jpeg?fit=350%2C250&quality=100&ssl=1&resize=350%2C200","width":350,"height":200},"classes":[]},{"id":84822,"url":"https:\/\/insightcrime.org\/es\/noticias-crimen-organizado-costa-rica\/perfil-de-costa-rica\/","url_meta":{"origin":8957,"position":2},"title":"Perfil de Costa Rica","author":"InSight Crime","date":"12 de mayo de 2026","format":false,"excerpt":"Costa Rica ha sido considerada tradicionalmente como un refugio de seguridad en Centroam\u00e9rica, una regi\u00f3n asolada por la violencia. Sin embargo, en a\u00f1os recientes el pa\u00eds ha experimentado niveles r\u00e9cord de violencia, que seg\u00fan las autoridades se debe a su creciente papel como punto de transbordo de drogas. Los grupos\u2026","rel":"","context":"En \u00abCosta Rica\u00bb","block_context":{"text":"Costa Rica","link":"https:\/\/insightcrime.org\/es\/category\/noticias-crimen-organizado-costa-rica\/"},"img":{"alt_text":"","src":"https:\/\/i0.wp.com\/insightcrime.org\/wp-content\/uploads\/2026\/05\/Cover-Costa-Rica.jpg?fit=1200%2C900&quality=100&ssl=1&resize=350%2C200","width":350,"height":200,"srcset":"https:\/\/i0.wp.com\/insightcrime.org\/wp-content\/uploads\/2026\/05\/Cover-Costa-Rica.jpg?fit=1200%2C900&quality=100&ssl=1&resize=350%2C200 1x, https:\/\/i0.wp.com\/insightcrime.org\/wp-content\/uploads\/2026\/05\/Cover-Costa-Rica.jpg?fit=1200%2C900&quality=100&ssl=1&resize=525%2C300 1.5x, https:\/\/i0.wp.com\/insightcrime.org\/wp-content\/uploads\/2026\/05\/Cover-Costa-Rica.jpg?fit=1200%2C900&quality=100&ssl=1&resize=700%2C400 2x, https:\/\/i0.wp.com\/insightcrime.org\/wp-content\/uploads\/2026\/05\/Cover-Costa-Rica.jpg?fit=1200%2C900&quality=100&ssl=1&resize=1050%2C600 3x"},"classes":[]},{"id":128133,"url":"https:\/\/insightcrime.org\/es\/noticias\/resurgimiento-autopista-cocaina-centroamerica\/","url_meta":{"origin":8957,"position":3},"title":"GameChangers 2020: El resurgimiento de la autopista de la coca\u00edna en Centroam\u00e9rica","author":"H\u00e9ctor Silva \u00c1valos","date":"28 de diciembre de 2020","format":false,"excerpt":"Una oleada de narcoaviones procedentes de Suram\u00e9rica, sumado al trasiego de grandes cargamentos de coca\u00edna por parte de los narcotraficantes luego del levantamiento de las restricciones fronterizas por cuenta del coronavirus, provocaron un aumento del tr\u00e1nsito de narc\u00f3ticos por Centroam\u00e9rica este a\u00f1o, incluso a lo largo de rutas terrestres que\u2026","rel":"","context":"En \u00abNoticias\u00bb","block_context":{"text":"Noticias","link":"https:\/\/insightcrime.org\/es\/category\/noticias\/"},"img":{"alt_text":"","src":"https:\/\/i0.wp.com\/insightcrime.org\/wp-content\/uploads\/2020\/12\/4.-Honduras_Authorities-burn-seized-cocaine_Anti-drug-operations_AP_19067062011468_2019_Gamechangers.jpg?fit=1200%2C450&quality=100&ssl=1&resize=350%2C200","width":350,"height":200,"srcset":"https:\/\/i0.wp.com\/insightcrime.org\/wp-content\/uploads\/2020\/12\/4.-Honduras_Authorities-burn-seized-cocaine_Anti-drug-operations_AP_19067062011468_2019_Gamechangers.jpg?fit=1200%2C450&quality=100&ssl=1&resize=350%2C200 1x, https:\/\/i0.wp.com\/insightcrime.org\/wp-content\/uploads\/2020\/12\/4.-Honduras_Authorities-burn-seized-cocaine_Anti-drug-operations_AP_19067062011468_2019_Gamechangers.jpg?fit=1200%2C450&quality=100&ssl=1&resize=525%2C300 1.5x, https:\/\/i0.wp.com\/insightcrime.org\/wp-content\/uploads\/2020\/12\/4.-Honduras_Authorities-burn-seized-cocaine_Anti-drug-operations_AP_19067062011468_2019_Gamechangers.jpg?fit=1200%2C450&quality=100&ssl=1&resize=700%2C400 2x, https:\/\/i0.wp.com\/insightcrime.org\/wp-content\/uploads\/2020\/12\/4.-Honduras_Authorities-burn-seized-cocaine_Anti-drug-operations_AP_19067062011468_2019_Gamechangers.jpg?fit=1200%2C450&quality=100&ssl=1&resize=1050%2C600 3x"},"classes":[]},{"id":324332,"url":"https:\/\/insightcrime.org\/es\/noticias\/que-hay-detras-gestacion-primer-cartel-costa-rica\/","url_meta":{"origin":8957,"position":4},"title":"\u00bfQu\u00e9 hay detr\u00e1s de la gestaci\u00f3n del primer cartel de Costa Rica?","author":"Deborah Bonello","date":"21 de noviembre de 2025","format":false,"excerpt":"Las autoridades de Costa Rica encendieron las alarmas al designar al llamado Cartel del Caribe Sur como la primera organizaci\u00f3n criminal transnacional del pa\u00eds. La categorizaci\u00f3n llega en medio del aumento de la violencia y los esc\u00e1ndalos de corrupci\u00f3n.","rel":"","context":"En \u00abNoticias\u00bb","block_context":{"text":"Noticias","link":"https:\/\/insightcrime.org\/es\/category\/noticias\/"},"img":{"alt_text":"","src":"https:\/\/i0.wp.com\/insightcrime.org\/wp-content\/uploads\/2025\/11\/2025-11-20-Costa-Rica-Cartel.jpeg?fit=350%2C250&quality=100&ssl=1&resize=350%2C200","width":350,"height":200},"classes":[]},{"id":168248,"url":"https:\/\/insightcrime.org\/es\/noticias\/red-trafico-migrantes-desarticulada-colombia-rutas\/","url_meta":{"origin":8957,"position":5},"title":"Red de tr\u00e1fico de migrantes desarticulada en Colombia revela rutas y escondites","author":"Gabrielle Gorder","date":"28 de septiembre de 2021","format":false,"excerpt":"La reciente desarticulaci\u00f3n de una red de tr\u00e1fico de migrantes revela las rutas, redes de corrupci\u00f3n y el modus operandi de una organizaci\u00f3n que condujo a miles de migrantes a trav\u00e9s de Colombia.","rel":"","context":"En \u00abNoticias\u00bb","block_context":{"text":"Noticias","link":"https:\/\/insightcrime.org\/es\/category\/noticias\/"},"img":{"alt_text":"Migrants-Smuggling-Haitian-Colombia-Panama","src":"https:\/\/i0.wp.com\/insightcrime.org\/wp-content\/uploads\/2021\/09\/Migrants-Smuggling-Necocli-Colombia.jpg?fit=350%2C250&quality=100&ssl=1&resize=350%2C200","width":350,"height":200},"classes":[]}],"jetpack_featured_media_url":"https:\/\/i0.wp.com\/insightcrime.org\/wp-content\/uploads\/2016\/07\/es-16-06-29-CentAm-Migrants-Smuggling.jpg?fit=350%2C234&quality=100&ssl=1","_links":{"self":[{"href":"https:\/\/insightcrime.org\/es\/wp-json\/wp\/v2\/posts\/8957","targetHints":{"allow":["GET"]}}],"collection":[{"href":"https:\/\/insightcrime.org\/es\/wp-json\/wp\/v2\/posts"}],"about":[{"href":"https:\/\/insightcrime.org\/es\/wp-json\/wp\/v2\/types\/post"}],"author":[{"embeddable":true,"href":"https:\/\/insightcrime.org\/es\/wp-json\/wp\/v2\/users\/36"}],"replies":[{"embeddable":true,"href":"https:\/\/insightcrime.org\/es\/wp-json\/wp\/v2\/comments?post=8957"}],"version-history":[{"count":1,"href":"https:\/\/insightcrime.org\/es\/wp-json\/wp\/v2\/posts\/8957\/revisions"}],"predecessor-version":[{"id":26802,"href":"https:\/\/insightcrime.org\/es\/wp-json\/wp\/v2\/posts\/8957\/revisions\/26802"}],"wp:featuredmedia":[{"embeddable":true,"href":"https:\/\/insightcrime.org\/es\/wp-json\/wp\/v2\/media\/44653"}],"wp:attachment":[{"href":"https:\/\/insightcrime.org\/es\/wp-json\/wp\/v2\/media?parent=8957"}],"wp:term":[{"taxonomy":"category","embeddable":true,"href":"https:\/\/insightcrime.org\/es\/wp-json\/wp\/v2\/categories?post=8957"},{"taxonomy":"post_tag","embeddable":true,"href":"https:\/\/insightcrime.org\/es\/wp-json\/wp\/v2\/tags?post=8957"},{"taxonomy":"newspack_spnsrs_tax","embeddable":true,"href":"https:\/\/insightcrime.org\/es\/wp-json\/wp\/v2\/newspack_spnsrs_tax?post=8957"},{"taxonomy":"author","embeddable":true,"href":"https:\/\/insightcrime.org\/es\/wp-json\/wp\/v2\/coauthors?post=8957"}],"curies":[{"name":"wp","href":"https:\/\/api.w.org\/{rel}","templated":true}]}}