{"id":8994,"date":"2016-07-13T21:00:44","date_gmt":"2017-03-28T00:17:40","guid":{"rendered":"http:\/\/newwp.insightcrime.org?p=8994"},"modified":"2023-04-24T15:53:03","modified_gmt":"2023-04-24T20:53:03","slug":"ultimo-arresto-guerrero-mexico-augura-pocos-cambios-inseguridad","status":"publish","type":"post","link":"https:\/\/insightcrime.org\/es\/noticias\/noticias-del-dia\/ultimo-arresto-guerrero-mexico-augura-pocos-cambios-inseguridad\/","title":{"rendered":"\u00daltimo arresto en Guerrero, M\u00e9xico augura pocos cambios en la inseguridad"},"content":{"rendered":"\n<p class=\"wp-block-paragraph\">La captura de un presunto jefe local de los Caballeros Templarios en la costa de Guerrero promete hacer bajar la inseguridad en uno de los estados m\u00e1s violentos de M\u00e9xico, dicen las autoridades. Pero se necesitar\u00e1 m\u00e1s que eso para bajar la alt\u00edsima tasa de homicidios en la regi\u00f3n que m\u00e1s hero\u00edna produce en el pa\u00eds.<\/p>\n\n\n\n<p class=\"wp-block-paragraph\">Alberto o Edilberto Bravo Barrag\u00e1n, alias \u201cEl Gavil\u00e1n\u201d, fue capturado en una operaci\u00f3n conjunta entre la Polic\u00eda Federal y el ej\u00e9rcito mexicano en Zihuatanejo el 11 de julio, sin disparar un tiro, <a href=\"https:\/\/www.cns.gob.mx\/portalWebApp\/appmanager\/portal\/desk?_nfpb=true&amp;_windowLabel=portlet_1_1&amp;portlet_1_1_actionOverride=\/boletines\/DetalleBoletin&amp;portlet_1_1id=1416059\" target=\"_blank\">seg\u00fan un comunicado del gobierno<\/a>.<\/p>\n\n\n\n<p class=\"wp-block-paragraph\">La cobertura de la prensa mexicana sobre la captura de Bravo lo llama <a href=\"https:\/\/www.eluniversal.com.mx\/articulo\/estados\/2016\/07\/12\/cae-presunto-lider-de-caballeros-templarios\" target=\"_blank\">jefe de la organizaci\u00f3n criminal <\/a>Caballeros Templarios en Guerrero, que limita con el estado de Michoac\u00e1n, donde se originaron los Templarios como grupo disidente de la alguna vez poderosa Familia Michoacana.<\/p>\n\n\n\n<p class=\"wp-block-paragraph\">Las autoridades acusan a Bravo de supervisar la producci\u00f3n de drogas sint\u00e9ticas para exportaci\u00f3n a Estados Unidos, posiblemente&nbsp;<a href=\"\/noticias\/noticias-del-dia\/produccion-metanfetamina-estados-unidos-disminuye-crece-importacion-mexico\" target=\"_blank\">metanfetaminas<\/a>.<\/p>\n\n\n\n<p class=\"wp-block-paragraph\">Una fuente cercana a InSight Crime se\u00f1al\u00f3 que luego de la detenci\u00f3n de Bravo, hubo un cruce de disparos en Zihuatanejo \u2014se\u00f1al de una posible realineaci\u00f3n del poder luego de la baja del jefe de la plaza local.<\/p>\n\n\n\n<p class=\"wp-block-paragraph\">\u201cLuego de esta captura, esperamos que la criminalidad y las presiones que afectan a las personas aqu\u00ed en la costa mejorar\u00e1n, <a href=\"https:\/\/www.elfinanciero.com.mx\/nacional\/detienen-a-el-gavilan-lider-de-los-templarios-en-guerrero.html\" target=\"_blank\">que la seguridad mejorar\u00e1<\/a>\u201c, dijo el gobernador de Guerrero H\u00e9ctor Astudillo Flores en una conferencia de prensa luego de la captura de Bravo.<\/p>\n\n\n\n<p class=\"wp-block-paragraph\">Las autoridades tambi\u00e9n citaron la captura a comienzos de este a\u00f1o de <a href=\"https:\/\/suracapulco.mx\/4\/capturan-en-los-cabos-a-fredy-del-valle-berdel-el-burro-quien-fue-jefe-de-sicarios-del-cida\/\" target=\"_blank\">Fredy del Valle Berdel<\/a>, presunto exl\u00edder del ala de sicarios del Cartel Independiente de Acapulco (<a href=\"\/noticias\/noticias-del-dia\/lider-banda-criminal-capturado-ciudad-mas-violenta-mexico\" target=\"_blank\">CIDA<\/a>), y de <a href=\"https:\/\/sipse.com\/mexico\/detencion-david-canek-palma-analco-presunto-jefe-plaza-beltran-leyva-acapulco-208312.html\" target=\"_blank\">David Canek Palma Analco<\/a>, cabecilla de la Organizaci\u00f3n Beltr\u00e1n Leyva (OBL) en la ciudad de Acapulco, como otros arrestos claves que contribuir\u00e1n a mejorar la situaci\u00f3n de seguridad en Guerrero.<\/p>\n\n\n\n<h3 class=\"wp-block-heading\">An\u00e1lisis de InSight Crime<\/h3>\n\n\n\n<p class=\"wp-block-paragraph\">La afirmaci\u00f3n de las autoridades de Guerrero sobre la mella que har\u00e1 la captura de algunas personas en la tasa de muertes es falaz. Se estima que tan solo en el estado de Guerrero <a href=\"https:\/\/www.milenio.com\/policia\/disputan-Guerrero-bandas-criminales-violencia-celulas-organizaciones-delictivas_0_669533061.html\" target=\"_blank\">operan unas 50 pandillas criminales<\/a>, seg\u00fan el fiscal del estado.<\/p>\n\n\n\n<p class=\"wp-block-paragraph\">En los \u00faltimos a\u00f1os, la violencia y la inseguridad en Guerrero han ido en una espiral ascendente que se sali\u00f3 de control, y el estado alberga una de las ciudades m\u00e1s violentas del mundo: Acapulco. Entre enero y mayo de 2016, hubo 857 homicidios en Guerrero; en todo el territorio nacional, la cifra fue de 7.743, <a href=\"https:\/\/secretariadoejecutivo.gob.mx\/docs\/pdfs\/estadisticas%20del%20fuero%20comun\/Cieisp2016_052016.pdf\" target=\"_blank\">seg\u00fan cifras del gobierno<\/a>. La violencia en todo M\u00e9xico ha ido en alza en lo corrido del a\u00f1o, repitiendo niveles in\u00e9ditos desde el inicio del periodo del presidente Enrique Pe\u00f1a Nieto, a finales de 2012.<\/p>\n\n\n\n<p class=\"wp-block-paragraph\"><span style=\"color: #800000\"><strong>VEA TAMBI\u00c9N:<\/strong><\/span> <a href=\"\/noticias-sobre-crimen-organizado-en-mexico\" target=\"_blank\">Noticias y perfiles de M\u00e9xico<\/a><\/p>\n\n\n\n<p class=\"wp-block-paragraph\">El <a href=\"\/noticias\/analisis\/desaparecidos-iguala-mexico-crimen-anunciado\" target=\"_blank\">secuestro masivo de 43 estudiantes<\/a> de una escuela normalista rural hace casi dos a\u00f1os mostr\u00f3 la anarqu\u00eda reinante en Guerrero y la colusi\u00f3n de las autoridades locales con los grupos criminales, y llam\u00f3 la atenci\u00f3n sobre el n\u00famero de desaparecidos en el estado. Aunque ha habido arrestos por docenas desde dicho episodio, a\u00fan no se ha juzgado a nadie.<\/p>\n\n\n\n<p class=\"wp-block-paragraph\">La violencia en Guerrero refleja, en parte, la atomizaci\u00f3n de las monol\u00edticas organizaciones criminales de la vieja escuela en M\u00e9xico, que ha dado origen a grupos m\u00e1s peque\u00f1os. Grupos como los Guerreros Unidos \u2014c\u00e9lula disidente de la OBL\u2014 dependen m\u00e1s de otras fuentes de ingresos criminales, como el secuestro, la extorsi\u00f3n y el microtr\u00e1fico local.<\/p>\n\n\n\n<p class=\"wp-block-paragraph\">Fuentes con las que habl\u00f3 InSight Crime indican que hay diminutas c\u00e9lulas criminales de 10 personas o menos que operan en Guerrero y no tienen nada que ver con el narcotr\u00e1fico, sino que se centran en el secuestro y la extorsi\u00f3n, pues la delincuencia en general se dispara.<\/p>\n\n\n\n<p class=\"wp-block-paragraph\">Pero las redes criminales tambi\u00e9n luchan por el enorme negocio de la amapola, estimulado por el creciente apetito de hero\u00edna en Estados Unidos, resultado de los adictos que <a href=\"\/noticias\/analisis\/narcotraficantes-mexicanos-bajo-perfil-se-toman-protagonismo-dreamland\" target=\"_blank\">cambian los analg\u00e9sicos recetados por la hero\u00edna callejera, que resulta m\u00e1s econ\u00f3mica<\/a>. Guerrero es el<a href=\"\/noticias\/noticias-del-dia\/informe-documenta-rol-guerrero-como-capital-amapola-mexico\" target=\"_blank\"> epicentro<\/a> de la producci\u00f3n de amapola en M\u00e9xico, y la oferta mexicana ahora domina la hero\u00edna de venta callejera en Estados Unidos. El estado rural tambi\u00e9n tiene pr\u00f3speras industrias de marihuana y metanfetaminas.<\/p>\n\n\n\n<p class=\"wp-block-paragraph\">La inseguridad en el estado ha alcanzado tales niveles que el gobernador Astudillo <a href=\"https:\/\/www.elfinanciero.com.mx\/nacional\/legalizar-siembra-de-amapola-es-mi-opinion-hector-astudillo.html\" target=\"_blank\">ha insinuado que se legalice la industria de la amapola<\/a> en un intento de reducir la violencia. Decir que los arrestos de capos individuales de la droga ayudar\u00e1n a reducir la violencia es ignorar la pobreza y el clima de anarqu\u00eda que se extiende a muchas partes del estado; mayores problemas que no pueden resolverse sin programas sociales de gran alcance e iniciativas serias contra la corrupci\u00f3n.&nbsp;<\/p>\n","protected":false},"excerpt":{"rendered":"<p>La captura de un presunto jefe local de los Caballeros Templarios en la costa de Guerrero promete hacer bajar la inseguridad en uno de los estados m\u00e1s violentos de M\u00e9xico, dicen las autoridades. Pero se necesitar\u00e1 m\u00e1s que eso para bajar la alt\u00edsima tasa de homicidios en la regi\u00f3n que m\u00e1s hero\u00edna produce en el pa\u00eds.<\/p>\n","protected":false},"author":75,"featured_media":44737,"comment_status":"closed","ping_status":"closed","sticky":false,"template":"","format":"standard","meta":{"newspack_ads_suppress_ads":false,"newspack_popups_has_disabled_popups":false,"newspack_sponsor_sponsorship_scope":"","newspack_sponsor_native_byline_display":"inherit","newspack_sponsor_native_category_display":"inherit","newspack_sponsor_underwriter_style":"inherit","newspack_sponsor_underwriter_placement":"inherit","_EventAllDay":false,"_EventTimezone":"","_EventStartDate":"","_EventEndDate":"","_EventStartDateUTC":"","_EventEndDateUTC":"","_EventShowMap":false,"_EventShowMapLink":false,"_EventURL":"","_EventCost":"","_EventCostDescription":"","_EventCurrencySymbol":"","_EventCurrencyCode":"","_EventCurrencyPosition":"","_EventDateTimeSeparator":"","_EventTimeRangeSeparator":"","_EventOrganizerID":[],"_EventVenueID":[],"_OrganizerEmail":"","_OrganizerPhone":"","_OrganizerWebsite":"","_VenueAddress":"","_VenueCity":"","_VenueCountry":"","_VenueProvince":"","_VenueState":"","_VenueZip":"","_VenuePhone":"","_VenueURL":"","_VenueStateProvince":"","_VenueLat":"","_VenueLng":"","_VenueShowMap":false,"_VenueShowMapLink":false,"_newspack_byline_active":false,"_newspack_byline":"","newspack_hide_updated_date":false,"newspack_show_updated_date":false,"newspack_featured_image_position":"","newspack_post_subtitle":"","newspack_article_summary_title":"Overview:","newspack_article_summary":"","_jetpack_memberships_contains_paid_content":false,"footnotes":""},"categories":[334],"tags":[451,464,452,406],"newspack_spnsrs_tax":[],"coauthors":[4034],"class_list":["post-8994","post","type-post","status-publish","format-standard","has-post-thumbnail","hentry","category-noticias-del-dia","tag-los-guerreros-unidos","tag-heroina","tag-homicidios","tag-mexico-pais","entry"],"parsely":{"version":"1.1.0","canonical_url":"https:\/\/insightcrime.org\/es\/noticias\/noticias-del-dia\/ultimo-arresto-guerrero-mexico-augura-pocos-cambios-inseguridad\/","smart_links":{"inbound":0,"outbound":0},"traffic_boost_suggestions_count":0,"meta":{"@context":"https:\/\/schema.org","@type":"NewsArticle","headline":"\u00daltimo arresto en Guerrero, M\u00e9xico augura pocos cambios en la inseguridad","url":"http:\/\/insightcrime.org\/es\/noticias\/noticias-del-dia\/ultimo-arresto-guerrero-mexico-augura-pocos-cambios-inseguridad\/","mainEntityOfPage":{"@type":"WebPage","@id":"http:\/\/insightcrime.org\/es\/noticias\/noticias-del-dia\/ultimo-arresto-guerrero-mexico-augura-pocos-cambios-inseguridad\/"},"thumbnailUrl":"https:\/\/i0.wp.com\/insightcrime.org\/wp-content\/uploads\/2016\/07\/es-2016-12-07Astudillo.jpg?resize=150%2C150&quality=100&ssl=1","image":{"@type":"ImageObject","url":"https:\/\/i0.wp.com\/insightcrime.org\/wp-content\/uploads\/2016\/07\/es-2016-12-07Astudillo.jpg?fit=250%2C167&quality=100&ssl=1"},"articleSection":"Noticias del d\u00eda","author":[{"@type":"Person","name":"Deborah Bonello"}],"creator":["Deborah Bonello"],"publisher":{"@type":"Organization","name":"InSight Crime","logo":"https:\/\/insightcrime.org\/wp-content\/uploads\/2023\/08\/logo.png"},"keywords":["guerreros unidos","hero\u00edna","homicidios","m\u00e9xico"],"dateCreated":"2017-03-28T00:17:40Z","datePublished":"2017-03-28T00:17:40Z","dateModified":"2023-04-24T20:53:03Z"},"rendered":"<meta name=\"parsely-title\" content=\"\u00daltimo arresto en Guerrero, M\u00e9xico augura pocos cambios en la inseguridad\" \/>\n<meta name=\"parsely-link\" content=\"http:\/\/insightcrime.org\/es\/noticias\/noticias-del-dia\/ultimo-arresto-guerrero-mexico-augura-pocos-cambios-inseguridad\/\" \/>\n<meta name=\"parsely-type\" content=\"post\" \/>\n<meta name=\"parsely-image-url\" content=\"https:\/\/i0.wp.com\/insightcrime.org\/wp-content\/uploads\/2016\/07\/es-2016-12-07Astudillo.jpg?resize=150%2C150&amp;quality=100&amp;ssl=1\" \/>\n<meta name=\"parsely-pub-date\" content=\"2017-03-28T00:17:40Z\" \/>\n<meta name=\"parsely-section\" content=\"Noticias del d\u00eda\" \/>\n<meta name=\"parsely-tags\" content=\"guerreros unidos,hero\u00edna,homicidios,m\u00e9xico\" \/>\n<meta name=\"parsely-author\" content=\"Deborah Bonello\" \/>","tracker_url":"https:\/\/cdn.parsely.com\/keys\/insightcrime.org\/p.js"},"jetpack_sharing_enabled":true,"jetpack-related-posts":[{"id":349405,"url":"https:\/\/insightcrime.org\/es\/noticias\/jefe-regional-del-cjng-tio-lako-vuelve-a-evadir-captura\/","url_meta":{"origin":8994,"position":0},"title":"T\u00edo Lako, jefe regional del CJNG, vuelve a evadir su captura","author":"Deborah Bonello","date":"20 de agosto de 2026","format":false,"excerpt":"Heraclio Guerrero Mart\u00ednez, alias \u201cT\u00edo Lako\u201d, contin\u00faa siendo una figura clave del CJNG tras escapar esta semana de un operativo militar en Michoac\u00e1n, M\u00e9xico. Su caso muestra c\u00f3mo los jefes regionales mantienen un amplio margen de poder dentro de una organizaci\u00f3n cada vez m\u00e1s fragmentada.","rel":"","context":"En \u00abNoticias\u00bb","block_context":{"text":"Noticias","link":"https:\/\/insightcrime.org\/es\/category\/noticias\/"},"img":{"alt_text":"","src":"https:\/\/i0.wp.com\/insightcrime.org\/wp-content\/uploads\/2026\/08\/Impact-Tio-Lako-CJNG-InSightCrime.jpg?fit=1200%2C675&quality=100&ssl=1&resize=350%2C200","width":350,"height":200,"srcset":"https:\/\/i0.wp.com\/insightcrime.org\/wp-content\/uploads\/2026\/08\/Impact-Tio-Lako-CJNG-InSightCrime.jpg?fit=1200%2C675&quality=100&ssl=1&resize=350%2C200 1x, https:\/\/i0.wp.com\/insightcrime.org\/wp-content\/uploads\/2026\/08\/Impact-Tio-Lako-CJNG-InSightCrime.jpg?fit=1200%2C675&quality=100&ssl=1&resize=525%2C300 1.5x, https:\/\/i0.wp.com\/insightcrime.org\/wp-content\/uploads\/2026\/08\/Impact-Tio-Lako-CJNG-InSightCrime.jpg?fit=1200%2C675&quality=100&ssl=1&resize=700%2C400 2x, https:\/\/i0.wp.com\/insightcrime.org\/wp-content\/uploads\/2026\/08\/Impact-Tio-Lako-CJNG-InSightCrime.jpg?fit=1200%2C675&quality=100&ssl=1&resize=1050%2C600 3x"},"classes":[]},{"id":140108,"url":"https:\/\/insightcrime.org\/es\/noticias\/arresto-guatemala-imputacion-eeuu-ataque-mexico\/","url_meta":{"origin":8994,"position":1},"title":"Arresto en Guatemala, imputaci\u00f3n en EE.UU. y ataque en M\u00e9xico","author":"Alex Papadovassilakis","date":"2 de abril de 2021","format":false,"excerpt":"Tras la captura de un exalcalde mexicano en Guatemala, Estados Unidos hizo p\u00fablica una imputaci\u00f3n en su contra y rivales criminales presuntamente atacaron el pueblo que estuvo bajo su control.","rel":"","context":"En \u00abNoticias\u00bb","block_context":{"text":"Noticias","link":"https:\/\/insightcrime.org\/es\/category\/noticias\/"},"img":{"alt_text":"","src":"https:\/\/i0.wp.com\/insightcrime.org\/wp-content\/uploads\/2021\/04\/Alcalde-Mexicano-Capturado.png?fit=350%2C250&quality=100&ssl=1&resize=350%2C200","width":350,"height":200},"classes":[]},{"id":183344,"url":"https:\/\/insightcrime.org\/es\/noticias\/lider-rojos-arrestado-michoacan-mexico-grupo-avanza\/","url_meta":{"origin":8994,"position":2},"title":"L\u00edder de Los Rojos es arrestado en Michoac\u00e1n, M\u00e9xico, mientras el grupo avanza","author":"Alessandro Ford","date":"25 de abril de 2022","format":false,"excerpt":"El municipio de Tepalcatepec, en el estado de Michoac\u00e1n, al sur de M\u00e9xico, ha sido durante mucho tiempo una de las zonas m\u00e1s violentas del pa\u00eds, con el CJNG luchando contra una serie de rivales. El arresto del l\u00edder de los Rojos, una banda fuertemente vinculada al vecino estado de\u2026","rel":"","context":"En \u00abNoticias\u00bb","block_context":{"text":"Noticias","link":"https:\/\/insightcrime.org\/es\/category\/noticias\/"},"img":{"alt_text":"Expansi\u00f3n de Los Rojos en M\u00e9xico","src":"https:\/\/i0.wp.com\/insightcrime.org\/wp-content\/uploads\/2022\/04\/2745758-copy.jpeg?fit=350%2C250&quality=100&ssl=1&resize=350%2C200","width":350,"height":200},"classes":[]},{"id":7759,"url":"https:\/\/insightcrime.org\/es\/noticias-crimen-organizado-mexico\/guerreros-unidos\/","url_meta":{"origin":8994,"position":3},"title":"Guerreros Unidos","author":"InSight Crime","date":"13 de agosto de 2026","format":false,"excerpt":"Guerreros Unidos es un grupo escindido de la OBL, que opera en la regi\u00f3n central de M\u00e9xico. El grupo se dedica principalmente a la extorsi\u00f3n y el secuestro, pero tambi\u00e9n trafica drogas a Estados Unidos. Los Guerreros Unidos se caracterizan por sus t\u00e1cticas agresivas y por el uso de la\u2026","rel":"","context":"En \u00abM\u00e9xico\u00bb","block_context":{"text":"M\u00e9xico","link":"https:\/\/insightcrime.org\/es\/category\/noticias-crimen-organizado-mexico\/"},"img":{"alt_text":"Guerreros Unidos","src":"https:\/\/i0.wp.com\/insightcrime.org\/wp-content\/uploads\/2026\/06\/Grupo-Criminal-Guerreros-Unidos.jpg?fit=1200%2C900&quality=100&ssl=1&resize=350%2C200","width":350,"height":200,"srcset":"https:\/\/i0.wp.com\/insightcrime.org\/wp-content\/uploads\/2026\/06\/Grupo-Criminal-Guerreros-Unidos.jpg?fit=1200%2C900&quality=100&ssl=1&resize=350%2C200 1x, https:\/\/i0.wp.com\/insightcrime.org\/wp-content\/uploads\/2026\/06\/Grupo-Criminal-Guerreros-Unidos.jpg?fit=1200%2C900&quality=100&ssl=1&resize=525%2C300 1.5x, https:\/\/i0.wp.com\/insightcrime.org\/wp-content\/uploads\/2026\/06\/Grupo-Criminal-Guerreros-Unidos.jpg?fit=1200%2C900&quality=100&ssl=1&resize=700%2C400 2x, https:\/\/i0.wp.com\/insightcrime.org\/wp-content\/uploads\/2026\/06\/Grupo-Criminal-Guerreros-Unidos.jpg?fit=1200%2C900&quality=100&ssl=1&resize=1050%2C600 3x"},"classes":[]},{"id":164414,"url":"https:\/\/insightcrime.org\/es\/noticias\/algunos-principales-grupos-surgieron-fragmentacion-criminal-mexico\/","url_meta":{"origin":8994,"position":4},"title":"Las nuevas facciones criminales detr\u00e1s de la violencia en M\u00e9xico","author":"Victoria Dittmar","date":"12 de agosto de 2021","format":false,"excerpt":"El proceso de fragmentaci\u00f3n criminal en M\u00e9xico ha dejado un escenario complejo. Varias de las principales organizaciones narcotraficantes en M\u00e9xico no han podido mantenerse unidas, ya sea por conflictos internos, disputas con rivales o arrestos de sus principales l\u00edderes.","rel":"","context":"En \u00abNoticias\u00bb","block_context":{"text":"Noticias","link":"https:\/\/insightcrime.org\/es\/category\/noticias\/"},"img":{"alt_text":"","src":"https:\/\/i0.wp.com\/insightcrime.org\/wp-content\/uploads\/2021\/08\/Mexico-Violence-homemade-concrete-crosses-AP_17203123813460-July-2017.jpg?fit=1200%2C690&quality=100&ssl=1&resize=350%2C200","width":350,"height":200,"srcset":"https:\/\/i0.wp.com\/insightcrime.org\/wp-content\/uploads\/2021\/08\/Mexico-Violence-homemade-concrete-crosses-AP_17203123813460-July-2017.jpg?fit=1200%2C690&quality=100&ssl=1&resize=350%2C200 1x, https:\/\/i0.wp.com\/insightcrime.org\/wp-content\/uploads\/2021\/08\/Mexico-Violence-homemade-concrete-crosses-AP_17203123813460-July-2017.jpg?fit=1200%2C690&quality=100&ssl=1&resize=525%2C300 1.5x, https:\/\/i0.wp.com\/insightcrime.org\/wp-content\/uploads\/2021\/08\/Mexico-Violence-homemade-concrete-crosses-AP_17203123813460-July-2017.jpg?fit=1200%2C690&quality=100&ssl=1&resize=700%2C400 2x, https:\/\/i0.wp.com\/insightcrime.org\/wp-content\/uploads\/2021\/08\/Mexico-Violence-homemade-concrete-crosses-AP_17203123813460-July-2017.jpg?fit=1200%2C690&quality=100&ssl=1&resize=1050%2C600 3x"},"classes":[]},{"id":349075,"url":"https:\/\/insightcrime.org\/es\/noticias\/ardillos-grupo-criminal-provocado-desplazamientos-masivos-mexico\/","url_meta":{"origin":8994,"position":5},"title":"Familias desplazadas por Los Ardillos regresan a sus hogares en Guerrero, M\u00e9xico","author":"Aranza Jimenez","date":"17 de agosto de 2026","format":false,"excerpt":"Los Ardillos provocaron el desplazamiento de m\u00e1s de 1.000 personas en Guerrero y ahora algunas familias comienzan a regresar. \u00bfQui\u00e9nes son, c\u00f3mo operan y c\u00f3mo gan\u00f3 poder este grupo criminal?","rel":"","context":"En \u00abNoticias\u00bb","block_context":{"text":"Noticias","link":"https:\/\/insightcrime.org\/es\/category\/noticias\/"},"img":{"alt_text":"","src":"https:\/\/i0.wp.com\/insightcrime.org\/wp-content\/uploads\/2026\/08\/Impact-Ardillos-Mexico.jpg?fit=1200%2C675&quality=100&ssl=1&resize=350%2C200","width":350,"height":200,"srcset":"https:\/\/i0.wp.com\/insightcrime.org\/wp-content\/uploads\/2026\/08\/Impact-Ardillos-Mexico.jpg?fit=1200%2C675&quality=100&ssl=1&resize=350%2C200 1x, https:\/\/i0.wp.com\/insightcrime.org\/wp-content\/uploads\/2026\/08\/Impact-Ardillos-Mexico.jpg?fit=1200%2C675&quality=100&ssl=1&resize=525%2C300 1.5x, https:\/\/i0.wp.com\/insightcrime.org\/wp-content\/uploads\/2026\/08\/Impact-Ardillos-Mexico.jpg?fit=1200%2C675&quality=100&ssl=1&resize=700%2C400 2x, https:\/\/i0.wp.com\/insightcrime.org\/wp-content\/uploads\/2026\/08\/Impact-Ardillos-Mexico.jpg?fit=1200%2C675&quality=100&ssl=1&resize=1050%2C600 3x"},"classes":[]}],"jetpack_featured_media_url":"https:\/\/i0.wp.com\/insightcrime.org\/wp-content\/uploads\/2016\/07\/es-2016-12-07Astudillo.jpg?fit=250%2C167&quality=100&ssl=1","_links":{"self":[{"href":"https:\/\/insightcrime.org\/es\/wp-json\/wp\/v2\/posts\/8994","targetHints":{"allow":["GET"]}}],"collection":[{"href":"https:\/\/insightcrime.org\/es\/wp-json\/wp\/v2\/posts"}],"about":[{"href":"https:\/\/insightcrime.org\/es\/wp-json\/wp\/v2\/types\/post"}],"author":[{"embeddable":true,"href":"https:\/\/insightcrime.org\/es\/wp-json\/wp\/v2\/users\/75"}],"replies":[{"embeddable":true,"href":"https:\/\/insightcrime.org\/es\/wp-json\/wp\/v2\/comments?post=8994"}],"version-history":[{"count":1,"href":"https:\/\/insightcrime.org\/es\/wp-json\/wp\/v2\/posts\/8994\/revisions"}],"predecessor-version":[{"id":26886,"href":"https:\/\/insightcrime.org\/es\/wp-json\/wp\/v2\/posts\/8994\/revisions\/26886"}],"wp:featuredmedia":[{"embeddable":true,"href":"https:\/\/insightcrime.org\/es\/wp-json\/wp\/v2\/media\/44737"}],"wp:attachment":[{"href":"https:\/\/insightcrime.org\/es\/wp-json\/wp\/v2\/media?parent=8994"}],"wp:term":[{"taxonomy":"category","embeddable":true,"href":"https:\/\/insightcrime.org\/es\/wp-json\/wp\/v2\/categories?post=8994"},{"taxonomy":"post_tag","embeddable":true,"href":"https:\/\/insightcrime.org\/es\/wp-json\/wp\/v2\/tags?post=8994"},{"taxonomy":"newspack_spnsrs_tax","embeddable":true,"href":"https:\/\/insightcrime.org\/es\/wp-json\/wp\/v2\/newspack_spnsrs_tax?post=8994"},{"taxonomy":"author","embeddable":true,"href":"https:\/\/insightcrime.org\/es\/wp-json\/wp\/v2\/coauthors?post=8994"}],"curies":[{"name":"wp","href":"https:\/\/api.w.org\/{rel}","templated":true}]}}