{"id":9001,"date":"2016-07-15T19:07:55","date_gmt":"2017-03-28T00:17:43","guid":{"rendered":"http:\/\/newwp.insightcrime.org?p=9001"},"modified":"2023-04-24T15:53:05","modified_gmt":"2023-04-24T20:53:05","slug":"municipio-azotado-violencia-esceptico-proceso-paz-colombia","status":"publish","type":"post","link":"https:\/\/insightcrime.org\/es\/noticias\/analisis\/municipio-azotado-violencia-esceptico-proceso-paz-colombia\/","title":{"rendered":"Municipio azotado por la violencia es esc\u00e9ptico frente al proceso de paz en Colombia"},"content":{"rendered":"\n<p class=\"wp-block-paragraph\">El municipio El Bagre del Bajo Cauca antioque\u00f1o constituye un claro ejemplo de lo que podr\u00eda ser el postconflicto en Colombia: disputa entre grupos armados por control territorial y rentas ilegales, las fichas de la guerra en pleno reacomodo y unas comunidades aterrorizadas en medio de un fuego cruzado que no respeta ni condici\u00f3n social, ni g\u00e9nero ni edad.<\/p>\n\n\n\n<p class=\"wp-block-paragraph\">VerdadAbierta.com&nbsp;visit\u00f3 esta convulsionada regi\u00f3n.<\/p>\n\n\n\n<p class=\"has-text-align-center wp-block-paragraph\"><em><strong>Este art\u00edculo apareci\u00f3 originalmente en VerdadAbierta.com. Fue editado para mayor claridad y publicado con permiso, pero no necesariamente refleja las opiniones de InSight Crime. Vea el original <a href=\"https:\/\/www.verdadabierta.com\/victimas-seccion\/los-resistentes\/6329-en-el-bagre-antioquia-ya-nadie-contabiliza-los-muertos\" target=\"_blank\">aqu\u00ed<\/a>.<\/strong><\/em><\/p>\n\n\n\n<p class=\"wp-block-paragraph\">A Wilson Mendoza Cabrera lo mataron en las afueras de su residencia, ubicada en pleno coraz\u00f3n de El Bagre, en las primeras horas de la ma\u00f1ana del pasado 29 de junio, dos d\u00edas despu\u00e9s de haber participado en una marcha por la paz que tuvo lugar en este municipio. Sus colegas mototaxistas cuentan que ese d\u00eda un hombre lo llam\u00f3 a su celular dici\u00e9ndole que necesitaba un servicio. Cuando sali\u00f3 a la calle a cumplir con su trabajo, fue abordado por otro hombre que le dispar\u00f3 en repetidas ocasiones.<\/p>\n\n\n\n<p class=\"wp-block-paragraph\"><img data-recalc-dims=\"1\" decoding=\"async\" loading=\"lazy\" src=\"https:\/\/i0.wp.com\/es.insightcrime.org\/images\/elbagre-es.png?resize=208%2C272&#038;quality=100&#038;ssl=1\" alt=\"elbagre-es\" style=\"text-align: justify; float: left;\" width=\"208\" height=\"272\">Su nombre se suma a una larga lista de personas asesinadas a lo largo de este a\u00f1o en este caluroso pueblo del Bajo Cauca antioque\u00f1o. Nadie sabe a ciencia cierta a cu\u00e1nto puede ascender esta cifra. Los m\u00e1s prudentes dicen que son 40 los homicidios registrados este a\u00f1o. Lo \u00fanico cierto es que por cuenta de la cruenta disputa armada que mantienen Los Urabe\u00f1os y las guerrillas de las Fuerzas Armadas Revolucionarias de Colombia (FARC) y el Ej\u00e9rcito de Liberaci\u00f3n Nacional (ELN) desde finales del a\u00f1o anterior ya nadie contabiliza los muertos.&nbsp;<\/p>\n\n\n\n<p class=\"wp-block-paragraph\">En este caso, la violencia se llev\u00f3 a uno de los l\u00edderes m\u00e1s activos de los mototaxistas, un gremio que crece conforme aumentan las dificultades de la miner\u00eda del oro, venida a menos desde hace poco m\u00e1s de dos a\u00f1os. En El Bagre, un municipio con una poblaci\u00f3n cercana a los 35.000 habitantes de los cuales unos 17.000 viven en apartadas zonas rurales a las que solo se llega recorriendo barrientas trochas, los mototaxistas son parte determinante de la vida comunitaria, pues su papel va m\u00e1s all\u00e1 de transportar remesas y pasajeros. &nbsp;<\/p>\n\n\n\n<p class=\"wp-block-paragraph\">No en vano han sido los m\u00e1s golpeados por la violencia desatada por Los Urabe\u00f1os y los grupos guerrilleros. Cifras extraoficiales hablan de 17 personas dedicadas a este oficio asesinadas este a\u00f1o.<\/p>\n\n\n\n<p class=\"wp-block-paragraph\">De ah\u00ed que no son pocos tambi\u00e9n quienes afirman entre murmullos y con un bajo tono de voz que la muerte de Wilson puede estar ligada con su activismo y su participaci\u00f3n en la denominada \u201cMarcha por la paz, la vida y la permanencia en el territorio\u201d.<\/p>\n\n\n\n<p class=\"wp-block-paragraph\">Se trat\u00f3 de una movilizaci\u00f3n que tuvo lugar en el casco urbano de El Bagre el pasado 27 de junio, tan solo tres d\u00edas despu\u00e9s de que el gobierno nacional y la guerrilla de las Farc anunciaran, desde La Habana, Cuba, el acuerdo sobre el cese al fuego bilateral y definitivo. La manifestaci\u00f3n fue impulsada por la Asociaci\u00f3n de Hermandades Agroecol\u00f3gicas y Mineras del Guamoc\u00f3 (<a href=\"https:\/\/www.prensarural.org\/spip\/spip.php?rubrique25\" target=\"_blank\">AHERAMIGUA<\/a>), organizaci\u00f3n no gubernamental que aboga por la defensa de los derechos humanos de comunidades campesinas del sur de Bol\u00edvar, Nordeste y Bajo Cauca antioque\u00f1o, y cont\u00f3 adem\u00e1s con el apoyo de <a href=\"https:\/\/www.marchapatriotica.org\/\" target=\"_blank\">Marcha Patri\u00f3tica<\/a>.<\/p>\n\n\n\n<p class=\"wp-block-paragraph\">Su objetivo era rechazar los actos de barbarie protagonizados recientemente por los grupos armados y clamar para que el tan anhelado cese al fuego anunciado desde la isla del Caribe, por fin se haga realidad en este rinc\u00f3n del Bajo Cauca antioque\u00f1o. A pesar del generalizado clima de zozobra que reina en todo el municipio, la actividad logr\u00f3 convocar cientos de pobladores de \u00e1reas urbanas y rurales.<\/p>\n\n\n\n<p class=\"wp-block-paragraph\">\u201cPor eso decimos que lo mataron como retaliaci\u00f3n por haber transportado a campesinos que participaron en la movilizaci\u00f3n. Por haber llevado y tra\u00eddo gente de las veredas\u201d, tal como lo afirma un integrante de AHERAMIGUA, quien carga con el peso de varias amenazas de muerte en su contra. \u201cAs\u00ed est\u00e1n las cosas por ac\u00e1\u201d, enfatiza. De hecho, seg\u00fan confirmaron integrantes de esta organizaci\u00f3n, la Defensor\u00eda del Pueblo Regional Antioquia y la Personer\u00eda de El Bagre, varios l\u00edderes campesinos recibieron amenazas de muerte luego de la marcha.<\/p>\n\n\n\n<p class=\"wp-block-paragraph\">La movilizaci\u00f3n tambi\u00e9n sirvi\u00f3 de pre\u00e1mbulo a la instalaci\u00f3n del \u201ccampamento de refugio humanitario\u201d, que tuvo lugar el 29 de junio, doce horas despu\u00e9s de la muerte de Wilson Mendoza Cabrera. Cerca de 200 campesinos provenientes de las \u00e1reas rurales de El Bagre y veredas aleda\u00f1as del sur de Bol\u00edvar se concentraron en el Centro Educativo Puerto L\u00f3pez.<\/p>\n\n\n\n<p class=\"wp-block-paragraph\">\u201cDeclaramos a Puerto L\u00f3pez como \u2018campamento de refugio humanitario\u2019. Nos quedaremos aqu\u00ed hasta tanto las instituciones del Estado vengan a hablar con nosotros y atiendan la delicada situaci\u00f3n de violencia generada por los grupos paramilitares, as\u00ed como el abandono en que siempre hemos vivido\u201d, arengaban los l\u00edderes de la iniciativa esa noche del 29 de junio.<\/p>\n\n\n\n<h3 class=\"wp-block-heading\">Una historia de abandono<\/h3>\n\n\n\n<p class=\"wp-block-paragraph\"><img data-recalc-dims=\"1\" decoding=\"async\" loading=\"lazy\" src=\"https:\/\/i0.wp.com\/es.insightcrime.org\/images\/2016\/July-2016\/16-07-14VA-bagre-2RicardoCruz.jpg?resize=256%2C165&#038;quality=100&#038;ssl=1\" style=\"float: left;\" width=\"256\" height=\"165\">Seg\u00fan el Atlas de Tierras Protegidas, publicado por la Gobernaci\u00f3n de Antioquia en 2010, el 70 por ciento de la extensi\u00f3n territorial de Segovia, as\u00ed como cerca del 50 por ciento del territorio de El Bagre, a\u00fan se encuentran bajo la protecci\u00f3n de la Zona de Reserva Forestal del R\u00edo Magdalena.<\/p>\n\n\n\n<p class=\"wp-block-paragraph\">Dentro de ese 50 por ciento figura Puerto L\u00f3pez, un poblado que fue creciendo d\u00e9cada tras d\u00e9cada gracias a la prosperidad generada por la miner\u00eda del oro y la explotaci\u00f3n maderera.<\/p>\n\n\n\n<p class=\"wp-block-paragraph\">A sus tierras han llegado buscadores de fortuna provenientes de todas partes del pa\u00eds y en todos los momentos de su historia, muchos de los cuales decidieron instalarse permanentemente. Fue el caso de Fernando*, un sucre\u00f1o que viaj\u00f3 a este corregimiento un d\u00eda de 1994 con la intenci\u00f3n de visitar un familiar.<\/p>\n\n\n\n<p class=\"wp-block-paragraph\">\u201cHab\u00eda mucho qu\u00e9 hacer. Los arrieros manten\u00edan mucho trabajo; la cantidad de comida que sal\u00eda de todas estas veredas era impresionante; el oro mandaba la parada\u201d, recuerda Fernando, quien, por vueltas de la vida, termin\u00f3 convertido en defensor de derechos humanos.<\/p>\n\n\n\n<p class=\"wp-block-paragraph\">La agitada din\u00e1mica no logr\u00f3 atraer al Estado. Ni antes ni ahora. En Puerto L\u00f3pez nunca ha existido oficina alguna, ni siquiera estaci\u00f3n de Polic\u00eda. Al estar en tierras de Ley Segunda, poco o nada han invertido las autoridades municipales en electrificaci\u00f3n, acueducto, alcantarillado, v\u00edas, centros de salud, escuelas, viviendas, entre otros.<\/p>\n\n\n\n<p class=\"wp-block-paragraph\">Ese \u201cvac\u00edo de poder estatal\u201d fue copado por los grupos armados ilegales. El primero en llegar a estas tierras fue el ELN, a principios de los a\u00f1os noventa. Poco tiempo despu\u00e9s llegaron las FARC. Luego incursionaron los hombres del Bloque Central Bol\u00edvar de las Autodefensas Unidas de Colombia (AUC), bajo el mando de Vinicio Virgues Mahecha, alias \u2018Jota-Jota\u2019, principal lugarteniente de Carlos Mario Jim\u00e9nez, alias \u2018Macaco\u2019.<\/p>\n\n\n\n<p class=\"wp-block-paragraph\"><span style=\"color: #800000;\"><strong>VEA TAMBI\u00c9N<\/strong><\/span>: <a href=\"\/investigaciones\/farc-paz-y-posible-criminalizacion\" target=\"_blank\">FARC, paz y posible criminalizaci\u00f3n<\/a><\/p>\n\n\n\n<p class=\"wp-block-paragraph\">La llegada de los paramilitares cambiar\u00eda por completo la vida en Puerto L\u00f3pez. Fernando a\u00fan lo recuerda bien. \u201cEso fue como en junio de 2000\u201d, relata. \u201cLos \u2018paras\u2019 convocaron a todo el mundo a una reuni\u00f3n en el parque. Toda aquella persona que no fue a la reuni\u00f3n la mataron. Como a los tres d\u00edas, un francotirador de las FARC mat\u00f3 a un \u2018paraco\u2019. Siguieron hostigamientos hasta que en 2001 se present\u00f3 el primer combate entre las guerrillas y los paramilitares\u201d.<\/p>\n\n\n\n<p class=\"wp-block-paragraph\">A partir de entonces, el corregimiento fue arduamente disputado. Los hombres de alias \u2018Jota-Jota\u2019 se atrincheraron en el casco urbano del corregimiento y montaron una base para repelar las constantes incursiones de las FARC.<\/p>\n\n\n\n<h3 class=\"wp-block-heading\">Violencia que no cesa<\/h3>\n\n\n\n<p class=\"wp-block-paragraph\">&nbsp;\u201cPuerto L\u00f3pez ha sido un pueblo muy golpeado por el conflicto armado\u201d, se\u00f1ala Fernando, para quien el proceso de desmovilizaci\u00f3n de las AUC no signific\u00f3 un d\u00eda de tranquilidad para esta poblaci\u00f3n. \u201cLos paramilitares se han ido cambiando el nombre: primero como Los Rastrojos, luego como Las \u00c1guilas Negras, luego que Los Urabe\u00f1os, ahora que los Gaitanistas. Siempre se cambian el nombre, pero es la misma ideolog\u00eda paramilitar que atenta contra el campesino\u201d, agrega.<\/p>\n\n\n\n<p class=\"wp-block-paragraph\">Luego de presenciar la sangrienta vendetta protagonizada por los herederos del paramilitarismo a lo largo y ancho del Bajo Cauca antioque\u00f1o entre 2009 y 2012, El Bagre, particularmente los corregimientos Puerto L\u00f3pez y Puerto Claver, se convirti\u00f3 en escenario de una cruenta disputa protagonizada por el Frente de Guerra Ramiro de Jes\u00fas Castro del ELN; el Frente 36 y la Columna M\u00f3vil Mario V\u00e9lez de las FARC; y los frentes Felipe Rojas y Libertadores de Zaragoza de Los Urabe\u00f1os.<\/p>\n\n\n\n<p class=\"wp-block-paragraph\">El \u201cflorero de Llorente\u201d que desat\u00f3 esta guerra fue el rompimiento de acuerdos suscritos en 2013 entre las FARC y Los Urabe\u00f1os para el control de territorios y las rentas derivadas de estos.<\/p>\n\n\n\n<p class=\"wp-block-paragraph\">As\u00ed lo consign\u00f3 la Defensor\u00eda del Pueblo en su Informe de Riesgo No. 007-16 del 8 de marzo del presente a\u00f1o.<\/p>\n\n\n\n<p class=\"wp-block-paragraph\">El Bagre, bajo el fuego de Farc y \u2018gaitanistas\u2019<\/p>\n\n\n\n<p class=\"wp-block-paragraph\">\u201c\u00bfQu\u00e9 es lo que se disputan? Pues el control del territorio. Esta zona es de tr\u00e1nsito de coca. Y adem\u00e1s est\u00e1 muy bien ubicada. Uno de aqu\u00ed puede salir f\u00e1cil al sur de Bol\u00edvar\u201d, explica Fernando. Desde que se rompieron estos acuerdos, a mediados de 2015, no han cesado los combates entre estas organizaciones armadas al margen de la ley; tampoco los homicidios selectivos, las desapariciones forzadas, las amenazas a los l\u00edderes campesinos, los desplazamientos \u2018gota a gota\u2019, el reclutamiento forzado de menores, las extorsiones, entre otras vulneraciones a los derechos humanos y al Derecho Internacional Humanitario (DIH).<\/p>\n\n\n\n<p class=\"wp-block-paragraph\">Entre el 1 de noviembre y el 30 de mayo se han registrado cinco combates entre Los Urabe\u00f1os y guerrillas que han dejado combatientes muertos de cada bando; han sido desaparecidas cinco personas y asesinadas por lo menos unas 20 personas, entre ellas William Castillo, integrante de AHERAMIGUA, y William Hoyos, exconcejal del corregimiento Puerto Claver.<\/p>\n\n\n\n<p class=\"wp-block-paragraph\">Las amenazas contra dirigentes sociales tambi\u00e9n arreciaron. ONG como AHERAMIGUA se\u00f1ala que la cifra podr\u00eda llegar a los 60 l\u00edderes intimidados. Fernando es uno de ellos. Recibi\u00f3 amenazas de muerte en noviembre del a\u00f1o anterior. \u201cDeclar\u00e9 ante la UNP y me dieron un chaleco y un celular. Pa\u2019 lo que sirven ese par de cosas por ac\u00e1\u201d, sentencia este l\u00edder campesino.<\/p>\n\n\n\n<p class=\"wp-block-paragraph\">\u201cNo podemos desconocer la situaci\u00f3n de orden p\u00fablico que vive el municipio, las violaciones a los derechos humanos que se est\u00e1n cometiendo, pero tambi\u00e9n es cierto que son muy pocas las denuncias que llegan a mi despacho. Las personas que salen desplazadas lo hacen en silencio, sin decirle a nadie. Lo mismo las v\u00edctimas de extorsiones, y as\u00ed. Hay mucho subregistro\u201d, declara Ingrid Ver\u00f3nica Chamorro, personera de El Bagre.<img data-recalc-dims=\"1\" decoding=\"async\" loading=\"lazy\" src=\"https:\/\/i0.wp.com\/es.insightcrime.org\/images\/2016\/July-2016\/16-07-14VAel-bagre-6.jpg?resize=225%2C145&#038;quality=100&#038;ssl=1\" style=\"float: right;\" width=\"225\" height=\"145\"><\/p>\n\n\n\n<p class=\"wp-block-paragraph\">Y tiene raz\u00f3n. Seg\u00fan los propios habitantes de Puerto L\u00f3pez, por lo menos unas 300 familias han abandonado el corregimiento por causa de la violencia, en medio del m\u00e1s completo silencio. Para corroborarlo, basta recorrer las calles de barrios como Mar\u00eda Auxiliadora, El Prado, entre otros, para observar hileras completas de viviendas abandonas que ya comienzan a ceder frente al abandono.<\/p>\n\n\n\n<p class=\"wp-block-paragraph\">\u201cEl Centro Educativo Rural Puerto L\u00f3pez contaba a principios de a\u00f1o con 1.500 estudiantes. Hoy si acaso llegan a 1.000. Por un lado, las familias que se han ido, pero por otro lado, a muchos padres y madres les da miedo mandar sus hijos a la escuela, por miedo a que los recluten los grupos armados\u201d, a\u00f1ade el lugare\u00f1o.<\/p>\n\n\n\n<h3 class=\"wp-block-heading\">\u00bfServir\u00e1 el proceso de paz?<\/h3>\n\n\n\n<p class=\"wp-block-paragraph\">&nbsp;\u201cEso del \u2018campamento refugio\u2019, pues hombre, muy bueno, pero yo no me voy a aparecer por all\u00e1 ni loco\u201d, responde Jairo, un cordob\u00e9s que lleg\u00f3 hace siete a\u00f1os a Puerto L\u00f3pez en busca de mejor fortuna para \u00e9l y los suyos. Al igual que \u00e9l, son muchos en esta localidad los que ya no quieren participar en actividad alguna, para evitar as\u00ed ser vinculados a cualquiera de los bandos en conflicto.<\/p>\n\n\n\n<p class=\"wp-block-paragraph\">\u201cEs que es muy jodida la cosa\u201d, cuenta Jairo, quien explica: \u201cyo por ejemplo soy mototaxista: me sale un guerrillero y me dice: \u2018lleva este paquete al pueblo\u2019 y uno llega al pueblo y ya lo est\u00e1 esperando el paramilitar para matarlo a uno disque por colaborador.<\/p>\n\n\n\n<p class=\"wp-block-paragraph\">Y tambi\u00e9n pasa al rev\u00e9s. Eso no es justo. A la gente la est\u00e1n matando por sospecha de que apoya a los guerrilleros o a los paramilitares.<\/p>\n\n\n\n<p class=\"wp-block-paragraph\">Y lo peor puede estar por venir. Jairo y otros habitantes consultados por VerdadAbierta.com, coinciden en afirmar que \u201cel rumor es que los \u2018paras\u2019 tienen una lista negra con los nombres de 70 personas que dicen van a matar y, de hecho, ya han matado varios que seg\u00fan dicen, estaban en esa lista\u201d.<\/p>\n\n\n\n<p class=\"wp-block-paragraph\">Quiz\u00e1s por ello, buena parte de los pobladores de Puerto L\u00f3pez, y El Bagre en general, no ocultan su escepticismo frente a los avances de los di\u00e1logos de paz en La Habana, Cuba. En una regi\u00f3n donde las FARC han enfrentado a todos sus enemigos durante casi dos d\u00e9cadas, muy pocos creen que esta guerrilla, por lo menos los que operan en la zona, dejen sus armas para hacer pol\u00edtica.<\/p>\n\n\n\n<p class=\"wp-block-paragraph\">Pero m\u00e1s preocupante a\u00fan es lo que piensan pobladores de corregimientos como Puerto L\u00f3pez. En medio de la zozobra que reina en la regi\u00f3n, una buena parte de la poblaci\u00f3n cree que, tras la salida de la guerrilla de las Farc de la regi\u00f3n vendr\u00e1 una arremetida \u2018paramilitar\u2019 que no respetar\u00e1 ni g\u00e9nero, ni edad, ni condici\u00f3n social. De ah\u00ed que muchos repitan sin titubear: \u201csi la guerrilla se va, yo me voy detr\u00e1s de ellos. Aqu\u00ed no me quedo\u201d.<\/p>\n\n\n\n<p class=\"wp-block-paragraph\"><em style=\"text-align: center;\">Este art\u00edculo apareci\u00f3 originalmente en VerdadAbierta.com. Fue editado para mayor claridad y publicado con permiso, pero no necesariamente refleja las opiniones de InSight Crime. Vea el original&nbsp;<a href=\"https:\/\/www.verdadabierta.com\/victimas-seccion\/los-resistentes\/6329-en-el-bagre-antioquia-ya-nadie-contabiliza-los-muertos\" target=\"_blank\">aqu\u00ed<\/a>. Fotos de Ricardo Cruz.<\/em><\/p>\n","protected":false},"excerpt":{"rendered":"<p>El municipio El Bagre del Bajo Cauca antioque\u00f1o constituye un claro ejemplo de lo que podr\u00eda ser el postconflicto en Colombia: disputa entre grupos armados por control territorial y rentas ilegales, las fichas de la guerra en pleno reacomodo y unas comunidades aterrorizadas en medio de un fuego cruzado que no respeta ni condici\u00f3n social, ni g\u00e9nero ni edad.<\/p>\n","protected":false},"author":37,"featured_media":44751,"comment_status":"closed","ping_status":"closed","sticky":false,"template":"","format":"standard","meta":{"newspack_ads_suppress_ads":false,"newspack_popups_has_disabled_popups":false,"newspack_sponsor_sponsorship_scope":"","newspack_sponsor_native_byline_display":"inherit","newspack_sponsor_native_category_display":"inherit","newspack_sponsor_underwriter_style":"inherit","newspack_sponsor_underwriter_placement":"inherit","_EventAllDay":false,"_EventTimezone":"","_EventStartDate":"","_EventEndDate":"","_EventStartDateUTC":"","_EventEndDateUTC":"","_EventShowMap":false,"_EventShowMapLink":false,"_EventURL":"","_EventCost":"","_EventCostDescription":"","_EventCurrencySymbol":"","_EventCurrencyCode":"","_EventCurrencyPosition":"","_EventDateTimeSeparator":"","_EventTimeRangeSeparator":"","_EventOrganizerID":[],"_EventVenueID":[],"_OrganizerEmail":"","_OrganizerPhone":"","_OrganizerWebsite":"","_VenueAddress":"","_VenueCity":"","_VenueCountry":"","_VenueProvince":"","_VenueState":"","_VenueZip":"","_VenuePhone":"","_VenueURL":"","_VenueStateProvince":"","_VenueLat":"","_VenueLng":"","_VenueShowMap":false,"_VenueShowMapLink":false,"_newspack_byline_active":false,"_newspack_byline":"","newspack_hide_updated_date":false,"newspack_show_updated_date":false,"newspack_featured_image_position":"","newspack_post_subtitle":"","newspack_article_summary_title":"Overview:","newspack_article_summary":"","_jetpack_memberships_contains_paid_content":false,"footnotes":""},"categories":[340],"tags":[368,421,1542,2927,475],"newspack_spnsrs_tax":[],"coauthors":[4041],"class_list":["post-9001","post","type-post","status-publish","format-standard","has-post-thumbnail","hentry","category-analisis","tag-colombia-pais","tag-el-eln","tag-farc-ep","tag-gaitanistas","tag-paz-con-las-farc","entry"],"parsely":{"version":"1.1.0","canonical_url":"https:\/\/insightcrime.org\/es\/noticias\/analisis\/municipio-azotado-violencia-esceptico-proceso-paz-colombia\/","smart_links":{"inbound":0,"outbound":0},"traffic_boost_suggestions_count":0,"meta":{"@context":"https:\/\/schema.org","@type":"NewsArticle","headline":"Municipio azotado por la violencia es esc\u00e9ptico frente al proceso de paz en Colombia","url":"http:\/\/insightcrime.org\/es\/noticias\/analisis\/municipio-azotado-violencia-esceptico-proceso-paz-colombia\/","mainEntityOfPage":{"@type":"WebPage","@id":"http:\/\/insightcrime.org\/es\/noticias\/analisis\/municipio-azotado-violencia-esceptico-proceso-paz-colombia\/"},"thumbnailUrl":"https:\/\/i0.wp.com\/insightcrime.org\/wp-content\/uploads\/2016\/07\/es-16-07-14VA-bagre-1RicardoCruz.jpg?resize=150%2C150&quality=100&ssl=1","image":{"@type":"ImageObject","url":"https:\/\/i0.wp.com\/insightcrime.org\/wp-content\/uploads\/2016\/07\/es-16-07-14VA-bagre-1RicardoCruz.jpg?fit=400%2C258&quality=100&ssl=1"},"articleSection":"An\u00e1lisis","author":[{"@type":"Person","name":"Ricardo Cruz"}],"creator":["Ricardo Cruz"],"publisher":{"@type":"Organization","name":"InSight Crime","logo":"https:\/\/insightcrime.org\/wp-content\/uploads\/2023\/08\/logo.png"},"keywords":["colombia","eln","farc","gaitanistas","paz farc"],"dateCreated":"2017-03-28T00:17:43Z","datePublished":"2017-03-28T00:17:43Z","dateModified":"2023-04-24T20:53:05Z"},"rendered":"<meta name=\"parsely-title\" content=\"Municipio azotado por la violencia es esc\u00e9ptico frente al proceso de paz en Colombia\" \/>\n<meta name=\"parsely-link\" content=\"http:\/\/insightcrime.org\/es\/noticias\/analisis\/municipio-azotado-violencia-esceptico-proceso-paz-colombia\/\" \/>\n<meta name=\"parsely-type\" content=\"post\" \/>\n<meta name=\"parsely-image-url\" content=\"https:\/\/i0.wp.com\/insightcrime.org\/wp-content\/uploads\/2016\/07\/es-16-07-14VA-bagre-1RicardoCruz.jpg?resize=150%2C150&amp;quality=100&amp;ssl=1\" \/>\n<meta name=\"parsely-pub-date\" content=\"2017-03-28T00:17:43Z\" \/>\n<meta name=\"parsely-section\" content=\"An\u00e1lisis\" \/>\n<meta name=\"parsely-tags\" content=\"colombia,eln,farc,gaitanistas,paz farc\" \/>\n<meta name=\"parsely-author\" content=\"Ricardo Cruz\" \/>","tracker_url":"https:\/\/cdn.parsely.com\/keys\/insightcrime.org\/p.js"},"jetpack_sharing_enabled":true,"jetpack-related-posts":[{"id":233319,"url":"https:\/\/insightcrime.org\/es\/colombia-organized-crime-news\/los-caparrapos\/","url_meta":{"origin":9001,"position":0},"title":"Los Caparros","author":"InSight Crime","date":"15 de enero de 2024","format":false,"excerpt":"Los Caparros son un grupo criminal colombiano relacionado con el tr\u00e1fico de drogas en Antioquia y C\u00f3rdoba.","rel":"","context":"En \u00abColombia\u00bb","block_context":{"text":"Colombia","link":"https:\/\/insightcrime.org\/category\/colombia-organized-crime-news\/"},"img":{"alt_text":"Grupo criminal - Los Caparros - Colombia.","src":"https:\/\/i0.wp.com\/insightcrime.org\/wp-content\/uploads\/2026\/08\/Grupo-Criminal-Los-Caparros-Colombia.jpg?fit=1200%2C900&quality=100&ssl=1&resize=350%2C200","width":350,"height":200,"srcset":"https:\/\/i0.wp.com\/insightcrime.org\/wp-content\/uploads\/2026\/08\/Grupo-Criminal-Los-Caparros-Colombia.jpg?fit=1200%2C900&quality=100&ssl=1&resize=350%2C200 1x, https:\/\/i0.wp.com\/insightcrime.org\/wp-content\/uploads\/2026\/08\/Grupo-Criminal-Los-Caparros-Colombia.jpg?fit=1200%2C900&quality=100&ssl=1&resize=525%2C300 1.5x, https:\/\/i0.wp.com\/insightcrime.org\/wp-content\/uploads\/2026\/08\/Grupo-Criminal-Los-Caparros-Colombia.jpg?fit=1200%2C900&quality=100&ssl=1&resize=700%2C400 2x, https:\/\/i0.wp.com\/insightcrime.org\/wp-content\/uploads\/2026\/08\/Grupo-Criminal-Los-Caparros-Colombia.jpg?fit=1200%2C900&quality=100&ssl=1&resize=1050%2C600 3x"},"classes":[]},{"id":306459,"url":"https:\/\/insightcrime.org\/es\/noticias\/interminable-disputa-por-bajo-cauca-joya-criminal-de-colombia\/","url_meta":{"origin":9001,"position":1},"title":"La interminable disputa por el Bajo Cauca: la joya criminal de Colombia","author":"Alicia Florez","date":"28 de marzo de 2025","format":false,"excerpt":"El Bajo Cauca, una regi\u00f3n ubicada al norte de Colombia, ha sido testigo del resurgimiento de la violencia que afecta al pa\u00eds desde hace d\u00e9cadas. Actualmente, se enfrenta a una guerra entre grupos ilegales que luchan por el control de este territorio estrat\u00e9gico, punto medio de un importante corredor, clave\u2026","rel":"","context":"En \u00abAudio\u00bb","block_context":{"text":"Audio","link":"https:\/\/insightcrime.org\/es\/category\/audio-es\/"},"img":{"alt_text":"","src":"https:\/\/i0.wp.com\/insightcrime.org\/wp-content\/uploads\/2025\/03\/Feature-Bajo-Cauca-Name-file.jpg?fit=1200%2C675&quality=100&ssl=1&resize=350%2C200","width":350,"height":200,"srcset":"https:\/\/i0.wp.com\/insightcrime.org\/wp-content\/uploads\/2025\/03\/Feature-Bajo-Cauca-Name-file.jpg?fit=1200%2C675&quality=100&ssl=1&resize=350%2C200 1x, https:\/\/i0.wp.com\/insightcrime.org\/wp-content\/uploads\/2025\/03\/Feature-Bajo-Cauca-Name-file.jpg?fit=1200%2C675&quality=100&ssl=1&resize=525%2C300 1.5x, https:\/\/i0.wp.com\/insightcrime.org\/wp-content\/uploads\/2025\/03\/Feature-Bajo-Cauca-Name-file.jpg?fit=1200%2C675&quality=100&ssl=1&resize=700%2C400 2x, https:\/\/i0.wp.com\/insightcrime.org\/wp-content\/uploads\/2025\/03\/Feature-Bajo-Cauca-Name-file.jpg?fit=1200%2C675&quality=100&ssl=1&resize=1050%2C600 3x"},"classes":[]},{"id":117165,"url":"https:\/\/insightcrime.org\/es\/colombia-organized-crime-news\/ricardo-abel-ayala-ortega-alias-cabuyo\/","url_meta":{"origin":9001,"position":2},"title":"Ricardo Abel Ayala Orrego, alias &#8216;Cabuyo&#8217;","author":"InSight Crime","date":"13 de junio de 2022","format":false,"excerpt":"Alias Cabuyo fue uno de los objetivos militares de mayor valor en Colombia hasta su muerte en junio 2022.","rel":"","context":"En \u00abColombia\u00bb","block_context":{"text":"Colombia","link":"https:\/\/insightcrime.org\/category\/colombia-organized-crime-news\/"},"img":{"alt_text":"Perfil criminal - Ricardo Abel Ayala Orrego, alias 'Cabuyo' - Colombia","src":"https:\/\/i0.wp.com\/insightcrime.org\/wp-content\/uploads\/2026\/08\/Perfil-Criminal-Alias-Cabuyo-Colombia.jpg?fit=1200%2C900&quality=100&ssl=1&resize=350%2C200","width":350,"height":200,"srcset":"https:\/\/i0.wp.com\/insightcrime.org\/wp-content\/uploads\/2026\/08\/Perfil-Criminal-Alias-Cabuyo-Colombia.jpg?fit=1200%2C900&quality=100&ssl=1&resize=350%2C200 1x, https:\/\/i0.wp.com\/insightcrime.org\/wp-content\/uploads\/2026\/08\/Perfil-Criminal-Alias-Cabuyo-Colombia.jpg?fit=1200%2C900&quality=100&ssl=1&resize=525%2C300 1.5x, https:\/\/i0.wp.com\/insightcrime.org\/wp-content\/uploads\/2026\/08\/Perfil-Criminal-Alias-Cabuyo-Colombia.jpg?fit=1200%2C900&quality=100&ssl=1&resize=700%2C400 2x, https:\/\/i0.wp.com\/insightcrime.org\/wp-content\/uploads\/2026\/08\/Perfil-Criminal-Alias-Cabuyo-Colombia.jpg?fit=1200%2C900&quality=100&ssl=1&resize=1050%2C600 3x"},"classes":[]},{"id":240857,"url":"https:\/\/insightcrime.org\/es\/noticias\/ex-farc-mafia-colombia-continuan-guerra-mientras-hablan-paz\/","url_meta":{"origin":9001,"position":3},"title":"Las ex-FARC mafia en Colombia contin\u00faan la guerra mientras hablan de paz","author":"Sergio Saffon","date":"11 de octubre de 2023","format":false,"excerpt":"Las negociaciones de paz en el Cauca penden de un hilo tras el asesinato de un soldado colombiano a manos de las ex-FARC mafia, poniendo de relieve la fragilidad de la Paz Total en este departamento estrat\u00e9gico para el narcotr\u00e1fico.","rel":"","context":"En \u00abNoticias\u00bb","block_context":{"text":"Noticias","link":"https:\/\/insightcrime.org\/es\/category\/noticias\/"},"img":{"alt_text":"Colombian solders enter a helicopter in Cauca.","src":"https:\/\/i0.wp.com\/insightcrime.org\/wp-content\/uploads\/2023\/08\/photo-2022-10-07-11-40-39_0-2.jpg?fit=350%2C250&quality=100&ssl=1&resize=350%2C200","width":350,"height":200},"classes":[]},{"id":315896,"url":"https:\/\/insightcrime.org\/es\/noticias-crimen-organizado-colombia\/estado-mayor-bloques-frente\/","url_meta":{"origin":9001,"position":4},"title":"Estado Mayor de Bloques y Frente (EMBF)","author":"InSight Crime","date":"31 de julio de 2025","format":false,"excerpt":"El Estado Mayor de Bloques y Frente (EMBF) es una organizaci\u00f3n criminal colombiana cuyas ra\u00edces se remontan a la antigua guerrilla de las Fuerzas Armadas Revolucionarias de Colombia (FARC).","rel":"","context":"En \u00abColombia\u00bb","block_context":{"text":"Colombia","link":"https:\/\/insightcrime.org\/es\/category\/noticias-crimen-organizado-colombia\/"},"img":{"alt_text":"Estado Mayor de Bloques y Frente (EMBF).","src":"https:\/\/i0.wp.com\/insightcrime.org\/wp-content\/uploads\/2026\/06\/Grupo-Criminal-Estado-Mayor-de-Bloques-y-Frentes-EMBF.jpg?fit=1200%2C900&quality=100&ssl=1&resize=350%2C200","width":350,"height":200,"srcset":"https:\/\/i0.wp.com\/insightcrime.org\/wp-content\/uploads\/2026\/06\/Grupo-Criminal-Estado-Mayor-de-Bloques-y-Frentes-EMBF.jpg?fit=1200%2C900&quality=100&ssl=1&resize=350%2C200 1x, https:\/\/i0.wp.com\/insightcrime.org\/wp-content\/uploads\/2026\/06\/Grupo-Criminal-Estado-Mayor-de-Bloques-y-Frentes-EMBF.jpg?fit=1200%2C900&quality=100&ssl=1&resize=525%2C300 1.5x, https:\/\/i0.wp.com\/insightcrime.org\/wp-content\/uploads\/2026\/06\/Grupo-Criminal-Estado-Mayor-de-Bloques-y-Frentes-EMBF.jpg?fit=1200%2C900&quality=100&ssl=1&resize=700%2C400 2x, https:\/\/i0.wp.com\/insightcrime.org\/wp-content\/uploads\/2026\/06\/Grupo-Criminal-Estado-Mayor-de-Bloques-y-Frentes-EMBF.jpg?fit=1200%2C900&quality=100&ssl=1&resize=1050%2C600 3x"},"classes":[]},{"id":292069,"url":"https:\/\/insightcrime.org\/es\/noticias\/violencia-suroccidente-colombia-extiende-costa-pacifica\/","url_meta":{"origin":9001,"position":5},"title":"La violencia se recrudece en la costa pac\u00edfica del Cauca a medida que se extiende el conflicto","author":"Sergio Saffon","date":"13 de septiembre de 2024","format":false,"excerpt":"Una oleada de atentados en el suroccidente de Colombia refleja el desbordamiento de los altos niveles de violencia de la regi\u00f3n hacia nuevos territorios.\u00a0","rel":"","context":"En \u00abNoticias\u00bb","block_context":{"text":"Noticias","link":"https:\/\/insightcrime.org\/es\/category\/noticias\/"},"img":{"alt_text":"A man looks at the aftermath of a bomb allegedly planted by FARC dissidents in Timbiqu\u00ed, Cauca. Credit: El Colombiano","src":"https:\/\/i0.wp.com\/insightcrime.org\/wp-content\/uploads\/2024\/09\/Timbiqui-explosion.jpg?fit=350%2C250&quality=100&ssl=1&resize=350%2C200","width":350,"height":200},"classes":[]}],"jetpack_featured_media_url":"https:\/\/i0.wp.com\/insightcrime.org\/wp-content\/uploads\/2016\/07\/es-16-07-14VA-bagre-1RicardoCruz.jpg?fit=400%2C258&quality=100&ssl=1","_links":{"self":[{"href":"https:\/\/insightcrime.org\/es\/wp-json\/wp\/v2\/posts\/9001","targetHints":{"allow":["GET"]}}],"collection":[{"href":"https:\/\/insightcrime.org\/es\/wp-json\/wp\/v2\/posts"}],"about":[{"href":"https:\/\/insightcrime.org\/es\/wp-json\/wp\/v2\/types\/post"}],"author":[{"embeddable":true,"href":"https:\/\/insightcrime.org\/es\/wp-json\/wp\/v2\/users\/37"}],"replies":[{"embeddable":true,"href":"https:\/\/insightcrime.org\/es\/wp-json\/wp\/v2\/comments?post=9001"}],"version-history":[{"count":3,"href":"https:\/\/insightcrime.org\/es\/wp-json\/wp\/v2\/posts\/9001\/revisions"}],"predecessor-version":[{"id":71915,"href":"https:\/\/insightcrime.org\/es\/wp-json\/wp\/v2\/posts\/9001\/revisions\/71915"}],"wp:featuredmedia":[{"embeddable":true,"href":"https:\/\/insightcrime.org\/es\/wp-json\/wp\/v2\/media\/44751"}],"wp:attachment":[{"href":"https:\/\/insightcrime.org\/es\/wp-json\/wp\/v2\/media?parent=9001"}],"wp:term":[{"taxonomy":"category","embeddable":true,"href":"https:\/\/insightcrime.org\/es\/wp-json\/wp\/v2\/categories?post=9001"},{"taxonomy":"post_tag","embeddable":true,"href":"https:\/\/insightcrime.org\/es\/wp-json\/wp\/v2\/tags?post=9001"},{"taxonomy":"newspack_spnsrs_tax","embeddable":true,"href":"https:\/\/insightcrime.org\/es\/wp-json\/wp\/v2\/newspack_spnsrs_tax?post=9001"},{"taxonomy":"author","embeddable":true,"href":"https:\/\/insightcrime.org\/es\/wp-json\/wp\/v2\/coauthors?post=9001"}],"curies":[{"name":"wp","href":"https:\/\/api.w.org\/{rel}","templated":true}]}}