{"id":9008,"date":"2016-07-18T21:50:32","date_gmt":"2017-03-28T00:17:46","guid":{"rendered":"http:\/\/newwp.insightcrime.org?p=9008"},"modified":"2023-04-24T15:53:07","modified_gmt":"2023-04-24T20:53:07","slug":"sentencia-judicial-genera-controversia-torno-paraeconomia-colombia","status":"publish","type":"post","link":"https:\/\/insightcrime.org\/es\/noticias\/analisis\/sentencia-judicial-genera-controversia-torno-paraeconomia-colombia\/","title":{"rendered":"Sentencia judicial genera controversia en torno a &#8216;paraeconom\u00eda&#8217; en Colombia"},"content":{"rendered":"\n<p class=\"wp-block-paragraph\">Una reciente sentencia del Tribunal de Justicia y Paz de Colombia, en la que se mencionaba a Postob\u00f3n, pidi\u00f3 que los empleados de la emblem\u00e1tica empresa de bebidas gaseosas fueran investigados por posibles colaboraciones en el pasado con un grupo paramilitar y no implic\u00f3 de manera expl\u00edcita a la empresa, seg\u00fan lo demuestran los documentos de la corte.<\/p>\n\n\n\n<p class=\"wp-block-paragraph\">Varios medios de comunicaci\u00f3n, incluyendo InSight Crime, informaron inicialmente que la sentencia del 11 de julio le solicitaba a la Fiscal\u00eda General de Colombia que ofreciera detalles sobre el estado de las investigaciones sobre la presunta financiaci\u00f3n de paramilitares por parte de Postob\u00f3n.<\/p>\n\n\n\n<p class=\"wp-block-paragraph\">Desde entonces, <a href=\"https:\/\/www.verdadabierta.com\/justicia-y-paz\/juicios\/615-bloque-norte-autodefensas-campesinas-del-sur-de-cesar\/6339-tribunal-no-ordeno-investigacion-contra-postobon\" target=\"_blank\">Verdad Abierta&nbsp; ha se\u00f1alado<\/a>, como InSight Crime ha podido confirmar, que la sentencia no implica directamente a la compa\u00f1\u00eda, aunque un juez que est\u00e1 en desacuerdo escribi\u00f3 que \u201cinsin\u00faa que Postob\u00f3n podr\u00eda haber aportado dineros al grupo ilegal\u201d.<\/p>\n\n\n\n<p class=\"wp-block-paragraph\">Una de las \u00faltimas resoluciones, que aparece en la p\u00e1gina final de la sentencia, la cual consta de 522 p\u00e1ginas, se\u00f1ala: \u201cExhortar a la Fiscal\u00eda General de la Naci\u00f3n, para que investigue lo relacionado con las citas consignadas en este fallo, que presuntamente implican a empleados de la empresa Postob\u00f3n.\u201d<\/p>\n\n\n\n<p class=\"wp-block-paragraph\">En el veredicto se condena a Javier Antonio Quintero Coronel, alias \u201cPica Pica\u201d, a ocho a\u00f1os de prisi\u00f3n por cr\u00edmenes cometidos durante su militancia en el bloque paramilitar H\u00e9ctor Julio Peinado Becerra (HJPB). Dicho bloque hac\u00eda parte de las Autodefensas Unidas de Colombia (AUC), un grupo contrainsurgente fuertemente involucrado en el crimen organizado, que aterroriz\u00f3 a Colombia durante la \u00faltima d\u00e9cada del siglo XX y la primera d\u00e9cada del nuevo siglo.<\/p>\n\n\n\n<p class=\"wp-block-paragraph\">La sentencia incluye el testimonio dado en octubre de 2008 por Armando Madriaga Pic\u00f3n \u2014quien era miembro del HJPB\u2014, en el cual detalla sus relaciones con un distribuidor de Postob\u00f3n cuyo nombre no se ha divulgado.<\/p>\n\n\n\n<p class=\"wp-block-paragraph\">\u201cEl distribuidor de la empresa le daba mensualmente 15 cajas de bebidas para luego \u00e9l negociarlas en un dep\u00f3sito\u201d, dijo Madariaga. \u201cLe ordenaba al carro que repart\u00eda que las dejara en tal lado y el del dep\u00f3sito me daba 150.000 pesos mensuales [unos US$80 en esa \u00e9poca] por esa gaseosa\u201d.<\/p>\n\n\n\n<p class=\"wp-block-paragraph\">&nbsp;\u201cEso lo orden\u00f3 el gerente de Postob\u00f3n que estaba el a\u00f1o 1999 o 2000. Unas cuotas eran voluntarias y otras obligatorias\u201d.<\/p>\n\n\n\n<p class=\"wp-block-paragraph\">Postob\u00f3n <a href=\"https:\/\/www.elcolombiano.com\/negocios\/postobon-rechaza-nexo-con-paras-KA4552268\" target=\"_blank\">ha rechazado<\/a> las afirmaciones que acusan a la compa\u00f1\u00eda de v\u00ednculos con las organizaciones paramilitares, se\u00f1alando que <a href=\"https:\/\/www.minuto30.com\/postobon-desmintio-las-acusaciones-hechas-por-paramilitares-en-su-contra-y-dice-que-protegera-su-nombre\/496929\/\" target=\"_blank\">sus negocios siempre han sido legales<\/a> y que ha mantenido un estricto c\u00f3digo de conducta basado en f\u00e9rreos principios y valores.<\/p>\n\n\n\n<p class=\"wp-block-paragraph\">En su refutaci\u00f3n parcial (<a href=\"https:\/\/es.insightcrime.org\/images\/PDFs\/2016\/DissentingOpinion_Quintero_CoronelCase.pdf\" target=\"_blank\">pdf<\/a>), el juez Eduardo Castellanos Roso \u2014quien firm\u00f3 el fallo pero no incluy\u00f3 en sus objeciones varios de los hallazgos\u2014 objet\u00f3, con base en contenidos constitucionales, los hallazgos de la corte seg\u00fan los cuales las empresas privadas con supuestas relaciones con los paramilitares deben ser responsabilizadas como \u201cautores mediatos\u201d de los cr\u00edmenes del frente HJPB.<\/p>\n\n\n\n<p class=\"wp-block-paragraph\">Castellanos Roso se refiri\u00f3 al testimonio de Madriaga Pic\u00f3n como \u201cun testimonio ambiguo, se aventura a mencionar a Postob\u00f3n como colaborador de un grupo ilegal y a disponer la investigaci\u00f3n de sus servidores, me parece una declaraci\u00f3n ligera, ofensiva del patrimonio moral y el buen nombre de una compa\u00f1\u00eda.\u201d<\/p>\n\n\n\n<p class=\"wp-block-paragraph\"><a href=\"https:\/\/lasillavacia.com\/historia\/postobon-y-los-paras-cero-y-van-cuatro-56416\" target=\"_blank\">Seg\u00fan La Silla Vac\u00eda<\/a>, otros exparamilitares tambi\u00e9n acusan a Postob\u00f3n de hacer pagos a varios frentes de las AUC, incluyendo pagos anuales de 10 millones de pesos (unos US$4.000 en ese momento) entre 2001 y 2004 por cada departamento de la costa Caribe. Entre quienes hacen tales afirmaciones se encuentra el comandante superior de las AUC, Salvatore Mancuso.<\/p>\n\n\n\n<p class=\"wp-block-paragraph\"><span style=\"color: #800000;\"><strong>VEA TAMBI\u00c9N:<\/strong><\/span> <a href=\"\/noticias-sobre-crimen-organizado-en-colombia\/auc\" target=\"_blank\">Noticias y perfil de las AUC<\/a><\/p>\n\n\n\n<p class=\"wp-block-paragraph\">La sentencia del tribunal se\u00f1ala que Quintero Coronel es culpable, mientras era militante del HJPB en Norte de Santander y Sur de Cesar, de una larga lista de cr\u00edmenes que ilustran el terror impuesto por los paramilitares: conspiraci\u00f3n agravada, homicidio, secuestro simple y agravado, secuestro extorsivo, actos de terrorismo, amenazas, desplazamiento forzado, torturas, saqueo del campo de batalla, lesiones personales, desaparici\u00f3n forzada, destrucci\u00f3n y apropiaci\u00f3n de la propiedad y posesi\u00f3n agravada de documentos p\u00fablicos falsos.<\/p>\n\n\n\n<p class=\"wp-block-paragraph\">Con base en los t\u00e9rminos del acuerdo que llev\u00f3 a la desmovilizaci\u00f3n de los paramilitares, la sentencia conmut\u00f3 la pena de Quintero Coronel de 40 a ocho a\u00f1os.<\/p>\n\n\n\n<p class=\"wp-block-paragraph\">Fundada en 1904, Postob\u00f3n tiene presencia en toda Colombia y es la mayor compa\u00f1\u00eda de bebidas gaseosas del pa\u00eds y una de las m\u00e1s grandes de Suram\u00e9rica. Durante los \u00faltimos a\u00f1os, varias marcas destacadas, como<a href=\"https:\/\/inthesetimes.com\/article\/14294\/chiquita_republic\" target=\"_blank\"> Chiquita Bananas<\/a>, <a href=\"https:\/\/www.alternet.org\/world\/nestle-involved-murder-colombian-union-leader\" target=\"_blank\">Nestl\u00e9<\/a> y <a href=\"https:\/\/www.nytimes.com\/2001\/07\/26\/world\/union-says-coca-cola-in-colombia-uses-thugs.html\" target=\"_blank\">Coca Cola<\/a>, han sido sospechosas de colaborar con las AUC.<\/p>\n\n\n\n<h3 class=\"wp-block-heading\">An\u00e1lisis de InSight Crime<\/h3>\n\n\n\n<p class=\"wp-block-paragraph\">Desde que las AUC se desmovilizaron en 2006, han surgido una serie de esc\u00e1ndalos con respecto a la colusi\u00f3n entre funcionarios, el sector privado y los paramilitares. El m\u00e1s sobresaliente es el esc\u00e1ndalo de la \u201cparapol\u00edtica\u201d, que puso al descubierto evidencias <a href=\"\/news\/analysis\/report-links-between-crime-and-politics-in-colombia-may-weaken\" target=\"_blank\">de v\u00ednculos y cooperaci\u00f3n de los paramilitares con cientos de altos funcionarios pol\u00edticos<\/a> y <a href=\"\/noticias\/noticias-del-dia\/coronel-de-colombia-es-sentenciado-a-19-anos-por-vinculos-paramilitares\" target=\"_blank\">militares de Colombia<\/a>. De hecho, la sentencia de Quintero Coronel da cuenta de manera detallada de las colaboraciones del frente paramilitar con oficiales militares y pol\u00edticos en su \u00e1rea de influencia.<\/p>\n\n\n\n<p class=\"wp-block-paragraph\">Sin embargo, ha habido pocas investigaciones sobre la \u201cparaeconom\u00eda\u201d, a pesar de la gran cantidad de testimonios sobre los v\u00ednculos entre las AUC y el sector industrial, lo cual incluye acusaciones de que las empresas les pagaban a los paramilitares para amenazar y asesinar a trabajadores y sindicalistas que les resultaban inc\u00f3modos. Con lo que las investigaciones han tropezado a menudo es con el oscuro tema de si los pagos fueron voluntarios u obligatorios, y si las empresas recibieron algo cambio.<\/p>\n\n\n\n<p class=\"wp-block-paragraph\">El aparente desacuerdo entre los jueces acerca de si mencionar o no a Postob\u00f3n en la sentencia de Quintero Coronel es una muestra de que hay heridas abiertas en la psiquis colombiana, que indican que el proceso de desmovilizaci\u00f3n paramilitar a\u00fan no ha sanado.<\/p>\n","protected":false},"excerpt":{"rendered":"<p>Una reciente sentencia del Tribunal de Justicia y Paz de Colombia, en la que se mencionaba a Postob\u00f3n, pidi\u00f3 que los empleados de la emblem\u00e1tica empresa de bebidas gaseosas fueran investigados por posibles colaboraciones en el pasado con un grupo paramilitar y no implic\u00f3 de manera expl\u00edcita a la empresa, seg\u00fan lo demuestran los documentos de la corte.<\/p>\n","protected":false},"author":64,"featured_media":44777,"comment_status":"closed","ping_status":"closed","sticky":false,"template":"","format":"standard","meta":{"newspack_ads_suppress_ads":false,"newspack_popups_has_disabled_popups":false,"newspack_sponsor_sponsorship_scope":"","newspack_sponsor_native_byline_display":"inherit","newspack_sponsor_native_category_display":"inherit","newspack_sponsor_underwriter_style":"inherit","newspack_sponsor_underwriter_placement":"inherit","_EventAllDay":false,"_EventTimezone":"","_EventStartDate":"","_EventEndDate":"","_EventStartDateUTC":"","_EventEndDateUTC":"","_EventShowMap":false,"_EventShowMapLink":false,"_EventURL":"","_EventCost":"","_EventCostDescription":"","_EventCurrencySymbol":"","_EventCurrencyCode":"","_EventCurrencyPosition":"","_EventDateTimeSeparator":"","_EventTimeRangeSeparator":"","_EventOrganizerID":[],"_EventVenueID":[],"_OrganizerEmail":"","_OrganizerPhone":"","_OrganizerWebsite":"","_VenueAddress":"","_VenueCity":"","_VenueCountry":"","_VenueProvince":"","_VenueState":"","_VenueZip":"","_VenuePhone":"","_VenueURL":"","_VenueStateProvince":"","_VenueLat":"","_VenueLng":"","_VenueShowMap":false,"_VenueShowMapLink":false,"_newspack_byline_active":false,"_newspack_byline":"","newspack_hide_updated_date":false,"newspack_show_updated_date":false,"newspack_featured_image_position":"","newspack_post_subtitle":"","newspack_article_summary_title":"Overview:","newspack_article_summary":"","_jetpack_memberships_contains_paid_content":false,"footnotes":""},"categories":[340],"tags":[390,368],"newspack_spnsrs_tax":[],"coauthors":[4018,3872],"class_list":["post-9008","post","type-post","status-publish","format-standard","has-post-thumbnail","hentry","category-analisis","tag-las-auc","tag-colombia-pais","entry"],"parsely":{"version":"1.1.0","canonical_url":"https:\/\/insightcrime.org\/es\/noticias\/analisis\/sentencia-judicial-genera-controversia-torno-paraeconomia-colombia\/","smart_links":{"inbound":0,"outbound":0},"traffic_boost_suggestions_count":0,"meta":{"@context":"https:\/\/schema.org","@type":"NewsArticle","headline":"Sentencia judicial genera controversia en torno a &#8216;paraeconom\u00eda&#8217; en Colombia","url":"http:\/\/insightcrime.org\/es\/noticias\/analisis\/sentencia-judicial-genera-controversia-torno-paraeconomia-colombia\/","mainEntityOfPage":{"@type":"WebPage","@id":"http:\/\/insightcrime.org\/es\/noticias\/analisis\/sentencia-judicial-genera-controversia-torno-paraeconomia-colombia\/"},"thumbnailUrl":"https:\/\/i0.wp.com\/insightcrime.org\/wp-content\/uploads\/2016\/07\/es-16-07-13-Colombia-Postobon.jpg?resize=150%2C150&quality=100&ssl=1","image":{"@type":"ImageObject","url":"https:\/\/i0.wp.com\/insightcrime.org\/wp-content\/uploads\/2016\/07\/es-16-07-13-Colombia-Postobon.jpg?fit=250%2C163&quality=100&ssl=1"},"articleSection":"An\u00e1lisis","author":[{"@type":"Person","name":"Dan Alder"},{"@type":"Person","name":"Michael Lohmuller"}],"creator":["Dan Alder","Michael Lohmuller"],"publisher":{"@type":"Organization","name":"InSight Crime","logo":"https:\/\/insightcrime.org\/wp-content\/uploads\/2023\/08\/logo.png"},"keywords":["auc","colombia"],"dateCreated":"2017-03-28T00:17:46Z","datePublished":"2017-03-28T00:17:46Z","dateModified":"2023-04-24T20:53:07Z"},"rendered":"<meta name=\"parsely-title\" content=\"Sentencia judicial genera controversia en torno a &#8216;paraeconom\u00eda&#8217; en Colombia\" \/>\n<meta name=\"parsely-link\" content=\"http:\/\/insightcrime.org\/es\/noticias\/analisis\/sentencia-judicial-genera-controversia-torno-paraeconomia-colombia\/\" \/>\n<meta name=\"parsely-type\" content=\"post\" \/>\n<meta name=\"parsely-image-url\" content=\"https:\/\/i0.wp.com\/insightcrime.org\/wp-content\/uploads\/2016\/07\/es-16-07-13-Colombia-Postobon.jpg?resize=150%2C150&amp;quality=100&amp;ssl=1\" \/>\n<meta name=\"parsely-pub-date\" content=\"2017-03-28T00:17:46Z\" \/>\n<meta name=\"parsely-section\" content=\"An\u00e1lisis\" \/>\n<meta name=\"parsely-tags\" content=\"auc,colombia\" \/>\n<meta name=\"parsely-author\" content=\"Dan Alder\" \/>\n<meta name=\"parsely-author\" content=\"Michael Lohmuller\" \/>","tracker_url":"https:\/\/cdn.parsely.com\/keys\/insightcrime.org\/p.js"},"jetpack_sharing_enabled":true,"jetpack-related-posts":[{"id":232677,"url":"https:\/\/insightcrime.org\/es\/noticias\/salvatore-mancuso-revela-informacion-redes-criminales-auc-colombia\/","url_meta":{"origin":9008,"position":0},"title":"Salvatore Mancuso revela informaci\u00f3n sobre redes criminales de las AUC en Colombia","author":"Sara Garcia","date":"23 de mayo de 2023","format":false,"excerpt":"El testimonio de uno de los comandantes m\u00e1s importantes de las Autodefensas Unidas de Colombia ante la justicia transicional colombiana esboza la relaci\u00f3n de las redes criminales de este grupo con miembros de altas esferas pol\u00edticas, econ\u00f3micas y militares del pa\u00eds.","rel":"","context":"En \u00abNoticias\u00bb","block_context":{"text":"Noticias","link":"https:\/\/insightcrime.org\/es\/category\/noticias\/"},"img":{"alt_text":"Salvatore Mancuso, exl\u00edder paramilitar, en una audiencia de la JEP","src":"https:\/\/i0.wp.com\/insightcrime.org\/wp-content\/uploads\/2023\/09\/Salvatore-Mancuso-1.jpg?fit=350%2C250&quality=100&ssl=1&resize=350%2C200","width":350,"height":200},"classes":[]},{"id":274795,"url":"https:\/\/insightcrime.org\/es\/noticias\/impacto-sentencia-cliver-alcala-redes-narcotrafico-venezuela\/","url_meta":{"origin":9008,"position":1},"title":"\u00bfQu\u00e9 impacto tiene la sentencia de Cliver Alcal\u00e1 en las redes de narcotr\u00e1fico de Venezuela?","author":"Unidad Investigativa de Venezuela","date":"1 de mayo de 2024","format":false,"excerpt":"El desenlace del juicio del exmilitar venezolano Cl\u00edver Alcal\u00e1 en Estados Unidos constituye la primera sentencia contra un miembro de alto rango del denominado Cartel de los Soles, sentando un precedente para los futuros castigos legales que puedan enfrentar los l\u00edderes de esta organizaci\u00f3n.","rel":"","context":"En \u00abNoticias\u00bb","block_context":{"text":"Noticias","link":"https:\/\/insightcrime.org\/es\/category\/noticias\/"},"img":{"alt_text":"Exmilitar venezolano Cliver Alcal\u00e1 en su periodo como general de la Fuerza Armada Nacional Bolivariana (FANB). Cr\u00e9dito: Runrunes","src":"https:\/\/i0.wp.com\/insightcrime.org\/wp-content\/uploads\/2023\/08\/Alcala-Venezuela-Runrunes.jpg?fit=350%2C250&quality=100&ssl=1&resize=350%2C200","width":350,"height":200},"classes":[]},{"id":281908,"url":"https:\/\/insightcrime.org\/es\/the-organization\/insight-crime-citado-en-la-sentencia-de-juan-orlando-hernandez\/","url_meta":{"origin":9008,"position":2},"title":"InSight Crime citado en la sentencia de Juan Orlando Hern\u00e1ndez","author":"InSight Crime","date":"1 de julio de 2024","format":false,"excerpt":"El gobierno estadounidense cit\u00f3 a InSight Crime en la sentencia de Juan Orlando Hern\u00e1ndez. La investigaci\u00f3n citada, Asesinato, corrupci\u00f3n y drogas: los libros contables que podr\u00edan hundir al expresidente de Honduras, cuenta la historia de c\u00f3mo los libros contables de la droga se convirtieron en pruebas clave en el juicio\u2026","rel":"","context":"En \u00abThe Organization\u00bb","block_context":{"text":"The Organization","link":"https:\/\/insightcrime.org\/category\/the-organization\/"},"img":{"alt_text":"","src":"https:\/\/i0.wp.com\/insightcrime.org\/wp-content\/uploads\/2024\/07\/JOH.png?fit=1200%2C683&quality=100&ssl=1&resize=350%2C200","width":350,"height":200,"srcset":"https:\/\/i0.wp.com\/insightcrime.org\/wp-content\/uploads\/2024\/07\/JOH.png?fit=1200%2C683&quality=100&ssl=1&resize=350%2C200 1x, https:\/\/i0.wp.com\/insightcrime.org\/wp-content\/uploads\/2024\/07\/JOH.png?fit=1200%2C683&quality=100&ssl=1&resize=525%2C300 1.5x, https:\/\/i0.wp.com\/insightcrime.org\/wp-content\/uploads\/2024\/07\/JOH.png?fit=1200%2C683&quality=100&ssl=1&resize=700%2C400 2x, https:\/\/i0.wp.com\/insightcrime.org\/wp-content\/uploads\/2024\/07\/JOH.png?fit=1200%2C683&quality=100&ssl=1&resize=1050%2C600 3x"},"classes":[]},{"id":204865,"url":"https:\/\/insightcrime.org\/es\/investigaciones\/conexion-ndrangheta-paramilitares-colombia\/","url_meta":{"origin":9008,"position":3},"title":"La conexi\u00f3n de la &#8216;Ndrangheta con paramilitares en Colombia","author":"Douwe den Held","date":"23 de noviembre de 2022","format":false,"excerpt":"Salvatore Mancuso, uno de los comandantes paramilitares m\u00e1s poderosos de Colombia, y Giorgio Sale, empresario italiano con buenas conexiones, se unieron para trabajar en su mutuo enriquecimiento.","rel":"","context":"En \u00abInvestigaciones\u00bb","block_context":{"text":"Investigaciones","link":"https:\/\/insightcrime.org\/es\/category\/investigaciones\/"},"img":{"alt_text":"","src":"https:\/\/i0.wp.com\/insightcrime.org\/wp-content\/uploads\/2022\/11\/Ngrangheta-Cover-Chapter-2.png?fit=1200%2C438&quality=100&ssl=1&resize=350%2C200","width":350,"height":200,"srcset":"https:\/\/i0.wp.com\/insightcrime.org\/wp-content\/uploads\/2022\/11\/Ngrangheta-Cover-Chapter-2.png?fit=1200%2C438&quality=100&ssl=1&resize=350%2C200 1x, https:\/\/i0.wp.com\/insightcrime.org\/wp-content\/uploads\/2022\/11\/Ngrangheta-Cover-Chapter-2.png?fit=1200%2C438&quality=100&ssl=1&resize=525%2C300 1.5x, https:\/\/i0.wp.com\/insightcrime.org\/wp-content\/uploads\/2022\/11\/Ngrangheta-Cover-Chapter-2.png?fit=1200%2C438&quality=100&ssl=1&resize=700%2C400 2x, https:\/\/i0.wp.com\/insightcrime.org\/wp-content\/uploads\/2022\/11\/Ngrangheta-Cover-Chapter-2.png?fit=1200%2C438&quality=100&ssl=1&resize=1050%2C600 3x"},"classes":[]},{"id":272086,"url":"https:\/\/insightcrime.org\/es\/noticias-crimen-organizado-colombia\/salvatore-mancuso\/","url_meta":{"origin":9008,"position":4},"title":"Salvatore Mancuso","author":"InSight Crime","date":"12 de julio de 2024","format":false,"excerpt":"Salvatore Mancuso, alias \u201cEl Mono\u201d o \u201cSantander Lozada\u201d, es un excomandante paramilitar colombiano que hizo parte de las Autodefensas Campesinas de C\u00f3rdoba y Urab\u00e1 (ACCU) y de las Autodefensas Unidas de Colombia (AUC).","rel":"","context":"En \u00abColombia\u00bb","block_context":{"text":"Colombia","link":"https:\/\/insightcrime.org\/es\/category\/noticias-crimen-organizado-colombia\/"},"img":{"alt_text":"Salvatore Mancuso","src":"https:\/\/i0.wp.com\/insightcrime.org\/wp-content\/uploads\/2026\/06\/Perfil-Criminal-Salvatore-Mancuso.jpg?fit=1200%2C900&quality=100&ssl=1&resize=350%2C200","width":350,"height":200,"srcset":"https:\/\/i0.wp.com\/insightcrime.org\/wp-content\/uploads\/2026\/06\/Perfil-Criminal-Salvatore-Mancuso.jpg?fit=1200%2C900&quality=100&ssl=1&resize=350%2C200 1x, https:\/\/i0.wp.com\/insightcrime.org\/wp-content\/uploads\/2026\/06\/Perfil-Criminal-Salvatore-Mancuso.jpg?fit=1200%2C900&quality=100&ssl=1&resize=525%2C300 1.5x, https:\/\/i0.wp.com\/insightcrime.org\/wp-content\/uploads\/2026\/06\/Perfil-Criminal-Salvatore-Mancuso.jpg?fit=1200%2C900&quality=100&ssl=1&resize=700%2C400 2x, https:\/\/i0.wp.com\/insightcrime.org\/wp-content\/uploads\/2026\/06\/Perfil-Criminal-Salvatore-Mancuso.jpg?fit=1200%2C900&quality=100&ssl=1&resize=1050%2C600 3x"},"classes":[]},{"id":137620,"url":"https:\/\/insightcrime.org\/es\/noticias\/pachenca-reaparecen-tras-retorno-lider-colombia\/","url_meta":{"origin":9008,"position":5},"title":"Los Pachenca reaparecen tras el retorno de su l\u00edder a Colombia","author":"Juan Diego Posada","date":"18 de marzo de 2021","format":false,"excerpt":"El retorno del hist\u00f3rico l\u00edder paramilitar Hern\u00e1n Giraldo habr\u00eda unificado la aparici\u00f3n del grupo al norte de Colombia, aunque desde hace a\u00f1os este pierde poder en terreno. Cambios de nombre, rendici\u00f3n y disputas con redes criminales, rodean hoy el escenario de los Pachenca.","rel":"","context":"En \u00abNoticias\u00bb","block_context":{"text":"Noticias","link":"https:\/\/insightcrime.org\/es\/category\/noticias\/"},"img":{"alt_text":"Hern\u00e1n Giraldo es custodiado por guardias colombianos","src":"https:\/\/i0.wp.com\/insightcrime.org\/wp-content\/uploads\/2021\/03\/giraldo_hernan.jpg?fit=350%2C250&quality=100&ssl=1&resize=350%2C200","width":350,"height":200},"classes":[]}],"jetpack_featured_media_url":"https:\/\/i0.wp.com\/insightcrime.org\/wp-content\/uploads\/2016\/07\/es-16-07-13-Colombia-Postobon.jpg?fit=250%2C163&quality=100&ssl=1","_links":{"self":[{"href":"https:\/\/insightcrime.org\/es\/wp-json\/wp\/v2\/posts\/9008","targetHints":{"allow":["GET"]}}],"collection":[{"href":"https:\/\/insightcrime.org\/es\/wp-json\/wp\/v2\/posts"}],"about":[{"href":"https:\/\/insightcrime.org\/es\/wp-json\/wp\/v2\/types\/post"}],"author":[{"embeddable":true,"href":"https:\/\/insightcrime.org\/es\/wp-json\/wp\/v2\/users\/64"}],"replies":[{"embeddable":true,"href":"https:\/\/insightcrime.org\/es\/wp-json\/wp\/v2\/comments?post=9008"}],"version-history":[{"count":3,"href":"https:\/\/insightcrime.org\/es\/wp-json\/wp\/v2\/posts\/9008\/revisions"}],"predecessor-version":[{"id":71912,"href":"https:\/\/insightcrime.org\/es\/wp-json\/wp\/v2\/posts\/9008\/revisions\/71912"}],"wp:featuredmedia":[{"embeddable":true,"href":"https:\/\/insightcrime.org\/es\/wp-json\/wp\/v2\/media\/44777"}],"wp:attachment":[{"href":"https:\/\/insightcrime.org\/es\/wp-json\/wp\/v2\/media?parent=9008"}],"wp:term":[{"taxonomy":"category","embeddable":true,"href":"https:\/\/insightcrime.org\/es\/wp-json\/wp\/v2\/categories?post=9008"},{"taxonomy":"post_tag","embeddable":true,"href":"https:\/\/insightcrime.org\/es\/wp-json\/wp\/v2\/tags?post=9008"},{"taxonomy":"newspack_spnsrs_tax","embeddable":true,"href":"https:\/\/insightcrime.org\/es\/wp-json\/wp\/v2\/newspack_spnsrs_tax?post=9008"},{"taxonomy":"author","embeddable":true,"href":"https:\/\/insightcrime.org\/es\/wp-json\/wp\/v2\/coauthors?post=9008"}],"curies":[{"name":"wp","href":"https:\/\/api.w.org\/{rel}","templated":true}]}}