{"id":9101,"date":"2016-08-15T20:06:09","date_gmt":"2017-03-28T00:18:34","guid":{"rendered":"http:\/\/newwp.insightcrime.org?p=9101"},"modified":"2023-04-24T15:53:43","modified_gmt":"2023-04-24T20:53:43","slug":"pandilla-ms13-busco-armas-grueso-calibre-mexico-y-guatemala","status":"publish","type":"post","link":"https:\/\/insightcrime.org\/es\/noticias\/noticias-del-dia\/pandilla-ms13-busco-armas-grueso-calibre-mexico-y-guatemala\/","title":{"rendered":"MS13 busc\u00f3 armas de grueso calibre en M\u00e9xico y Guatemala"},"content":{"rendered":"\n<p class=\"wp-block-paragraph\">Fiscales salvadore\u00f1os han presentado documentos que afirman que los cabecillas de la MS13 trataron de hacer de la pandilla una \u201cunidad de \u00e9lite\u201d con armas de alto poder compradas en M\u00e9xico y Guatemala, una se\u00f1al de que las conexiones transnacionales del grupo contribuyen a su influencia dom\u00e9stica.<\/p>\n\n\n\n<p class=\"wp-block-paragraph\"><a href=\"https:\/\/www.laprensagrafica.com\/2016\/08\/10\/fgr-el-piwa-intento-organizar-segunda-tregua\" target=\"_blank\">La Prensa Gr\u00e1fica<\/a> y <a href=\"https:\/\/www.eluniversal.com.mx\/articulo\/nacion\/seguridad\/2016\/08\/11\/iban-maras-por-fusiles-mexicanos-ilegales\" target=\"_blank\">El Universal<\/a> revisaron un documento de 1.335 p\u00e1ginas, que habr\u00eda sido presentado por la Fiscal\u00eda General de El Salvador, en el que el supuesto l\u00edder de la Mara Salvatrucha (MS13) Marvin Adaly Ramos Quintanilla, alias \u201cPiwa\u201d, habr\u00eda planeado entrenar una \u201cunidad de \u00e9lite\u201d compuesta por 500 pandilleros y armarlos con armas potentes provenientes de M\u00e9xico y Guatemala, con el objetivo de realizar ataques contra propietarios de negocios, fuerzas de seguridad, funcionarios judiciales y pol\u00edticos.<\/p>\n\n\n\n<p class=\"wp-block-paragraph\">Seg\u00fan el reportaje sobre el documento, en este se constata que \u201cel proyecto de la mara consiste en recolectar dinero mensualmente, producto de las extorsiones, para compra de armamento [\u2026] para equipar a 500 elementos de la MS13, dos por cada una de las 249 clicas (n\u00facleos) a escala nacional y conformar equipos \u00e9lites de choque para atentados al sistema de seguridad\u201d.<\/p>\n\n\n\n<p class=\"wp-block-paragraph\">El documento presentado como parte de un nuevo caso <a href=\"\/noticias\/analisis\/operacion-jaque-reitera-participacion-estado-salvadoreno-crecimiento-ms13\" target=\"_blank\">de gran magnitud<\/a> contra docenas de supuestos pandilleros,&nbsp; presuntamente afirma que el objetivo de estos \u201cequipos de choque\u201d era realizar ataques \u201cselectivos y simult\u00e1neos\u201d contra blancos de alto perfil \u201ctodo con la finalidad de desestabilizar al Estado\u201d.<\/p>\n\n\n\n<p class=\"wp-block-paragraph\">Aunque la informaci\u00f3n de prensa no permite inferir el avance de la pandilla con este plan, La Prensa Gr\u00e1fica inform\u00f3 que entre abril de este a\u00f1o y su arresto a finales de julio, Piwa supervis\u00f3 la compra de 30 chalecos antibala y m\u00faltiples cargamentos de granadas y armas de fuego de grueso calibre.<\/p>\n\n\n\n<p class=\"wp-block-paragraph\">El medio informativo tambi\u00e9n inform\u00f3 que los fiscales acusan a miembros sospechosos de la MS13 de tratar de adquirir armas en M\u00e9xico y Guatemala \u201cpor precios que oscilan entre los US$2.000 y US$3.000 y que tengan capacidad de derribar helic\u00f3pteros\u201d. No es claro si esos intentos de compra fueron exitosos.<\/p>\n\n\n\n<h3 class=\"wp-block-heading\">An\u00e1lisis de InSight Crime<\/h3>\n\n\n\n<p class=\"wp-block-paragraph\">Hay <a href=\"\/noticias\/analisis\/6-ideas-equivocadas-sobre-ms13\" target=\"_blank\">un debate<\/a> de importante entre los expertos sobre el alcance de la coordinaci\u00f3n entre la MS13 en El Salvador y las clicas que operan en pa\u00edses como M\u00e9xico, Guatemala, Honduras y Estados Unidos. Sin embargo, las acusaciones recientes indican que la MS13 estar\u00eda buscando activamente formar alianzas con criminales de pa\u00edses vecinos, lo cual a su vez facilitar\u00e1 la actuaci\u00f3n de la pandilla dentro de El Salvador.<\/p>\n\n\n\n<p class=\"wp-block-paragraph\"><span style=\"color: #800000\"><strong>VEA TAMBI\u00c9N:<\/strong><\/span> <a href=\"\/noticias-sobre-crimen-organizado-en-el-salvador\" target=\"_blank\">Noticias y perfiles de El Salvador<\/a><\/p>\n\n\n\n<p class=\"wp-block-paragraph\">El Salvador <a href=\"https:\/\/securityassistance.org\/blog\/arming-conflict-el-salvador\u2019s-gun-market\" target=\"_blank\">no tiene una industria local de manufactura de armas<\/a>, lo cual supone que todas las armas que circulan en el pa\u00eds \u2014tanto legales como ilegales\u2014 tuvieron que ser importadas en alg\u00fan punto. Por lo anterior, no sorprender\u00eda que pandilleros de El Salvador recibieran ayuda de sus contrapartes en el exterior en la b\u00fasqueda de armas que no pueden obtener localmente.<\/p>\n\n\n\n<p class=\"wp-block-paragraph\">Al mismo tiempo, las pandillas tambi\u00e9n tienen acceso a un n\u00famero importante de armas en El Salvador que se filtran de los arsenales del ej\u00e9rcito y la polic\u00eda. Un <a href=\"https:\/\/www.laprensagrafica.com\/2016\/08\/11\/testigo-implica-a-oficiales-de-faes-en-venta-de-armas-a-ms\" target=\"_blank\">testigo<\/a> citado por los fiscales testific\u00f3 que oficiales de las fuerzas armadas le vendieron tres metralletas M-60 de alto poder a pandilleros. Esto no es ninguna sorpresa; <a href=\"\/noticias\/noticias-del-dia\/gobierno-salvador-hace-vista-gorda-trafico-armas-ejercito\" target=\"_blank\">en repetidas ocasiones<\/a> las fuerzas de seguridad salvadore\u00f1as se han visto implicadas en actividades de tr\u00e1fico de armas en los \u00faltimos a\u00f1os.<\/p>\n","protected":false},"excerpt":{"rendered":"<p>Fiscales salvadore\u00f1os han presentado documentos que afirman que los cabecillas de la MS13 trataron de hacer de la pandilla una \u00abunidad de \u00e9lite\u00bb con armas de alto poder compradas en M\u00e9xico y Guatemala, una se\u00f1al de que las conexiones transnacionales del grupo contribuyen a su influencia dom\u00e9stica.<\/p>\n","protected":false},"author":54,"featured_media":44939,"comment_status":"closed","ping_status":"closed","sticky":false,"template":"","format":"standard","meta":{"newspack_ads_suppress_ads":false,"newspack_popups_has_disabled_popups":false,"newspack_sponsor_sponsorship_scope":"","newspack_sponsor_native_byline_display":"inherit","newspack_sponsor_native_category_display":"inherit","newspack_sponsor_underwriter_style":"inherit","newspack_sponsor_underwriter_placement":"inherit","_EventAllDay":false,"_EventTimezone":"","_EventStartDate":"","_EventEndDate":"","_EventStartDateUTC":"","_EventEndDateUTC":"","_EventShowMap":false,"_EventShowMapLink":false,"_EventURL":"","_EventCost":"","_EventCostDescription":"","_EventCurrencySymbol":"","_EventCurrencyCode":"","_EventCurrencyPosition":"","_EventDateTimeSeparator":"","_EventTimeRangeSeparator":"","_EventOrganizerID":[],"_EventVenueID":[],"_OrganizerEmail":"","_OrganizerPhone":"","_OrganizerWebsite":"","_VenueAddress":"","_VenueCity":"","_VenueCountry":"","_VenueProvince":"","_VenueState":"","_VenueZip":"","_VenuePhone":"","_VenueURL":"","_VenueStateProvince":"","_VenueLat":"","_VenueLng":"","_VenueShowMap":false,"_VenueShowMapLink":false,"_newspack_byline_active":false,"_newspack_byline":"","newspack_hide_updated_date":false,"newspack_show_updated_date":false,"newspack_featured_image_position":"","newspack_post_subtitle":"","newspack_article_summary_title":"Overview:","newspack_article_summary":"","_jetpack_memberships_contains_paid_content":false,"footnotes":""},"categories":[334],"tags":[1540,374,406,1500],"newspack_spnsrs_tax":[],"coauthors":[3989],"class_list":["post-9101","post","type-post","status-publish","format-standard","has-post-thumbnail","hentry","category-noticias-del-dia","tag-el-salvador-pais","tag-guatemala-pais","tag-mexico-pais","tag-ms13-es","entry"],"parsely":{"version":"1.1.0","canonical_url":"https:\/\/insightcrime.org\/es\/noticias\/noticias-del-dia\/pandilla-ms13-busco-armas-grueso-calibre-mexico-y-guatemala\/","smart_links":{"inbound":0,"outbound":0},"traffic_boost_suggestions_count":0,"meta":{"@context":"https:\/\/schema.org","@type":"NewsArticle","headline":"MS13 busc\u00f3 armas de grueso calibre en M\u00e9xico y Guatemala","url":"http:\/\/insightcrime.org\/es\/noticias\/noticias-del-dia\/pandilla-ms13-busco-armas-grueso-calibre-mexico-y-guatemala\/","mainEntityOfPage":{"@type":"WebPage","@id":"http:\/\/insightcrime.org\/es\/noticias\/noticias-del-dia\/pandilla-ms13-busco-armas-grueso-calibre-mexico-y-guatemala\/"},"thumbnailUrl":"https:\/\/i0.wp.com\/insightcrime.org\/wp-content\/uploads\/2016\/08\/es-16-08-11-ESV-Armas.png?resize=150%2C150&quality=100&ssl=1","image":{"@type":"ImageObject","url":"https:\/\/i0.wp.com\/insightcrime.org\/wp-content\/uploads\/2016\/08\/es-16-08-11-ESV-Armas.png?fit=250%2C187&quality=100&ssl=1"},"articleSection":"Noticias del d\u00eda","author":[{"@type":"Person","name":"Mike LaSusa"}],"creator":["Mike LaSusa"],"publisher":{"@type":"Organization","name":"InSight Crime","logo":"https:\/\/insightcrime.org\/wp-content\/uploads\/2023\/08\/logo.png"},"keywords":["el salvador","guatemala","m\u00e9xico","ms13"],"dateCreated":"2017-03-28T00:18:34Z","datePublished":"2017-03-28T00:18:34Z","dateModified":"2023-04-24T20:53:43Z"},"rendered":"<meta name=\"parsely-title\" content=\"MS13 busc\u00f3 armas de grueso calibre en M\u00e9xico y Guatemala\" \/>\n<meta name=\"parsely-link\" content=\"http:\/\/insightcrime.org\/es\/noticias\/noticias-del-dia\/pandilla-ms13-busco-armas-grueso-calibre-mexico-y-guatemala\/\" \/>\n<meta name=\"parsely-type\" content=\"post\" \/>\n<meta name=\"parsely-image-url\" content=\"https:\/\/i0.wp.com\/insightcrime.org\/wp-content\/uploads\/2016\/08\/es-16-08-11-ESV-Armas.png?resize=150%2C150&amp;quality=100&amp;ssl=1\" \/>\n<meta name=\"parsely-pub-date\" content=\"2017-03-28T00:18:34Z\" \/>\n<meta name=\"parsely-section\" content=\"Noticias del d\u00eda\" \/>\n<meta name=\"parsely-tags\" content=\"el salvador,guatemala,m\u00e9xico,ms13\" \/>\n<meta name=\"parsely-author\" content=\"Mike LaSusa\" \/>","tracker_url":"https:\/\/cdn.parsely.com\/keys\/insightcrime.org\/p.js"},"jetpack_sharing_enabled":true,"jetpack-related-posts":[{"id":211474,"url":"https:\/\/insightcrime.org\/es\/noticias\/programa-mexico-ms13-negociaciones-pandillas-gobierno\/","url_meta":{"origin":9101,"position":0},"title":"Programa M\u00e9xico de la MS13 clave en las negociaciones entre pandillas y gobierno salvadore\u00f1o","author":"Parker Asmann","date":"1 de marzo de 2023","format":false,"excerpt":"Las autoridades estadounidenses han realizado una serie de arrestos que podr\u00edan asestar un duro golpe al Programa M\u00e9xico de la MS13 y podr\u00edan arrojar luz sobre las presuntas negociaciones del grupo con el presidente salvadore\u00f1o Nayib Bukele. Los fiscales del Distrito Este de Nueva York dieron a conocer una acusaci\u00f3n\u2026","rel":"","context":"En \u00abNoticias\u00bb","block_context":{"text":"Noticias","link":"https:\/\/insightcrime.org\/es\/category\/noticias\/"},"img":{"alt_text":"","src":"https:\/\/i0.wp.com\/insightcrime.org\/wp-content\/uploads\/2023\/02\/2023-02-28-MS13-US-Indictment.jpeg?fit=1200%2C690&quality=100&ssl=1&resize=350%2C200","width":350,"height":200,"srcset":"https:\/\/i0.wp.com\/insightcrime.org\/wp-content\/uploads\/2023\/02\/2023-02-28-MS13-US-Indictment.jpeg?fit=1200%2C690&quality=100&ssl=1&resize=350%2C200 1x, https:\/\/i0.wp.com\/insightcrime.org\/wp-content\/uploads\/2023\/02\/2023-02-28-MS13-US-Indictment.jpeg?fit=1200%2C690&quality=100&ssl=1&resize=525%2C300 1.5x, https:\/\/i0.wp.com\/insightcrime.org\/wp-content\/uploads\/2023\/02\/2023-02-28-MS13-US-Indictment.jpeg?fit=1200%2C690&quality=100&ssl=1&resize=700%2C400 2x, https:\/\/i0.wp.com\/insightcrime.org\/wp-content\/uploads\/2023\/02\/2023-02-28-MS13-US-Indictment.jpeg?fit=1200%2C690&quality=100&ssl=1&resize=1050%2C600 3x"},"classes":[]},{"id":209292,"url":"https:\/\/insightcrime.org\/es\/noticias\/extorsion-sur-mexico-indica-migracion-pandillas-centroamericanas\/","url_meta":{"origin":9101,"position":1},"title":"Extorsi\u00f3n en el sur de M\u00e9xico indica migraci\u00f3n de pandillas centroamericanas","author":"Sean Doherty","date":"30 de enero de 2023","format":false,"excerpt":"Las denuncias de aumento de la extorsi\u00f3n en el sur de M\u00e9xico indican que las campa\u00f1as antipandillas en Centroam\u00e9rica pueden estar llevando a la migraci\u00f3n de pandilleros, que engrosan las filas de lo que fueran modestos programas mexicanos y les permiten redoblar sus actividades criminales.","rel":"","context":"En \u00abNoticias\u00bb","block_context":{"text":"Noticias","link":"https:\/\/insightcrime.org\/es\/category\/noticias\/"},"img":{"alt_text":"Pandilleros de la MS13 arrestados en El Salvador","src":"https:\/\/i0.wp.com\/insightcrime.org\/wp-content\/uploads\/2023\/01\/ms-13-gang-border-02-1-1.jpg?fit=350%2C250&quality=100&ssl=1&resize=350%2C200","width":350,"height":200},"classes":[]},{"id":191993,"url":"https:\/\/insightcrime.org\/es\/noticias\/conexiones-politicas-ayudan-cabecillas-ms13-escapar-salvador\/","url_meta":{"origin":9101,"position":2},"title":"Conexiones pol\u00edticas ayudan a cabecillas de la MS13 a escapar de El Salvador","author":"Parker Asmann","date":"19 de julio de 2022","format":false,"excerpt":"La liberaci\u00f3n de un importante cabecilla de la MS13 de una prisi\u00f3n de m\u00e1xima seguridad de El Salvador, y su posterior fuga, ponen de manifiesto la capacidad que tiene la pandilla para aprovechar sus conexiones pol\u00edticas y las redes transnacionales para proteger a los miembros m\u00e1s importantes de la organizaci\u00f3n.","rel":"","context":"En \u00abNoticias\u00bb","block_context":{"text":"Noticias","link":"https:\/\/insightcrime.org\/es\/category\/noticias\/"},"img":{"alt_text":"MS13 members in prison in El Salvador","src":"https:\/\/i0.wp.com\/insightcrime.org\/wp-content\/uploads\/2022\/07\/El-Salvador-Imprisoned-gang-members-face-masks-AP_20248762682929-Sep-2020-A2-1.jpg?fit=1200%2C675&quality=100&ssl=1&resize=350%2C200","width":350,"height":200,"srcset":"https:\/\/i0.wp.com\/insightcrime.org\/wp-content\/uploads\/2022\/07\/El-Salvador-Imprisoned-gang-members-face-masks-AP_20248762682929-Sep-2020-A2-1.jpg?fit=1200%2C675&quality=100&ssl=1&resize=350%2C200 1x, https:\/\/i0.wp.com\/insightcrime.org\/wp-content\/uploads\/2022\/07\/El-Salvador-Imprisoned-gang-members-face-masks-AP_20248762682929-Sep-2020-A2-1.jpg?fit=1200%2C675&quality=100&ssl=1&resize=525%2C300 1.5x, https:\/\/i0.wp.com\/insightcrime.org\/wp-content\/uploads\/2022\/07\/El-Salvador-Imprisoned-gang-members-face-masks-AP_20248762682929-Sep-2020-A2-1.jpg?fit=1200%2C675&quality=100&ssl=1&resize=700%2C400 2x, https:\/\/i0.wp.com\/insightcrime.org\/wp-content\/uploads\/2022\/07\/El-Salvador-Imprisoned-gang-members-face-masks-AP_20248762682929-Sep-2020-A2-1.jpg?fit=1200%2C675&quality=100&ssl=1&resize=1050%2C600 3x"},"classes":[]},{"id":249413,"url":"https:\/\/insightcrime.org\/es\/investigaciones\/pandillas-fuga-como-mano-dura-bukele-llevo-pandillas-clandestinidad\/","url_meta":{"origin":9101,"position":3},"title":"Pandillas a la fuga: C\u00f3mo la mano dura de Bukele llev\u00f3 a las pandillas a la clandestinidad","author":"Alex Papadovassilakis","date":"6 de diciembre de 2023","format":false,"excerpt":"Al huir de El Salvador, Felipe* se uni\u00f3 a una larga lista de pandilleros y expandilleros que buscan refugio en el extranjero, principalmente en M\u00e9xico, Centroam\u00e9rica y Estados Unidos. Otros, ante la falta de dinero para viajar o de un medio para pasar seguros, permanecen escondidos en El Salvador.\u00a0 InSight\u2026","rel":"","context":"En \u00abInvestigaciones\u00bb","block_context":{"text":"Investigaciones","link":"https:\/\/insightcrime.org\/es\/category\/investigaciones\/"},"img":{"alt_text":"","src":"https:\/\/i0.wp.com\/insightcrime.org\/wp-content\/uploads\/2023\/11\/El-Salvador-Cover-Cap-4-Dic-2023.jpg?fit=1200%2C576&quality=100&ssl=1&resize=350%2C200","width":350,"height":200,"srcset":"https:\/\/i0.wp.com\/insightcrime.org\/wp-content\/uploads\/2023\/11\/El-Salvador-Cover-Cap-4-Dic-2023.jpg?fit=1200%2C576&quality=100&ssl=1&resize=350%2C200 1x, https:\/\/i0.wp.com\/insightcrime.org\/wp-content\/uploads\/2023\/11\/El-Salvador-Cover-Cap-4-Dic-2023.jpg?fit=1200%2C576&quality=100&ssl=1&resize=525%2C300 1.5x, https:\/\/i0.wp.com\/insightcrime.org\/wp-content\/uploads\/2023\/11\/El-Salvador-Cover-Cap-4-Dic-2023.jpg?fit=1200%2C576&quality=100&ssl=1&resize=700%2C400 2x, https:\/\/i0.wp.com\/insightcrime.org\/wp-content\/uploads\/2023\/11\/El-Salvador-Cover-Cap-4-Dic-2023.jpg?fit=1200%2C576&quality=100&ssl=1&resize=1050%2C600 3x"},"classes":[]},{"id":138585,"url":"https:\/\/insightcrime.org\/es\/noticias-crimen-organizado-el-salvador\/ahuachapan-el-salvador\/","url_meta":{"origin":9101,"position":4},"title":"Ahuachap\u00e1n, El Salvador","author":"InSight Crime","date":"22 de marzo de 2021","format":false,"excerpt":"Ahuachap\u00e1n es punto de tr\u00e1nsito de cargamentos de coca\u00edna y marihuana. Tambi\u00e9n se detecta una fuerte presencia de la MS13 en el departamento.","rel":"","context":"En \u00abEl Salvador\u00bb","block_context":{"text":"El Salvador","link":"https:\/\/insightcrime.org\/es\/category\/noticias-crimen-organizado-el-salvador\/"},"img":{"alt_text":"","src":"https:\/\/i0.wp.com\/insightcrime.org\/wp-content\/uploads\/2021\/03\/21-03-18-Ahuachapan-El-Salvador-Cocaine-Depositphotos.jpeg?fit=350%2C250&quality=100&ssl=1&resize=350%2C200","width":350,"height":200},"classes":[]},{"id":262871,"url":"https:\/\/insightcrime.org\/es\/noticias\/caso-terrorismo-eeuu-contra-lider-ms13-podria-destapar-conversaciones-entre-bandas-salvador\/","url_meta":{"origin":9101,"position":5},"title":"Caso de terrorismo en EE.UU. contra l\u00edder de la MS13 revelar\u00eda negociaciones con pandillas en El Salvador","author":"Parker Asmann","date":"11 de diciembre de 2023","format":false,"excerpt":"Un alto dirigente de la Mara Salvatrucha (MS13) se declar\u00f3 inocente de los cargos de terrorismo presentados por la fiscal\u00eda federal estadounidense, lo que marca el inicio de un caso que podr\u00eda destapar la fachada del gobierno de El Salvador, que niega haber negociado con la banda. \u00c9lmer Canales Rivera,\u2026","rel":"","context":"En \u00abNoticias\u00bb","block_context":{"text":"Noticias","link":"https:\/\/insightcrime.org\/es\/category\/noticias\/"},"img":{"alt_text":"Detenido l\u00edder de la MS13 \u00c9lmer Canales Rivera, alias \u201cCrook\u201d","src":"https:\/\/i0.wp.com\/insightcrime.org\/wp-content\/uploads\/2023\/11\/Crook-pandillero-extradicion114.jpg?fit=350%2C250&quality=100&ssl=1&resize=350%2C200","width":350,"height":200},"classes":[]}],"jetpack_featured_media_url":"https:\/\/i0.wp.com\/insightcrime.org\/wp-content\/uploads\/2016\/08\/es-16-08-11-ESV-Armas.png?fit=250%2C187&quality=100&ssl=1","_links":{"self":[{"href":"https:\/\/insightcrime.org\/es\/wp-json\/wp\/v2\/posts\/9101","targetHints":{"allow":["GET"]}}],"collection":[{"href":"https:\/\/insightcrime.org\/es\/wp-json\/wp\/v2\/posts"}],"about":[{"href":"https:\/\/insightcrime.org\/es\/wp-json\/wp\/v2\/types\/post"}],"author":[{"embeddable":true,"href":"https:\/\/insightcrime.org\/es\/wp-json\/wp\/v2\/users\/54"}],"replies":[{"embeddable":true,"href":"https:\/\/insightcrime.org\/es\/wp-json\/wp\/v2\/comments?post=9101"}],"version-history":[{"count":1,"href":"https:\/\/insightcrime.org\/es\/wp-json\/wp\/v2\/posts\/9101\/revisions"}],"predecessor-version":[{"id":27088,"href":"https:\/\/insightcrime.org\/es\/wp-json\/wp\/v2\/posts\/9101\/revisions\/27088"}],"wp:featuredmedia":[{"embeddable":true,"href":"https:\/\/insightcrime.org\/es\/wp-json\/wp\/v2\/media\/44939"}],"wp:attachment":[{"href":"https:\/\/insightcrime.org\/es\/wp-json\/wp\/v2\/media?parent=9101"}],"wp:term":[{"taxonomy":"category","embeddable":true,"href":"https:\/\/insightcrime.org\/es\/wp-json\/wp\/v2\/categories?post=9101"},{"taxonomy":"post_tag","embeddable":true,"href":"https:\/\/insightcrime.org\/es\/wp-json\/wp\/v2\/tags?post=9101"},{"taxonomy":"newspack_spnsrs_tax","embeddable":true,"href":"https:\/\/insightcrime.org\/es\/wp-json\/wp\/v2\/newspack_spnsrs_tax?post=9101"},{"taxonomy":"author","embeddable":true,"href":"https:\/\/insightcrime.org\/es\/wp-json\/wp\/v2\/coauthors?post=9101"}],"curies":[{"name":"wp","href":"https:\/\/api.w.org\/{rel}","templated":true}]}}