{"id":9120,"date":"2016-08-22T15:04:15","date_gmt":"2017-03-28T00:18:42","guid":{"rendered":"http:\/\/newwp.insightcrime.org?p=9120"},"modified":"2023-04-24T15:53:49","modified_gmt":"2023-04-24T20:53:49","slug":"expresidente-salvadoreno-sale-pais-medio-investigacion-corrupcion","status":"publish","type":"post","link":"https:\/\/insightcrime.org\/es\/noticias\/noticias-del-dia\/expresidente-salvadoreno-sale-pais-medio-investigacion-corrupcion\/","title":{"rendered":"Expresidente salvadore\u00f1o sale del pa\u00eds en medio de investigaci\u00f3n por corrupci\u00f3n"},"content":{"rendered":"\n<p class=\"wp-block-paragraph\">El expresidente Mauricio Funes habr\u00eda salido de El Salvador en un viaje de negocios mientras que las autoridades allanan propiedades en b\u00fasqueda de evidencia de actos de corrupci\u00f3n durante su mandato, un caso que puede poner a prueba la determinaci\u00f3n del nuevo fiscal general de luchar contra la impunidad de altos dirigentes pol\u00edticos.&nbsp;<\/p>\n\n\n\n<p class=\"wp-block-paragraph\">El 17 de agosto, la Fiscal\u00eda General de El Salvador allan\u00f3 siete propiedades a nombre de Miguel Men\u00e9ndez, conocido como \u201cMecaf\u00e9\u201d, buscando documentos que revelen la comisi\u00f3n de actos de corrupci\u00f3n por Funes durante su mandato de 2009 a 2014, <a href=\"https:\/\/www.laprensagrafica.com\/2016\/08\/18\/miles-de-folios-han-sido-incautados-tras-allanamientos-por-investigacion-contra-funes\" target=\"_blank\">inform\u00f3 La Prensa Gr\u00e1fica<\/a>. Mecaf\u00e9 dirigi\u00f3 el movimiento \u201cAmigos de Mauricio\u201d, que respald\u00f3&nbsp; la campa\u00f1a presidencial de Funes en 2009. Tambi\u00e9n es el propietario de la empresa que obtuvo el mayor n\u00famero de contratos de seguridad privada en la administraci\u00f3n de Funes, <a href=\"https:\/\/www.laprensagrafica.com\/2016\/08\/18\/miles-de-folios-han-sido-incautados-tras-allanamientos-por-investigacion-contra-funes\" target=\"_blank\">de acuerdo con el medio de noticias salvadore\u00f1o<\/a>.<\/p>\n\n\n\n<p class=\"wp-block-paragraph\">\u201cDesde la administraci\u00f3n Funes, para todos es conocido que se han dado muchos actos de corrupci\u00f3n en los que se han visto involucradas estas empresas\u201d de Mecaf\u00e9, apunt\u00f3 Andr\u00e9s Amaya, jefe de la Unidad Anticorrupci\u00f3n de la Fiscal\u00eda General.<\/p>\n\n\n\n<p class=\"wp-block-paragraph\">Funes escribi\u00f3 en Twitter el 18 de agosto que no se encuentra en El Salvador. El expresidente adujo que est\u00e1 de viaje en trabajos de consultor\u00eda, no \u201chuyendo\u201d del pa\u00eds. En repetidas ocasiones ha negado cualquier delito y ha tildado la investigaci\u00f3n de \u201crid\u00edcula\u201d y un \u201cshow\u201d.<\/p>\n\n\n\n<blockquote class=\"wp-block-quote is-layout-flow wp-block-quote-is-layout-flow\">\n<p class=\"wp-block-paragraph\" dir=\"ltr\">No existe ninguna orden de restricci\u00f3n migratoria en mi contra. No ando huyendo. Me encuentro fuera del pa\u00eds desarrollando una consultor\u00eda<\/p>\n\n\n\n<p class=\"wp-block-paragraph\">\u2014 Mauricio Funes (@FunesCartagena) <a href=\"https:\/\/twitter.com\/FunesCartagena\/status\/766303922214404101\">August 18, 2016<\/a><\/p>\n<\/blockquote>\n\n\n\n<p class=\"wp-block-paragraph\">Funes es investigado por enriquecimiento il\u00edcito, peculado, malversaci\u00f3n, participaci\u00f3n en negocios il\u00edcitos y tr\u00e1fico de influencias, <a href=\"https:\/\/www.elsalvador.com\/articulo\/sucesos\/fiscalia-investiga-mauricio-funes-por-cinco-delitos-122365\" target=\"_blank\">de acuerdo con El Diario de Hoy<\/a>. La Corte Suprema <a href=\"https:\/\/www.elfaro.net\/es\/201602\/el_salvador\/18021\/Corte-Suprema-congela-cuentas-y-carros-a-expresidente-Funes.htm\" target=\"_blank\">orden\u00f3<\/a> que se congelaran cuatro de las cuentas bancarias de Funes y varias propiedades m\u00e1s en febrero, tambi\u00e9n por sospechas de enriquecimiento il\u00edcito.<\/p>\n\n\n\n<h3 class=\"wp-block-heading\">An\u00e1lisis de InSight Crime<\/h3>\n\n\n\n<p class=\"wp-block-paragraph\">La investigaci\u00f3n es una se\u00f1al positiva de que el fiscal general Douglas Mel\u00e9ndez, quien tom\u00f3 posesi\u00f3n del cargo <a href=\"\/noticias\/noticias-del-dia\/nuevo-fiscal-general-el-salvador-habla-infiltracion\" target=\"_blank\">en enero<\/a>, est\u00e1 dispuesto a enfrentar la corrupci\u00f3n pol\u00edtica. Pero hasta el momento no se ha emitido ninguna orden de captura para Funes, y la Fiscal\u00eda General no ha formulado cargos contra el expresidente, otra posible se\u00f1al de que Mel\u00e9ndez no est\u00e1 preparado para pedir una sentencia.<\/p>\n\n\n\n<p class=\"wp-block-paragraph\">Mel\u00e9ndez enfrenta mayor presi\u00f3n, por las <a href=\"\/noticias\/analisis\/de-como-la-fiscalia-de-martinez-libro-de-culpa-a-chepe-diablo\" target=\"_blank\">denuncias de corrupci\u00f3n<\/a> contra su antecesor Luis Mart\u00ednez. En diciembre, seis representantes de la C\u00e1mara de Estados Unidos firmaron <a href=\"\/noticias\/noticias-del-dia\/washington-vigila-eleccion-fiscal-general-el-salvador\" target=\"_blank\">una carta<\/a> donde instaban a las autoridades salvadore\u00f1as a elegir un nuevo fiscal general \u201corientado a derrotar la corrupci\u00f3n y el crimen organizado\u201d.<\/p>\n\n\n\n<p class=\"wp-block-paragraph\"><span style=\"color: #800000\"><strong>VEA TAMBI\u00c9N:<\/strong><\/span> <a href=\"\/noticias-sobre-crimen-organizado-en-el-salvador\" target=\"_blank\">Noticias y perfiles de El Salvador<\/a><\/p>\n\n\n\n<p class=\"wp-block-paragraph\">Las denuncias de corrupci\u00f3n contra funcionarios de alto rango en El Salvador van m\u00e1s all\u00e1 de Funes y de Mart\u00ednez. Los dos predecesores inmediatos de Funes, Francisco Flores (1999-2004) y El\u00edas Antonio Saca (2004-2009) tambi\u00e9n han afrontado investigaciones por usar sus cargos para su enriquecimiento personal. Flores recibi\u00f3 un requerimiento para ir a juicio, pero muri\u00f3 en enero de 2016, antes de que se iniciaran las audiencias. Mientras que Saca y Flores pertenec\u00edan al partido de oposici\u00f3n, Funes fue presidente con el oficialista Frente Farabundo Mart\u00ed para la Liberaci\u00f3n Nacional (FMLN).<\/p>\n\n\n\n<p class=\"wp-block-paragraph\">En vista de que los tres \u00faltimos presidentes de El Salvador han sido investigados por corrupci\u00f3n, no es de sorprender la noticia de que <a href=\"\/noticias\/noticias-del-dia\/97-el-salvador-quiere-organismo-internacional-combatir-corrupcion\" target=\"_blank\">97 por ciento<\/a> de los salvadore\u00f1os est\u00e1n a favor de la creaci\u00f3n de una comisi\u00f3n internacional contra la impunidad similar a las que se han conformado en los vecinos Honduras y Guatemala.&nbsp;<\/p>\n","protected":false},"excerpt":{"rendered":"<p>El expresidente Mauricio Funes habr\u00eda salido de El Salvador en un viaje de negocios mientras que las autoridades allanan propiedades en b\u00fasqueda de evidencia de actos de corrupci\u00f3n durante su mandato, un caso que puede poner a prueba la determinaci\u00f3n del nuevo fiscal general de luchar contra la impunidad de altos dirigentes pol\u00edticos.&nbsp;<\/p>\n","protected":false},"author":78,"featured_media":44979,"comment_status":"closed","ping_status":"closed","sticky":false,"template":"","format":"standard","meta":{"newspack_ads_suppress_ads":false,"newspack_popups_has_disabled_popups":false,"newspack_sponsor_sponsorship_scope":"","newspack_sponsor_native_byline_display":"inherit","newspack_sponsor_native_category_display":"inherit","newspack_sponsor_underwriter_style":"inherit","newspack_sponsor_underwriter_placement":"inherit","_EventAllDay":false,"_EventTimezone":"","_EventStartDate":"","_EventEndDate":"","_EventStartDateUTC":"","_EventEndDateUTC":"","_EventShowMap":false,"_EventShowMapLink":false,"_EventURL":"","_EventCost":"","_EventCostDescription":"","_EventCurrencySymbol":"","_EventCurrencyCode":"","_EventCurrencyPosition":"","_EventDateTimeSeparator":"","_EventTimeRangeSeparator":"","_EventOrganizerID":[],"_EventVenueID":[],"_OrganizerEmail":"","_OrganizerPhone":"","_OrganizerWebsite":"","_VenueAddress":"","_VenueCity":"","_VenueCountry":"","_VenueProvince":"","_VenueState":"","_VenueZip":"","_VenuePhone":"","_VenueURL":"","_VenueStateProvince":"","_VenueLat":"","_VenueLng":"","_VenueShowMap":false,"_VenueShowMapLink":false,"_newspack_byline_active":false,"_newspack_byline":"","newspack_hide_updated_date":false,"newspack_show_updated_date":false,"newspack_featured_image_position":"","newspack_post_subtitle":"","newspack_article_summary_title":"Overview:","newspack_article_summary":"","_jetpack_memberships_contains_paid_content":false,"footnotes":""},"categories":[334],"tags":[1540,447],"newspack_spnsrs_tax":[],"coauthors":[4033],"class_list":["post-9120","post","type-post","status-publish","format-standard","has-post-thumbnail","hentry","category-noticias-del-dia","tag-el-salvador-pais","tag-elites-y-crimen-organizado","entry"],"parsely":{"version":"1.1.0","canonical_url":"https:\/\/insightcrime.org\/es\/noticias\/noticias-del-dia\/expresidente-salvadoreno-sale-pais-medio-investigacion-corrupcion\/","smart_links":{"inbound":0,"outbound":0},"traffic_boost_suggestions_count":0,"meta":{"@context":"https:\/\/schema.org","@type":"NewsArticle","headline":"Expresidente salvadore\u00f1o sale del pa\u00eds en medio de investigaci\u00f3n por corrupci\u00f3n","url":"http:\/\/insightcrime.org\/es\/noticias\/noticias-del-dia\/expresidente-salvadoreno-sale-pais-medio-investigacion-corrupcion\/","mainEntityOfPage":{"@type":"WebPage","@id":"http:\/\/insightcrime.org\/es\/noticias\/noticias-del-dia\/expresidente-salvadoreno-sale-pais-medio-investigacion-corrupcion\/"},"thumbnailUrl":"https:\/\/i0.wp.com\/insightcrime.org\/wp-content\/uploads\/2016\/08\/es-16-8-18---Funes.jpg?resize=150%2C150&quality=100&ssl=1","image":{"@type":"ImageObject","url":"https:\/\/i0.wp.com\/insightcrime.org\/wp-content\/uploads\/2016\/08\/es-16-8-18---Funes.jpg?fit=770%2C438&quality=100&ssl=1"},"articleSection":"Noticias del d\u00eda","author":[{"@type":"Person","name":"Sean Tjaden"}],"creator":["Sean Tjaden"],"publisher":{"@type":"Organization","name":"InSight Crime","logo":"https:\/\/insightcrime.org\/wp-content\/uploads\/2023\/08\/logo.png"},"keywords":["el salvador","\u00e9lites y crimen"],"dateCreated":"2017-03-28T00:18:42Z","datePublished":"2017-03-28T00:18:42Z","dateModified":"2023-04-24T20:53:49Z"},"rendered":"<meta name=\"parsely-title\" content=\"Expresidente salvadore\u00f1o sale del pa\u00eds en medio de investigaci\u00f3n por corrupci\u00f3n\" \/>\n<meta name=\"parsely-link\" content=\"http:\/\/insightcrime.org\/es\/noticias\/noticias-del-dia\/expresidente-salvadoreno-sale-pais-medio-investigacion-corrupcion\/\" \/>\n<meta name=\"parsely-type\" content=\"post\" \/>\n<meta name=\"parsely-image-url\" content=\"https:\/\/i0.wp.com\/insightcrime.org\/wp-content\/uploads\/2016\/08\/es-16-8-18---Funes.jpg?resize=150%2C150&amp;quality=100&amp;ssl=1\" \/>\n<meta name=\"parsely-pub-date\" content=\"2017-03-28T00:18:42Z\" \/>\n<meta name=\"parsely-section\" content=\"Noticias del d\u00eda\" \/>\n<meta name=\"parsely-tags\" content=\"el salvador,\u00e9lites y crimen\" \/>\n<meta name=\"parsely-author\" content=\"Sean Tjaden\" \/>","tracker_url":"https:\/\/cdn.parsely.com\/keys\/insightcrime.org\/p.js"},"jetpack_sharing_enabled":true,"jetpack-related-posts":[{"id":139995,"url":"https:\/\/insightcrime.org\/es\/noticias\/nuevo-ministro-seguridad-salvador-dudoso-pasado\/","url_meta":{"origin":9120,"position":0},"title":"Nuevo ministro de Seguridad de El Salvador carga un dudoso pasado","author":"Alex Papadovassilakis","date":"2 de abril de 2021","format":false,"excerpt":"El presidente de El Salvador, Nayib Bukele, ha nombrado un nuevo ministro de Seguridad cuyos presuntos v\u00ednculos con funcionarios y operadores pol\u00edticos acusados de corrupci\u00f3n generan dudas acerca del compromiso del gobierno con una pol\u00edtica de seguridad transparente.","rel":"","context":"En \u00abNoticias\u00bb","block_context":{"text":"Noticias","link":"https:\/\/insightcrime.org\/es\/category\/noticias\/"},"img":{"alt_text":"","src":"https:\/\/i0.wp.com\/insightcrime.org\/wp-content\/uploads\/2021\/04\/21-04-02-El-Sal-Ministro.jpg?fit=350%2C250&quality=100&ssl=1&resize=350%2C200","width":350,"height":200},"classes":[]},{"id":146060,"url":"https:\/\/insightcrime.org\/es\/noticias\/guatemala-retira-cargos-expresidente-detiene-fiscales-anticorrupcion\/","url_meta":{"origin":9120,"position":1},"title":"Guatemala retira cargos contra expresidente y detiene a fiscales anticorrupci\u00f3n","author":"Parker Asmann","date":"21 de mayo de 2021","format":false,"excerpt":"Guatemala parece haber hecho caso omiso de la presi\u00f3n internacional para que se tomen medidas en\u00e9rgicas contra la corrupci\u00f3n arraigada en el gobierno, con el retiro de cargos contra un expresidente en problemas el mismo d\u00eda que detuvo a sus principales investigadores contra la corrupci\u00f3n.","rel":"","context":"En \u00abNoticias\u00bb","block_context":{"text":"Noticias","link":"https:\/\/insightcrime.org\/es\/category\/noticias\/"},"img":{"alt_text":"","src":"https:\/\/i0.wp.com\/insightcrime.org\/wp-content\/uploads\/2021\/05\/2021-05-20-Juan-Francisco-Solo%CC%81rzano-Foppa.jpg?fit=350%2C250&quality=100&ssl=1&resize=350%2C200","width":350,"height":200},"classes":[]},{"id":177784,"url":"https:\/\/insightcrime.org\/es\/noticias\/eeuu-revela-lugar-expresidente-honduras-lista-corrupcion\/","url_meta":{"origin":9120,"position":2},"title":"EE. UU. revela lugar de expresidente de  Honduras en lista de corrupci\u00f3n en Centroam\u00e9rica","author":"Parker Asmann","date":"8 de febrero de 2022","format":false,"excerpt":"Representantes del gobierno de Estados Unidos revelaron que el expresidente de Honduras Juan Orlando Hern\u00e1ndez s\u00ed est\u00e1 incluido en una lista de actores corruptos en Centroam\u00e9rica, recopilada por el gobierno del norte, si bien no se ha se\u00f1alado si esto dar\u00e1 lugar a cargos penales.","rel":"","context":"En \u00abNoticias\u00bb","block_context":{"text":"Noticias","link":"https:\/\/insightcrime.org\/es\/category\/noticias\/"},"img":{"alt_text":"expresidente de Honduras Juan Orlando Hern\u00e1ndez","src":"https:\/\/i0.wp.com\/insightcrime.org\/wp-content\/uploads\/2022\/02\/2022-02-08-JOH-Update.jpeg?fit=350%2C250&quality=100&ssl=1&resize=350%2C200","width":350,"height":200},"classes":[]},{"id":143594,"url":"https:\/\/insightcrime.org\/es\/noticias\/inmunidad-gastos-pandemia-salvador-ahonda-inquietud-corrupcion\/","url_meta":{"origin":9120,"position":3},"title":"Inmunidad a gastos por pandemia en El Salvador ahonda temores de corrupci\u00f3n","author":"Alex Papadovassilakis","date":"10 de mayo de 2021","format":false,"excerpt":"Una nueva ley que otorga inmunidad a los funcionarios de gobierno de El Salvador acusados de malos manejos de los fondos para el coronavirus da al gobierno del presidente Nayib Bukele otra opci\u00f3n para librarse de investigaciones criminales.","rel":"","context":"En \u00abNoticias\u00bb","block_context":{"text":"Noticias","link":"https:\/\/insightcrime.org\/es\/category\/noticias\/"},"img":{"alt_text":"","src":"https:\/\/i0.wp.com\/insightcrime.org\/wp-content\/uploads\/2019\/09\/Nayib-Bukele-12092019.png?fit=350%2C250&quality=100&ssl=1&resize=350%2C200","width":350,"height":200},"classes":[]},{"id":125830,"url":"https:\/\/insightcrime.org\/es\/noticias\/fiscales-de-guatemala-asocian-dinero-ilicito-con-exministro\/","url_meta":{"origin":9120,"position":4},"title":"Fiscales de Guatemala asocian dinero il\u00edcito con exministro","author":"Parker Asmann","date":"21 de octubre de 2020","format":false,"excerpt":"Varios fiscales guatemaltecos afirman que un multimillonario decomiso de dinero en efectivo tiene relaci\u00f3n con un ministro que sirvi\u00f3 durante el mandato del expresidente Jimmy Morales. Con este ya son dos\u00a0los funcionarios de esa administraci\u00f3n que enfrentan cargos por lavado de dinero este a\u00f1o, y el primero en Guatemala.\u00a0","rel":"","context":"En \u00abNoticias\u00bb","block_context":{"text":"Noticias","link":"https:\/\/insightcrime.org\/es\/category\/noticias\/"},"img":{"alt_text":"","src":"https:\/\/i0.wp.com\/insightcrime.org\/wp-content\/uploads\/2020\/10\/20-10-20-Guate-Lavado.jpg?fit=350%2C250&quality=100&ssl=1&resize=350%2C200","width":350,"height":200},"classes":[]},{"id":141764,"url":"https:\/\/insightcrime.org\/es\/noticias\/batalla-guatemala-morales-cicig-no-ha-terminado\/","url_meta":{"origin":9120,"position":5},"title":"La batalla en Guatemala entre Morales y la CICIG a\u00fan no ha terminado","author":"Alex Papadovassilakis","date":"22 de abril de 2021","format":false,"excerpt":"El desmantelamiento de una comisi\u00f3n anticorrupci\u00f3n por parte del expresidente de Guatemala Jimmy Morales ha vuelto a irse contra \u00e9l, pues la fiscal\u00eda est\u00e1 pidiendo que se le despoje de inmunidad con el fin de decidir si cometi\u00f3 un acto ilegal al destituir al director de la comisi\u00f3n.","rel":"","context":"En \u00abNoticias\u00bb","block_context":{"text":"Noticias","link":"https:\/\/insightcrime.org\/es\/category\/noticias\/"},"img":{"alt_text":"","src":"https:\/\/i0.wp.com\/insightcrime.org\/wp-content\/uploads\/2021\/04\/86343158_gautap.jpg?fit=350%2C250&quality=100&ssl=1&resize=350%2C200","width":350,"height":200},"classes":[]}],"jetpack_featured_media_url":"https:\/\/i0.wp.com\/insightcrime.org\/wp-content\/uploads\/2016\/08\/es-16-8-18---Funes.jpg?fit=770%2C438&quality=100&ssl=1","_links":{"self":[{"href":"https:\/\/insightcrime.org\/es\/wp-json\/wp\/v2\/posts\/9120","targetHints":{"allow":["GET"]}}],"collection":[{"href":"https:\/\/insightcrime.org\/es\/wp-json\/wp\/v2\/posts"}],"about":[{"href":"https:\/\/insightcrime.org\/es\/wp-json\/wp\/v2\/types\/post"}],"author":[{"embeddable":true,"href":"https:\/\/insightcrime.org\/es\/wp-json\/wp\/v2\/users\/78"}],"replies":[{"embeddable":true,"href":"https:\/\/insightcrime.org\/es\/wp-json\/wp\/v2\/comments?post=9120"}],"version-history":[{"count":1,"href":"https:\/\/insightcrime.org\/es\/wp-json\/wp\/v2\/posts\/9120\/revisions"}],"predecessor-version":[{"id":27128,"href":"https:\/\/insightcrime.org\/es\/wp-json\/wp\/v2\/posts\/9120\/revisions\/27128"}],"wp:featuredmedia":[{"embeddable":true,"href":"https:\/\/insightcrime.org\/es\/wp-json\/wp\/v2\/media\/44979"}],"wp:attachment":[{"href":"https:\/\/insightcrime.org\/es\/wp-json\/wp\/v2\/media?parent=9120"}],"wp:term":[{"taxonomy":"category","embeddable":true,"href":"https:\/\/insightcrime.org\/es\/wp-json\/wp\/v2\/categories?post=9120"},{"taxonomy":"post_tag","embeddable":true,"href":"https:\/\/insightcrime.org\/es\/wp-json\/wp\/v2\/tags?post=9120"},{"taxonomy":"newspack_spnsrs_tax","embeddable":true,"href":"https:\/\/insightcrime.org\/es\/wp-json\/wp\/v2\/newspack_spnsrs_tax?post=9120"},{"taxonomy":"author","embeddable":true,"href":"https:\/\/insightcrime.org\/es\/wp-json\/wp\/v2\/coauthors?post=9120"}],"curies":[{"name":"wp","href":"https:\/\/api.w.org\/{rel}","templated":true}]}}