{"id":9144,"date":"2016-08-26T19:40:56","date_gmt":"2016-08-27T00:40:56","guid":{"rendered":"http:\/\/newwp.insightcrime.org?p=9144"},"modified":"2023-04-24T15:53:58","modified_gmt":"2023-04-24T20:53:58","slug":"lider-de-la-penitenciaria-general-de-venezuela-impuso-su-voluntad-al-gobierno","status":"publish","type":"post","link":"https:\/\/insightcrime.org\/es\/noticias\/analisis\/lider-de-la-penitenciaria-general-de-venezuela-impuso-su-voluntad-al-gobierno\/","title":{"rendered":"L\u00edder de la Penitenciar\u00eda General de Venezuela impuso su voluntad al gobierno"},"content":{"rendered":"\n<p class=\"wp-block-paragraph\">Convictos fueron capaces de presionar al gobierno venezolano a transferir a m\u00e1s de 2.500 detenidos a su prisi\u00f3n con el objetivo de cobrarles extorsiones, lo que demuestra la peligrosa falta de control oficial sobre el sistema penitenciario del pa\u00eds.<\/p>\n\n\n\n<p class=\"wp-block-paragraph\">A finales de julio 2016, l\u00edderes de presos secuestraron a m\u00e1s de 23 empleados del Ministerio para Servicio Penitenciario en la Penitenciar\u00eda General de Venezuela, una de las c\u00e1rceles m\u00e1s grandes del pa\u00eds ubicada en San Juan de los Morros, a 250 kil\u00f3metros al occidente de Caracas.<\/p>\n\n\n\n<p class=\"wp-block-paragraph\">No es la primera vez que trabajadores del ministerio o incluso polic\u00edas encargados de vigilar las c\u00e1rceles del pa\u00eds son sometidos para llamar la atenci\u00f3n p\u00fablica en torno a alg\u00fan problema relacionado con la vida cotidiana de los internos. Las protestas generalmente han sido motivadas por el hacinamiento en las celdas o la deficiente alimentaci\u00f3n. Pero la exigencia formulada esta vez no ten\u00eda precedentes. Los reos exig\u00edan el traslado hacia esa prisi\u00f3n de por lo menos 3.000 detenidos en instalaciones policiales dispersas en todo el pa\u00eds.<\/p>\n\n\n\n<p class=\"wp-block-paragraph\">De acuerdo con el director de la organizaci\u00f3n Una Ventana para la Libertad Carlos Nieto, el secuestro de empleados finaliz\u00f3 cuando los presos verificaron la llegada de 2.380 nuevos detenidos. Con estos traslados, la poblaci\u00f3n de la Penitenciar\u00eda General de Venezuela ascendi\u00f3 en un fin de semana a cerca de 10.000 personas.<\/p>\n\n\n\n<p class=\"wp-block-paragraph\">Todo esto, indic\u00f3 Nieto, elevar\u00e1 los ingresos para los l\u00edderes de los presos, quienes cobran una cuota de extorsi\u00f3n semanal a cada interno. A este pago compulsivo se le llama \u201ccausa\u201d.<\/p>\n\n\n\n<h2 class=\"wp-block-heading\">Cautivos una semana<\/h2>\n\n\n\n<p class=\"wp-block-paragraph\">El secuestro comenz\u00f3 entre la noche del 31 de julio y la madrugada del 1 de agosto, un lunes. Una de las v\u00edctimas relat\u00f3 que al principio fueron divididos en dos grupos: unos permanec\u00edan en la biblioteca de la c\u00e1rcel y otros en una oficina administrativa. El \u00faltimo en quedar en poder de los presos fue un transportista de alimentos.<\/p>\n\n\n\n<p class=\"wp-block-paragraph\">Durante tres d\u00edas la situaci\u00f3n fue de confusi\u00f3n. Los l\u00edderes de los reos en Venezuela son llamados \u201cprams\u201d, y el \u201cpram\u201d Franklin Hern\u00e1ndez Quezada, alias Viruviru o La Guaira, exig\u00eda la presencia de la ministra para Servicio Penitenciario Maria Iris Varela.<\/p>\n\n\n\n<p class=\"wp-block-paragraph\"><span style=\"color: #800000;\"><strong>VEA TAMBI\u00c9N:<\/strong><\/span> <a href=\"\/indepth\/prisiones\" target=\"_blank\">Cobertura sobre Prisiones<\/a><\/p>\n\n\n\n<p class=\"wp-block-paragraph\">La funcionaria ofreci\u00f3 que enviar\u00eda a un delegado. Pero esto no sucedi\u00f3. A los rehenes les aseguraron que los matar\u00edan si el Gobierno no acced\u00eda a las peticiones de los internos. Seg\u00fan el empleado que estuvo cautivo durante toda la semana, el mi\u00e9rcoles 3 de agosto se present\u00f3 en la penitenciar\u00eda el ex ministro de Deportes Antonio Alvarez Cisneros, alias el Potro. Los presos rechazaron su intento de mediaci\u00f3n.<\/p>\n\n\n\n<p class=\"wp-block-paragraph\">Durante el cuarto d\u00eda de la crisis entr\u00f3 en acci\u00f3n el viceministro para la Gesti\u00f3n de Paz Jos\u00e9 Vicente Rangel Avalos. El funcionario revis\u00f3 el estado de los cautivos. 20 de ellos quedaron en libertad esa misma noche al iniciarse las conversaciones. Con las negociaciones comenzaron los traslados de detenidos desde comisar\u00edas y retenes policiales en Caracas, Aragua, Carabobo, Bol\u00edvar y Lara. Aunque no se lleg\u00f3 a los 3.000 solicitados por Viruviru la poblaci\u00f3n de la c\u00e1rcel se increment\u00f3 33 por ciento en apenas un fin de semana.<\/p>\n\n\n\n<figure class=\"wp-block-image is-resized\"><img loading=\"lazy\" decoding=\"async\" src=\"\/images\/2016\/Agosto\/16-08-26-VenezuelaPrison.jpg\" alt=\"16 08 26 VenezuelaPrison\" height=\"455\" width=\"674\"\/><\/figure>\n\n\n\n<p class=\"has-text-align-center wp-block-paragraph\"><em>Penitenciar\u00eda General de Venezuela<\/em><\/p>\n\n\n\n<p class=\"wp-block-paragraph\">De acuerdo con el diputado Gilber Caro (un expresidiario que milita en el partido Voluntad Popular), en una c\u00e1rcel como la Penitenciar\u00eda General \u201ccada persona tiene un valor econ\u00f3mico para cobrarles la causa\u201d para los l\u00edderes de los reos. &nbsp;<\/p>\n\n\n\n<p class=\"wp-block-paragraph\">En el caso de este penal, de acuerdo con los c\u00e1lculos del director del Observatorio Venezolano de Prisiones Humberto Prado, los pagos de extorsi\u00f3n a los propios internos generan ganancias de aproximadamente 19 millones de bol\u00edvares mensuales. Esto equivale a US$ 19.000 de acuerdo con <a href=\"https:\/\/dolartoday.com\" target=\"_blank\">la fuente m\u00e1s citada<\/a> para el actual tipo de cambio en el mercado negro, o US$ 1,9 millones seg\u00fan el tipo de cambio oficial.<\/p>\n\n\n\n<h3 class=\"wp-block-heading\">An\u00e1lisis de InSight Crime<\/h3>\n\n\n\n<p class=\"wp-block-paragraph\">El sistema penitenciario venezolano est\u00e1 en un proceso de creciente ingobernabilidad, con la excepci\u00f3n de los l\u00edderes de los presos que las gobiernan desde adentro. Los l\u00edderes de los presos o \u201cprames\u201d son los verdaderos factores de poder dentro de esas instalaciones.&nbsp;<\/p>\n\n\n\n<p class=\"wp-block-paragraph\">La crisis penitenciaria, adem\u00e1s, est\u00e1 produciendo una r\u00e9plica de estructuras criminales en los retenes policiales, es decir, instalaciones bajo el cuidado de las polic\u00edas preventivas y de investigaci\u00f3n donde los detenidos no deber\u00edan permanecer m\u00e1s de 96 horas.<\/p>\n\n\n\n<p class=\"wp-block-paragraph\">Mientras se desarrollaba el secuestro de empleados en la Penitenciar\u00eda General estallaron dos granadas en el ret\u00e9n de Alay\u00f3n, estado Aragua, durante el intento de fuga de un pram. La Fiscal\u00eda inform\u00f3 que hubo cinco muertos y otros treinta heridos.<\/p>\n\n\n\n<p class=\"wp-block-paragraph\"><span style=\"color: #800000;\"><strong>VEA TAMBI\u00c9N:<\/strong><\/span> <a href=\"\/noticias-sobre-crimen-organizado-en-venezuela\/cartel-de-los-soles\" target=\"_blank\">Noticias y perfiles de Venezuela<\/a><\/p>\n\n\n\n<p class=\"wp-block-paragraph\">Por otra parte, el \u00e9xito de los reos en Gu\u00e1rico gener\u00f3 un modelo de acci\u00f3n para las bandas criminales en los otros internados judiciales. Esta semana fueron llevados al penal de Puente Ayala 1.800 detenidos desde retenes y comisar\u00edas del oriente del pa\u00eds, ante la amenaza de un nuevo secuestro.<\/p>\n\n\n\n<p class=\"wp-block-paragraph\">La crisis en la Pentienciar\u00eda General adem\u00e1s dej\u00f3 en entredicho el liderazgo de Varela para la conducci\u00f3n de los asuntos penitenciarios del pa\u00eds. Los testigos de la negociaci\u00f3n indicaron que el viceministro Rangel Avalos actu\u00f3 en l\u00ednea directa con las polic\u00edas y el ministerio de Relaciones Interiores.&nbsp;<\/p>\n","protected":false},"excerpt":{"rendered":"<p>Convictos fueron capaces de presionar al gobierno venezolano a transferir a m\u00e1s de 2.500 detenidos a su prisi\u00f3n con el objetivo de cobrarles extorsiones, lo que demuestra la peligrosa falta de control oficial sobre el sistema penitenciario del pa\u00eds.<\/p>\n","protected":false},"author":77,"featured_media":45029,"comment_status":"closed","ping_status":"closed","sticky":false,"template":"","format":"standard","meta":{"newspack_ads_suppress_ads":false,"newspack_popups_has_disabled_popups":false,"newspack_sponsor_sponsorship_scope":"","newspack_sponsor_native_byline_display":"inherit","newspack_sponsor_native_category_display":"inherit","newspack_sponsor_underwriter_style":"inherit","newspack_sponsor_underwriter_placement":"inherit","_EventAllDay":false,"_EventTimezone":"","_EventStartDate":"","_EventEndDate":"","_EventStartDateUTC":"","_EventEndDateUTC":"","_EventShowMap":false,"_EventShowMapLink":false,"_EventURL":"","_EventCost":"","_EventCostDescription":"","_EventCurrencySymbol":"","_EventCurrencyCode":"","_EventCurrencyPosition":"","_EventDateTimeSeparator":"","_EventTimeRangeSeparator":"","_EventOrganizerID":[],"_EventVenueID":[],"_OrganizerEmail":"","_OrganizerPhone":"","_OrganizerWebsite":"","_VenueAddress":"","_VenueCity":"","_VenueCountry":"","_VenueProvince":"","_VenueState":"","_VenueZip":"","_VenuePhone":"","_VenueURL":"","_VenueStateProvince":"","_VenueLat":"","_VenueLng":"","_VenueShowMap":false,"_VenueShowMapLink":false,"_newspack_byline_active":false,"_newspack_byline":"","newspack_hide_updated_date":false,"newspack_show_updated_date":false,"newspack_featured_image_position":"","newspack_post_subtitle":"","newspack_article_summary_title":"Overview:","newspack_article_summary":"","_jetpack_memberships_contains_paid_content":false,"footnotes":""},"categories":[340],"tags":[2999,3021,400],"newspack_spnsrs_tax":[],"coauthors":[4038],"class_list":["post-9144","post","type-post","status-publish","format-standard","has-post-thumbnail","hentry","category-analisis","tag-extorsion","tag-prisiones-es","tag-venezuela-pais","entry"],"parsely":{"version":"1.1.0","canonical_url":"https:\/\/insightcrime.org\/es\/noticias\/analisis\/lider-de-la-penitenciaria-general-de-venezuela-impuso-su-voluntad-al-gobierno\/","smart_links":{"inbound":0,"outbound":0},"traffic_boost_suggestions_count":0,"meta":{"@context":"https:\/\/schema.org","@type":"NewsArticle","headline":"L\u00edder de la Penitenciar\u00eda General de Venezuela impuso su voluntad al gobierno","url":"http:\/\/insightcrime.org\/es\/noticias\/analisis\/lider-de-la-penitenciaria-general-de-venezuela-impuso-su-voluntad-al-gobierno\/","mainEntityOfPage":{"@type":"WebPage","@id":"http:\/\/insightcrime.org\/es\/noticias\/analisis\/lider-de-la-penitenciaria-general-de-venezuela-impuso-su-voluntad-al-gobierno\/"},"thumbnailUrl":"https:\/\/i0.wp.com\/insightcrime.org\/wp-content\/uploads\/2016\/08\/es-16-08-26-VenezuelaPrison2.png?resize=150%2C150&quality=100&ssl=1","image":{"@type":"ImageObject","url":"https:\/\/i0.wp.com\/insightcrime.org\/wp-content\/uploads\/2016\/08\/es-16-08-26-VenezuelaPrison2.png?fit=300%2C190&quality=100&ssl=1"},"articleSection":"An\u00e1lisis","author":[{"@type":"Person","name":"Javier Ignacio Mayorca"}],"creator":["Javier Ignacio Mayorca"],"publisher":{"@type":"Organization","name":"InSight Crime","logo":"https:\/\/insightcrime.org\/wp-content\/uploads\/2023\/08\/logo.png"},"keywords":["extorsi\u00f3n","prisiones","venezuela"],"dateCreated":"2016-08-27T00:40:56Z","datePublished":"2016-08-27T00:40:56Z","dateModified":"2023-04-24T20:53:58Z"},"rendered":"<meta name=\"parsely-title\" content=\"L\u00edder de la Penitenciar\u00eda General de Venezuela impuso su voluntad al gobierno\" \/>\n<meta name=\"parsely-link\" content=\"http:\/\/insightcrime.org\/es\/noticias\/analisis\/lider-de-la-penitenciaria-general-de-venezuela-impuso-su-voluntad-al-gobierno\/\" \/>\n<meta name=\"parsely-type\" content=\"post\" \/>\n<meta name=\"parsely-image-url\" content=\"https:\/\/i0.wp.com\/insightcrime.org\/wp-content\/uploads\/2016\/08\/es-16-08-26-VenezuelaPrison2.png?resize=150%2C150&amp;quality=100&amp;ssl=1\" \/>\n<meta name=\"parsely-pub-date\" content=\"2016-08-27T00:40:56Z\" \/>\n<meta name=\"parsely-section\" content=\"An\u00e1lisis\" \/>\n<meta name=\"parsely-tags\" content=\"extorsi\u00f3n,prisiones,venezuela\" \/>\n<meta name=\"parsely-author\" content=\"Javier Ignacio Mayorca\" \/>","tracker_url":"https:\/\/cdn.parsely.com\/keys\/insightcrime.org\/p.js"},"jetpack_sharing_enabled":true,"jetpack-related-posts":[{"id":279081,"url":"https:\/\/insightcrime.org\/es\/noticias\/carceles-venezuela-siguen-fuera-control-despues-intervencion-estatal\/","url_meta":{"origin":9144,"position":0},"title":"C\u00e1rceles en Venezuela siguen fuera de control despu\u00e9s de intervenci\u00f3n estatal","author":"Unidad Investigativa de Venezuela","date":"12 de junio de 2024","format":false,"excerpt":"Pese a que las autoridades venezolanas celebraron el restablecimiento del orden carcelario, despu\u00e9s de varias operaciones para retomar el control de las prisiones \u2013en poder de l\u00edderes carcelarios, conocidos como pranes\u2013 los episodios de violencia y la crisis humanitaria del sistema penitenciario contin\u00faan.","rel":"","context":"En \u00abNoticias\u00bb","block_context":{"text":"Noticias","link":"https:\/\/insightcrime.org\/es\/category\/noticias\/"},"img":{"alt_text":"","src":"https:\/\/i0.wp.com\/insightcrime.org\/wp-content\/uploads\/2024\/06\/Huelga-pacifica-presos-Venezuela.jpg?fit=350%2C250&quality=100&ssl=1&resize=350%2C200","width":350,"height":200},"classes":[]},{"id":295981,"url":"https:\/\/insightcrime.org\/es\/noticias\/pese-intervenciones-pranato-venezuela-prospera\/","url_meta":{"origin":9144,"position":1},"title":"Pese a intervenciones, las bandas carcelarias de Venezuela prosperan","author":"Unidad Investigativa de Venezuela","date":"14 de noviembre de 2024","format":false,"excerpt":"La intervenci\u00f3n de otra c\u00e1rcel bajo control de l\u00edderes criminales pone en evidencia los fallidos planes del r\u00e9gimen de Nicol\u00e1s Maduro para acabar con los pranatos tras un a\u00f1o de operaciones. El 5 de noviembre, el Ministerio de Servicio Penitenciario de Venezuela intervino, junto con varios organismos de seguridad, el\u2026","rel":"","context":"En \u00abNoticias\u00bb","block_context":{"text":"Noticias","link":"https:\/\/insightcrime.org\/es\/category\/noticias\/"},"img":{"alt_text":"Julio Garcia Zerpa, ministro del Poder Popular para el Servicio Penitenciario, durante el operativo en el Complejo Penitenciario El Dorado el 5 de noviembre. Cr\u00e9dito: Redes sociales de Julio Garcia Zerpa","src":"https:\/\/i0.wp.com\/insightcrime.org\/wp-content\/uploads\/2024\/11\/ministro-penitenciario-ven-eldorado-2024.jpg?fit=350%2C250&quality=100&ssl=1&resize=350%2C200","width":350,"height":200},"classes":[]},{"id":128074,"url":"https:\/\/insightcrime.org\/es\/news\/pranes-de-venezuela-proveedores-de-confianza-de-productos-basicos\/","url_meta":{"origin":9144,"position":2},"title":"Pranes de Venezuela: proveedores de confianza de productos b\u00e1sicos","author":"Unidad Investigativa de Venezuela","date":"16 de diciembre de 2020","format":false,"excerpt":"Varios reclusos de un centro carcelario en Venezuela escalaron un muro de la prisi\u00f3n para escapar hacia la parte del complejo donde los pranes ejercen mayor control, en un intento, seg\u00fan relataron sus familiares, para acceder a alimentos.","rel":"","context":"En \u00abNews\u00bb","block_context":{"text":"News","link":"https:\/\/insightcrime.org\/category\/news\/"},"img":{"alt_text":"","src":"https:\/\/i0.wp.com\/insightcrime.org\/wp-content\/uploads\/2020\/12\/3500.jpg?fit=350%2C250&quality=100&ssl=1&resize=350%2C200","width":350,"height":200},"classes":[]},{"id":299570,"url":"https:\/\/insightcrime.org\/es\/noticias\/crisis-perpetua-sistema-carcelario-paraguay\/","url_meta":{"origin":9144,"position":3},"title":"\u00a0La crisis perpetua del sistema carcelario en Paraguay","author":"Christopher Newton","date":"13 de enero de 2025","format":false,"excerpt":"El sistema penitenciario de Paraguay contin\u00faa en estado de emergencia por segundo a\u00f1o consecutivo. De no tomar medidas para abordar las causas de fondo, es probable que el implacable control de las bandas carcelarias persista.","rel":"","context":"En \u00abNoticias\u00bb","block_context":{"text":"Noticias","link":"https:\/\/insightcrime.org\/es\/category\/noticias\/"},"img":{"alt_text":"","src":"https:\/\/i0.wp.com\/insightcrime.org\/wp-content\/uploads\/2025\/01\/Paraguay-Soldiers-outside-of-Perdro-Juan-Caballero-Prison-Prisons-Security-Policy-Ministry-of-Justice.jpeg?fit=350%2C250&quality=100&ssl=1&resize=350%2C200","width":350,"height":200},"classes":[]},{"id":246788,"url":"https:\/\/insightcrime.org\/es\/noticias\/termino-sistema-pranes-carceles-venezuela\/","url_meta":{"origin":9144,"position":4},"title":"\u00bfTermin\u00f3 el sistema de \u00abpranes\u00bb en las c\u00e1rceles de Venezuela?","author":"Unidad Investigativa de Venezuela","date":"15 de noviembre de 2023","format":false,"excerpt":"The system that delegated power in Venezuela\u2019s prisons to pranes, or criminal leaders, seems to be ending after a series of military takeovers of jails by President Nicol\u00e1s Maduro, as he eyes re-election in 2024. On the morning of November 10, security forces stormed\u00a0 the San Felipe Judicial Prison, known\u2026","rel":"","context":"En \u00abNoticias\u00bb","block_context":{"text":"Noticias","link":"https:\/\/insightcrime.org\/es\/category\/noticias\/"},"img":{"alt_text":"Presos venezolanos amotinados miran desde el tejado de un centro de detenci\u00f3n dirigido por la Polic\u00eda Nacional Bolivariana en Caracas, Venezuela.","src":"https:\/\/i0.wp.com\/insightcrime.org\/wp-content\/uploads\/2023\/11\/Venezuela-Rioting-inmates-look-down-from-the-roof-of-a-detention-center-run-by-Venezuelas-Bolivarian-police-in-Caracas-27-April-2015-AP508909891865-Featured-1336x768-1.jpg?fit=1200%2C690&quality=100&ssl=1&resize=350%2C200","width":350,"height":200,"srcset":"https:\/\/i0.wp.com\/insightcrime.org\/wp-content\/uploads\/2023\/11\/Venezuela-Rioting-inmates-look-down-from-the-roof-of-a-detention-center-run-by-Venezuelas-Bolivarian-police-in-Caracas-27-April-2015-AP508909891865-Featured-1336x768-1.jpg?fit=1200%2C690&quality=100&ssl=1&resize=350%2C200 1x, https:\/\/i0.wp.com\/insightcrime.org\/wp-content\/uploads\/2023\/11\/Venezuela-Rioting-inmates-look-down-from-the-roof-of-a-detention-center-run-by-Venezuelas-Bolivarian-police-in-Caracas-27-April-2015-AP508909891865-Featured-1336x768-1.jpg?fit=1200%2C690&quality=100&ssl=1&resize=525%2C300 1.5x, https:\/\/i0.wp.com\/insightcrime.org\/wp-content\/uploads\/2023\/11\/Venezuela-Rioting-inmates-look-down-from-the-roof-of-a-detention-center-run-by-Venezuelas-Bolivarian-police-in-Caracas-27-April-2015-AP508909891865-Featured-1336x768-1.jpg?fit=1200%2C690&quality=100&ssl=1&resize=700%2C400 2x, https:\/\/i0.wp.com\/insightcrime.org\/wp-content\/uploads\/2023\/11\/Venezuela-Rioting-inmates-look-down-from-the-roof-of-a-detention-center-run-by-Venezuelas-Bolivarian-police-in-Caracas-27-April-2015-AP508909891865-Featured-1336x768-1.jpg?fit=1200%2C690&quality=100&ssl=1&resize=1050%2C600 3x"},"classes":[]},{"id":292577,"url":"https:\/\/insightcrime.org\/es\/noticias\/pandillas-ecuador-atacan-directores-prisiones-retomar-control\/","url_meta":{"origin":9144,"position":5},"title":"Pandillas de Ecuador atacan a directores de prisiones para retomar el control","author":"Alicia Florez","date":"23 de septiembre de 2024","format":false,"excerpt":"La noche del 12 de septiembre, hombres armados asesinaron a Mar\u00eda Daniela Icaza, directora de la Penitenciar\u00eda del Litoral de Guayaquil, la c\u00e1rcel masculina m\u00e1s grande del pa\u00eds y el escenario de algunas de las masacres m\u00e1s aterradoras que han sacudido a Ecuador en los \u00faltimos a\u00f1os. El asesinato parece\u2026","rel":"","context":"En \u00abNoticias\u00bb","block_context":{"text":"Noticias","link":"https:\/\/insightcrime.org\/es\/category\/noticias\/"},"img":{"alt_text":"Un agente de polic\u00eda inspecciona el coche de Mar\u00eda Daniela Icaza, tras ser asesinada en Guayaquil ","src":"https:\/\/i0.wp.com\/insightcrime.org\/wp-content\/uploads\/2024\/09\/ecuador-police-guayaquil-prison-murder.jpg?fit=350%2C250&quality=100&ssl=1&resize=350%2C200","width":350,"height":200},"classes":[]}],"jetpack_featured_media_url":"https:\/\/i0.wp.com\/insightcrime.org\/wp-content\/uploads\/2016\/08\/es-16-08-26-VenezuelaPrison2.png?fit=300%2C190&quality=100&ssl=1","_links":{"self":[{"href":"https:\/\/insightcrime.org\/es\/wp-json\/wp\/v2\/posts\/9144","targetHints":{"allow":["GET"]}}],"collection":[{"href":"https:\/\/insightcrime.org\/es\/wp-json\/wp\/v2\/posts"}],"about":[{"href":"https:\/\/insightcrime.org\/es\/wp-json\/wp\/v2\/types\/post"}],"author":[{"embeddable":true,"href":"https:\/\/insightcrime.org\/es\/wp-json\/wp\/v2\/users\/77"}],"replies":[{"embeddable":true,"href":"https:\/\/insightcrime.org\/es\/wp-json\/wp\/v2\/comments?post=9144"}],"version-history":[{"count":2,"href":"https:\/\/insightcrime.org\/es\/wp-json\/wp\/v2\/posts\/9144\/revisions"}],"predecessor-version":[{"id":71811,"href":"https:\/\/insightcrime.org\/es\/wp-json\/wp\/v2\/posts\/9144\/revisions\/71811"}],"wp:featuredmedia":[{"embeddable":true,"href":"https:\/\/insightcrime.org\/es\/wp-json\/wp\/v2\/media\/45029"}],"wp:attachment":[{"href":"https:\/\/insightcrime.org\/es\/wp-json\/wp\/v2\/media?parent=9144"}],"wp:term":[{"taxonomy":"category","embeddable":true,"href":"https:\/\/insightcrime.org\/es\/wp-json\/wp\/v2\/categories?post=9144"},{"taxonomy":"post_tag","embeddable":true,"href":"https:\/\/insightcrime.org\/es\/wp-json\/wp\/v2\/tags?post=9144"},{"taxonomy":"newspack_spnsrs_tax","embeddable":true,"href":"https:\/\/insightcrime.org\/es\/wp-json\/wp\/v2\/newspack_spnsrs_tax?post=9144"},{"taxonomy":"author","embeddable":true,"href":"https:\/\/insightcrime.org\/es\/wp-json\/wp\/v2\/coauthors?post=9144"}],"curies":[{"name":"wp","href":"https:\/\/api.w.org\/{rel}","templated":true}]}}