{"id":91577,"date":"2018-10-30T20:28:31","date_gmt":"2018-10-31T01:28:31","guid":{"rendered":"https:\/\/insightcrime.org\/?p=91577"},"modified":"2023-04-24T16:32:15","modified_gmt":"2023-04-24T21:32:15","slug":"persiste-impunidad-periodistas-asesinados-latinoamerica","status":"publish","type":"post","link":"https:\/\/insightcrime.org\/es\/noticias\/noticias-del-dia\/persiste-impunidad-periodistas-asesinados-latinoamerica\/","title":{"rendered":"Persiste impunidad en casos de periodistas asesinados en Latinoam\u00e9rica"},"content":{"rendered":"\n<p class=\"wp-block-paragraph\">Un nuevo informe se\u00f1ala que a las autoridades en Latinoam\u00e9rica se les sigue dificultando llevar a juicio los casos de asesinatos de periodistas, lo que sugiere una falta de voluntad para investigar adecuadamente estos casos. Pero este sombr\u00edo panorama podr\u00eda empeorar con nuevas administraciones no muy dispuestas a respaldar el trabajo de los medios en la erradicaci\u00f3n del crimen y la corrupci\u00f3n.<\/p>\n\n\n\n<p class=\"wp-block-paragraph\">M\u00e9xico, Colombia y Brasil se clasifican como los peores pa\u00edses del mundo en la resoluci\u00f3n de casos de asesinatos de periodistas en los \u00faltimos diez a\u00f1os, seg\u00fan el <a href=\"https:\/\/cpj.org\/reports\/2018\/10\/impunity-index-getting-away-with-murder-killed-justice.php\" target=\"_blank\" rel=\"noopener\">\u00cdndice Global de Impunidad 2018<\/a> publicado el 30 de octubre por el Comit\u00e9 para la Protecci\u00f3n de los Periodistas (CPJ por sus siglas en ingl\u00e9s).<\/p>\n\n\n\n<p class=\"wp-block-paragraph\">Al menos 324 periodistas han muerto en todo el mundo en la \u00faltima d\u00e9cada, y en el 85 por ciento de esos casos los asesinos no han comparecido ante la justicia. Los 48 casos por resolver en M\u00e9xico, Colombia y Brasil representan m\u00e1s del 20 por ciento de todos los casos incluidos en el \u00edndice.<\/p>\n\n\n\n<p class=\"wp-block-paragraph\">La situaci\u00f3n en M\u00e9xico empeor\u00f3 en 2018, cuando el pa\u00eds qued\u00f3 clasificado como el peor de Latinoam\u00e9rica y el Caribe, con un total de 26 casos de periodistas asesinados sin resolver. Este fue el segundo peor del \u00edndice del CPJ, seguido solo por Filipinas.<\/p>\n\n\n<div class=\"wp-block-image\">\n<figure class=\"aligncenter is-resized\"><a href=\"https:\/\/i0.wp.com\/insightcrime.org\/wp-content\/uploads\/2018\/10\/CPJ-Global-Impunity-Index-2018.jpg?quality=100&#038;ssl=1\"><img data-recalc-dims=\"1\" loading=\"lazy\" decoding=\"async\" src=\"https:\/\/i0.wp.com\/insightcrime.org\/wp-content\/uploads\/2018\/10\/CPJ-Global-Impunity-Index-2018.jpg?resize=2550%2C1849&#038;quality=100&#038;ssl=1\" alt=\"\" class=\"wp-image-91524\" height=\"1849\" width=\"2550\" srcset=\"https:\/\/i0.wp.com\/insightcrime.org\/wp-content\/uploads\/2018\/10\/CPJ-Global-Impunity-Index-2018.jpg?w=2048&amp;quality=100&amp;ssl=1 2048w, https:\/\/i0.wp.com\/insightcrime.org\/wp-content\/uploads\/2018\/10\/CPJ-Global-Impunity-Index-2018.jpg?resize=300%2C218&amp;quality=100&amp;ssl=1 300w, https:\/\/i0.wp.com\/insightcrime.org\/wp-content\/uploads\/2018\/10\/CPJ-Global-Impunity-Index-2018.jpg?resize=1024%2C743&amp;quality=100&amp;ssl=1 1024w, https:\/\/i0.wp.com\/insightcrime.org\/wp-content\/uploads\/2018\/10\/CPJ-Global-Impunity-Index-2018.jpg?resize=768%2C557&amp;quality=100&amp;ssl=1 768w, https:\/\/i0.wp.com\/insightcrime.org\/wp-content\/uploads\/2018\/10\/CPJ-Global-Impunity-Index-2018.jpg?resize=1536%2C1114&amp;quality=100&amp;ssl=1 1536w, https:\/\/i0.wp.com\/insightcrime.org\/wp-content\/uploads\/2018\/10\/CPJ-Global-Impunity-Index-2018.jpg?resize=1200%2C870&amp;quality=100&amp;ssl=1 1200w, https:\/\/i0.wp.com\/insightcrime.org\/wp-content\/uploads\/2018\/10\/CPJ-Global-Impunity-Index-2018.jpg?resize=1568%2C1137&amp;quality=100&amp;ssl=1 1568w, https:\/\/i0.wp.com\/insightcrime.org\/wp-content\/uploads\/2018\/10\/CPJ-Global-Impunity-Index-2018.jpg?resize=400%2C290&amp;quality=100&amp;ssl=1 400w, https:\/\/i0.wp.com\/insightcrime.org\/wp-content\/uploads\/2018\/10\/CPJ-Global-Impunity-Index-2018.jpg?w=370&amp;quality=100&amp;ssl=1 370w\" sizes=\"auto, (max-width: 1000px) 100vw, 1000px\" \/><\/a><\/figure>\n<\/div>\n\n\n<p class=\"has-text-align-center wp-block-paragraph\"><b><\/b><em>(Gr\u00e1fico cortes\u00eda del <a href=\"https:\/\/cpj.org\/reports\/2018\/10\/impunity-index-getting-away-with-murder-killed-justice.php\" target=\"_blank\" rel=\"noopener\">CPJ<\/a>)<\/em><\/p>\n\n\n\n<p class=\"wp-block-paragraph\">Despu\u00e9s de quedar por fuera del \u00edndice en a\u00f1os anteriores, Colombia reapareci\u00f3 este a\u00f1o luego del <a href=\"https:\/\/es.insightcrime.org\/noticias\/analisis\/mafia-ex-farc-es-perseguida-por-colombia-y-ecuador-tras-el-asesinato-de-periodistas-secuestrados\/\" target=\"_blank\" rel=\"noopener\">secuestro y asesinato<\/a> de tres ecuatorianos empleados de un peri\u00f3dico a manos de un grupo de ex-FARC mafia en la frontera Colombia-Ecuador en abril de 2018. A su vez, Brasil ostent\u00f3 el d\u00e9cimo peor r\u00e9cord del mundo, con 17 casos de homicidio de periodistas sin resolver.<\/p>\n\n\n\n<p class=\"wp-block-paragraph\">En la preparaci\u00f3n del \u00edndice, el CPJ calcul\u00f3 el n\u00famero de casos no resueltos de asesinatos de periodistas entre septiembre de 2008 y finales de agosto de 2018, de manera porcentual con respecto a la poblaci\u00f3n de cada pa\u00eds. Solo se incluy\u00f3 a los pa\u00edses con cinco o m\u00e1s casos no resueltos.<\/p>\n\n\n\n<h3 class=\"wp-block-heading\"><span style=\"font-weight: 400;\">An\u00e1lisis de InSight Crime<\/span><\/h3>\n\n\n\n<p class=\"wp-block-paragraph\">Aunque el CPJ informa que la situaci\u00f3n ha mejorado en Brasil y Colombia, los presidentes reci\u00e9n elegidos pueden contribuir a poner en riesgo la seguridad futura de los periodistas en esos pa\u00edses.<\/p>\n\n\n\n<p class=\"wp-block-paragraph\">La mayor\u00eda de las v\u00edctimas de esos casos son periodistas locales, muchas veces perseguidos por su trabajo en la investigaci\u00f3n de temas sensibles, como corrupci\u00f3n y crimen organizado, que en ocasiones pueden involucrar a figuras poderosas. Con mucha frecuencia predomina la impunidad, porque los sospechosos de esos delitos \u201ctienen los medios y la influencia para evadir la justicia mediante la influencia pol\u00edtica, la riqueza o la intimidaci\u00f3n\u201d, seg\u00fan el CPJ.<\/p>\n\n\n\n<p class=\"wp-block-paragraph\"><span style=\"color: #800000;\"><strong>VEA TAMBI\u00c9N:<\/strong><\/span> <a href=\"https:\/\/insightcrime.org\/es\/tag\/elites-y-crimen-organizado\/\" target=\"_blank\" rel=\"noopener\">InDepth Cobertura sobre \u00c9lites y crimen organizado<\/a><\/p>\n\n\n\n<p class=\"wp-block-paragraph\">No sorprende que M\u00e9xico siga ocupando el peor lugar en Latinoam\u00e9rica en la resoluci\u00f3n de casos de asesinato de periodistas. Los trabajadores de los medios en M\u00e9xico son <a href=\"https:\/\/es.insightcrime.org\/noticias\/noticias-del-dia\/informe-periodistas-en-mexico-enfrentan-violencia-de-funcionarios-y-grupos-criminales\/\" target=\"_blank\" rel=\"noopener\">blanco<\/a> tanto de grupos del crimen organizado como de funcionarios de gobierno, y el pa\u00eds exhibe uno de los <a href=\"https:\/\/es.insightcrime.org\/noticias\/noticias-del-dia\/malas-calificaciones-latinoamerica-nuevo-indice-global-impunidad\/\" target=\"_blank\" rel=\"noopener\">m\u00e1s altos \u00edndices<\/a>&nbsp;de impunidad&nbsp;en el continente. Los seis reporteros asesinados en el pa\u00eds en 2017 marcaron un <a href=\"https:\/\/cpj.org\/reports\/2017\/12\/journalists-killed-iraq-crossfire-murder-mexico.php\" target=\"_blank\" rel=\"noopener\">r\u00e9cord<\/a>, pero la situaci\u00f3n se ha agravado, pues por lo menos <a href=\"https:\/\/twitter.com\/ONUDHmexico\/status\/1055544123598495746\" target=\"_blank\" rel=\"noopener\">10 reporteros<\/a> fueron asesinados en lo que va de 2018.<\/p>\n\n\n\n<p class=\"wp-block-paragraph\">Luego de <a href=\"https:\/\/cpj.org\/reports\/2015\/10\/impunity-index-getting-away-with-murder.php\" target=\"_blank\" rel=\"noopener\">salir<\/a> del \u00cdndice Global de Impunidad del CPJ en 2015, Colombia reapareci\u00f3 en 2018, justo con el ascenso a la presidencia del conservador Iv\u00e1n Duque, afiliado al partido pol\u00edtico Centro Democr\u00e1tico. Los periodistas se\u00f1alan que ha surgido una \u201c<a href=\"https:\/\/www.theguardian.com\/world\/2018\/jul\/28\/colombia-journalists-death-threats-duque\" target=\"_blank\" rel=\"noopener\">nueva atm\u00f3sfera de peligro<\/a>\u201d desde la elecci\u00f3n de Duque. En junio pasado, varios reporteros <a href=\"https:\/\/www.elespectador.com\/noticias\/judicial\/aumentan-las-amenazas-periodistas-en-colombia-articulo-804334\" target=\"_blank\" rel=\"noopener\">elevaron su preocupaci\u00f3n<\/a> por una oleada de <a href=\"https:\/\/elpais.com\/internacional\/2018\/07\/17\/colombia\/1531784251_211736.html\" target=\"_blank\" rel=\"noopener\">amenazas de muerte<\/a> contra ellos y su trabajo.<\/p>\n\n\n\n<p class=\"wp-block-paragraph\"><span style=\"color: #800000;\"><b><strong>VEA TAMBI\u00c9N<\/strong>:<\/b><\/span> <a href=\"https:\/\/es.insightcrime.org\/tag\/derechos-humanos\/\" target=\"_blank\" rel=\"noopener\">Cobertura sobre Derechos humanos<\/a><\/p>\n\n\n\n<p class=\"wp-block-paragraph\">Pese a <a href=\"https:\/\/adnpolitico.com\/mexico\/2018\/10\/03\/amlo-promete-proteger-a-los-periodistas-mientras-en-chiapas-asesinan-a-otro\" target=\"_blank\" rel=\"noopener\">ocasionales promesas<\/a> de protecci\u00f3n a los reporteros, el presidente electo de M\u00e9xico Andr\u00e9s Manuel L\u00f3pez Obrador y el colombiano Iv\u00e1n Duque se han mostrado indiferentes ante los ataques a los medios, y no han hecho mucho para alimentar la esperanza de un trato futuro m\u00e1s serio para esos cr\u00edmenes.<\/p>\n\n\n\n<p class=\"wp-block-paragraph\">En Brasil, la reciente elecci\u00f3n del candidato de extrema derecha Jair Bolsonaro a la presidencia \u201c<a href=\"https:\/\/rsf.org\/en\/news\/bolsonaro-poses-serious-threat-press-freedom-and-democracy-brazil\" target=\"_blank\" rel=\"noopener\">plantea una amenaza grave<\/a>\u201d para los periodistas del pa\u00eds, seg\u00fan Reporteros sin Fronteras. A lo largo del ciclo electoral del presente a\u00f1o, la Asociaci\u00f3n Brasile\u00f1a de Periodismo Investigativo (Associa\u00e7\u00e3o Brasileira de Jornalismo Investigativo \u2014ABRAJI) <a href=\"http:\/\/abraji.org.br\/noticias\/abraji-registra-mais-de-130-casos-de-violencia-contra-jornalistas-em-contexto-politico-eleitoral\" target=\"_blank\" rel=\"noopener\">registr\u00f3<\/a> m\u00e1s de 130 casos de violencia contra periodistas. En particular, los reporteros del mayor diario de Brasil, Folha de S\u00e3o Paulo, han recibido <a href=\"https:\/\/www.washingtonpost.com\/world\/the_americas\/reporters-receiving-threats-amid-heated-brazil-election\/2018\/10\/24\/c500add8-d7c4-11e8-8384-bcc5492fef49_story.html?utm_term=.d4dd4f718879\" target=\"_blank\" rel=\"noopener\">amenazas<\/a> por la redacci\u00f3n de notas sobre el presidente electo y su campa\u00f1a.<\/p>\n","protected":false},"excerpt":{"rendered":"<p>Un nuevo informe se\u00f1ala que a las autoridades en Latinoam\u00e9rica se les sigue dificultando llevar a juicio los casos de asesinatos de periodistas, lo que sugiere una falta de voluntad para investigar adecuadamente estos casos. Pero este sombr\u00edo panorama podr\u00eda empeorar con nuevas administraciones no muy dispuestas a respaldar el trabajo de los medios en la erradicaci\u00f3n del crimen y la corrupci\u00f3n.<\/p>\n<p>\n","protected":false},"author":90,"featured_media":91528,"comment_status":"closed","ping_status":"closed","sticky":false,"template":"","format":"standard","meta":{"newspack_ads_suppress_ads":false,"newspack_popups_has_disabled_popups":false,"newspack_sponsor_sponsorship_scope":"","newspack_sponsor_native_byline_display":"inherit","newspack_sponsor_native_category_display":"inherit","newspack_sponsor_underwriter_style":"inherit","newspack_sponsor_underwriter_placement":"inherit","_EventAllDay":false,"_EventTimezone":"","_EventStartDate":"","_EventEndDate":"","_EventStartDateUTC":"","_EventEndDateUTC":"","_EventShowMap":false,"_EventShowMapLink":false,"_EventURL":"","_EventCost":"","_EventCostDescription":"","_EventCurrencySymbol":"","_EventCurrencyCode":"","_EventCurrencyPosition":"","_EventDateTimeSeparator":"","_EventTimeRangeSeparator":"","_EventOrganizerID":[],"_EventVenueID":[],"_OrganizerEmail":"","_OrganizerPhone":"","_OrganizerWebsite":"","_VenueAddress":"","_VenueCity":"","_VenueCountry":"","_VenueProvince":"","_VenueState":"","_VenueZip":"","_VenuePhone":"","_VenueURL":"","_VenueStateProvince":"","_VenueLat":"","_VenueLng":"","_VenueShowMap":false,"_VenueShowMapLink":false,"_newspack_byline_active":false,"_newspack_byline":"","newspack_hide_updated_date":false,"newspack_show_updated_date":false,"newspack_featured_image_position":"","newspack_post_subtitle":"","newspack_article_summary_title":"Overview:","newspack_article_summary":"","_jetpack_memberships_contains_paid_content":false,"footnotes":""},"categories":[334],"tags":[405,368,450,452,406],"newspack_spnsrs_tax":[],"coauthors":[4065],"class_list":["post-91577","post","type-post","status-publish","format-standard","has-post-thumbnail","hentry","category-noticias-del-dia","tag-brasil","tag-colombia-pais","tag-derechos-humanos","tag-homicidios","tag-mexico-pais","entry"],"parsely":{"version":"1.1.0","canonical_url":"https:\/\/insightcrime.org\/es\/noticias\/noticias-del-dia\/persiste-impunidad-periodistas-asesinados-latinoamerica\/","smart_links":{"inbound":0,"outbound":0},"traffic_boost_suggestions_count":0,"meta":{"@context":"https:\/\/schema.org","@type":"NewsArticle","headline":"Persiste impunidad en casos de periodistas asesinados en Latinoam\u00e9rica","url":"http:\/\/insightcrime.org\/es\/noticias\/noticias-del-dia\/persiste-impunidad-periodistas-asesinados-latinoamerica\/","mainEntityOfPage":{"@type":"WebPage","@id":"http:\/\/insightcrime.org\/es\/noticias\/noticias-del-dia\/persiste-impunidad-periodistas-asesinados-latinoamerica\/"},"thumbnailUrl":"https:\/\/i0.wp.com\/insightcrime.org\/wp-content\/uploads\/2018\/10\/18-10-30-CPJ-Impunity-Index.jpg?resize=150%2C150&quality=100&ssl=1","image":{"@type":"ImageObject","url":"https:\/\/i0.wp.com\/insightcrime.org\/wp-content\/uploads\/2018\/10\/18-10-30-CPJ-Impunity-Index.jpg?fit=350%2C250&quality=100&ssl=1"},"articleSection":"Noticias del d\u00eda","author":[{"@type":"Person","name":"Parker Asmann"}],"creator":["Parker Asmann"],"publisher":{"@type":"Organization","name":"InSight Crime","logo":"https:\/\/insightcrime.org\/wp-content\/uploads\/2023\/08\/logo.png"},"keywords":["brasil","colombia","derechos humanos","homicidios","m\u00e9xico"],"dateCreated":"2018-10-31T01:28:31Z","datePublished":"2018-10-31T01:28:31Z","dateModified":"2023-04-24T21:32:15Z"},"rendered":"<meta name=\"parsely-title\" content=\"Persiste impunidad en casos de periodistas asesinados en Latinoam\u00e9rica\" \/>\n<meta name=\"parsely-link\" content=\"http:\/\/insightcrime.org\/es\/noticias\/noticias-del-dia\/persiste-impunidad-periodistas-asesinados-latinoamerica\/\" \/>\n<meta name=\"parsely-type\" content=\"post\" \/>\n<meta name=\"parsely-image-url\" content=\"https:\/\/i0.wp.com\/insightcrime.org\/wp-content\/uploads\/2018\/10\/18-10-30-CPJ-Impunity-Index.jpg?resize=150%2C150&amp;quality=100&amp;ssl=1\" \/>\n<meta name=\"parsely-pub-date\" content=\"2018-10-31T01:28:31Z\" \/>\n<meta name=\"parsely-section\" content=\"Noticias del d\u00eda\" \/>\n<meta name=\"parsely-tags\" content=\"brasil,colombia,derechos humanos,homicidios,m\u00e9xico\" \/>\n<meta name=\"parsely-author\" content=\"Parker Asmann\" \/>","tracker_url":"https:\/\/cdn.parsely.com\/keys\/insightcrime.org\/p.js"},"jetpack_sharing_enabled":true,"jetpack-related-posts":[{"id":146174,"url":"https:\/\/insightcrime.org\/es\/noticias\/asesinatos-periodistas-revelan-mano-negra-crimen-organizado\/","url_meta":{"origin":91577,"position":0},"title":"Asesinatos de periodistas revelan la mano negra del crimen organizado","author":"Saskia Wright","date":"24 de mayo de 2021","format":false,"excerpt":"De los casi 140 periodistas asesinados en M\u00e9xico, Colombia, Brasil y Honduras en la \u00faltima d\u00e9cada, cerca de la mitad cubr\u00edan temas de crimen organizado.","rel":"","context":"En \u00abNoticias\u00bb","block_context":{"text":"Noticias","link":"https:\/\/insightcrime.org\/es\/category\/noticias\/"},"img":{"alt_text":"","src":"https:\/\/i0.wp.com\/insightcrime.org\/wp-content\/uploads\/2021\/05\/5184.jpg?fit=350%2C250&quality=100&ssl=1&resize=350%2C200","width":350,"height":200},"classes":[]},{"id":201015,"url":"https:\/\/insightcrime.org\/es\/noticias\/masacres-defensores-ambientales-impunes-lationamerica\/","url_meta":{"origin":91577,"position":1},"title":"Masacres de defensores ambientales siguen impunes en Latinoam\u00e9rica: informe","author":"Peter Appleby","date":"7 de octubre de 2022","format":false,"excerpt":"Latinoam\u00e9rica es, por un amplio margen, la regi\u00f3n m\u00e1s peligrosa del mundo para los activistas ambientales, con siete de sus pa\u00edses entre los primeros diez lugares de un macabro nuevo ranking.","rel":"","context":"En \u00abNoticias\u00bb","block_context":{"text":"Noticias","link":"https:\/\/insightcrime.org\/es\/category\/noticias\/"},"img":{"alt_text":"Manifestantes en Brasil se pronuncian por muertes de activistas","src":"https:\/\/i0.wp.com\/insightcrime.org\/wp-content\/uploads\/2022\/10\/environmental-crime-murder-1.jpeg?fit=350%2C250&quality=100&ssl=1&resize=350%2C200","width":350,"height":200},"classes":[]},{"id":176977,"url":"https:\/\/insightcrime.org\/es\/noticias\/ataques-asesinatos-periodistas-escandalizan-mexico\/","url_meta":{"origin":91577,"position":2},"title":"Ataques y asesinatos de periodistas escandalizan a M\u00e9xico","author":"Parker Asmann","date":"28 de enero de 2022","format":false,"excerpt":"El inicio de 2022 en M\u00e9xico ha estado te\u00f1ido de sangre de periodistas, muertos a tiros, pu\u00f1aladas o emboscados, mientras las autoridades siguen acusando a las organizaciones criminales.","rel":"","context":"En \u00abNoticias\u00bb","block_context":{"text":"Noticias","link":"https:\/\/insightcrime.org\/es\/category\/noticias\/"},"img":{"alt_text":"Los asesinatos de periodistas en M\u00e9xico no paran","src":"https:\/\/i0.wp.com\/insightcrime.org\/wp-content\/uploads\/2022\/01\/2022-01-27-Mex-Journo-Killings.jpg?fit=350%2C250&quality=100&ssl=1&resize=350%2C200","width":350,"height":200},"classes":[]},{"id":284677,"url":"https:\/\/insightcrime.org\/es\/noticias\/hay-condenas-caso-fernando-villaviencio-ecuador-pero-no-claridad\/","url_meta":{"origin":91577,"position":3},"title":"Hay condenas en el caso de Fernando Villaviencio en Ecuador, pero no claridad","author":"Anastasia Austin","date":"16 de julio de 2024","format":false,"excerpt":"El 12 de julio de 2024, un juez de Ecuador conden\u00f3 a cinco personas por el sonado asesinato del candidato presidencial Fernando Villavicencio en 2023. Sin emabrgo, a\u00fan no est\u00e1 claro qui\u00e9n orden\u00f3 el crimen ni por qu\u00e9.","rel":"","context":"En \u00abNoticias\u00bb","block_context":{"text":"Noticias","link":"https:\/\/insightcrime.org\/es\/category\/noticias\/"},"img":{"alt_text":"Fernando Villavicencio\u2019s family and supporters demonstrate outside the courthouse-Familiares y simpatizantes de Fernando Villavicencio se manifiestan a las afueras del juzgado.","src":"https:\/\/i0.wp.com\/insightcrime.org\/wp-content\/uploads\/2024\/07\/Ecuador_Villavicencio-murder-trial_elite-and-crime.jpg?fit=350%2C250&quality=100&ssl=1&resize=350%2C200","width":350,"height":200},"classes":[]},{"id":272080,"url":"https:\/\/insightcrime.org\/es\/noticias\/brasil-detenciones-apuntan-corrupcion-detras-asesinato-marielle-franco\/","url_meta":{"origin":91577,"position":4},"title":"Brasil: detenciones apuntan a la corrupci\u00f3n detr\u00e1s del asesinato de Marielle Franco","author":"Christopher Newton","date":"26 de marzo de 2024","format":false,"excerpt":"La detenci\u00f3n de funcionarios y exfuncionarios de la ciudad de R\u00edo de Janeiro por su implicaci\u00f3n en el asesinato de una concejala en 2018 se suma a las pruebas de que el homicidio buscaba proteger intereses criminales y corruptos.\u00a0","rel":"","context":"En \u00abNoticias\u00bb","block_context":{"text":"Noticias","link":"https:\/\/insightcrime.org\/es\/category\/noticias\/"},"img":{"alt_text":"Protestors march demanding justice for Marielle ","src":"https:\/\/i0.wp.com\/insightcrime.org\/wp-content\/uploads\/2024\/03\/marielle_protest.png?fit=350%2C250&quality=100&ssl=1&resize=350%2C200","width":350,"height":200},"classes":[]},{"id":246112,"url":"https:\/\/insightcrime.org\/es\/noticias\/filtracion-fiscalia-colombiana-descubierto-identidad-agentes-dea\/","url_meta":{"origin":91577,"position":5},"title":"Una filtraci\u00f3n de la Fiscal\u00eda colombiana deja al descubierto la identidad de decenas de agentes de la DEA","author":"Mike LaSusa","date":"10 de noviembre de 2023","format":false,"excerpt":"Una falla inform\u00e1tica en la Fiscal\u00eda General de Colombia dej\u00f3 al descubierto la identidad de docenas de agentes antinarc\u00f3ticos de Estados Unidos, Colombia y otros pa\u00edses.","rel":"","context":"En \u00abNoticias\u00bb","block_context":{"text":"Noticias","link":"https:\/\/insightcrime.org\/es\/category\/noticias\/"},"img":{"alt_text":"US anti-drug agents and Colombia's prosecutor's office","src":"https:\/\/i0.wp.com\/insightcrime.org\/wp-content\/uploads\/2023\/11\/Cover-Historia-Narco-Files.jpg?fit=1200%2C576&quality=100&ssl=1&resize=350%2C200","width":350,"height":200,"srcset":"https:\/\/i0.wp.com\/insightcrime.org\/wp-content\/uploads\/2023\/11\/Cover-Historia-Narco-Files.jpg?fit=1200%2C576&quality=100&ssl=1&resize=350%2C200 1x, https:\/\/i0.wp.com\/insightcrime.org\/wp-content\/uploads\/2023\/11\/Cover-Historia-Narco-Files.jpg?fit=1200%2C576&quality=100&ssl=1&resize=525%2C300 1.5x, https:\/\/i0.wp.com\/insightcrime.org\/wp-content\/uploads\/2023\/11\/Cover-Historia-Narco-Files.jpg?fit=1200%2C576&quality=100&ssl=1&resize=700%2C400 2x, https:\/\/i0.wp.com\/insightcrime.org\/wp-content\/uploads\/2023\/11\/Cover-Historia-Narco-Files.jpg?fit=1200%2C576&quality=100&ssl=1&resize=1050%2C600 3x"},"classes":[]}],"jetpack_featured_media_url":"https:\/\/i0.wp.com\/insightcrime.org\/wp-content\/uploads\/2018\/10\/18-10-30-CPJ-Impunity-Index.jpg?fit=350%2C250&quality=100&ssl=1","_links":{"self":[{"href":"https:\/\/insightcrime.org\/es\/wp-json\/wp\/v2\/posts\/91577","targetHints":{"allow":["GET"]}}],"collection":[{"href":"https:\/\/insightcrime.org\/es\/wp-json\/wp\/v2\/posts"}],"about":[{"href":"https:\/\/insightcrime.org\/es\/wp-json\/wp\/v2\/types\/post"}],"author":[{"embeddable":true,"href":"https:\/\/insightcrime.org\/es\/wp-json\/wp\/v2\/users\/90"}],"replies":[{"embeddable":true,"href":"https:\/\/insightcrime.org\/es\/wp-json\/wp\/v2\/comments?post=91577"}],"version-history":[{"count":5,"href":"https:\/\/insightcrime.org\/es\/wp-json\/wp\/v2\/posts\/91577\/revisions"}],"predecessor-version":[{"id":91616,"href":"https:\/\/insightcrime.org\/es\/wp-json\/wp\/v2\/posts\/91577\/revisions\/91616"}],"wp:featuredmedia":[{"embeddable":true,"href":"https:\/\/insightcrime.org\/es\/wp-json\/wp\/v2\/media\/91528"}],"wp:attachment":[{"href":"https:\/\/insightcrime.org\/es\/wp-json\/wp\/v2\/media?parent=91577"}],"wp:term":[{"taxonomy":"category","embeddable":true,"href":"https:\/\/insightcrime.org\/es\/wp-json\/wp\/v2\/categories?post=91577"},{"taxonomy":"post_tag","embeddable":true,"href":"https:\/\/insightcrime.org\/es\/wp-json\/wp\/v2\/tags?post=91577"},{"taxonomy":"newspack_spnsrs_tax","embeddable":true,"href":"https:\/\/insightcrime.org\/es\/wp-json\/wp\/v2\/newspack_spnsrs_tax?post=91577"},{"taxonomy":"author","embeddable":true,"href":"https:\/\/insightcrime.org\/es\/wp-json\/wp\/v2\/coauthors?post=91577"}],"curies":[{"name":"wp","href":"https:\/\/api.w.org\/{rel}","templated":true}]}}