{"id":9162,"date":"2016-09-02T15:38:58","date_gmt":"2017-03-28T00:19:02","guid":{"rendered":"http:\/\/newwp.insightcrime.org?p=9162"},"modified":"2023-04-24T15:54:05","modified_gmt":"2023-04-24T20:54:05","slug":"caso-contra-elites-el-salvador-tenido-mal-comienzo","status":"publish","type":"post","link":"https:\/\/insightcrime.org\/es\/noticias\/analisis\/caso-contra-elites-el-salvador-tenido-mal-comienzo\/","title":{"rendered":"Caso contra \u00e9lites de El Salvador ha tenido un mal comienzo"},"content":{"rendered":"\n<p class=\"wp-block-paragraph\">Un juez ha ordenado que el exfiscal general de El Salvador permanezca tras las rejas, a pesar de que est\u00e1 bajo fianza como parte de otra investigaci\u00f3n por colusi\u00f3n con un acaudalado hombre de negocios \u2014mal comienzo para un caso que con seguridad pone a prueba la capacidad de las autoridades para enjuiciar la corrupci\u00f3n entre las \u00e9lites\u2014.<\/p>\n\n\n\n<p class=\"wp-block-paragraph\">El exfiscal general Luis Antonio Mart\u00ednez permanecer\u00e1 en prisi\u00f3n durante seis meses, dado que la Fiscal\u00eda General de la Rep\u00fablica present\u00f3 pruebas de que \u00e9l difundi\u00f3 ilegalmente las conversaciones telef\u00f3nicas de un sacerdote que hab\u00edan sido intervenidas, <a href=\"https:\/\/www.laprensagrafica.com\/2016\/08\/31\/envian-a-prision-al-exfiscal-luis-martinez\" target=\"_blank\">inform\u00f3 La Prensa Gr\u00e1fica<\/a>.<\/p>\n\n\n\n<p class=\"wp-block-paragraph\">Los cargos surgen a partir de una investigaci\u00f3n en torno a Antonio Rodr\u00edguez, mejor conocido como el padre To\u00f1o, quien en septiembre de 2014 se <a href=\"https:\/\/www.vanguardiasv.net\/index.php\/nacionales\/sucesos\/item\/55-padre-tono-se-declara-culpable\" target=\"_blank\">declar\u00f3 culpable<\/a> de introducir art\u00edculos prohibidos a las prisiones y de tr\u00e1fico de influencias. La fiscal\u00eda asegura que Mart\u00ednez, quien era procurador general en ese momento, grab\u00f3 las conversaciones privadas del padre To\u00f1o y se las dio a conocer a los l\u00edderes de la Iglesia Cat\u00f3lica de El Salvador. <a href=\"https:\/\/elmundo.sv\/exfiscal-luis-martinez-es-enviado-a-la-carcel\/\" target=\"_blank\">De acuerdo con El Mundo<\/a>, la legislaci\u00f3n salvadore\u00f1a establece que divulgar ilegalmente la informaci\u00f3n obtenida de conversaciones telef\u00f3nicas intervenidas conlleva una pena de prisi\u00f3n de entre cuatro y ocho a\u00f1os.<\/p>\n\n\n\n<p class=\"wp-block-paragraph\"><span style=\"color: #800000\"><strong>VEA TAMBI\u00c9N:<\/strong> <\/span><a href=\"\/noticias-sobre-crimen-organizado-en-el-salvador\" target=\"_blank\">Noticias y perfiles de El Salvador<\/a><\/p>\n\n\n\n<p class=\"wp-block-paragraph\">Mart\u00ednez fue arrestado inicialmente el 22 de agosto por obstrucci\u00f3n a la justicia en casos relacionados con el prominente empresario Enrique Rais, quien tambi\u00e9n fue detenido, junto con otros nueve sospechosos. Pero el 28 de agosto, una jueza del Tribunal S\u00e9ptimo de paz orden\u00f3 poner a Rais y a los otros sospechosos bajo arresto domiciliario. Ellos salieron de prisi\u00f3n al d\u00eda siguiente, despu\u00e9s de pagar una fianza, pero las autoridades mantuvieron a Mart\u00ednez en la c\u00e1rcel debido a los cargos pendientes relacionados con el caso del padre To\u00f1o.<\/p>\n\n\n\n<p class=\"wp-block-paragraph\">El 29 de agosto, la Fiscal\u00eda General de la Rep\u00fablica anunci\u00f3 que <a href=\"https:\/\/www.fiscalia.gob.sv\/fiscalia-apelara-resolucion-favorecio-imputados-caso-rais-martinez\/\" target=\"_blank\">apelar\u00eda<\/a> la decisi\u00f3n del tribunal de poner a los sospechosos bajo arresto domiciliario. La fiscal\u00eda dijo adem\u00e1s que estaba considerando la posibilidad de investigar a la jueza que tom\u00f3 la decisi\u00f3n.<\/p>\n\n\n\n<h3 class=\"wp-block-heading\">An\u00e1lisis de InSight Crime<\/h3>\n\n\n\n<p class=\"wp-block-paragraph\">Las investigaciones en torno a Rais y Mart\u00ednez han tenido un mal comienzo. La orden de la jueza de conceder arresto domiciliario a Mart\u00ednez y Rais pudo haber sido el producto de un juego sucio, como lo sospecha la Procuradur\u00eda General de la Rep\u00fablica, pero tambi\u00e9n es posible que los fiscales no hayan logrado elaborar un caso lo suficientemente s\u00f3lido. De cualquier manera, la pol\u00e9mica decisi\u00f3n es un ejemplo de los desaf\u00edos que seguramente le esperan a la Fiscal\u00eda General, la cual tiene poca experiencia en el juzgamiento de este tipo de casos de corrupci\u00f3n en los altos niveles.<\/p>\n\n\n\n<p class=\"wp-block-paragraph\">Dado que se trata del exfiscal general de la naci\u00f3n y de un empresario con conexiones en las <a href=\"\/news\/analysis\/courting-el-salvador-puppet-master\" target=\"_blank\">altas esferas de la pol\u00edtica,<\/a> la investigaci\u00f3n en torno a Mart\u00ednez y Rais pone a prueba el sistema de justicia salvadore\u00f1o. Los arrestos de la semana pasada fueron probablemente un intento de reducir la influencia de Mart\u00ednez y Rais en los procesos judiciales, dado que la Procuradur\u00eda General de la Rep\u00fablica se encuentra entablando un caso m\u00e1s fuerte contra ellos. La liberaci\u00f3n de Rais pudo haber frustrado esa estrategia, aunque los fiscales lograron que Mart\u00ednez continuara preso. Como resultado, Rais podr\u00eda tener mayores ventajas que el exfiscal general a medida que el caso avance en los tribunales.<\/p>\n\n\n\n<p class=\"wp-block-paragraph\">La investigaci\u00f3n, sin embargo, contin\u00faa adelante. El fiscal general Douglas Mel\u00e9ndez, quien sustituy\u00f3 a Mart\u00ednez, ha mostrado se\u00f1ales de que est\u00e1 m\u00e1s dispuesto que su predecesor a arremeter contra la corrupci\u00f3n. A mediados de agosto, la Fiscal\u00eda General <a href=\"\/news\/briefs\/el-salvador-ex-president-leaves-country-amid-corruption-probe\" target=\"_blank\">allan\u00f3<\/a> las propiedades de un socio de confianza del expresidente Mauricio Funes, en busca de pruebas que lo podr\u00edan vincular a actos de corrupci\u00f3n.<\/p>\n\n\n\n<p class=\"wp-block-paragraph\">Pero Mel\u00e9ndez reconoce que los juicios contra las \u00e9lites podr\u00e1n enfrentar la resistencia de personas influyentes a quienes les interesa que la impunidad siga imperando. En una carta de marzo de 2016 a un congresista de Estados Unidos, el fiscal general <a href=\"\/noticias\/analisis\/fiscal-salvadoreno-reitera-intentos-presion-externa-casos-corrupcion\" target=\"_blank\">expres\u00f3 su preocupaci\u00f3n<\/a> por \u201cla intenci\u00f3n de grupos externos a la instituci\u00f3n de intervenir en casos de corrupci\u00f3n y probidad, en las investigaciones en curso o en futuras investigaciones\u201d.<\/p>\n\n\n\n<p class=\"wp-block-paragraph\"><span style=\"color: #800000\"><strong>VEA TAMBI\u00c9N:<\/strong><\/span> <a href=\"\/indepth\/elites-y-crimen-organizado\" target=\"_blank\">InDepth: \u00c9lites y crimen organizado<\/a><\/p>\n\n\n\n<p class=\"wp-block-paragraph\">Adem\u00e1s, a diferencia de Guatemala y Honduras, en El Salvador no existe ninguna comisi\u00f3n internacional contra la impunidad que ayude a investigar casos como el de la corrupci\u00f3n en las clases pol\u00edticas. Un 97 por ciento de los salvadore\u00f1os est\u00e1n a favor de la creaci\u00f3n de una instituci\u00f3n de este tipo, lo cual es una clara se\u00f1al de que la poblaci\u00f3n tiene poca confianza en la capacidad o la voluntad del gobierno para llevar a juicio a las \u00e9lites corruptas.<\/p>\n\n\n\n<p class=\"wp-block-paragraph\">La Procuradur\u00eda General de la Rep\u00fablica podr\u00eda empezar a cambiar esa percepci\u00f3n si realiza una investigaci\u00f3n s\u00f3lida contra Rais y Mart\u00ednez, que d\u00e9 como resultado sus condenas. Pero si los hechos de las \u00faltimas semanas se toman como indicio, parece que cumplir esa tarea no va a ser nada f\u00e1cil.<\/p>\n","protected":false},"excerpt":{"rendered":"<p>Un juez ha ordenado que el exfiscal general de El Salvador permanezca tras las rejas, a pesar de que est\u00e1 bajo fianza como parte de otra investigaci\u00f3n por colusi\u00f3n con un acaudalado hombre de negocios \u0097mal comienzo para un caso que con seguridad pone a prueba la capacidad de las autoridades para enjuiciar la corrupci\u00f3n entre las \u00e9lites\u0097.<\/p>\n","protected":false},"author":36,"featured_media":45062,"comment_status":"closed","ping_status":"closed","sticky":false,"template":"","format":"standard","meta":{"newspack_ads_suppress_ads":false,"newspack_popups_has_disabled_popups":false,"newspack_sponsor_sponsorship_scope":"","newspack_sponsor_native_byline_display":"inherit","newspack_sponsor_native_category_display":"inherit","newspack_sponsor_underwriter_style":"inherit","newspack_sponsor_underwriter_placement":"inherit","_EventAllDay":false,"_EventTimezone":"","_EventStartDate":"","_EventEndDate":"","_EventStartDateUTC":"","_EventEndDateUTC":"","_EventShowMap":false,"_EventShowMapLink":false,"_EventURL":"","_EventCost":"","_EventCostDescription":"","_EventCurrencySymbol":"","_EventCurrencyCode":"","_EventCurrencyPosition":"","_EventDateTimeSeparator":"","_EventTimeRangeSeparator":"","_EventOrganizerID":[],"_EventVenueID":[],"_OrganizerEmail":"","_OrganizerPhone":"","_OrganizerWebsite":"","_VenueAddress":"","_VenueCity":"","_VenueCountry":"","_VenueProvince":"","_VenueState":"","_VenueZip":"","_VenuePhone":"","_VenueURL":"","_VenueStateProvince":"","_VenueLat":"","_VenueLng":"","_VenueShowMap":false,"_VenueShowMapLink":false,"_newspack_byline_active":false,"_newspack_byline":"","newspack_hide_updated_date":false,"newspack_show_updated_date":false,"newspack_featured_image_position":"","newspack_post_subtitle":"","newspack_article_summary_title":"Overview:","newspack_article_summary":"","_jetpack_memberships_contains_paid_content":false,"footnotes":""},"categories":[340],"tags":[1540,447],"newspack_spnsrs_tax":[],"coauthors":[3924],"class_list":["post-9162","post","type-post","status-publish","format-standard","has-post-thumbnail","hentry","category-analisis","tag-el-salvador-pais","tag-elites-y-crimen-organizado","entry"],"parsely":{"version":"1.1.0","canonical_url":"https:\/\/insightcrime.org\/es\/noticias\/analisis\/caso-contra-elites-el-salvador-tenido-mal-comienzo\/","smart_links":{"inbound":0,"outbound":0},"traffic_boost_suggestions_count":0,"meta":{"@context":"https:\/\/schema.org","@type":"NewsArticle","headline":"Caso contra \u00e9lites de El Salvador ha tenido un mal comienzo","url":"http:\/\/insightcrime.org\/es\/noticias\/analisis\/caso-contra-elites-el-salvador-tenido-mal-comienzo\/","mainEntityOfPage":{"@type":"WebPage","@id":"http:\/\/insightcrime.org\/es\/noticias\/analisis\/caso-contra-elites-el-salvador-tenido-mal-comienzo\/"},"thumbnailUrl":"https:\/\/i0.wp.com\/insightcrime.org\/wp-content\/uploads\/2016\/09\/es-16-08-31-ElSalvador-Investigation.jpg?resize=150%2C150&quality=100&ssl=1","image":{"@type":"ImageObject","url":"https:\/\/i0.wp.com\/insightcrime.org\/wp-content\/uploads\/2016\/09\/es-16-08-31-ElSalvador-Investigation.jpg?fit=350%2C197&quality=100&ssl=1"},"articleSection":"An\u00e1lisis","author":[{"@type":"Person","name":"David Gagne"}],"creator":["David Gagne"],"publisher":{"@type":"Organization","name":"InSight Crime","logo":"https:\/\/insightcrime.org\/wp-content\/uploads\/2023\/08\/logo.png"},"keywords":["el salvador","\u00e9lites y crimen"],"dateCreated":"2017-03-28T00:19:02Z","datePublished":"2017-03-28T00:19:02Z","dateModified":"2023-04-24T20:54:05Z"},"rendered":"<meta name=\"parsely-title\" content=\"Caso contra \u00e9lites de El Salvador ha tenido un mal comienzo\" \/>\n<meta name=\"parsely-link\" content=\"http:\/\/insightcrime.org\/es\/noticias\/analisis\/caso-contra-elites-el-salvador-tenido-mal-comienzo\/\" \/>\n<meta name=\"parsely-type\" content=\"post\" \/>\n<meta name=\"parsely-image-url\" content=\"https:\/\/i0.wp.com\/insightcrime.org\/wp-content\/uploads\/2016\/09\/es-16-08-31-ElSalvador-Investigation.jpg?resize=150%2C150&amp;quality=100&amp;ssl=1\" \/>\n<meta name=\"parsely-pub-date\" content=\"2017-03-28T00:19:02Z\" \/>\n<meta name=\"parsely-section\" content=\"An\u00e1lisis\" \/>\n<meta name=\"parsely-tags\" content=\"el salvador,\u00e9lites y crimen\" \/>\n<meta name=\"parsely-author\" content=\"David Gagne\" \/>","tracker_url":"https:\/\/cdn.parsely.com\/keys\/insightcrime.org\/p.js"},"jetpack_sharing_enabled":true,"jetpack-related-posts":[{"id":137641,"url":"https:\/\/insightcrime.org\/es\/noticias\/cartel-toga-revela-corrupcion-colombia\/","url_meta":{"origin":9162,"position":0},"title":"El &#8216;Cartel de la Toga&#8217; revela alto nivel de corrupci\u00f3n en las cortes de Colombia","author":"Lara Loaiza","date":"15 de marzo de 2021","format":false,"excerpt":"El expresidente de la Corte Suprema de Justicia de Colombia fue encontrado culpable en un caso que ilustra c\u00f3mo los m\u00e1s altos niveles del poder judicial en el pa\u00eds se hab\u00edan convertido en un sindicato criminal.","rel":"","context":"En \u00abNoticias\u00bb","block_context":{"text":"Noticias","link":"https:\/\/insightcrime.org\/es\/category\/noticias\/"},"img":{"alt_text":"","src":"https:\/\/i0.wp.com\/insightcrime.org\/wp-content\/uploads\/2021\/03\/21-03-15-Colombia-Francisco-Ricaurte-Elites-and-Organized-Crime.jpeg?fit=350%2C250&quality=100&ssl=1&resize=350%2C200","width":350,"height":200},"classes":[]},{"id":146403,"url":"https:\/\/insightcrime.org\/es\/noticias\/chepe-diablo-senalado-lider-cartel-exonerado-salvador\/","url_meta":{"origin":9162,"position":1},"title":"Chepe Diablo, se\u00f1alado l\u00edder de un cartel, es exonerado en El Salvador","author":"Seth Robbins","date":"25 de mayo de 2021","format":false,"excerpt":"Un magnate empresarial, presunto l\u00edder del Cartel Texis de El Salvador, se libra una vez m\u00e1s de la justicia, luego de que un juez lo sobreseyera de cargos por lavado de dinero.","rel":"","context":"En \u00abNoticias\u00bb","block_context":{"text":"Noticias","link":"https:\/\/insightcrime.org\/es\/category\/noticias\/"},"img":{"alt_text":"","src":"https:\/\/i0.wp.com\/insightcrime.org\/wp-content\/uploads\/2021\/05\/chepe-diablo-charges-dropped.jpg?fit=350%2C250&quality=100&ssl=1&resize=350%2C200","width":350,"height":200},"classes":[]},{"id":135104,"url":"https:\/\/insightcrime.org\/es\/noticias\/fallo-judicial-ee-uu-casos-asilo-pandilleros\/","url_meta":{"origin":9162,"position":2},"title":"Fallo judicial en EE. UU. puede cambiar casos de asilo a pandilleros","author":"Parker Asmann","date":"23 de febrero de 2021","format":false,"excerpt":"Un juez de inmigraci\u00f3n de Estados Unidos ha aplazado la deportaci\u00f3n de un exintegrante de la MS13, luego de dictaminar que su condici\u00f3n de expandillero representa un grupo social espec\u00edfico.","rel":"","context":"En \u00abNoticias\u00bb","block_context":{"text":"Noticias","link":"https:\/\/insightcrime.org\/es\/category\/noticias\/"},"img":{"alt_text":"","src":"https:\/\/i0.wp.com\/insightcrime.org\/wp-content\/uploads\/2021\/02\/2021-02-15-MS13-Asylum2.jpg?fit=350%2C250&quality=100&ssl=1&resize=350%2C200","width":350,"height":200},"classes":[]},{"id":129064,"url":"https:\/\/insightcrime.org\/es\/noticias\/lavadores-cuentas-bancarias-el-salvador\/","url_meta":{"origin":9162,"position":3},"title":"El Salvador protege cuentas bancarias de presuntos lavadores de dinero","author":"Shane Sullivan","date":"13 de enero de 2021","format":false,"excerpt":"El director de la agencia reguladora financiera de El Salvador ha dado instrucciones a los bancos para que no cierren las cuentas de lavadores de dinero presuntos o acusados formalmente, la m\u00e1s reciente muestra de la d\u00e9bil lucha de El Salvador contra la corrupci\u00f3n.","rel":"","context":"En \u00abNoticias\u00bb","block_context":{"text":"Noticias","link":"https:\/\/insightcrime.org\/es\/category\/noticias\/"},"img":{"alt_text":"","src":"https:\/\/i0.wp.com\/insightcrime.org\/wp-content\/uploads\/2021\/01\/Gustavo-Villatoro-SSF-1.jpg?fit=350%2C250&quality=100&ssl=1&resize=350%2C200","width":350,"height":200},"classes":[]},{"id":164866,"url":"https:\/\/insightcrime.org\/es\/noticias\/trafico-migrantes-llena-bolsillos-alcaldes-el-salvador\/","url_meta":{"origin":9162,"position":4},"title":"Tr\u00e1fico de migrantes llena los bolsillos de alcaldes de El Salvador","author":"Alex Papadovassilakis","date":"5 de agosto de 2021","format":false,"excerpt":"En dos casos diferentes en El Salvador, se acus\u00f3 a alcaldes de liderar redes de tr\u00e1fico de migrantes, un delito que, como sucede con el narcotr\u00e1fico, los funcionarios locales en regiones fronterizas pueden facilitar desde su posici\u00f3n de privilegio.","rel":"","context":"En \u00abNoticias\u00bb","block_context":{"text":"Noticias","link":"https:\/\/insightcrime.org\/es\/category\/noticias\/"},"img":{"alt_text":"Jos\u00e9 Narciso Ram\u00edrez Ventura, former mayor of San Francisco Men\u00e9ndez, in El Salvador","src":"https:\/\/i0.wp.com\/insightcrime.org\/wp-content\/uploads\/2021\/08\/main_1524936696_dbugx3euwaaatab.jpg?fit=350%2C250&quality=100&ssl=1&resize=350%2C200","width":350,"height":200},"classes":[]},{"id":166221,"url":"https:\/\/insightcrime.org\/es\/noticias\/evidencias-negociaciones-pandillas-desmienten-presidente-el-salvador\/","url_meta":{"origin":9162,"position":5},"title":"Evidencias de negociaciones con pandillas desmienten al presidente de El Salvador","author":"Seth Robbins","date":"24 de agosto de 2021","format":false,"excerpt":"Una investigaci\u00f3n que hab\u00eda sido descartada por el exfiscal general de El Salvador ha proporcionado abundantes evidencias de que la administraci\u00f3n del presidente Nayib Bukele negoci\u00f3 en secreto con tres de las violentas pandillas callejeras del pa\u00eds.","rel":"","context":"En \u00abNoticias\u00bb","block_context":{"text":"Noticias","link":"https:\/\/insightcrime.org\/es\/category\/noticias\/"},"img":{"alt_text":"","src":"https:\/\/i0.wp.com\/insightcrime.org\/wp-content\/uploads\/2021\/08\/Bukele_Gang_Negotiations.jpg?fit=350%2C250&quality=100&ssl=1&resize=350%2C200","width":350,"height":200},"classes":[]}],"jetpack_featured_media_url":"https:\/\/i0.wp.com\/insightcrime.org\/wp-content\/uploads\/2016\/09\/es-16-08-31-ElSalvador-Investigation.jpg?fit=350%2C197&quality=100&ssl=1","_links":{"self":[{"href":"https:\/\/insightcrime.org\/es\/wp-json\/wp\/v2\/posts\/9162","targetHints":{"allow":["GET"]}}],"collection":[{"href":"https:\/\/insightcrime.org\/es\/wp-json\/wp\/v2\/posts"}],"about":[{"href":"https:\/\/insightcrime.org\/es\/wp-json\/wp\/v2\/types\/post"}],"author":[{"embeddable":true,"href":"https:\/\/insightcrime.org\/es\/wp-json\/wp\/v2\/users\/36"}],"replies":[{"embeddable":true,"href":"https:\/\/insightcrime.org\/es\/wp-json\/wp\/v2\/comments?post=9162"}],"version-history":[{"count":1,"href":"https:\/\/insightcrime.org\/es\/wp-json\/wp\/v2\/posts\/9162\/revisions"}],"predecessor-version":[{"id":27212,"href":"https:\/\/insightcrime.org\/es\/wp-json\/wp\/v2\/posts\/9162\/revisions\/27212"}],"wp:featuredmedia":[{"embeddable":true,"href":"https:\/\/insightcrime.org\/es\/wp-json\/wp\/v2\/media\/45062"}],"wp:attachment":[{"href":"https:\/\/insightcrime.org\/es\/wp-json\/wp\/v2\/media?parent=9162"}],"wp:term":[{"taxonomy":"category","embeddable":true,"href":"https:\/\/insightcrime.org\/es\/wp-json\/wp\/v2\/categories?post=9162"},{"taxonomy":"post_tag","embeddable":true,"href":"https:\/\/insightcrime.org\/es\/wp-json\/wp\/v2\/tags?post=9162"},{"taxonomy":"newspack_spnsrs_tax","embeddable":true,"href":"https:\/\/insightcrime.org\/es\/wp-json\/wp\/v2\/newspack_spnsrs_tax?post=9162"},{"taxonomy":"author","embeddable":true,"href":"https:\/\/insightcrime.org\/es\/wp-json\/wp\/v2\/coauthors?post=9162"}],"curies":[{"name":"wp","href":"https:\/\/api.w.org\/{rel}","templated":true}]}}