{"id":9171,"date":"2016-09-06T15:25:49","date_gmt":"2017-03-28T00:19:10","guid":{"rendered":"http:\/\/newwp.insightcrime.org?p=9171"},"modified":"2023-04-24T15:54:08","modified_gmt":"2023-04-24T20:54:08","slug":"mexico-avanza-domar-bestia-corta-ruta-migrantes-hacia-norte","status":"publish","type":"post","link":"https:\/\/insightcrime.org\/es\/noticias\/analisis\/mexico-avanza-domar-bestia-corta-ruta-migrantes-hacia-norte\/","title":{"rendered":"M\u00e9xico planea &#8216;domar&#8217; a &#8216;La Bestia&#8217;; Corta ruta de migrantes hacia el norte"},"content":{"rendered":"\n<p class=\"wp-block-paragraph\">El gobierno mexicano ha anunciado una nueva estrategia para evitar que migrantes se suban al infame tren con direcci\u00f3n al norte conocido como \u201cLa Bestia\u201d, un plan que cortar\u00eda la ruta que ha sido usada por millones de personas indocumentadas que buscan entrar a Estados Unidos.<\/p>\n\n\n\n<p class=\"wp-block-paragraph\">La Secretar\u00eda de Comunicaciones y Transporte (SCT) hizo oficial este plan por medio del&nbsp;<a href=\"https:\/\/www.dof.gob.mx\/nota_detalle.php?codigo=5448911&amp;fecha=23\/08\/2016\" target=\"_blank\">Diario Oficial de la Federaci\u00f3n<\/a> el 23 de Agosto, siendo la primera vez que el gobierno mexicano ha plasmado por escrito y en un documento oficial su intenci\u00f3n de \u201cdomar\u201d a \u201cLa Bestia\u201d, desde que se lanz\u00f3 el Programa Frontera Sur en julio 2014.&nbsp; Este programa, que ten\u00eda como objetivo el \u201cordenamiento del flujo migratorio\u201d, result\u00f3 en el incremento del n\u00famero de <a href=\"https:\/\/www.animalpolitico.com\/2015\/10\/en-8-meses-mexico-ya-rebaso-la-cifra-de-migrantes-detenidos-de-2014-y-bate-record-de-capturas-desde-2006\/\" target=\"_blank\">migrantes detenidos<\/a> en M\u00e9xico.<\/p>\n\n\n\n<p class=\"wp-block-paragraph\"><em><strong>*Este art\u00edculo fue editado para su claridad y publicado con el permiso de<a href=\"https:\/\/www.animalpolitico.com\" target=\"_blank\"> Animal Pol\u00edtico<\/a>. No representa necesariamente las opiniones de InSight Crime. Vea el original <a href=\"https:\/\/www.animalpolitico.com\/2016\/08\/camaras-brigadas-seguridad-drones-asi-planea-mexico-blindar-la-bestia\/\" target=\"_blank\">aqu\u00ed<\/a>.<\/strong><\/em><\/p>\n\n\n\n<p class=\"wp-block-paragraph\">En el documento, la SCT explica que asumi\u00f3 el control de la ruta ferroviaria de \u201cLa Bestia\u201d en el sur de M\u00e9xico, quitando as\u00ed la concesi\u00f3n a la empresa privada encargada, la Compa\u00f1\u00eda de Ferrocarriles Chiapas-Mayab (CFCM).&nbsp;<\/p>\n\n\n\n<p class=\"wp-block-paragraph\">La ruta recorre mil kil\u00f3metros desde Yucat\u00e1n a Cotzacoalcos, Veracruz; y el tramo de Chiapas se extiende 500 kil\u00f3metros desde la frontera con Guatemala hasta el puerto de Salina de Cruz, en el estado de Oaxaca.<\/p>\n\n\n\n<figure class=\"wp-block-image is-resized\"><img data-recalc-dims=\"1\" loading=\"lazy\" decoding=\"async\" src=\"https:\/\/i0.wp.com\/es.insightcrime.org\/images\/2016\/Septiembre\/16-09-03-la-bestiaTracksManuUreste.jpg?resize=456%2C302&#038;quality=100&#038;ssl=1\" alt=\"16 09 03 la bestiaTracksManuUreste\" height=\"302\" width=\"456\"\/><\/figure>\n\n\n\n<p class=\"wp-block-paragraph\">La SCT justific\u00f3 su decisi\u00f3n bajo los motivos clave de \u201cseguridad nacional\u201d y preocupaciones sobre la migraci\u00f3n indocumentada, a\u00f1adiendo que la CFCM hab\u00eda abandonado algunas de las v\u00edas de la ruta. La empresa&nbsp;<a href=\"https:\/\/www.animalpolitico.com\/2016\/08\/la-ferroviaria-responde-sct-no-operaba-la-bestia-desde-2007\/\" target=\"_blank\">emiti\u00f3 una declaraci\u00f3n<\/a> disputando las afirmaciones del gobierno. La CFCM dijo que la Secretar\u00eda hab\u00eda estado a cargo de las v\u00edas de Chiapas desde el 2007 y que tiene la \u201cresponsabilida exclusiva\u201d por el \u201cservicio vergonzoso\u201d de ese tramo de la ruta.<\/p>\n\n\n\n<p class=\"wp-block-paragraph\">El gobierno mexicano argumenta que se necesitan \u201cnuevas medidas de seguridad\u201d debido a que en esa ruta han tenido lugar diferentes ataques a las v\u00edas ferroviarias y al tren, los cuales estar\u00edan asociados \u201cal proceso migratorio que se origina desde la frontera en el sureste del pa\u00eds y a la existencia de grupos delictivos que operan en esa \u00e1rea\u201d.<\/p>\n\n\n\n<p class=\"wp-block-paragraph\">La SCT se\u00f1ala que se requiere la instalaci\u00f3n de centros de monitoreo y de vigilancia de los trenes \u201cmediante drones\u201d. Y la instalaci\u00f3n de c\u00e1maras de vigilancia en los trenes y en \u201cpuntos estrat\u00e9gicos\u201d como los patios de maniobra \u2013donde los migrantes suelen subir al tren porque hay menos riesgo de caer y sufrir amputaciones-, as\u00ed como en t\u00faneles, puentes, cruces ferroviarios o centros urbanos.<\/p>\n\n\n\n<p class=\"wp-block-paragraph\">Otras medidas que se plantean son \u201cla construcci\u00f3n de bardas y el mejoramiento del alumbrado en los patios de maniobras\u201d; la implementaci\u00f3n de \u201cbrigadas de seguridad privada en los trenes\u201d; la instalaci\u00f3n de \u201csistemas de geolocalizaci\u00f3n simult\u00e1neo en los trenes y en las brigadas de vigilancia\u201d; la instalaci\u00f3n de \u201cequipos de alarma y movimiento en las v\u00edas\u201d; la \u201ccertificaci\u00f3n y capacitaci\u00f3n a las empresas de seguridad privada contratadas para la vigilancia\u201d; y la \u201cinstalaci\u00f3n de centros de mando de seguridad en puntos estrat\u00e9gicos\u201d a lo largo de la ruta.<\/p>\n\n\n\n<p class=\"wp-block-paragraph\">La SCT indica que estas medidas de seguridad no est\u00e1n incluidas en la concesi\u00f3n que otorg\u00f3 a la empresa Chiapas-Mayab en el a\u00f1o 1999, por lo que argumenta que es \u201cevidente la necesidad de rescatar la Concesi\u00f3n\u201d y que el gobierno, por tanto, asuma el control del tren en estos dos tramos ferroviarios.<\/p>\n\n\n\n<p class=\"wp-block-paragraph\">Antes de expresar por escrito y en un documento oficial la intenci\u00f3n del gobierno de \u201cblindar\u201d a \u201cLa Bestia\u201d, en julio de 2014, el secretario de Gobernaci\u00f3n, Miguel \u00c1ngel Osorio Chong, ya dijo p\u00fablicamente que no permitir\u00e1n a los migrantes usar el ferrocarril para acceder ilegalmente a los Estados Unidos, alegando que este medio de transporte los pone en riesgo.<\/p>\n\n\n\n<p class=\"wp-block-paragraph\">\u201cVamos a poner orden en La Bestia. Los migrantes ya no podr\u00e1n subir en el tren\u201d, <a href=\"https:\/\/www.animalpolitico.com\/caceriademigrantes\/timeline.html#6\" target=\"_blank\">advirti\u00f3 el funcionario<\/a> en una conferencia de prensa d\u00edas despu\u00e9s de que el presidente Pe\u00f1a Nieto presentara el Programa Frontera Sur. Mientras que el plan aseguraba buscar la protecci\u00f3n a los migrantes, desencaden\u00f3 la detenci\u00f3n y <a href=\"https:\/\/www.animalpolitico.com\/2015\/10\/en-8-meses-mexico-ya-rebaso-la-cifra-de-migrantes-detenidos-de-2014-y-bate-record-de-capturas-desde-2006\/\" target=\"_blank\">deportaci\u00f3n masiva de miles de ellos<\/a>, especialmente de Honduras, Guatemala y El Salvador.<\/p>\n\n\n\n<p class=\"wp-block-paragraph\">Aunque en ese entonces el gobierno mexicano no detall\u00f3 m\u00e1s sobre c\u00f3mo impedir\u00eda a los migrantes subir a \u201cLa Bestia\u201d, Animal Pol\u00edtico document\u00f3 en la investigaci\u00f3n \u201c<a href=\"https:\/\/www.animalpolitico.com\/caceriademigrantes\/index.html\" target=\"_blank\">Programa Frontera Sur: Una Cacer\u00eda de Migrantes<\/a>\u201d que sobre el terreno se estaban implementando varias medidas, como cambios en los techos de los vagones \u2013para que los migrantes no puedan viajar en convoy-, la implementaci\u00f3n de operativos policiacos en los patios de carga, y la construcci\u00f3n de bardas y pilotes para que las personas no puedan abordar el tren.<\/p>\n\n\n\n<figure class=\"wp-block-image is-resized\"><img data-recalc-dims=\"1\" loading=\"lazy\" decoding=\"async\" src=\"https:\/\/i0.wp.com\/es.insightcrime.org\/images\/2016\/Septiembre\/16-09-03_migrantes2ManuUreste.jpg?resize=463%2C290&#038;quality=100&#038;ssl=1\" alt=\"16 09 03 migrantes2ManuUreste\" height=\"290\" width=\"463\"\/><\/figure>\n\n\n\n<p class=\"wp-block-paragraph\">Adem\u00e1s, empresas concesionadas por el gobierno federal, incluyendo Ferromex, contrataron custodios privados para vigilar el ferrocarril, lo cual ha originado denuncias en Tlaxcala y m\u00e1s recientemente en Quer\u00e9taro, donde la Estancia del Migrante Gonz\u00e1lez y Mart\u00ednez <a href=\"https:\/\/www.animalpolitico.com\/2015\/09\/albergue-en-queretaro-denuncia-que-custodios-privados-balean-a-migrantes-para-impedir-que-suban-a-la-bestia\/\" target=\"_blank\">denunci\u00f3 que los guardias balean<\/a> a migrantes y amenazan a los activistas que les dan comida.<\/p>\n\n\n\n<p class=\"wp-block-paragraph\">Ahora, con el anuncio del gobierno federal de la necesidad de implementar \u201cnuevas medidas de seguridad\u201d en el tren, organizaciones defensoras de los migrantes denuncian que detr\u00e1s de la decisi\u00f3n de retirar la concesi\u00f3n a Chiapas-Mayab est\u00e1 la intenci\u00f3n de implementar otra media para detener el flujo migratorio en en zona de gran importancia estrat\u00e9gica en el sur del pa\u00eds, en la frontera con Guatemala.<\/p>\n\n\n\n<p class=\"wp-block-paragraph\">\u201cSab\u00edamos que el gobierno federal tramaba algo con el anuncio de la retirada de la concesi\u00f3n a Chiapas-Mayab,\u201d dijo Alberto Donis, coordinador de un albergue para migrantes llamado Hermanos en el Camino, en Ixtepec, Oaxaca. \u201cSab\u00edamos que no era para mejorar las v\u00edas de comunicaci\u00f3n, sino para contener el flujo migratorio en una zona estrat\u00e9gica.\u201d<\/p>\n\n\n\n<p class=\"wp-block-paragraph\"><em>*Este art\u00edculo fue editado para su claridad y publicado con el permiso de<a href=\"https:\/\/www.animalpolitico.com\/\" target=\"_blank\"> Animal Pol\u00edtico<\/a>. No representa necesariamente las opiniones de InSight Crime. Vea el original <a href=\"https:\/\/www.animalpolitico.com\/2016\/08\/camaras-brigadas-seguridad-drones-asi-planea-mexico-blindar-la-bestia\/\" target=\"_blank\">aqu\u00ed<\/a>. Fotos por Manu Ureste<\/em><\/p>\n","protected":false},"excerpt":{"rendered":"<p>El gobierno mexicano ha anunciado una nueva estrategia para evitar que migrantes se suban al infame tren con direcci\u00f3n al norte conocido como \u00abLa Bestia\u00bb, un plan que cortar\u00eda la ruta que ha sido usada por millones de personas indocumentadas que buscan entrar a Estados Unidos.<\/p>\n","protected":false},"author":77,"featured_media":45086,"comment_status":"closed","ping_status":"closed","sticky":false,"template":"","format":"standard","meta":{"newspack_ads_suppress_ads":false,"newspack_popups_has_disabled_popups":false,"newspack_sponsor_sponsorship_scope":"","newspack_sponsor_native_byline_display":"inherit","newspack_sponsor_native_category_display":"inherit","newspack_sponsor_underwriter_style":"inherit","newspack_sponsor_underwriter_placement":"inherit","_EventAllDay":false,"_EventTimezone":"","_EventStartDate":"","_EventEndDate":"","_EventStartDateUTC":"","_EventEndDateUTC":"","_EventShowMap":false,"_EventShowMapLink":false,"_EventURL":"","_EventCost":"","_EventCostDescription":"","_EventCurrencySymbol":"","_EventCurrencyCode":"","_EventCurrencyPosition":"","_EventDateTimeSeparator":"","_EventTimeRangeSeparator":"","_EventOrganizerID":[],"_EventVenueID":[],"_OrganizerEmail":"","_OrganizerPhone":"","_OrganizerWebsite":"","_VenueAddress":"","_VenueCity":"","_VenueCountry":"","_VenueProvince":"","_VenueState":"","_VenueZip":"","_VenuePhone":"","_VenueURL":"","_VenueStateProvince":"","_VenueLat":"","_VenueLng":"","_VenueShowMap":false,"_VenueShowMapLink":false,"_newspack_byline_active":false,"_newspack_byline":"","newspack_hide_updated_date":false,"newspack_show_updated_date":false,"newspack_featured_image_position":"","newspack_post_subtitle":"","newspack_article_summary_title":"Overview:","newspack_article_summary":"","_jetpack_memberships_contains_paid_content":false,"footnotes":""},"categories":[340],"tags":[450,2997,406,372],"newspack_spnsrs_tax":[],"coauthors":[3885,3944],"class_list":["post-9171","post","type-post","status-publish","format-standard","has-post-thumbnail","hentry","category-analisis","tag-derechos-humanos","tag-frontera-eumexico-es","tag-mexico-pais","tag-trata-de-personas","entry"],"parsely":{"version":"1.1.0","canonical_url":"https:\/\/insightcrime.org\/es\/noticias\/analisis\/mexico-avanza-domar-bestia-corta-ruta-migrantes-hacia-norte\/","smart_links":{"inbound":0,"outbound":0},"traffic_boost_suggestions_count":0,"meta":{"@context":"https:\/\/schema.org","@type":"NewsArticle","headline":"M\u00e9xico planea &#8216;domar&#8217; a &#8216;La Bestia&#8217;; Corta ruta de migrantes hacia el norte","url":"http:\/\/insightcrime.org\/es\/noticias\/analisis\/mexico-avanza-domar-bestia-corta-ruta-migrantes-hacia-norte\/","mainEntityOfPage":{"@type":"WebPage","@id":"http:\/\/insightcrime.org\/es\/noticias\/analisis\/mexico-avanza-domar-bestia-corta-ruta-migrantes-hacia-norte\/"},"thumbnailUrl":"https:\/\/i0.wp.com\/insightcrime.org\/wp-content\/uploads\/2016\/09\/es-16-09-03-LaBestiaManuUreste.jpg?resize=150%2C150&quality=100&ssl=1","image":{"@type":"ImageObject","url":"https:\/\/i0.wp.com\/insightcrime.org\/wp-content\/uploads\/2016\/09\/es-16-09-03-LaBestiaManuUreste.jpg?fit=500%2C300&quality=100&ssl=1"},"articleSection":"An\u00e1lisis","author":[{"@type":"Person","name":"Manu Ureste"},{"@type":"Person","name":"Arturo Angel"}],"creator":["Manu Ureste","Arturo Angel"],"publisher":{"@type":"Organization","name":"InSight Crime","logo":"https:\/\/insightcrime.org\/wp-content\/uploads\/2023\/08\/logo.png"},"keywords":["derechos humanos","frontera eu\/m\u00e9xico","m\u00e9xico","trata de personas"],"dateCreated":"2017-03-28T00:19:10Z","datePublished":"2017-03-28T00:19:10Z","dateModified":"2023-04-24T20:54:08Z"},"rendered":"<meta name=\"parsely-title\" content=\"M\u00e9xico planea &#8216;domar&#8217; a &#8216;La Bestia&#8217;; Corta ruta de migrantes hacia el norte\" \/>\n<meta name=\"parsely-link\" content=\"http:\/\/insightcrime.org\/es\/noticias\/analisis\/mexico-avanza-domar-bestia-corta-ruta-migrantes-hacia-norte\/\" \/>\n<meta name=\"parsely-type\" content=\"post\" \/>\n<meta name=\"parsely-image-url\" content=\"https:\/\/i0.wp.com\/insightcrime.org\/wp-content\/uploads\/2016\/09\/es-16-09-03-LaBestiaManuUreste.jpg?resize=150%2C150&amp;quality=100&amp;ssl=1\" \/>\n<meta name=\"parsely-pub-date\" content=\"2017-03-28T00:19:10Z\" \/>\n<meta name=\"parsely-section\" content=\"An\u00e1lisis\" \/>\n<meta name=\"parsely-tags\" content=\"derechos humanos,frontera eu\/m\u00e9xico,m\u00e9xico,trata de personas\" \/>\n<meta name=\"parsely-author\" content=\"Manu Ureste\" \/>\n<meta name=\"parsely-author\" content=\"Arturo Angel\" \/>","tracker_url":"https:\/\/cdn.parsely.com\/keys\/insightcrime.org\/p.js"},"jetpack_sharing_enabled":true,"jetpack-related-posts":[{"id":232615,"url":"https:\/\/insightcrime.org\/es\/investigaciones\/politica-estadounidense-fomenta-crimen-organizado-frontera-estados-unidos-mexico\/","url_meta":{"origin":9171,"position":0},"title":"C\u00f3mo la pol\u00edtica estadounidense fomenta el crimen organizado en la frontera entre Estados Unidos y M\u00e9xico","author":"InSight Crime","date":"28 de junio de 2023","format":false,"excerpt":"En 2019, el Departamento de Seguridad Nacional de Estados Unidos (Department of Homeland Security, DHS) anunci\u00f3 los Protocolos de Protecci\u00f3n al Migrante (MPP). La que llegar\u00eda a conocerse como la pol\u00edtica \u201cQu\u00e9date en M\u00e9xico\u201d fue la \u00faltima de una serie de iniciativas realizadas a lo largo de d\u00e9cadas por parte\u2026","rel":"","context":"En \u00abInvestigaciones\u00bb","block_context":{"text":"Investigaciones","link":"https:\/\/insightcrime.org\/es\/category\/investigaciones\/"},"img":{"alt_text":"","src":"https:\/\/i0.wp.com\/insightcrime.org\/wp-content\/uploads\/2023\/09\/Cover-C1-MEXICO-NT-BORDER-MIGRATION-InSight-Crime-Jun-2023-1.jpg?fit=1200%2C576&quality=100&ssl=1&resize=350%2C200","width":350,"height":200,"srcset":"https:\/\/i0.wp.com\/insightcrime.org\/wp-content\/uploads\/2023\/09\/Cover-C1-MEXICO-NT-BORDER-MIGRATION-InSight-Crime-Jun-2023-1.jpg?fit=1200%2C576&quality=100&ssl=1&resize=350%2C200 1x, https:\/\/i0.wp.com\/insightcrime.org\/wp-content\/uploads\/2023\/09\/Cover-C1-MEXICO-NT-BORDER-MIGRATION-InSight-Crime-Jun-2023-1.jpg?fit=1200%2C576&quality=100&ssl=1&resize=525%2C300 1.5x, https:\/\/i0.wp.com\/insightcrime.org\/wp-content\/uploads\/2023\/09\/Cover-C1-MEXICO-NT-BORDER-MIGRATION-InSight-Crime-Jun-2023-1.jpg?fit=1200%2C576&quality=100&ssl=1&resize=700%2C400 2x, https:\/\/i0.wp.com\/insightcrime.org\/wp-content\/uploads\/2023\/09\/Cover-C1-MEXICO-NT-BORDER-MIGRATION-InSight-Crime-Jun-2023-1.jpg?fit=1200%2C576&quality=100&ssl=1&resize=1050%2C600 3x"},"classes":[]},{"id":207083,"url":"https:\/\/insightcrime.org\/es\/noticias\/traficantes-personas-lanzan-mar-pacifico-mexico\/","url_meta":{"origin":9171,"position":1},"title":"Traficantes de personas se lanzan a las olas a lo largo de la costa Pac\u00edfica de M\u00e9xico","author":"Peter Appleby","date":"20 de diciembre de 2022","format":false,"excerpt":"Un incremento de la migraci\u00f3n por mar a lo largo de la costa de M\u00e9xico sobre el Pac\u00edfico evidencia la adaptabilidad de las redes de tr\u00e1fico de personas en el pa\u00eds y su desinter\u00e9s por las personas que transportan.","rel":"","context":"En \u00abNoticias\u00bb","block_context":{"text":"Noticias","link":"https:\/\/insightcrime.org\/es\/category\/noticias\/"},"img":{"alt_text":"Autoridades rescatan a migrantes que viajaban en lancha volcada","src":"https:\/\/i0.wp.com\/insightcrime.org\/wp-content\/uploads\/2022\/12\/mexico-oaxaca-migrants-1.jpeg?fit=350%2C250&quality=100&ssl=1&resize=350%2C200","width":350,"height":200},"classes":[]},{"id":232661,"url":"https:\/\/insightcrime.org\/es\/noticias\/guerra-cjng-cartel-sinaloa-rutas-trafico-guatemala-desangra-chiapas\/","url_meta":{"origin":9171,"position":2},"title":"Guerra entre CJNG y Cartel de Sinaloa por rutas de tr\u00e1fico desde Guatemala desangra a Chiapas","author":"Chris Dalby","date":"2 de junio de 2023","format":false,"excerpt":"La guerra sin cuartel entre el CJNG y el Cartel de Sinaloa por las rutas de tr\u00e1fico que vienen de Guatemala ha dejado muertos y desplazados entre la poblaci\u00f3n de Chiapas.","rel":"","context":"En \u00abNoticias\u00bb","block_context":{"text":"Noticias","link":"https:\/\/insightcrime.org\/es\/category\/noticias\/"},"img":{"alt_text":"Miembros de las fuerzas armadas de M\u00e9xico patrullan un pueblo de Chiapas tras la escalada de violencia entre el c\u00e1rtel de Sinaloa y el CJNG.","src":"https:\/\/i0.wp.com\/insightcrime.org\/wp-content\/uploads\/2023\/09\/chiapas-1.jpg?fit=350%2C233&quality=100&ssl=1&resize=350%2C200","width":350,"height":200},"classes":[]},{"id":164170,"url":"https:\/\/insightcrime.org\/es\/noticias\/migrantes-desaparecen-mueren-cierre-frontera-estados-unidos-mexico\/","url_meta":{"origin":9171,"position":3},"title":"Migrantes desaparecen y mueren por cierre de la frontera Estados Unidos-M\u00e9xico","author":"Parker Asmann","date":"27 de julio de 2021","format":false,"excerpt":"Cada vez son m\u00e1s frecuentes los informes de migrantes que mueren y desaparecen en las zonas fronterizas entre Estados Unidos y M\u00e9xico, debido en parte a una pol\u00edtica fronteriza restrictiva que lleva a las personas a cruzar por rutas m\u00e1s remotas y peligrosas.","rel":"","context":"En \u00abNoticias\u00bb","block_context":{"text":"Noticias","link":"https:\/\/insightcrime.org\/es\/category\/noticias\/"},"img":{"alt_text":"","src":"https:\/\/i0.wp.com\/insightcrime.org\/wp-content\/uploads\/2021\/07\/21-07-23-US-Mexico-Border-Title-42.jpg?fit=350%2C250&quality=100&ssl=1&resize=350%2C200","width":350,"height":200},"classes":[]},{"id":294829,"url":"https:\/\/insightcrime.org\/es\/noticias\/mexico-provocando-guerra-criminal-migrantes-tabasco\/","url_meta":{"origin":9171,"position":4},"title":"\u00bfEst\u00e1 M\u00e9xico provocando una guerra criminal al enviar migrantes a Tabasco?","author":"Peter Appleby","date":"18 de octubre de 2024","format":false,"excerpt":"Mientras el estado de Tabasco, en el sur de M\u00e9xico, se enfrenta a las secuelas de una ola de violencia, una pol\u00edtica no oficial est\u00e1 canalizando hacia all\u00ed a migrantes vulnerables, lo que proporciona a los grupos de crimen organizado m\u00e1s oportunidades criminales de obtener beneficios.","rel":"","context":"En \u00abNoticias\u00bb","block_context":{"text":"Noticias","link":"https:\/\/insightcrime.org\/es\/category\/noticias\/"},"img":{"alt_text":"Mexico's Guardia Nacional respond to violence in Tabasco.","src":"https:\/\/i0.wp.com\/insightcrime.org\/wp-content\/uploads\/2024\/10\/tabasco-police-violence.jpg?fit=350%2C250&quality=100&ssl=1&resize=350%2C200","width":350,"height":200},"classes":[]},{"id":300978,"url":"https:\/\/insightcrime.org\/es\/noticias\/aranceles-estadounidenses-no-detendran-flujo-fentanilo-o-migrantes-de-mexico\/","url_meta":{"origin":9171,"position":5},"title":"Por qu\u00e9 los aranceles estadounidenses no detendr\u00e1n el flujo de fentanilo o de migrantes desde M\u00e9xico","author":"Parker Asmann","date":"4 de febrero de 2025","format":false,"excerpt":"Las nuevas amenazas arancelarias del gobierno de Estados Unidos pueden resultar contraproducentes en la lucha contra el tr\u00e1fico de migrantes y el tr\u00e1fico de fentanilo, y podr\u00edan fortalecer a los grupos del crimen organizado que pretenden debilitar.","rel":"","context":"En \u00abAudio\u00bb","block_context":{"text":"Audio","link":"https:\/\/insightcrime.org\/es\/category\/audio-es\/"},"img":{"alt_text":"","src":"https:\/\/i0.wp.com\/insightcrime.org\/wp-content\/uploads\/2025\/02\/Feature-Image-Mexico-President-Claudia-Sheinbaum-speaks-to-the-crowd-during-an-event-AP25030685783292.jpg?fit=1200%2C675&quality=100&ssl=1&resize=350%2C200","width":350,"height":200,"srcset":"https:\/\/i0.wp.com\/insightcrime.org\/wp-content\/uploads\/2025\/02\/Feature-Image-Mexico-President-Claudia-Sheinbaum-speaks-to-the-crowd-during-an-event-AP25030685783292.jpg?fit=1200%2C675&quality=100&ssl=1&resize=350%2C200 1x, https:\/\/i0.wp.com\/insightcrime.org\/wp-content\/uploads\/2025\/02\/Feature-Image-Mexico-President-Claudia-Sheinbaum-speaks-to-the-crowd-during-an-event-AP25030685783292.jpg?fit=1200%2C675&quality=100&ssl=1&resize=525%2C300 1.5x, https:\/\/i0.wp.com\/insightcrime.org\/wp-content\/uploads\/2025\/02\/Feature-Image-Mexico-President-Claudia-Sheinbaum-speaks-to-the-crowd-during-an-event-AP25030685783292.jpg?fit=1200%2C675&quality=100&ssl=1&resize=700%2C400 2x, https:\/\/i0.wp.com\/insightcrime.org\/wp-content\/uploads\/2025\/02\/Feature-Image-Mexico-President-Claudia-Sheinbaum-speaks-to-the-crowd-during-an-event-AP25030685783292.jpg?fit=1200%2C675&quality=100&ssl=1&resize=1050%2C600 3x"},"classes":[]}],"jetpack_featured_media_url":"https:\/\/i0.wp.com\/insightcrime.org\/wp-content\/uploads\/2016\/09\/es-16-09-03-LaBestiaManuUreste.jpg?fit=500%2C300&quality=100&ssl=1","_links":{"self":[{"href":"https:\/\/insightcrime.org\/es\/wp-json\/wp\/v2\/posts\/9171","targetHints":{"allow":["GET"]}}],"collection":[{"href":"https:\/\/insightcrime.org\/es\/wp-json\/wp\/v2\/posts"}],"about":[{"href":"https:\/\/insightcrime.org\/es\/wp-json\/wp\/v2\/types\/post"}],"author":[{"embeddable":true,"href":"https:\/\/insightcrime.org\/es\/wp-json\/wp\/v2\/users\/77"}],"replies":[{"embeddable":true,"href":"https:\/\/insightcrime.org\/es\/wp-json\/wp\/v2\/comments?post=9171"}],"version-history":[{"count":4,"href":"https:\/\/insightcrime.org\/es\/wp-json\/wp\/v2\/posts\/9171\/revisions"}],"predecessor-version":[{"id":71795,"href":"https:\/\/insightcrime.org\/es\/wp-json\/wp\/v2\/posts\/9171\/revisions\/71795"}],"wp:featuredmedia":[{"embeddable":true,"href":"https:\/\/insightcrime.org\/es\/wp-json\/wp\/v2\/media\/45086"}],"wp:attachment":[{"href":"https:\/\/insightcrime.org\/es\/wp-json\/wp\/v2\/media?parent=9171"}],"wp:term":[{"taxonomy":"category","embeddable":true,"href":"https:\/\/insightcrime.org\/es\/wp-json\/wp\/v2\/categories?post=9171"},{"taxonomy":"post_tag","embeddable":true,"href":"https:\/\/insightcrime.org\/es\/wp-json\/wp\/v2\/tags?post=9171"},{"taxonomy":"newspack_spnsrs_tax","embeddable":true,"href":"https:\/\/insightcrime.org\/es\/wp-json\/wp\/v2\/newspack_spnsrs_tax?post=9171"},{"taxonomy":"author","embeddable":true,"href":"https:\/\/insightcrime.org\/es\/wp-json\/wp\/v2\/coauthors?post=9171"}],"curies":[{"name":"wp","href":"https:\/\/api.w.org\/{rel}","templated":true}]}}