{"id":91956,"date":"2018-11-09T09:49:55","date_gmt":"2018-11-09T14:49:55","guid":{"rendered":"https:\/\/insightcrime.org\/?p=91956"},"modified":"2023-04-24T16:32:24","modified_gmt":"2023-04-24T21:32:24","slug":"vinculos-criminales-de-las-elites-de-guatemala-demuestran-la-vulnerabilidad-politica-del-pais","status":"publish","type":"post","link":"https:\/\/insightcrime.org\/es\/noticias\/noticias-del-dia\/vinculos-criminales-de-las-elites-de-guatemala-demuestran-la-vulnerabilidad-politica-del-pais\/","title":{"rendered":"V\u00ednculos criminales de las \u00e9lites de Guatemala demuestran la vulnerabilidad pol\u00edtica del pa\u00eds"},"content":{"rendered":"\n<p class=\"wp-block-paragraph\">Un representante de Guatemala ante el Parlamento Centroamericano ha sido vinculado a una organizaci\u00f3n criminal que durante mucho tiempo ha tenido conexiones con pol\u00edticos y otros miembros de las \u00e9lites, lo que pone de manifiesto la vulnerabilidad del organismo regional y del sistema pol\u00edtico del pa\u00eds.<\/p>\n\n\n\n<p class=\"wp-block-paragraph\">Seg\u00fan un informe de <a href=\"https:\/\/elperiodico.com.gt\/nacion\/2018\/11\/06\/diputado-al-parlacen-esta-vinculado-a-los-huistas\/\" target=\"_blank\" rel=\"noopener\">ElPeri\u00f3dico<\/a>, durante una investigaci\u00f3n que se ha extendido por cinco a\u00f1os, el Ministerio P\u00fablico de Guatemala ha determinado que Freddy Arnoldo Salazar Flores, representante del Parlamento Centroamericano (Parlacen), tiene lazos familiares que lo vinculan a la organizaci\u00f3n criminal de Los Huistas, la cual opera en una importante regi\u00f3n del noroeste de Guatemala, cerca de la frontera con M\u00e9xico.<\/p>\n\n\n\n<p class=\"wp-block-paragraph\">La investigaci\u00f3n indica que Salazar Flores est\u00e1 casado con una mujer conocida como Danury Lisseth Samayoa Montejo, hija de un presunto miembro de Los Huistas, Aler Baldomero Samayoa Recinos, alias \u201cChicharra\u201d.<\/p>\n\n\n\n<p class=\"wp-block-paragraph\">Pero este no es el \u00fanico supuesto v\u00ednculo de Salazar Flores con la organizaci\u00f3n criminal. Seg\u00fan ElPeri\u00f3dico, la hermana de Salazar Flores, Elisa Judith Salazar Mej\u00eda, est\u00e1 casada con otro presunto miembro de Los Huistas, conocido como Juan Bautista Rozotto L\u00f3pez, alias \u201cJuancho\u201d.<\/p>\n\n\n<div class=\"wp-block-image\">\n<figure class=\"aligncenter is-resized\"><a href=\"https:\/\/i0.wp.com\/insightcrime.org\/wp-content\/uploads\/2018\/11\/Guate-Huistas-Graphic.jpg?quality=100&#038;ssl=1\"><img data-recalc-dims=\"1\" loading=\"lazy\" decoding=\"async\" src=\"https:\/\/i0.wp.com\/insightcrime.org\/wp-content\/uploads\/2018\/11\/Guate-Huistas-Graphic.jpg?resize=1024%2C832&#038;quality=100&#038;ssl=1\" alt=\"\" class=\"wp-image-91912\" height=\"832\" width=\"1024\" srcset=\"https:\/\/i0.wp.com\/insightcrime.org\/wp-content\/uploads\/2018\/11\/Guate-Huistas-Graphic.jpg?w=1024&amp;quality=100&amp;ssl=1 1024w, https:\/\/i0.wp.com\/insightcrime.org\/wp-content\/uploads\/2018\/11\/Guate-Huistas-Graphic.jpg?resize=300%2C244&amp;quality=100&amp;ssl=1 300w, https:\/\/i0.wp.com\/insightcrime.org\/wp-content\/uploads\/2018\/11\/Guate-Huistas-Graphic.jpg?resize=768%2C624&amp;quality=100&amp;ssl=1 768w, https:\/\/i0.wp.com\/insightcrime.org\/wp-content\/uploads\/2018\/11\/Guate-Huistas-Graphic.jpg?resize=400%2C325&amp;quality=100&amp;ssl=1 400w, https:\/\/i0.wp.com\/insightcrime.org\/wp-content\/uploads\/2018\/11\/Guate-Huistas-Graphic.jpg?w=370&amp;quality=100&amp;ssl=1 370w\" sizes=\"auto, (max-width: 1000px) 100vw, 1000px\" \/><\/a><\/figure>\n<\/div>\n\n\n<p class=\"has-text-align-center wp-block-paragraph\"><em>(Gr\u00e1fico cortes\u00eda de <a href=\"https:\/\/elperiodico.com.gt\/nacion\/2018\/11\/06\/diputado-al-parlacen-esta-vinculado-a-los-huistas\/\" target=\"_blank\" rel=\"noopener\">ElPeri\u00f3dico<\/a>)<\/em><\/p>\n\n\n\n<p class=\"wp-block-paragraph\">En septiembre de 2013, la Polic\u00eda Nacional de Guatemala detuvo a Rozotto L\u00f3pez cuando transportaba 600.000 quetzales en efectivo (unos US$78.000), ocultos en un compartimiento de su auto. Sin embargo, m\u00e1s adelante un tribunal local permiti\u00f3 que Rozotto L\u00f3pez saliera de la c\u00e1rcel.<\/p>\n\n\n\n<p class=\"wp-block-paragraph\">Una serie de grabaciones telef\u00f3nicas han permitido determinar que, presuntamente, otros miembros de Los Huistas conspiraron para proporcionar pruebas falsas con las que buscaban hacer parecer que el efectivo que Rozotto L\u00f3pez transportaba proven\u00eda de la venta legal de maquinaria y veh\u00edculos a una sociedad identificada como Jarepsa S.A. Esto supuestamente aport\u00f3 las pruebas que llevaron a que un juez cerrara el caso, seg\u00fan <a href=\"https:\/\/www.prensalibre.com\/guatemala\/justicia\/llamadas-incriminan-a-estructura-de-los-huistas\" target=\"_blank\" rel=\"noopener\">inform\u00f3 Prensa Libre<\/a>.<\/p>\n\n\n\n<p class=\"wp-block-paragraph\"><span style=\"color: #800000;\"><strong>&nbsp; &nbsp; &nbsp; VEA TAMBI\u00c9N:<\/strong><\/span>&nbsp;<a href=\"https:\/\/es.insightcrime.org\/investigaciones\/elites-y-crimen-organizado-en-guatemala-los-huistas\/\" target=\"_blank\" rel=\"noopener\">\u00c9lites y crimen organizado en Guatemala: Los Huistas<\/a><\/p>\n\n\n\n<p class=\"wp-block-paragraph\">En una operaci\u00f3n conjunta, el Ministerio P\u00fablico de Guatemala &nbsp;y la Comisi\u00f3n Contra la Impunidad en Guatemala (CICIG), organismo respaldado por la ONU, <a href=\"https:\/\/www.cicig.org\/info_casos\/c_los-huista\/capturan-a-seis-personas-vinculadas-con-los-huista\/\" target=\"_blank\" rel=\"noopener\">recapturaron<\/a> a Rozotto L\u00f3pez en octubre de 2018, junto con otros presuntos miembros de Los Huistas. Los fiscales dicen que tienen m\u00e1s de 100 intercepciones telef\u00f3nicas que les permitir\u00e1n demostrar que los compa\u00f1eros Huistas de Rozotto L\u00f3pez inventaron pruebas para lograr sacarlo de la c\u00e1rcel.<\/p>\n\n\n\n<h3 class=\"wp-block-heading\">An\u00e1lisis de InSight Crime<\/h3>\n\n\n\n<p class=\"wp-block-paragraph\">Los supuestos v\u00ednculos de Salazar Flores con la organizaci\u00f3n criminal de Los Huistas dan cuenta de la vulnerabilidad del sistema pol\u00edtico de Guatemala, a pesar de los avances que se han hecho en a\u00f1os recientes para combatir la corrupci\u00f3n. Tambi\u00e9n a\u00f1ade un esc\u00e1ndalo m\u00e1s a la larga lista de turbios incidentes que involucran al Parlacen.<\/p>\n\n\n\n<p class=\"wp-block-paragraph\">El Parlamento Centroamericano \u2014una instituci\u00f3n <a href=\"http:\/\/www.parlacen.int\/Informaci%C3%B3nGeneral\/HistoriadelParlamento.aspx\" target=\"_blank\" rel=\"noopener\">conformada<\/a> en la d\u00e9cada de los ochenta para analizar temas regionales\u2014 ha sido una especie de \u201celefante blanco\u201d en la pol\u00edtica centroamericana. A pesar de las ingentes cantidades de dinero que se han invertido en la instituci\u00f3n, esta ha estado rodeada por <a href=\"https:\/\/www.upi.com\/Analysis-Parlacen-a-den-of-corruption\/75531076595162\/\" target=\"_blank\" rel=\"noopener\">esc\u00e1ndalos<\/a> criminales y de corrupci\u00f3n.<\/p>\n\n\n\n<p class=\"wp-block-paragraph\"><span style=\"color: #800000;\"><strong> &nbsp; &nbsp; VEA TAMBI\u00c9N:<\/strong><\/span>&nbsp;<a href=\"https:\/\/es.insightcrime.org\/noticias-sobre-crimen-organizado-en-guatemala\/\" target=\"_blank\" rel=\"noopener\">Noticias y perfiles de Guatemala<\/a><\/p>\n\n\n\n<p class=\"wp-block-paragraph\">En febrero de 2007, los cuerpos de tres congresistas de El Salvador y su chofer fueron encontrados <a href=\"https:\/\/elpais.com\/diario\/2007\/02\/21\/internacional\/1172012410_850215.html\" target=\"_blank\" rel=\"noopener\">calcinados<\/a> en las afueras de Ciudad de Guatemala. Entre los muertos se encontraba el hijo de Roberto D\u2019Abuisson, cofundador del partido pol\u00edtico Alianza Republicana Nacionalista (ARENA).<\/p>\n\n\n\n<p class=\"wp-block-paragraph\">Pocos d\u00edas m\u00e1s tarde, cuatro agentes de polic\u00eda encarcelados en Guatemala fueron <a href=\"http:\/\/www.washingtonpost.com\/wp-dyn\/content\/article\/2007\/02\/27\/AR2007022700255_pf.html\" target=\"_blank\" rel=\"noopener\">asesinados<\/a>, al parecer para evitar que los investigadores descubrieran qui\u00e9n hab\u00eda ordenado los asesinatos.<\/p>\n\n\n\n<p class=\"wp-block-paragraph\">Este incidente, que se conoce como el \u201ccaso Parlacen\u201d, fue uno de los motivos principales para que Guatemala estableciera la CICIG. Pero los presuntos v\u00ednculos de Salazar Flores con Los Huistas llevan a pensar que, incluso con un organismo independiente de lucha contra la corrupci\u00f3n, que ha hecho avances significativos para <a href=\"https:\/\/es.insightcrime.org\/noticias\/analisis\/exvicepresidenta-guatemala-arrestada-presidente-implicado-escandalo\/\" target=\"_blank\" rel=\"noopener\">erradicar<\/a> la corrupci\u00f3n, los grupos del crimen organizado todav\u00eda encuentran la manera de <a href=\"https:\/\/es.insightcrime.org\/noticias\/noticias-del-dia\/hermano-alcalde-guatemala-vinculado-cargamento-cocaina-incautado-salvador\/\" target=\"_blank\" rel=\"noopener\">infiltrarse<\/a> en el sistema pol\u00edtico del pa\u00eds.<\/p>\n","protected":false},"excerpt":{"rendered":"<p>Un representante de Guatemala ante el Parlamento Centroamericano ha sido vinculado a una organizaci\u00f3n criminal que durante mucho tiempo ha tenido conexiones con pol\u00edticos y otros miembros de las \u00e9lites, lo que pone de manifiesto la vulnerabilidad del organismo regional y del sistema pol\u00edtico del pa\u00eds.<\/p>\n","protected":false},"author":90,"featured_media":91911,"comment_status":"closed","ping_status":"closed","sticky":false,"template":"","format":"standard","meta":{"newspack_ads_suppress_ads":false,"newspack_popups_has_disabled_popups":false,"newspack_sponsor_sponsorship_scope":"","newspack_sponsor_native_byline_display":"inherit","newspack_sponsor_native_category_display":"inherit","newspack_sponsor_underwriter_style":"inherit","newspack_sponsor_underwriter_placement":"inherit","_EventAllDay":false,"_EventTimezone":"","_EventStartDate":"","_EventEndDate":"","_EventStartDateUTC":"","_EventEndDateUTC":"","_EventShowMap":false,"_EventShowMapLink":false,"_EventURL":"","_EventCost":"","_EventCostDescription":"","_EventCurrencySymbol":"","_EventCurrencyCode":"","_EventCurrencyPosition":"","_EventDateTimeSeparator":"","_EventTimeRangeSeparator":"","_EventOrganizerID":[],"_EventVenueID":[],"_OrganizerEmail":"","_OrganizerPhone":"","_OrganizerWebsite":"","_VenueAddress":"","_VenueCity":"","_VenueCountry":"","_VenueProvince":"","_VenueState":"","_VenueZip":"","_VenuePhone":"","_VenueURL":"","_VenueStateProvince":"","_VenueLat":"","_VenueLng":"","_VenueShowMap":false,"_VenueShowMapLink":false,"_newspack_byline_active":false,"_newspack_byline":"","newspack_hide_updated_date":false,"newspack_show_updated_date":false,"newspack_featured_image_position":"","newspack_post_subtitle":"","newspack_article_summary_title":"Overview:","newspack_article_summary":"","_jetpack_memberships_contains_paid_content":false,"footnotes":""},"categories":[334],"tags":[447,374,3474],"newspack_spnsrs_tax":[],"coauthors":[4065],"class_list":["post-91956","post","type-post","status-publish","format-standard","has-post-thumbnail","hentry","category-noticias-del-dia","tag-elites-y-crimen-organizado","tag-guatemala-pais","tag-triangulo-del-norte","entry"],"parsely":{"version":"1.1.0","canonical_url":"https:\/\/insightcrime.org\/es\/noticias\/noticias-del-dia\/vinculos-criminales-de-las-elites-de-guatemala-demuestran-la-vulnerabilidad-politica-del-pais\/","smart_links":{"inbound":0,"outbound":0},"traffic_boost_suggestions_count":0,"meta":{"@context":"https:\/\/schema.org","@type":"NewsArticle","headline":"V\u00ednculos criminales de las \u00e9lites de Guatemala demuestran la vulnerabilidad pol\u00edtica del pa\u00eds","url":"http:\/\/insightcrime.org\/es\/noticias\/noticias-del-dia\/vinculos-criminales-de-las-elites-de-guatemala-demuestran-la-vulnerabilidad-politica-del-pais\/","mainEntityOfPage":{"@type":"WebPage","@id":"http:\/\/insightcrime.org\/es\/noticias\/noticias-del-dia\/vinculos-criminales-de-las-elites-de-guatemala-demuestran-la-vulnerabilidad-politica-del-pais\/"},"thumbnailUrl":"https:\/\/i0.wp.com\/insightcrime.org\/wp-content\/uploads\/2018\/11\/18-11-07-Guate-Huistas.jpg?resize=150%2C150&quality=100&ssl=1","image":{"@type":"ImageObject","url":"https:\/\/i0.wp.com\/insightcrime.org\/wp-content\/uploads\/2018\/11\/18-11-07-Guate-Huistas.jpg?fit=350%2C250&quality=100&ssl=1"},"articleSection":"Noticias del d\u00eda","author":[{"@type":"Person","name":"Parker Asmann"}],"creator":["Parker Asmann"],"publisher":{"@type":"Organization","name":"InSight Crime","logo":"https:\/\/insightcrime.org\/wp-content\/uploads\/2023\/08\/logo.png"},"keywords":["\u00e9lites y crimen","guatemala","tri\u00e1ngulo del norte"],"dateCreated":"2018-11-09T14:49:55Z","datePublished":"2018-11-09T14:49:55Z","dateModified":"2023-04-24T21:32:24Z"},"rendered":"<meta name=\"parsely-title\" content=\"V\u00ednculos criminales de las \u00e9lites de Guatemala demuestran la vulnerabilidad pol\u00edtica del pa\u00eds\" \/>\n<meta name=\"parsely-link\" content=\"http:\/\/insightcrime.org\/es\/noticias\/noticias-del-dia\/vinculos-criminales-de-las-elites-de-guatemala-demuestran-la-vulnerabilidad-politica-del-pais\/\" \/>\n<meta name=\"parsely-type\" content=\"post\" \/>\n<meta name=\"parsely-image-url\" content=\"https:\/\/i0.wp.com\/insightcrime.org\/wp-content\/uploads\/2018\/11\/18-11-07-Guate-Huistas.jpg?resize=150%2C150&amp;quality=100&amp;ssl=1\" \/>\n<meta name=\"parsely-pub-date\" content=\"2018-11-09T14:49:55Z\" \/>\n<meta name=\"parsely-section\" content=\"Noticias del d\u00eda\" \/>\n<meta name=\"parsely-tags\" content=\"\u00e9lites y crimen,guatemala,tri\u00e1ngulo del norte\" \/>\n<meta name=\"parsely-author\" content=\"Parker Asmann\" \/>","tracker_url":"https:\/\/cdn.parsely.com\/keys\/insightcrime.org\/p.js"},"jetpack_sharing_enabled":true,"jetpack-related-posts":[{"id":134932,"url":"https:\/\/insightcrime.org\/es\/noticias\/los-huistas-expanden-red-influencias-guatemala\/","url_meta":{"origin":91956,"position":0},"title":"Los Huistas expanden su red de influencias en Guatemala","author":"Shane Sullivan","date":"17 de febrero de 2021","format":false,"excerpt":"Los Huistas, un grupo narcotraficante de Guatemala relacionado con varios funcionarios del gobierno, ha continuado construyendo su red de influencia pol\u00edtica, como lo han demostrado los recientes acontecimientos.","rel":"","context":"En \u00abNoticias\u00bb","block_context":{"text":"Noticias","link":"https:\/\/insightcrime.org\/es\/category\/noticias\/"},"img":{"alt_text":"","src":"https:\/\/i0.wp.com\/insightcrime.org\/wp-content\/uploads\/2021\/02\/HENRY-HERNANDEZ-HERRERA-DOS-1.jpg?fit=350%2C250&quality=100&ssl=1&resize=350%2C200","width":350,"height":200},"classes":[]},{"id":141764,"url":"https:\/\/insightcrime.org\/es\/noticias\/batalla-guatemala-morales-cicig-no-ha-terminado\/","url_meta":{"origin":91956,"position":1},"title":"La batalla en Guatemala entre Morales y la CICIG a\u00fan no ha terminado","author":"Alex Papadovassilakis","date":"22 de abril de 2021","format":false,"excerpt":"El desmantelamiento de una comisi\u00f3n anticorrupci\u00f3n por parte del expresidente de Guatemala Jimmy Morales ha vuelto a irse contra \u00e9l, pues la fiscal\u00eda est\u00e1 pidiendo que se le despoje de inmunidad con el fin de decidir si cometi\u00f3 un acto ilegal al destituir al director de la comisi\u00f3n.","rel":"","context":"En \u00abNoticias\u00bb","block_context":{"text":"Noticias","link":"https:\/\/insightcrime.org\/es\/category\/noticias\/"},"img":{"alt_text":"","src":"https:\/\/i0.wp.com\/insightcrime.org\/wp-content\/uploads\/2021\/04\/86343158_gautap.jpg?fit=350%2C250&quality=100&ssl=1&resize=350%2C200","width":350,"height":200},"classes":[]},{"id":125830,"url":"https:\/\/insightcrime.org\/es\/noticias\/fiscales-de-guatemala-asocian-dinero-ilicito-con-exministro\/","url_meta":{"origin":91956,"position":2},"title":"Fiscales de Guatemala asocian dinero il\u00edcito con exministro","author":"Parker Asmann","date":"21 de octubre de 2020","format":false,"excerpt":"Varios fiscales guatemaltecos afirman que un multimillonario decomiso de dinero en efectivo tiene relaci\u00f3n con un ministro que sirvi\u00f3 durante el mandato del expresidente Jimmy Morales. Con este ya son dos\u00a0los funcionarios de esa administraci\u00f3n que enfrentan cargos por lavado de dinero este a\u00f1o, y el primero en Guatemala.\u00a0","rel":"","context":"En \u00abNoticias\u00bb","block_context":{"text":"Noticias","link":"https:\/\/insightcrime.org\/es\/category\/noticias\/"},"img":{"alt_text":"","src":"https:\/\/i0.wp.com\/insightcrime.org\/wp-content\/uploads\/2020\/10\/20-10-20-Guate-Lavado.jpg?fit=350%2C250&quality=100&ssl=1&resize=350%2C200","width":350,"height":200},"classes":[]},{"id":127310,"url":"https:\/\/insightcrime.org\/es\/noticias\/corrupcion-protestas-guatemala\/","url_meta":{"origin":91956,"position":3},"title":"Frustraci\u00f3n por corrupci\u00f3n alimenta protestas por presupuesto del gobierno en Guatemala","author":"H\u00e9ctor Silva \u00c1valos","date":"25 de noviembre de 2020","format":false,"excerpt":"Protestas callejeras han inundado Guatemala despu\u00e9s de que el congreso aprob\u00f3 un presupuesto para 2021 que, entre otras medidas controversiales, recortaba la mitad de los fondos al \u00d3rgano Judicial mientras asignaba m\u00e1s fondos a oficinas se\u00f1aladas por malversaci\u00f3n de fondos p\u00fablicos.","rel":"","context":"En \u00abNoticias\u00bb","block_context":{"text":"Noticias","link":"https:\/\/insightcrime.org\/es\/category\/noticias\/"},"img":{"alt_text":"","src":"https:\/\/i0.wp.com\/insightcrime.org\/wp-content\/uploads\/2020\/11\/Guatemala-protest-outside-congtress-Alejandro-Giammatei-funds-eductation-Corruption-human-rights-2020-AP_20327031449138.jpg?fit=1200%2C600&quality=100&ssl=1&resize=350%2C200","width":350,"height":200,"srcset":"https:\/\/i0.wp.com\/insightcrime.org\/wp-content\/uploads\/2020\/11\/Guatemala-protest-outside-congtress-Alejandro-Giammatei-funds-eductation-Corruption-human-rights-2020-AP_20327031449138.jpg?fit=1200%2C600&quality=100&ssl=1&resize=350%2C200 1x, https:\/\/i0.wp.com\/insightcrime.org\/wp-content\/uploads\/2020\/11\/Guatemala-protest-outside-congtress-Alejandro-Giammatei-funds-eductation-Corruption-human-rights-2020-AP_20327031449138.jpg?fit=1200%2C600&quality=100&ssl=1&resize=525%2C300 1.5x, https:\/\/i0.wp.com\/insightcrime.org\/wp-content\/uploads\/2020\/11\/Guatemala-protest-outside-congtress-Alejandro-Giammatei-funds-eductation-Corruption-human-rights-2020-AP_20327031449138.jpg?fit=1200%2C600&quality=100&ssl=1&resize=700%2C400 2x, https:\/\/i0.wp.com\/insightcrime.org\/wp-content\/uploads\/2020\/11\/Guatemala-protest-outside-congtress-Alejandro-Giammatei-funds-eductation-Corruption-human-rights-2020-AP_20327031449138.jpg?fit=1200%2C600&quality=100&ssl=1&resize=1050%2C600 3x"},"classes":[]},{"id":173394,"url":"https:\/\/insightcrime.org\/es\/la-organizacion\/investigacion-sobre-inseguridad-social-en-guatemala-llega-a-las-primeras-planas\/","url_meta":{"origin":91956,"position":4},"title":"Investigaci\u00f3n sobre inseguridad social en Guatemala llega a las primeras planas","author":"InSight Crime","date":"10 de diciembre de 2021","format":false,"excerpt":"La m\u00e1s reciente investigaci\u00f3n de InSight Crime sobre un caso de corrupci\u00f3n al interior del instituto de seguridad social de Guatemala, relacionado con la muerte de pacientes renales, llam\u00f3 la atenci\u00f3n en el pa\u00eds centroamericano y en otras naciones. Desde su publicaci\u00f3n la semana pasada, diversos fragmentos de la serie\u2026","rel":"","context":"En \u00abLa Organizaci\u00f3n\u00bb","block_context":{"text":"La Organizaci\u00f3n","link":"https:\/\/insightcrime.org\/es\/category\/la-organizacion\/"},"img":{"alt_text":"Inseguridad Social el caso IGSS-Pisa Guatemala","src":"https:\/\/i0.wp.com\/insightcrime.org\/wp-content\/uploads\/2021\/12\/Inseguridad-Social-el-caso-IGSS-Pisa-Guatemala.jpg?fit=1200%2C450&quality=100&ssl=1&resize=350%2C200","width":350,"height":200,"srcset":"https:\/\/i0.wp.com\/insightcrime.org\/wp-content\/uploads\/2021\/12\/Inseguridad-Social-el-caso-IGSS-Pisa-Guatemala.jpg?fit=1200%2C450&quality=100&ssl=1&resize=350%2C200 1x, https:\/\/i0.wp.com\/insightcrime.org\/wp-content\/uploads\/2021\/12\/Inseguridad-Social-el-caso-IGSS-Pisa-Guatemala.jpg?fit=1200%2C450&quality=100&ssl=1&resize=525%2C300 1.5x, https:\/\/i0.wp.com\/insightcrime.org\/wp-content\/uploads\/2021\/12\/Inseguridad-Social-el-caso-IGSS-Pisa-Guatemala.jpg?fit=1200%2C450&quality=100&ssl=1&resize=700%2C400 2x, https:\/\/i0.wp.com\/insightcrime.org\/wp-content\/uploads\/2021\/12\/Inseguridad-Social-el-caso-IGSS-Pisa-Guatemala.jpg?fit=1200%2C450&quality=100&ssl=1&resize=1050%2C600 3x"},"classes":[]},{"id":185385,"url":"https:\/\/insightcrime.org\/es\/noticias\/silenciosa-expansion-cjng-guatemala\/","url_meta":{"origin":91956,"position":5},"title":"La silenciosa expansi\u00f3n del CJNG en Guatemala","author":"Alex Papadovassilakis","date":"18 de mayo de 2022","format":false,"excerpt":"Un video publicado en las redes sociales ha encendido las alarmas: \u00bfEst\u00e1 el Cartel Jalisco Nueva Generaci\u00f3n (CJNG), que ha dejado una estela de violencia en todo M\u00e9xico, haciendo incursiones en Guatemala?","rel":"","context":"En \u00abNoticias\u00bb","block_context":{"text":"Noticias","link":"https:\/\/insightcrime.org\/es\/category\/noticias\/"},"img":{"alt_text":"","src":"https:\/\/i0.wp.com\/insightcrime.org\/wp-content\/uploads\/2022\/05\/SR-edit-Presuntos-narcotra%CC%81ficantes-amenanzan-a-agentes-de-la-PNC-1336x768-1.jpg?fit=1200%2C690&quality=100&ssl=1&resize=350%2C200","width":350,"height":200,"srcset":"https:\/\/i0.wp.com\/insightcrime.org\/wp-content\/uploads\/2022\/05\/SR-edit-Presuntos-narcotra%CC%81ficantes-amenanzan-a-agentes-de-la-PNC-1336x768-1.jpg?fit=1200%2C690&quality=100&ssl=1&resize=350%2C200 1x, https:\/\/i0.wp.com\/insightcrime.org\/wp-content\/uploads\/2022\/05\/SR-edit-Presuntos-narcotra%CC%81ficantes-amenanzan-a-agentes-de-la-PNC-1336x768-1.jpg?fit=1200%2C690&quality=100&ssl=1&resize=525%2C300 1.5x, https:\/\/i0.wp.com\/insightcrime.org\/wp-content\/uploads\/2022\/05\/SR-edit-Presuntos-narcotra%CC%81ficantes-amenanzan-a-agentes-de-la-PNC-1336x768-1.jpg?fit=1200%2C690&quality=100&ssl=1&resize=700%2C400 2x, https:\/\/i0.wp.com\/insightcrime.org\/wp-content\/uploads\/2022\/05\/SR-edit-Presuntos-narcotra%CC%81ficantes-amenanzan-a-agentes-de-la-PNC-1336x768-1.jpg?fit=1200%2C690&quality=100&ssl=1&resize=1050%2C600 3x"},"classes":[]}],"jetpack_featured_media_url":"https:\/\/i0.wp.com\/insightcrime.org\/wp-content\/uploads\/2018\/11\/18-11-07-Guate-Huistas.jpg?fit=350%2C250&quality=100&ssl=1","_links":{"self":[{"href":"https:\/\/insightcrime.org\/es\/wp-json\/wp\/v2\/posts\/91956","targetHints":{"allow":["GET"]}}],"collection":[{"href":"https:\/\/insightcrime.org\/es\/wp-json\/wp\/v2\/posts"}],"about":[{"href":"https:\/\/insightcrime.org\/es\/wp-json\/wp\/v2\/types\/post"}],"author":[{"embeddable":true,"href":"https:\/\/insightcrime.org\/es\/wp-json\/wp\/v2\/users\/90"}],"replies":[{"embeddable":true,"href":"https:\/\/insightcrime.org\/es\/wp-json\/wp\/v2\/comments?post=91956"}],"version-history":[{"count":5,"href":"https:\/\/insightcrime.org\/es\/wp-json\/wp\/v2\/posts\/91956\/revisions"}],"predecessor-version":[{"id":92012,"href":"https:\/\/insightcrime.org\/es\/wp-json\/wp\/v2\/posts\/91956\/revisions\/92012"}],"wp:featuredmedia":[{"embeddable":true,"href":"https:\/\/insightcrime.org\/es\/wp-json\/wp\/v2\/media\/91911"}],"wp:attachment":[{"href":"https:\/\/insightcrime.org\/es\/wp-json\/wp\/v2\/media?parent=91956"}],"wp:term":[{"taxonomy":"category","embeddable":true,"href":"https:\/\/insightcrime.org\/es\/wp-json\/wp\/v2\/categories?post=91956"},{"taxonomy":"post_tag","embeddable":true,"href":"https:\/\/insightcrime.org\/es\/wp-json\/wp\/v2\/tags?post=91956"},{"taxonomy":"newspack_spnsrs_tax","embeddable":true,"href":"https:\/\/insightcrime.org\/es\/wp-json\/wp\/v2\/newspack_spnsrs_tax?post=91956"},{"taxonomy":"author","embeddable":true,"href":"https:\/\/insightcrime.org\/es\/wp-json\/wp\/v2\/coauthors?post=91956"}],"curies":[{"name":"wp","href":"https:\/\/api.w.org\/{rel}","templated":true}]}}