{"id":9214,"date":"2016-09-16T23:59:42","date_gmt":"2017-03-28T00:19:39","guid":{"rendered":"http:\/\/newwp.insightcrime.org?p=9214"},"modified":"2023-04-24T15:54:25","modified_gmt":"2023-04-24T20:54:25","slug":"lideres-de-las-farc-se-reunen-en-colombia-para-la-conferencia-final-del-grupo-guerrillero","status":"publish","type":"post","link":"https:\/\/insightcrime.org\/es\/noticias\/noticias-del-dia\/lideres-de-las-farc-se-reunen-en-colombia-para-la-conferencia-final-del-grupo-guerrillero\/","title":{"rendered":"L\u00edderes de las FARC se re\u00fanen en Colombia para Conferencia Final"},"content":{"rendered":"\n<p class=\"wp-block-paragraph\">Los guerrilleros de las FARC han empezado a llegar para su d\u00e9cima (y \u00faltima) conferencia, lo cual marca los \u00faltimos d\u00edas de la guerrilla m\u00e1s poderosa de Latinoam\u00e9rica \u2014y una de sus m\u00e1s grandes organizaciones criminales\u2014.<\/p>\n\n\n\n<p class=\"wp-block-paragraph\">Los m\u00e1ximos l\u00edderes de las Fuerzas Armadas Revolucionarias de Colombia (FARC) han empezado a reunirse en los Llanos Orientales de Colombia, en v\u00edsperas de la conferencia del grupo guerrillero, que se llevar\u00e1 a cabo del 17 al 23 de septiembre.<\/p>\n\n\n\n<p class=\"wp-block-paragraph\">Al evento asistir\u00e1n unos 200 representantes de los bloques de las FARC en todo el pa\u00eds, as\u00ed como 29 miembros del Estado Mayor Central,<a href=\"https:\/\/www.eltiempo.com\/politica\/proceso-de-paz\/decima-conferencia-de-las-farc-jefes-llegan-a-llanos-del-yari\/16701448\" target=\"_blank\"> inform\u00f3 El Tiempo<\/a>.<\/p>\n\n\n\n<p class=\"wp-block-paragraph\">Mientras que las anteriores conferencias de las FARC han sido utilizadas para desarrollar sus estrategias de guerra, esta vez el evento se utilizar\u00e1 para discutir el acuerdo final de paz entre la guerrilla y el gobierno, y para prepararse para la desmovilizaci\u00f3n de las FARC y para su transici\u00f3n hacia una organizaci\u00f3n pol\u00edtica no armada.<\/p>\n\n\n\n<p class=\"wp-block-paragraph\">Los m\u00e1ximos l\u00edderes de la guerrilla les presentar\u00e1n el acuerdo a los comandantes regionales, quienes luego les pedir\u00e1n a los delegados que ratifiquen el acuerdo. Esto dar\u00e1 pie a la desmovilizaci\u00f3n de la guerrilla una vez el acuerdo sea firmado formalmente el pr\u00f3ximo 26 de septiembre,&nbsp; suponiendo que sea aceptado por el pueblo colombiano en un plebiscito que se llevar\u00e1 a cabo el 2 de octubre.<\/p>\n\n\n\n<p class=\"wp-block-paragraph\">Seg\u00fan el portavoz de las FARC, Carlos Antonio Lozada, un tema que no estar\u00e1 incluido en la agenda es si, en caso de ganar el \u201cNo\u201d en el plebiscito, se realizar\u00e1 una renegociaci\u00f3n de los acuerdos \u2014la principal demanda de quienes est\u00e1n a favor del \u201cNo\u201d\u2014.<\/p>\n\n\n\n<p class=\"wp-block-paragraph\">\u201cNo existe la m\u00e1s m\u00ednima posibilidad de renegociar los acuerdos. La Mesa ya cumpli\u00f3 su trabajo y sobre el resultado de ese trabajo es que deben pronunciarse los colombianos\u201d, le dijo Lozada <a href=\"https:\/\/lasillavacia.com\/historia\/las-farc-que-llegan-su-x-conferencia-57976\" target=\"_blank\">a La Silla Vac\u00eda<\/a>.<\/p>\n\n\n\n<p class=\"wp-block-paragraph\">Esta es la primera vez que las FARC celebran esta conferencia p\u00fablicamente, con el aval del gobierno y la presencia de la prensa \u2014incluyendo un equipo de InSight Crime que estar\u00e1 presentando informes sobre el evento la pr\u00f3xima semana\u2014.<\/p>\n\n\n\n<h3 class=\"wp-block-heading\">An\u00e1lisis de InSight Crime<\/h3>\n\n\n\n<p class=\"wp-block-paragraph\">La X Conferencia de las FARC representa un momento hist\u00f3rico para Colombia, dado que marca no s\u00f3lo el principio del fin de las FARC como una organizaci\u00f3n militar, sino tambi\u00e9n el comienzo de la guerrilla como un movimiento pol\u00edtico legal y democr\u00e1tico.<\/p>\n\n\n\n<p class=\"wp-block-paragraph\"><span style=\"color: #800000\"><strong>VEA TAMBI\u00c9N:<\/strong><\/span> <a href=\"\/investigaciones\/50-anos-de-las-farc-la-guerra-la-droga-y-revolucion\" target=\"_blank\">50 a\u00f1os de las FARC: guerra, drogas y revoluci\u00f3n<\/a><\/p>\n\n\n\n<p class=\"wp-block-paragraph\">Sin embargo, en la agenda estar\u00e1n ausentes muchos temas importantes para asegurar el \u00e9xito del proceso de paz \u2014por lo menos en la agenda que se ha anunciado p\u00fablicamente\u2014. Entre esos temas se encuentra el que se refiere a los miembros de las FARC que no est\u00e1n dispuestos a desmovilizarse, y a lo que pasar\u00e1 con las grandes econom\u00edas criminales bajo el control de las FARC.<\/p>\n","protected":false},"excerpt":{"rendered":"<p>Los guerrilleros de las FARC han empezado a llegar para su d\u00e9cima (y \u00faltima) conferencia, lo cual marca los \u00faltimos d\u00edas de la guerrilla m\u00e1s poderosa de Latinoam\u00e9rica \u0097y una de sus m\u00e1s grandes organizaciones criminales\u0097.<\/p>\n","protected":false},"author":16,"featured_media":45170,"comment_status":"closed","ping_status":"closed","sticky":false,"template":"","format":"standard","meta":{"newspack_ads_suppress_ads":false,"newspack_popups_has_disabled_popups":false,"newspack_sponsor_sponsorship_scope":"","newspack_sponsor_native_byline_display":"inherit","newspack_sponsor_native_category_display":"inherit","newspack_sponsor_underwriter_style":"inherit","newspack_sponsor_underwriter_placement":"inherit","_EventAllDay":false,"_EventTimezone":"","_EventStartDate":"","_EventEndDate":"","_EventStartDateUTC":"","_EventEndDateUTC":"","_EventShowMap":false,"_EventShowMapLink":false,"_EventURL":"","_EventCost":"","_EventCostDescription":"","_EventCurrencySymbol":"","_EventCurrencyCode":"","_EventCurrencyPosition":"","_EventDateTimeSeparator":"","_EventTimeRangeSeparator":"","_EventOrganizerID":[],"_EventVenueID":[],"_OrganizerEmail":"","_OrganizerPhone":"","_OrganizerWebsite":"","_VenueAddress":"","_VenueCity":"","_VenueCountry":"","_VenueProvince":"","_VenueState":"","_VenueZip":"","_VenuePhone":"","_VenueURL":"","_VenueStateProvince":"","_VenueLat":"","_VenueLng":"","_VenueShowMap":false,"_VenueShowMapLink":false,"_newspack_byline_active":false,"_newspack_byline":"","newspack_hide_updated_date":false,"newspack_show_updated_date":false,"newspack_featured_image_position":"","newspack_post_subtitle":"","newspack_article_summary_title":"Overview:","newspack_article_summary":"","_jetpack_memberships_contains_paid_content":false,"footnotes":""},"categories":[334],"tags":[368,1542,475],"newspack_spnsrs_tax":[],"coauthors":[3821],"class_list":["post-9214","post","type-post","status-publish","format-standard","has-post-thumbnail","hentry","category-noticias-del-dia","tag-colombia-pais","tag-farc-ep","tag-paz-con-las-farc","entry"],"parsely":{"version":"1.1.0","canonical_url":"https:\/\/insightcrime.org\/es\/noticias\/noticias-del-dia\/lideres-de-las-farc-se-reunen-en-colombia-para-la-conferencia-final-del-grupo-guerrillero\/","smart_links":{"inbound":0,"outbound":0},"traffic_boost_suggestions_count":0,"meta":{"@context":"https:\/\/schema.org","@type":"NewsArticle","headline":"L\u00edderes de las FARC se re\u00fanen en Colombia para Conferencia Final","url":"http:\/\/insightcrime.org\/es\/noticias\/noticias-del-dia\/lideres-de-las-farc-se-reunen-en-colombia-para-la-conferencia-final-del-grupo-guerrillero\/","mainEntityOfPage":{"@type":"WebPage","@id":"http:\/\/insightcrime.org\/es\/noticias\/noticias-del-dia\/lideres-de-las-farc-se-reunen-en-colombia-para-la-conferencia-final-del-grupo-guerrillero\/"},"thumbnailUrl":"https:\/\/i0.wp.com\/insightcrime.org\/wp-content\/uploads\/2016\/09\/es-16-09-16-Colombia-FARC10.png?resize=150%2C150&quality=100&ssl=1","image":{"@type":"ImageObject","url":"https:\/\/i0.wp.com\/insightcrime.org\/wp-content\/uploads\/2016\/09\/es-16-09-16-Colombia-FARC10.png?fit=250%2C196&quality=100&ssl=1"},"articleSection":"Noticias del d\u00eda","author":[{"@type":"Person","name":"James Bargent"}],"creator":["James Bargent"],"publisher":{"@type":"Organization","name":"InSight Crime","logo":"https:\/\/insightcrime.org\/wp-content\/uploads\/2023\/08\/logo.png"},"keywords":["colombia","farc","paz farc"],"dateCreated":"2017-03-28T00:19:39Z","datePublished":"2017-03-28T00:19:39Z","dateModified":"2023-04-24T20:54:25Z"},"rendered":"<meta name=\"parsely-title\" content=\"L\u00edderes de las FARC se re\u00fanen en Colombia para Conferencia Final\" \/>\n<meta name=\"parsely-link\" content=\"http:\/\/insightcrime.org\/es\/noticias\/noticias-del-dia\/lideres-de-las-farc-se-reunen-en-colombia-para-la-conferencia-final-del-grupo-guerrillero\/\" \/>\n<meta name=\"parsely-type\" content=\"post\" \/>\n<meta name=\"parsely-image-url\" content=\"https:\/\/i0.wp.com\/insightcrime.org\/wp-content\/uploads\/2016\/09\/es-16-09-16-Colombia-FARC10.png?resize=150%2C150&amp;quality=100&amp;ssl=1\" \/>\n<meta name=\"parsely-pub-date\" content=\"2017-03-28T00:19:39Z\" \/>\n<meta name=\"parsely-section\" content=\"Noticias del d\u00eda\" \/>\n<meta name=\"parsely-tags\" content=\"colombia,farc,paz farc\" \/>\n<meta name=\"parsely-author\" content=\"James Bargent\" \/>","tracker_url":"https:\/\/cdn.parsely.com\/keys\/insightcrime.org\/p.js"},"jetpack_sharing_enabled":true,"jetpack-related-posts":[{"id":7015,"url":"https:\/\/insightcrime.org\/es\/noticias-crimen-organizado-colombia\/farc-perfil\/","url_meta":{"origin":9214,"position":0},"title":"FARC","author":"InSight Crime","date":"23 de noviembre de 2023","format":false,"excerpt":"Las Fuerzas Armadas Revolucionarias de Colombia (FARC) fueron el mayor ej\u00e9rcito irregular de Colombia. Operaron en varias regiones del pa\u00eds en busca de recursos para financiar su guerra de casi 50 a\u00f1os contra el Estado. Las FARC fueron el grupo guerrillero m\u00e1s antiguo e importante del hemisferio occidental y durante\u2026","rel":"","context":"En \u00abColombia\u00bb","block_context":{"text":"Colombia","link":"https:\/\/insightcrime.org\/es\/category\/noticias-crimen-organizado-colombia\/"},"img":{"alt_text":"","src":"","width":0,"height":0},"classes":[]},{"id":4901,"url":"https:\/\/insightcrime.org\/es\/noticias-crimen-organizado-colombia\/rodrigo-londono-echeverri-timochenko\/","url_meta":{"origin":9214,"position":1},"title":"Rodrigo Londo\u00f1o Echeverri, alias &#8216;Timochenko&#8217;","author":"InSight Crime","date":"28 de enero de 2020","format":false,"excerpt":"\u00bfQui\u00e9n es Rodrigo Londo\u00f1o, alias Timochenko? Conozca su trayectoria como \u00faltimo comandante de las FARC, sus actividades criminales, d\u00f3nde operaba y el panorama actual.","rel":"","context":"En \u00abColombia\u00bb","block_context":{"text":"Colombia","link":"https:\/\/insightcrime.org\/es\/category\/noticias-crimen-organizado-colombia\/"},"img":{"alt_text":"Perfil Criminal de Rodrigo Londo\u00f1o, alias Timochenko, FARC, Colombia","src":"https:\/\/i0.wp.com\/insightcrime.org\/wp-content\/uploads\/2026\/07\/Perfil-Criminal-RodrigoLondono-aliasTimochenko-FARC-Colombia.jpg?fit=1200%2C900&quality=100&ssl=1&resize=350%2C200","width":350,"height":200,"srcset":"https:\/\/i0.wp.com\/insightcrime.org\/wp-content\/uploads\/2026\/07\/Perfil-Criminal-RodrigoLondono-aliasTimochenko-FARC-Colombia.jpg?fit=1200%2C900&quality=100&ssl=1&resize=350%2C200 1x, https:\/\/i0.wp.com\/insightcrime.org\/wp-content\/uploads\/2026\/07\/Perfil-Criminal-RodrigoLondono-aliasTimochenko-FARC-Colombia.jpg?fit=1200%2C900&quality=100&ssl=1&resize=525%2C300 1.5x, https:\/\/i0.wp.com\/insightcrime.org\/wp-content\/uploads\/2026\/07\/Perfil-Criminal-RodrigoLondono-aliasTimochenko-FARC-Colombia.jpg?fit=1200%2C900&quality=100&ssl=1&resize=700%2C400 2x, https:\/\/i0.wp.com\/insightcrime.org\/wp-content\/uploads\/2026\/07\/Perfil-Criminal-RodrigoLondono-aliasTimochenko-FARC-Colombia.jpg?fit=1200%2C900&quality=100&ssl=1&resize=1050%2C600 3x"},"classes":[]},{"id":79836,"url":"https:\/\/insightcrime.org\/es\/colombia-organized-crime-news\/miguel-botache-santillana-alias-gentil-duarte\/","url_meta":{"origin":9214,"position":2},"title":"Miguel Botache Santillana, alias \u2018Gentil Duarte\u2019","author":"InSight Crime","date":"27 de mayo de 2022","format":false,"excerpt":"Miguel Botache Santillana, ma\u0301s conocido como \u2018Gentil Duarte\u2019, es en la actualidad el delincuente ma\u0301s buscado por las autoridades en Colombia. Hasta 2016 fue un importante li\u0301der dentro de las FARC-EP, pero a finales de ese an\u0303o se convirtio\u0301 en uno de los disidentes del proceso de paz que mantuvo\u2026","rel":"","context":"En \u00abColombia\u00bb","block_context":{"text":"Colombia","link":"https:\/\/insightcrime.org\/category\/colombia-organized-crime-news\/"},"img":{"alt_text":"Perfil criminal - Miguel Botache Santillana, alias \u2018Gentil Duarte\u2019 - Colombia","src":"https:\/\/i0.wp.com\/insightcrime.org\/wp-content\/uploads\/2026\/08\/Perfil-Criminal-Gentil-Duarte-Colombia-1.jpg?fit=1200%2C900&quality=100&ssl=1&resize=350%2C200","width":350,"height":200,"srcset":"https:\/\/i0.wp.com\/insightcrime.org\/wp-content\/uploads\/2026\/08\/Perfil-Criminal-Gentil-Duarte-Colombia-1.jpg?fit=1200%2C900&quality=100&ssl=1&resize=350%2C200 1x, https:\/\/i0.wp.com\/insightcrime.org\/wp-content\/uploads\/2026\/08\/Perfil-Criminal-Gentil-Duarte-Colombia-1.jpg?fit=1200%2C900&quality=100&ssl=1&resize=525%2C300 1.5x, https:\/\/i0.wp.com\/insightcrime.org\/wp-content\/uploads\/2026\/08\/Perfil-Criminal-Gentil-Duarte-Colombia-1.jpg?fit=1200%2C900&quality=100&ssl=1&resize=700%2C400 2x, https:\/\/i0.wp.com\/insightcrime.org\/wp-content\/uploads\/2026\/08\/Perfil-Criminal-Gentil-Duarte-Colombia-1.jpg?fit=1200%2C900&quality=100&ssl=1&resize=1050%2C600 3x"},"classes":[]},{"id":233321,"url":"https:\/\/insightcrime.org\/es\/noticias-crimen-organizado-colombia\/luciano-marin-ivan-marquez\/","url_meta":{"origin":9214,"position":3},"title":"Luciano Mar\u00edn Arango, alias &#8216;Iv\u00e1n M\u00e1rquez&#8217;","author":"InSight Crime","date":"27 de junio de 2024","format":false,"excerpt":"Luciano Mar\u00edn Arango, alias \u201cIv\u00e1n M\u00e1rquez\u201d, un hist\u00f3rico miembro de las FARC y fundador de las disidencias","rel":"","context":"En \u00abColombia\u00bb","block_context":{"text":"Colombia","link":"https:\/\/insightcrime.org\/es\/category\/noticias-crimen-organizado-colombia\/"},"img":{"alt_text":"Perfil criminal - Luciano Mar\u00edn Arango, alias 'Iv\u00e1n M\u00e1rquez' - Colombia.","src":"https:\/\/i0.wp.com\/insightcrime.org\/wp-content\/uploads\/2026\/08\/Perfil-Criminal-Alias-Ivan-Marquez-Colombia.jpg?fit=1200%2C900&quality=100&ssl=1&resize=350%2C200","width":350,"height":200,"srcset":"https:\/\/i0.wp.com\/insightcrime.org\/wp-content\/uploads\/2026\/08\/Perfil-Criminal-Alias-Ivan-Marquez-Colombia.jpg?fit=1200%2C900&quality=100&ssl=1&resize=350%2C200 1x, https:\/\/i0.wp.com\/insightcrime.org\/wp-content\/uploads\/2026\/08\/Perfil-Criminal-Alias-Ivan-Marquez-Colombia.jpg?fit=1200%2C900&quality=100&ssl=1&resize=525%2C300 1.5x, https:\/\/i0.wp.com\/insightcrime.org\/wp-content\/uploads\/2026\/08\/Perfil-Criminal-Alias-Ivan-Marquez-Colombia.jpg?fit=1200%2C900&quality=100&ssl=1&resize=700%2C400 2x, https:\/\/i0.wp.com\/insightcrime.org\/wp-content\/uploads\/2026\/08\/Perfil-Criminal-Alias-Ivan-Marquez-Colombia.jpg?fit=1200%2C900&quality=100&ssl=1&resize=1050%2C600 3x"},"classes":[]},{"id":232566,"url":"https:\/\/insightcrime.org\/es\/noticias\/muerte-ivan-marquez-simplifica-negociaciones-paz-total\/","url_meta":{"origin":9214,"position":4},"title":"Muerte de Iv\u00e1n M\u00e1rquez simplifica negociaciones de la &#8216;Paz Total&#8217;","author":"Peter Appleby","date":"10 de julio de 2023","format":false,"excerpt":"Iv\u00e1n M\u00e1rquez, excomandante de las FARC, muri\u00f3 supuestamente en Venezuela, una muerte que seguramente tendr\u00e1 consecuencias de amplio alcance para las negociaciones de la \u201cPaz Total\u201d en Colombia.","rel":"","context":"En \u00abNoticias\u00bb","block_context":{"text":"Noticias","link":"https:\/\/insightcrime.org\/es\/category\/noticias\/"},"img":{"alt_text":"Imagen de Iv\u00e1n M\u00e1rquez, excomandante de las FARC, jefe negociador de los acuerdos de 2016 y comandante de la disidencia de la Segunda Marquetalia.","src":"https:\/\/i0.wp.com\/insightcrime.org\/wp-content\/uploads\/2023\/09\/ivan-marquez-1-1-1.jpeg?fit=350%2C250&quality=100&ssl=1&resize=350%2C200","width":350,"height":200},"classes":[]},{"id":233196,"url":"https:\/\/insightcrime.org\/es\/investigaciones\/guerra-subsidiaria-apure\/","url_meta":{"origin":9214,"position":5},"title":"La guerra subsidiaria en Apure","author":"Unidad Investigativa de Venezuela","date":"13 de octubre de 2021","format":false,"excerpt":"Los combates que estallaron en el estado Apure, en Venezuela, a principios de 2021 fueron en apariencia un cl\u00e1sico conflicto guerrillero. El ej\u00e9rcito nacional recibi\u00f3 la misi\u00f3n de liberar a la regi\u00f3n de \u201cterroristas\u201d y fue desplegado contra un peque\u00f1o grupo de insurgentes, que afirmaban estar luchando por sus ideales\u2026","rel":"","context":"En \u00abInvestigaciones\u00bb","block_context":{"text":"Investigaciones","link":"https:\/\/insightcrime.org\/es\/category\/investigaciones\/"},"img":{"alt_text":"","src":"https:\/\/i0.wp.com\/insightcrime.org\/wp-content\/uploads\/2021\/10\/2-Apures-Proxy-War.jpg?fit=1200%2C450&quality=100&ssl=1&resize=350%2C200","width":350,"height":200,"srcset":"https:\/\/i0.wp.com\/insightcrime.org\/wp-content\/uploads\/2021\/10\/2-Apures-Proxy-War.jpg?fit=1200%2C450&quality=100&ssl=1&resize=350%2C200 1x, https:\/\/i0.wp.com\/insightcrime.org\/wp-content\/uploads\/2021\/10\/2-Apures-Proxy-War.jpg?fit=1200%2C450&quality=100&ssl=1&resize=525%2C300 1.5x, https:\/\/i0.wp.com\/insightcrime.org\/wp-content\/uploads\/2021\/10\/2-Apures-Proxy-War.jpg?fit=1200%2C450&quality=100&ssl=1&resize=700%2C400 2x, https:\/\/i0.wp.com\/insightcrime.org\/wp-content\/uploads\/2021\/10\/2-Apures-Proxy-War.jpg?fit=1200%2C450&quality=100&ssl=1&resize=1050%2C600 3x"},"classes":[]}],"jetpack_featured_media_url":"https:\/\/i0.wp.com\/insightcrime.org\/wp-content\/uploads\/2016\/09\/es-16-09-16-Colombia-FARC10.png?fit=250%2C196&quality=100&ssl=1","_links":{"self":[{"href":"https:\/\/insightcrime.org\/es\/wp-json\/wp\/v2\/posts\/9214","targetHints":{"allow":["GET"]}}],"collection":[{"href":"https:\/\/insightcrime.org\/es\/wp-json\/wp\/v2\/posts"}],"about":[{"href":"https:\/\/insightcrime.org\/es\/wp-json\/wp\/v2\/types\/post"}],"author":[{"embeddable":true,"href":"https:\/\/insightcrime.org\/es\/wp-json\/wp\/v2\/users\/16"}],"replies":[{"embeddable":true,"href":"https:\/\/insightcrime.org\/es\/wp-json\/wp\/v2\/comments?post=9214"}],"version-history":[{"count":1,"href":"https:\/\/insightcrime.org\/es\/wp-json\/wp\/v2\/posts\/9214\/revisions"}],"predecessor-version":[{"id":27321,"href":"https:\/\/insightcrime.org\/es\/wp-json\/wp\/v2\/posts\/9214\/revisions\/27321"}],"wp:featuredmedia":[{"embeddable":true,"href":"https:\/\/insightcrime.org\/es\/wp-json\/wp\/v2\/media\/45170"}],"wp:attachment":[{"href":"https:\/\/insightcrime.org\/es\/wp-json\/wp\/v2\/media?parent=9214"}],"wp:term":[{"taxonomy":"category","embeddable":true,"href":"https:\/\/insightcrime.org\/es\/wp-json\/wp\/v2\/categories?post=9214"},{"taxonomy":"post_tag","embeddable":true,"href":"https:\/\/insightcrime.org\/es\/wp-json\/wp\/v2\/tags?post=9214"},{"taxonomy":"newspack_spnsrs_tax","embeddable":true,"href":"https:\/\/insightcrime.org\/es\/wp-json\/wp\/v2\/newspack_spnsrs_tax?post=9214"},{"taxonomy":"author","embeddable":true,"href":"https:\/\/insightcrime.org\/es\/wp-json\/wp\/v2\/coauthors?post=9214"}],"curies":[{"name":"wp","href":"https:\/\/api.w.org\/{rel}","templated":true}]}}