{"id":9218,"date":"2016-09-19T18:11:41","date_gmt":"2017-03-28T00:19:41","guid":{"rendered":"http:\/\/newwp.insightcrime.org?p=9218"},"modified":"2023-04-24T15:54:27","modified_gmt":"2023-04-24T20:54:27","slug":"titulares-no-corresponden-acusaciones-expresidente-brasil","status":"publish","type":"post","link":"https:\/\/insightcrime.org\/es\/noticias\/analisis\/titulares-no-corresponden-acusaciones-expresidente-brasil\/","title":{"rendered":"Titulares no corresponden a acusaciones contra expresidente de Brasil"},"content":{"rendered":"\n<p class=\"wp-block-paragraph\">Por primera vez los fiscales acusaron al expresidente de Brasil Luiz In\u00e1cio \u201cLula\u201d da Silva por su participaci\u00f3n directa en una estructura de corrupci\u00f3n de amplio alcance, lo que plantea varias preguntas sobre el grado de participaci\u00f3n del antiguo l\u00edder en la estafa.<\/p>\n\n\n\n<p class=\"wp-block-paragraph\">El 14 de septiembre el Ministerio P\u00fablico de Brasil anunci\u00f3 que Lula est\u00e1 acusado de \u201corganizar y comandar un esquema ilegal de pagos de sobornos en beneficio de partidos y dirigentes pol\u00edticos y servidores civiles\u201d.<\/p>\n\n\n\n<p class=\"wp-block-paragraph\">Seg\u00fan el <a href=\"https:\/\/www.mpf.mp.br\/pr\/sala-de-imprensa\/noticias-pr\/lava-jato-forca-tarefa-denuncia-lula-por-corrupcao-passiva-e-lavagem-de-dinheiro\" target=\"_blank\">comunicado de prensa<\/a> de los fiscales, el objetivo de la estratagema era \u201cusar parte de las coimas para comprar el respaldo de los partidos en el Congreso y as\u00ed garantizar la perpetuaci\u00f3n de su partido en el poder\u201d.<\/p>\n\n\n\n<p class=\"wp-block-paragraph\">Investigaciones anteriores <a href=\"https:\/\/www.nytimes.com\/2015\/11\/26\/world\/americas\/brazil-corruption-petrobas.html?_r=1\" target=\"_blank\">revelaron<\/a> que ejecutivos de la estatal petrolera Petrobras expidieron contratos p\u00fablicos inflados a varias empresas a cambio de comisiones il\u00edcitas, algunas de las cuales se lavaron y canalizaron a campa\u00f1as pol\u00edticas. Gran n\u00famero de directivos de empresas y pol\u00edticos, <a href=\"\/noticias\/noticias-del-dia\/presidente-interino-brasil-implicado-escandalo-corrupcion-petrobras\" target=\"_blank\">incluido<\/a> el <a href=\"https:\/\/www.reuters.com\/article\/us-brazil-impeachment-idUSKCN114071\" target=\"_blank\">actual<\/a> presidente de Brasil Michel Temer, se han visto implicados en el esc\u00e1ndalo de corrupci\u00f3n.<\/p>\n\n\n\n<p class=\"wp-block-paragraph\">Anteriormente Lula hab\u00eda estado vinculado a <a href=\"https:\/\/www.economist.com\/blogs\/economist-explains\/2013\/11\/economist-explains-14\" target=\"_blank\">un caso similar<\/a> de corrupci\u00f3n pol\u00edtica, conocido como el \u201cmensal\u00e3o\u201d o \u201cmensualidades\u201d. En ese caso, dirigentes del Partido de los Trabajadores (Partido dos Trabalhadores \u2013 PT), de Lula, fueron acusados de usar dineros p\u00fablicos para la compra de votos de miembros del congreso.<\/p>\n\n\n\n<p class=\"wp-block-paragraph\">El confidente de Lula por largo tiempo y exministro jefe de la c\u00e1mara civil Jos\u00e9 Dirceu <a href=\"https:\/\/riotimesonline.com\/brazil-news\/rio-politics\/ex-chief-of-staff-jose-dirceu-jailed\/\" target=\"_blank\">fue sentenciado<\/a> en 2012 a casi 11 a\u00f1os de c\u00e1rcel por su participaci\u00f3n en el esquema de las mensualidades. Este a\u00f1o, Dirceu fue condenado y <a href=\"https:\/\/www.theguardian.com\/world\/2016\/may\/18\/brazil-corruption-petrobras-jose-dirceu-sentenced-23-years\" target=\"_blank\">sentenciado<\/a> a 23 a\u00f1os de c\u00e1rcel por su participaci\u00f3n en el esc\u00e1ndalo de Petrobras.<\/p>\n\n\n\n<p class=\"wp-block-paragraph\">En una imputaci\u00f3n de 149 p\u00e1ginas (<a href=\"https:\/\/www.mpf.mp.br\/pr\/sala-de-imprensa\/docs\/DENUNCIALULA.pdf\" target=\"_blank\">pdf<\/a>) dada a conocer el 14 de septiembre, los fiscales describen los esquemas de las mensualidades y de Petrobras como dos \u201ccaras de la misma moneda\u201d, alegando que Lula estaba en el \u201cv\u00e9rtice de diversos esquemas criminales\u201d, que no solo implicaron a Petrobras, sino tambi\u00e9n a otros organismos del gobierno.<\/p>\n\n\n\n<p class=\"wp-block-paragraph\">Seg\u00fan la acusaci\u00f3n, Lula us\u00f3 su posici\u00f3n como presidente entre 2003 y 2010 para nombrar en importantes cargos de gobierno a participantes en el esquema de corrupci\u00f3n. All\u00ed, pod\u00edan aceptar sobornos para su enriquecimiento personal, mientras canalizaba parte del dinero a un \u201cfondo general\u201d para comprar favores pol\u00edticos y cubrir los costos del ocultamiento de su origen il\u00edcito.<\/p>\n\n\n\n<p class=\"wp-block-paragraph\">Uno de los principales indicios que los fiscales se\u00f1alan como evidencia de la culpabilidad de Lula es la presunta aceptaci\u00f3n de un trabajo de construcci\u00f3n por valor de US$1,1 millones en un apartamento frente al mar en el estado de S\u00e3o Paulo, que era propiedad de la firma constructora OAS y fue renovado por ella misma, una de las principales empresas acusadas de participar en el esc\u00e1ndalo de Petrobras.<\/p>\n\n\n\n<p class=\"wp-block-paragraph\">En conexi\u00f3n con el caso de Lula, los fiscales tambi\u00e9n acusaron a su esposa Marisa Let\u00edcia; al director de su fundaci\u00f3n de beneficencia, Paulo Okamotto, y al expresidente de la OAS L\u00e9o Pinheiro, junto con otros, por sobornos y lavado de dinero.<\/p>\n\n\n\n<p class=\"wp-block-paragraph\">El mismo Lula enfrenta <a href=\"https:\/\/www.cnbc.com\/2016\/03\/09\/brazil-prosecutors-charge-ex-president-lula-in-money-laundering-probe.html\" target=\"_blank\">acusaciones de lavado de dinero<\/a> relacionadas con denuncias de ocultamiento de la propiedad del apartamento de S\u00e3o Paulo. De manera separada, tambi\u00e9n se ha <a href=\"https:\/\/www.nytimes.com\/2016\/07\/30\/world\/americas\/brazil-lula-petrobras.html\" target=\"_blank\">acusado<\/a> al expresidente de obstrucci\u00f3n de la justicia por su presunta conspiraci\u00f3n para que un testigo de la investigaci\u00f3n de Petrobras limitara su testimonio sobre el esquema de corrupci\u00f3n.<\/p>\n\n\n\n<p class=\"wp-block-paragraph\">En todos estos casos, Lula ha negado cualquier delito. En cuanto a las \u00faltimas acusaciones, sus abogados las describieron como \u201chabladur\u00edas\u201d carentes de pruebas, <a href=\"https:\/\/subscribe.ft.com\/barrier\/logic?location=http%3A%2F%2Fwww.ft.com%2Fcms%2Fs%2F0%2Fd2a9a576-7ac8-11e6-ae24-f193b105145e.html%3Fsiteedition%3Dintl&amp;referer=http%3A%2F%2Fwww.insightcrime.org%2Fnews\/analysis%2Fheadlines-do-not-match-charges-against-brazil-ex-president&amp;classification=conditional_standard\" target=\"_blank\">inform\u00f3 Financial Times<\/a>.<\/p>\n\n\n\n<p class=\"wp-block-paragraph\">\u201cEs una versi\u00f3n totalmente incompatible con la realidad y con los hechos\u201d, afirm\u00f3 uno de sus abogados, y a\u00f1adi\u00f3 que Lula y su esposa \u201cno ten\u00edan idea, ni siquiera participaci\u00f3n, en ning\u00fan esquema criminal\u201d.<\/p>\n\n\n\n<p class=\"wp-block-paragraph\">Okamotto, director de la fundaci\u00f3n de Lula, tambi\u00e9n <a href=\"https:\/\/agenciabrasil.ebc.com.br\/politica\/noticia\/2016-09\/lava-jato-mpf-denuncia-lula-marisa-leticia-e-mais-seis-pessoas\" target=\"_blank\">neg\u00f3<\/a> los cargos.<\/p>\n\n\n\n<p class=\"wp-block-paragraph\">El expresidente de la OAS Pinheiro ha admitido la comisi\u00f3n de delitos, y hace poco <a href=\"https:\/\/politica.estadao.com.br\/blogs\/fausto-macedo\/a-ameaca-de-leo-pinheiro\/\" target=\"_blank\">prometi\u00f3<\/a> divulgar los detalles, \u201csin importar qui\u00e9n haya al otro lado\u201d.<\/p>\n\n\n\n<p class=\"wp-block-paragraph\">El juez federal brasile\u00f1o encargado de la investigaci\u00f3n de Petrobras, S\u00e9rgio Moro, debe decidir si acepta o no las acusaciones de los fiscales antes de que avancen. Seg\u00fan las<a href=\"https:\/\/www1.folha.uol.com.br\/poder\/2016\/09\/1813636-nos-eua-moro-so-deve-analisar-denuncia-contra-lula-na-semana-que-vem.shtml\" target=\"_blank\"> notas de prensa locales<\/a>, Moro, quien se encuentra en Estados Unidos para dictar una conferencia en la Universidad de Pennsylvania, tomar\u00e1 la decisi\u00f3n esta semana.<\/p>\n\n\n\n<h3 class=\"wp-block-heading\">An\u00e1lisis de InSight Crime<\/h3>\n\n\n\n<p class=\"wp-block-paragraph\">La acusaci\u00f3n de que Lula cre\u00f3 y dirigi\u00f3 una red de corrupci\u00f3n masiva y multifac\u00e9tica con el objetivo de mantener a su partido en el poder ha ocupado los <a href=\"https:\/\/www.nytimes.com\/2016\/09\/15\/world\/americas\/brazil-lula-corruption-charges.html\" target=\"_blank\">titulares internacionales<\/a>. Y parece que hay evidencia convincente de deshonestidad al aceptar presuntamente m\u00e1s de US$1 mill\u00f3n en labores de remodelaci\u00f3n en el apartamento de S\u00e3o Paulo. Pero lo que no es tan convincente es el argumento de los fiscales de que Lula fue el autor intelectual del esc\u00e1ndalo de Petrobras.<\/p>\n\n\n\n<p class=\"wp-block-paragraph\">Uno de los peri\u00f3dicos m\u00e1s influyentes de Brasil, Folha de S\u00e3o Paulo, describi\u00f3 las acusaciones relacionadas con la obra de construcci\u00f3n como un \u201canticl\u00edmax\u201d en comparaci\u00f3n con la denuncia de haber dirigido un gran esquema de corrupci\u00f3n.<\/p>\n\n\n\n<p class=\"wp-block-paragraph\"><span style=\"color: #000000\"><strong>VEA TAMBI\u00c9N:<\/strong><\/span> <a href=\"\/indepth\/elites-y-crimen-organizado\" target=\"_blank\">Cobertura sobre \u00c9lites y Crimen Organizado<\/a><\/p>\n\n\n\n<p class=\"wp-block-paragraph\">En una <a href=\"https:\/\/www1.folha.uol.com.br\/opiniao\/2016\/09\/1813464-comandante-maximo.shtml\" target=\"_blank\">editorial <\/a>publicada el 15 de septiembre, el peri\u00f3dico escribi\u00f3 que no era \u201cpoca cosa ni excusable\u201d, si el expresidente acept\u00f3 de manera indebida servicios de una firma involucrada en actos corruptos. Pero, prosegu\u00eda la editorial, \u201ces extra\u00f1o que, en un esquema descrito con tales hip\u00e9rboles, la parate del \u2018comandante m\u00e1ximo\u2019 se reduzca a cantidades menores que las obtenidas por \u201cindividuos de menor talla pol\u00edtica. Por ejemplo, el <a href=\"https:\/\/www.nytimes.com\/2016\/09\/13\/world\/americas\/eduardo-cunha-brazil-impeachment-dilma-rousseff.html\" target=\"_blank\">recientemente destituido<\/a> vocero de la C\u00e1mara de Diputados Eduardo Cunha fue acusado de aceptar <a href=\"https:\/\/www.reuters.com\/article\/us-brazil-petrobras-corruption-idUSKCN0QP25Y20150821\" target=\"_blank\">varios millones de d\u00f3lares <\/a>en coimas relacionadas con los contratos de Petrobras.<\/p>\n\n\n\n<p class=\"wp-block-paragraph\">La editorial del Folha de S\u00e3o Paulo conclu\u00eda: \u201cSinceramente, no se sabe qu\u00e9 otras sorpresas tengan los fiscales en el bolsillo. Pero al menos por ahora, da la impresi\u00f3n de que, sin ser capaces de presentar evidencia m\u00e1s s\u00f3lida contra Lula, la Procuradur\u00eda est\u00e1 tratando de llenar ese vac\u00edo con ret\u00f3rica\u201d.<\/p>\n","protected":false},"excerpt":{"rendered":"<p>Por primera vez los fiscales acusaron al expresidente de Brasil Luiz In\u00e1cio \u00abLula\u00bb da Silva por su participaci\u00f3n directa en una estructura de corrupci\u00f3n de amplio alcance, lo que plantea varias preguntas sobre el grado de participaci\u00f3n del antiguo l\u00edder en la estafa.<\/p>\n","protected":false},"author":54,"featured_media":45168,"comment_status":"closed","ping_status":"closed","sticky":false,"template":"","format":"standard","meta":{"newspack_ads_suppress_ads":false,"newspack_popups_has_disabled_popups":false,"newspack_sponsor_sponsorship_scope":"","newspack_sponsor_native_byline_display":"inherit","newspack_sponsor_native_category_display":"inherit","newspack_sponsor_underwriter_style":"inherit","newspack_sponsor_underwriter_placement":"inherit","_EventAllDay":false,"_EventTimezone":"","_EventStartDate":"","_EventEndDate":"","_EventStartDateUTC":"","_EventEndDateUTC":"","_EventShowMap":false,"_EventShowMapLink":false,"_EventURL":"","_EventCost":"","_EventCostDescription":"","_EventCurrencySymbol":"","_EventCurrencyCode":"","_EventCurrencyPosition":"","_EventDateTimeSeparator":"","_EventTimeRangeSeparator":"","_EventOrganizerID":[],"_EventVenueID":[],"_OrganizerEmail":"","_OrganizerPhone":"","_OrganizerWebsite":"","_VenueAddress":"","_VenueCity":"","_VenueCountry":"","_VenueProvince":"","_VenueState":"","_VenueZip":"","_VenuePhone":"","_VenueURL":"","_VenueStateProvince":"","_VenueLat":"","_VenueLng":"","_VenueShowMap":false,"_VenueShowMapLink":false,"_newspack_byline_active":false,"_newspack_byline":"","newspack_hide_updated_date":false,"newspack_show_updated_date":false,"newspack_featured_image_position":"","newspack_post_subtitle":"","newspack_article_summary_title":"Overview:","newspack_article_summary":"","_jetpack_memberships_contains_paid_content":false,"footnotes":""},"categories":[340],"tags":[405,447],"newspack_spnsrs_tax":[],"coauthors":[3989],"class_list":["post-9218","post","type-post","status-publish","format-standard","has-post-thumbnail","hentry","category-analisis","tag-brasil","tag-elites-y-crimen-organizado","entry"],"parsely":{"version":"1.1.0","canonical_url":"https:\/\/insightcrime.org\/es\/noticias\/analisis\/titulares-no-corresponden-acusaciones-expresidente-brasil\/","smart_links":{"inbound":0,"outbound":0},"traffic_boost_suggestions_count":0,"meta":{"@context":"https:\/\/schema.org","@type":"NewsArticle","headline":"Titulares no corresponden a acusaciones contra expresidente de Brasil","url":"http:\/\/insightcrime.org\/es\/noticias\/analisis\/titulares-no-corresponden-acusaciones-expresidente-brasil\/","mainEntityOfPage":{"@type":"WebPage","@id":"http:\/\/insightcrime.org\/es\/noticias\/analisis\/titulares-no-corresponden-acusaciones-expresidente-brasil\/"},"thumbnailUrl":"https:\/\/i0.wp.com\/insightcrime.org\/wp-content\/uploads\/2016\/09\/es-16-09-15-Brazil-Lula.png?resize=150%2C150&quality=100&ssl=1","image":{"@type":"ImageObject","url":"https:\/\/i0.wp.com\/insightcrime.org\/wp-content\/uploads\/2016\/09\/es-16-09-15-Brazil-Lula.png?fit=350%2C269&quality=100&ssl=1"},"articleSection":"An\u00e1lisis","author":[{"@type":"Person","name":"Mike LaSusa"}],"creator":["Mike LaSusa"],"publisher":{"@type":"Organization","name":"InSight Crime","logo":"https:\/\/insightcrime.org\/wp-content\/uploads\/2023\/08\/logo.png"},"keywords":["brasil","\u00e9lites y crimen"],"dateCreated":"2017-03-28T00:19:41Z","datePublished":"2017-03-28T00:19:41Z","dateModified":"2023-04-24T20:54:27Z"},"rendered":"<meta name=\"parsely-title\" content=\"Titulares no corresponden a acusaciones contra expresidente de Brasil\" \/>\n<meta name=\"parsely-link\" content=\"http:\/\/insightcrime.org\/es\/noticias\/analisis\/titulares-no-corresponden-acusaciones-expresidente-brasil\/\" \/>\n<meta name=\"parsely-type\" content=\"post\" \/>\n<meta name=\"parsely-image-url\" content=\"https:\/\/i0.wp.com\/insightcrime.org\/wp-content\/uploads\/2016\/09\/es-16-09-15-Brazil-Lula.png?resize=150%2C150&amp;quality=100&amp;ssl=1\" \/>\n<meta name=\"parsely-pub-date\" content=\"2017-03-28T00:19:41Z\" \/>\n<meta name=\"parsely-section\" content=\"An\u00e1lisis\" \/>\n<meta name=\"parsely-tags\" content=\"brasil,\u00e9lites y crimen\" \/>\n<meta name=\"parsely-author\" content=\"Mike LaSusa\" \/>","tracker_url":"https:\/\/cdn.parsely.com\/keys\/insightcrime.org\/p.js"},"jetpack_sharing_enabled":true,"jetpack-related-posts":[{"id":138732,"url":"https:\/\/insightcrime.org\/es\/noticias\/tribunal-brasil-evidencia-exceso-judicial-corrupcion\/","url_meta":{"origin":9218,"position":0},"title":"Decisi\u00f3n de tribunal en Brasil evidencia exceso judicial en caso por corrupci\u00f3n","author":"Max Radwin","date":"19 de marzo de 2021","format":false,"excerpt":"Tras la anulaci\u00f3n de la condena contra el expresidente Luiz In\u00e1cio Lula da Silva por parte de la Corte Suprema de Brasil, el pa\u00eds debe enfrentar los efectos de una encomiada investigaci\u00f3n anticorrupci\u00f3n desacreditada por evidencias de sesgos pol\u00edticos y extralimitaciones judiciales.","rel":"","context":"En \u00abNoticias\u00bb","block_context":{"text":"Noticias","link":"https:\/\/insightcrime.org\/es\/category\/noticias\/"},"img":{"alt_text":"","src":"https:\/\/i0.wp.com\/insightcrime.org\/wp-content\/uploads\/2021\/03\/Screen-Shot-2021-03-16-at-11.00.49-AM.png?fit=350%2C250&quality=100&ssl=1&resize=350%2C200","width":350,"height":200},"classes":[]},{"id":209451,"url":"https:\/\/insightcrime.org\/es\/noticias\/garrote-zanahoria-trucos-lula-amazonia-brasil-crimen\/","url_meta":{"origin":9218,"position":1},"title":"Garrote y zanahoria: los trucos de Lula en la criminalizada Amazon\u00eda de Brasil","author":"Chris Dalby","date":"1 de febrero de 2023","format":false,"excerpt":"En cierta forma, el nuevo presidente de Brasil ha enfrentado lo peor. En 2002, el a\u00f1o antes de asumir el poder, la deforestaci\u00f3n en la Amazon\u00eda\u00eda fue de 25.500 kil\u00f3metros cuadrados. En cinco a\u00f1os, logr\u00f3 reducirla en 60%.","rel":"","context":"En \u00abNoticias\u00bb","block_context":{"text":"Noticias","link":"https:\/\/insightcrime.org\/es\/category\/noticias\/"},"img":{"alt_text":"Luiz In\u00e1cio Lula da Silva y el l\u00edder ind\u00edgena, el cacique Raoni, en el palacio de Planalto, en enero de 2023","src":"https:\/\/i0.wp.com\/insightcrime.org\/wp-content\/uploads\/2023\/02\/Brazin-Amazon-Luiz-Inacio-Lula-da-Silva-Indigenous-leader-Cacique-Raoni-at-the-Planalto-Palace-Jan-2023-AP23021180829566-A2.jpg?fit=1200%2C690&quality=100&ssl=1&resize=350%2C200","width":350,"height":200,"srcset":"https:\/\/i0.wp.com\/insightcrime.org\/wp-content\/uploads\/2023\/02\/Brazin-Amazon-Luiz-Inacio-Lula-da-Silva-Indigenous-leader-Cacique-Raoni-at-the-Planalto-Palace-Jan-2023-AP23021180829566-A2.jpg?fit=1200%2C690&quality=100&ssl=1&resize=350%2C200 1x, https:\/\/i0.wp.com\/insightcrime.org\/wp-content\/uploads\/2023\/02\/Brazin-Amazon-Luiz-Inacio-Lula-da-Silva-Indigenous-leader-Cacique-Raoni-at-the-Planalto-Palace-Jan-2023-AP23021180829566-A2.jpg?fit=1200%2C690&quality=100&ssl=1&resize=525%2C300 1.5x, https:\/\/i0.wp.com\/insightcrime.org\/wp-content\/uploads\/2023\/02\/Brazin-Amazon-Luiz-Inacio-Lula-da-Silva-Indigenous-leader-Cacique-Raoni-at-the-Planalto-Palace-Jan-2023-AP23021180829566-A2.jpg?fit=1200%2C690&quality=100&ssl=1&resize=700%2C400 2x, https:\/\/i0.wp.com\/insightcrime.org\/wp-content\/uploads\/2023\/02\/Brazin-Amazon-Luiz-Inacio-Lula-da-Silva-Indigenous-leader-Cacique-Raoni-at-the-Planalto-Palace-Jan-2023-AP23021180829566-A2.jpg?fit=1200%2C690&quality=100&ssl=1&resize=1050%2C600 3x"},"classes":[]},{"id":202363,"url":"https:\/\/insightcrime.org\/es\/noticias\/expresidente-paraguay-horacio-cartes-pierde-aura-impunidad\/","url_meta":{"origin":9218,"position":2},"title":"Expresidente de Paraguay Horacio Cartes pierde su aura de impunidad","author":"Chris Dalby","date":"24 de octubre de 2022","format":false,"excerpt":"El expresidente de Paraguay, Horacio Cartes, puede estar en apuros. Un nuevo informe producido por el Congreso de Paraguay lo conecta con una variedad de delitos, que amenazan con echar por tierra el pedestal de un hombre que por a\u00f1os pareci\u00f3 intocable.","rel":"","context":"En \u00abNoticias\u00bb","block_context":{"text":"Noticias","link":"https:\/\/insightcrime.org\/es\/category\/noticias\/"},"img":{"alt_text":"Expresidente de Paraguay Horacio Cartes est\u00e1 en el ojo del hurac\u00e1n despu\u00e9s de se\u00f1alarse su conexi\u00f3n con varios delitos graves","src":"https:\/\/i0.wp.com\/insightcrime.org\/wp-content\/uploads\/2022\/10\/horacio-cartesjpg-1-1.jpg?fit=350%2C250&quality=100&ssl=1&resize=350%2C200","width":350,"height":200},"classes":[]},{"id":122466,"url":"https:\/\/insightcrime.org\/es\/noticias\/dario-messer-lavador-brasil\/","url_meta":{"origin":9218,"position":3},"title":"Notorio lavador Dar\u00edo Messer al fin responde ante la justicia en Brasil","author":"Sergio Saffon","date":"17 de agosto de 2020","format":false,"excerpt":"Un acuerdo entre un tribunal brasile\u00f1o y Dario Messer, operador clave detr\u00e1s de una de las m\u00e1s grandes operaciones de lavado de dinero en Suram\u00e9rica podr\u00eda poner fin a un prolongado esc\u00e1ndalo.","rel":"","context":"En \u00abNoticias\u00bb","block_context":{"text":"Noticias","link":"https:\/\/insightcrime.org\/es\/category\/noticias\/"},"img":{"alt_text":"","src":"https:\/\/i0.wp.com\/insightcrime.org\/wp-content\/uploads\/2020\/04\/dario-messer-facebook.jpg?fit=350%2C250&quality=100&ssl=1&resize=350%2C200","width":350,"height":200},"classes":[]},{"id":343112,"url":"https:\/\/insightcrime.org\/es\/noticias\/designaciones-terroristas-ee-uu-afectaran-finanzas-pcc-y-todos-demas\/","url_meta":{"origin":9218,"position":4},"title":"Las designaciones terroristas de EE. UU. afectar\u00e1n las finanzas del PCC\u2026 y las de todos los dem\u00e1s","author":"Creusa Mu\u00f1oz","date":"1 de junio de 2026","format":false,"excerpt":"Las designaciones terroristas de EE. UU. contra el Primer Comando Capital (PCC) y el Comando Vermelho (CV) podr\u00edan afectar al sistema financiero de Brasil, aumentar los riesgos para empresas e inversionistas y complicar la lucha contra el lavado de dinero.","rel":"","context":"En \u00abNoticias\u00bb","block_context":{"text":"Noticias","link":"https:\/\/insightcrime.org\/es\/category\/noticias\/"},"img":{"alt_text":"Primer Comando Capital (PCC).","src":"https:\/\/i0.wp.com\/insightcrime.org\/wp-content\/uploads\/2026\/06\/PCC-fto-featured-image-comando-vermelho-brazil-us-designations-criminal-groups-graffitti.jpg?fit=1200%2C900&quality=100&ssl=1&resize=350%2C200","width":350,"height":200,"srcset":"https:\/\/i0.wp.com\/insightcrime.org\/wp-content\/uploads\/2026\/06\/PCC-fto-featured-image-comando-vermelho-brazil-us-designations-criminal-groups-graffitti.jpg?fit=1200%2C900&quality=100&ssl=1&resize=350%2C200 1x, https:\/\/i0.wp.com\/insightcrime.org\/wp-content\/uploads\/2026\/06\/PCC-fto-featured-image-comando-vermelho-brazil-us-designations-criminal-groups-graffitti.jpg?fit=1200%2C900&quality=100&ssl=1&resize=525%2C300 1.5x, https:\/\/i0.wp.com\/insightcrime.org\/wp-content\/uploads\/2026\/06\/PCC-fto-featured-image-comando-vermelho-brazil-us-designations-criminal-groups-graffitti.jpg?fit=1200%2C900&quality=100&ssl=1&resize=700%2C400 2x, https:\/\/i0.wp.com\/insightcrime.org\/wp-content\/uploads\/2026\/06\/PCC-fto-featured-image-comando-vermelho-brazil-us-designations-criminal-groups-graffitti.jpg?fit=1200%2C900&quality=100&ssl=1&resize=1050%2C600 3x"},"classes":[]},{"id":200203,"url":"https:\/\/insightcrime.org\/es\/noticias\/bolsonaro-lula-visiones-contrarias-crimen-seguridad-amazonia-brasil\/","url_meta":{"origin":9218,"position":5},"title":"Bolsonaro vs. Lula: perspectivas divergentes sobre crimen, seguridad y la Amazon\u00eda en Brasil","author":"Chris Dalby","date":"29 de septiembre de 2022","format":false,"excerpt":"Brasil acudir\u00e1 a las urnas el 2 de octubre en unas elecciones que ofrecen dos visiones diametralmente opuestas sobre la estrategia que la regi\u00f3n deber\u00eda adoptar frente al crimen organizado.","rel":"","context":"En \u00abNoticias\u00bb","block_context":{"text":"Noticias","link":"https:\/\/insightcrime.org\/es\/category\/noticias\/"},"img":{"alt_text":"Banners featuring the faces of Jair Bolsonaro and Lula ahead of the Brazilian presidential election","src":"https:\/\/i0.wp.com\/insightcrime.org\/wp-content\/uploads\/2022\/09\/Barazil-Electrions-Electoral-merchandise-with-the-likeness-of-Brazils-President-Jair-Bolsonaro-Sep-2022-AP22263748668799-A2.jpg?fit=1200%2C690&quality=100&ssl=1&resize=350%2C200","width":350,"height":200,"srcset":"https:\/\/i0.wp.com\/insightcrime.org\/wp-content\/uploads\/2022\/09\/Barazil-Electrions-Electoral-merchandise-with-the-likeness-of-Brazils-President-Jair-Bolsonaro-Sep-2022-AP22263748668799-A2.jpg?fit=1200%2C690&quality=100&ssl=1&resize=350%2C200 1x, https:\/\/i0.wp.com\/insightcrime.org\/wp-content\/uploads\/2022\/09\/Barazil-Electrions-Electoral-merchandise-with-the-likeness-of-Brazils-President-Jair-Bolsonaro-Sep-2022-AP22263748668799-A2.jpg?fit=1200%2C690&quality=100&ssl=1&resize=525%2C300 1.5x, https:\/\/i0.wp.com\/insightcrime.org\/wp-content\/uploads\/2022\/09\/Barazil-Electrions-Electoral-merchandise-with-the-likeness-of-Brazils-President-Jair-Bolsonaro-Sep-2022-AP22263748668799-A2.jpg?fit=1200%2C690&quality=100&ssl=1&resize=700%2C400 2x, https:\/\/i0.wp.com\/insightcrime.org\/wp-content\/uploads\/2022\/09\/Barazil-Electrions-Electoral-merchandise-with-the-likeness-of-Brazils-President-Jair-Bolsonaro-Sep-2022-AP22263748668799-A2.jpg?fit=1200%2C690&quality=100&ssl=1&resize=1050%2C600 3x"},"classes":[]}],"jetpack_featured_media_url":"https:\/\/i0.wp.com\/insightcrime.org\/wp-content\/uploads\/2016\/09\/es-16-09-15-Brazil-Lula.png?fit=350%2C269&quality=100&ssl=1","_links":{"self":[{"href":"https:\/\/insightcrime.org\/es\/wp-json\/wp\/v2\/posts\/9218","targetHints":{"allow":["GET"]}}],"collection":[{"href":"https:\/\/insightcrime.org\/es\/wp-json\/wp\/v2\/posts"}],"about":[{"href":"https:\/\/insightcrime.org\/es\/wp-json\/wp\/v2\/types\/post"}],"author":[{"embeddable":true,"href":"https:\/\/insightcrime.org\/es\/wp-json\/wp\/v2\/users\/54"}],"replies":[{"embeddable":true,"href":"https:\/\/insightcrime.org\/es\/wp-json\/wp\/v2\/comments?post=9218"}],"version-history":[{"count":1,"href":"https:\/\/insightcrime.org\/es\/wp-json\/wp\/v2\/posts\/9218\/revisions"}],"predecessor-version":[{"id":27319,"href":"https:\/\/insightcrime.org\/es\/wp-json\/wp\/v2\/posts\/9218\/revisions\/27319"}],"wp:featuredmedia":[{"embeddable":true,"href":"https:\/\/insightcrime.org\/es\/wp-json\/wp\/v2\/media\/45168"}],"wp:attachment":[{"href":"https:\/\/insightcrime.org\/es\/wp-json\/wp\/v2\/media?parent=9218"}],"wp:term":[{"taxonomy":"category","embeddable":true,"href":"https:\/\/insightcrime.org\/es\/wp-json\/wp\/v2\/categories?post=9218"},{"taxonomy":"post_tag","embeddable":true,"href":"https:\/\/insightcrime.org\/es\/wp-json\/wp\/v2\/tags?post=9218"},{"taxonomy":"newspack_spnsrs_tax","embeddable":true,"href":"https:\/\/insightcrime.org\/es\/wp-json\/wp\/v2\/newspack_spnsrs_tax?post=9218"},{"taxonomy":"author","embeddable":true,"href":"https:\/\/insightcrime.org\/es\/wp-json\/wp\/v2\/coauthors?post=9218"}],"curies":[{"name":"wp","href":"https:\/\/api.w.org\/{rel}","templated":true}]}}