{"id":9221,"date":"2016-09-20T18:34:32","date_gmt":"2017-03-28T00:19:42","guid":{"rendered":"http:\/\/newwp.insightcrime.org?p=9221"},"modified":"2023-04-24T15:54:28","modified_gmt":"2023-04-24T20:54:28","slug":"gobernador-estado-guerrero-mexico-vuelve-pedir-legalizacion-amapola","status":"publish","type":"post","link":"https:\/\/insightcrime.org\/es\/noticias\/noticias-del-dia\/gobernador-estado-guerrero-mexico-vuelve-pedir-legalizacion-amapola\/","title":{"rendered":"Gobernador de Guerrero en M\u00e9xico vuelve a pedir legalizaci\u00f3n de amapola"},"content":{"rendered":"\n<p class=\"wp-block-paragraph\">El gobernador del estado <a href=\"\/noticias-sobre-crimen-organizado-en-mexico\" target=\"_blank\">mexicano<\/a> de Guerrero est\u00e1 requiriendo nuevamente que se legalice la amapola de opio, o adormidera, de la que se deriva la hero\u00edna, como remedio para la extrema inseguridad \u2014una soluci\u00f3n que ignora los factores que subyacen a los motores que acrecientan la violencia.<\/p>\n\n\n\n<p class=\"wp-block-paragraph\">El gobernador de Guerrero H\u00e9ctor Astudillo ha propuesto la legalizaci\u00f3n de la amapola para fines medicinales \u2014repitiendo las declaraciones que hizo <a href=\"\/noticias\/noticias-del-dia\/informe-documenta-rol-guerrero-como-capital-amapola-mexico\" target=\"_blank\">en marzo<\/a> pasado\u2014 como alternativa para reducir la violencia que padece el estado, <a href=\"https:\/\/www.animalpolitico.com\/2016\/09\/legalizar-la-amapola-es-una-alternativa-contra-la-violencia-en-guerrero\/\" target=\"_blank\">inform\u00f3 Animal Pol\u00edtico.<\/a><\/p>\n\n\n\n<p class=\"wp-block-paragraph\">\u201cHay que buscar otros caminos que permitan tener menos tensi\u00f3n, menos conflictos y menos violencia\u201d, declar\u00f3 Astudillo.<\/p>\n\n\n\n<p class=\"wp-block-paragraph\">Antonio Mazzitelli, delegado en <a href=\"\/noticias-sobre-crimen-organizado-en-mexico\" target=\"_blank\">M\u00e9xico<\/a> de la Oficina de las Naciones Unidas para la Droga y el Delito (ONUDD), se\u00f1al\u00f3 por su parte que Guerrero enfrentar\u00eda muchas dificultades en su intento de legalizar la amapola. Esto incluye la resistencia de los grupos del crimen organizado que se benefician del cultivo il\u00edcito de la planta, as\u00ed como la ubicaci\u00f3n remota de muchas zonas productoras de amapola, que dificulta el acceso, inform\u00f3 Animal Pol\u00edtico.<\/p>\n\n\n\n<p class=\"wp-block-paragraph\">\u201cHay que buscar soluciones estructurales en Guerrero para salir del c\u00edrculo vicioso de la violencia, la falta de desarrollo y de la insuficiente presencia del estado, que obliga a los campesinos a trabajar el \u00fanico producto que pueden vender en donde no hay mercado, y que los hace v\u00edctimas de grupos criminales\u201d, observ\u00f3 Mazzitelli.<\/p>\n\n\n\n<p class=\"wp-block-paragraph\">En Guerrero, hay unas 10.000 a 12.000 hect\u00e1reas aproximadamente usadas para la siembra de amapola, seg\u00fan Animal Pol\u00edtico, aunque es dif\u00edcil saber con exactitud los n\u00fameros precisos.<\/p>\n\n\n\n<h3 class=\"wp-block-heading\">An\u00e1lisis de Insight Crime<\/h3>\n\n\n\n<p class=\"wp-block-paragraph\">El negocio de la droga y la competencia entre grupos criminales ha ayudado a transformar a Guerrero en uno de los estados m\u00e1s violentos de <a href=\"\/noticias-sobre-crimen-organizado-en-mexico\" target=\"_blank\">M\u00e9xico<\/a>. Las batallas por el control del cultivo de amapola sin duda han sido un factor que ha contribuido a esto, por el uso de la planta como ingrediente b\u00e1sico para la elaboraci\u00f3n de hero\u00edna.&nbsp;&nbsp;<\/p>\n\n\n\n<p class=\"wp-block-paragraph\">Pese a ello, la estrategia del gobernador Astudillo para reducir la violencia legalizando la amapola con fines medicinales, aunque pueda parecer tentadora como soluci\u00f3n apresurada, adolece de estrechez de miras. Esto es, distrae de las mejoras estructurales, a largo plazo, que Guerrero necesita, pero que son mucho m\u00e1s dif\u00edciles de implementar. Esto incluye las ideas planteadas por Mazzitelli, el delegado de la ONUDD, como la ampliaci\u00f3n de oportunidades econ\u00f3micas y de desarrollo, as\u00ed como mayor presencia del estado en las regiones distantes.<\/p>\n\n\n\n<p class=\"wp-block-paragraph\"><span style=\"color: #800000\"><strong>VEA TAMBI\u00c9N:<\/strong><\/span> <a href=\"\/noticias-sobre-crimen-organizado-en-mexico\" target=\"_blank\">Noticias y perfiles de M\u00e9xico<\/a><\/p>\n\n\n\n<p class=\"wp-block-paragraph\">Por ejemplo, un reciente informe mostraba que cuando el <a href=\"\/noticias\/noticias-del-dia\/agricultores-cambian-cafe-amapola-centro-heroina-mexico\" target=\"_blank\">cultivo de caf\u00e9 se redujo<\/a> en Guerrero, muchos agricultores pasaron al cultivo de amapola por simple necesidad econ\u00f3mica. C\u00e1lculos anteriores han se\u00f1alado que m\u00e1s de 1.000 comunidades en Guerrero <a href=\"\/noticias\/noticias-del-dia\/informe-documenta-rol-guerrero-como-capital-amapola-mexico\" target=\"_blank\">dependen econ\u00f3micamente <\/a>de la producci\u00f3n de amapola.<\/p>\n\n\n\n<p class=\"wp-block-paragraph\">Hasta que el gobierno pueda expulsar a los grupos criminales que operan impunemente en esas regiones, y brindar alternativas econ\u00f3micas para sus habitantes, es posible que la violencia en Guerrero contin\u00fae, se legalice o no la amapola con fines medicinales.<\/p>\n","protected":false},"excerpt":{"rendered":"<p>El gobernador del estado <a href=\"noticias-sobre-crimen-organizado-en-mexico\" target=\"_blank\">mexicano<\/a> de Guerrero est\u00e1 requiriendo nuevamente que se legalice la amapola de opio, o adormidera, de la que se deriva la hero\u00edna, como remedio para la extrema inseguridad \u0097una soluci\u00f3n que ignora los factores que subyacen a los motores que acrecientan la violencia.<\/p>\n","protected":false},"author":76,"featured_media":45178,"comment_status":"closed","ping_status":"closed","sticky":false,"template":"","format":"standard","meta":{"newspack_ads_suppress_ads":false,"newspack_popups_has_disabled_popups":false,"newspack_sponsor_sponsorship_scope":"","newspack_sponsor_native_byline_display":"inherit","newspack_sponsor_native_category_display":"inherit","newspack_sponsor_underwriter_style":"inherit","newspack_sponsor_underwriter_placement":"inherit","_EventAllDay":false,"_EventTimezone":"","_EventStartDate":"","_EventEndDate":"","_EventStartDateUTC":"","_EventEndDateUTC":"","_EventShowMap":false,"_EventShowMapLink":false,"_EventURL":"","_EventCost":"","_EventCostDescription":"","_EventCurrencySymbol":"","_EventCurrencyCode":"","_EventCurrencyPosition":"","_EventDateTimeSeparator":"","_EventTimeRangeSeparator":"","_EventOrganizerID":[],"_EventVenueID":[],"_OrganizerEmail":"","_OrganizerPhone":"","_OrganizerWebsite":"","_VenueAddress":"","_VenueCity":"","_VenueCountry":"","_VenueProvince":"","_VenueState":"","_VenueZip":"","_VenuePhone":"","_VenueURL":"","_VenueStateProvince":"","_VenueLat":"","_VenueLng":"","_VenueShowMap":false,"_VenueShowMapLink":false,"_newspack_byline_active":false,"_newspack_byline":"","newspack_hide_updated_date":false,"newspack_show_updated_date":false,"newspack_featured_image_position":"","newspack_post_subtitle":"","newspack_article_summary_title":"Overview:","newspack_article_summary":"","_jetpack_memberships_contains_paid_content":false,"footnotes":""},"categories":[334],"tags":[464,406],"newspack_spnsrs_tax":[],"coauthors":[4035],"class_list":["post-9221","post","type-post","status-publish","format-standard","has-post-thumbnail","hentry","category-noticias-del-dia","tag-heroina","tag-mexico-pais","entry"],"parsely":{"version":"1.1.0","canonical_url":"https:\/\/insightcrime.org\/es\/noticias\/noticias-del-dia\/gobernador-estado-guerrero-mexico-vuelve-pedir-legalizacion-amapola\/","smart_links":{"inbound":0,"outbound":0},"traffic_boost_suggestions_count":0,"meta":{"@context":"https:\/\/schema.org","@type":"NewsArticle","headline":"Gobernador de Guerrero en M\u00e9xico vuelve a pedir legalizaci\u00f3n de amapola","url":"http:\/\/insightcrime.org\/es\/noticias\/noticias-del-dia\/gobernador-estado-guerrero-mexico-vuelve-pedir-legalizacion-amapola\/","mainEntityOfPage":{"@type":"WebPage","@id":"http:\/\/insightcrime.org\/es\/noticias\/noticias-del-dia\/gobernador-estado-guerrero-mexico-vuelve-pedir-legalizacion-amapola\/"},"thumbnailUrl":"https:\/\/i0.wp.com\/insightcrime.org\/wp-content\/uploads\/2016\/09\/es-16-9-16-PoppyGuerrero.jpg?resize=150%2C150&quality=100&ssl=1","image":{"@type":"ImageObject","url":"https:\/\/i0.wp.com\/insightcrime.org\/wp-content\/uploads\/2016\/09\/es-16-9-16-PoppyGuerrero.jpg?fit=250%2C167&quality=100&ssl=1"},"articleSection":"Noticias del d\u00eda","author":[{"@type":"Person","name":"Luis Fernando Alonso"}],"creator":["Luis Fernando Alonso"],"publisher":{"@type":"Organization","name":"InSight Crime","logo":"https:\/\/insightcrime.org\/wp-content\/uploads\/2023\/08\/logo.png"},"keywords":["hero\u00edna","m\u00e9xico"],"dateCreated":"2017-03-28T00:19:42Z","datePublished":"2017-03-28T00:19:42Z","dateModified":"2023-04-24T20:54:28Z"},"rendered":"<meta name=\"parsely-title\" content=\"Gobernador de Guerrero en M\u00e9xico vuelve a pedir legalizaci\u00f3n de amapola\" \/>\n<meta name=\"parsely-link\" content=\"http:\/\/insightcrime.org\/es\/noticias\/noticias-del-dia\/gobernador-estado-guerrero-mexico-vuelve-pedir-legalizacion-amapola\/\" \/>\n<meta name=\"parsely-type\" content=\"post\" \/>\n<meta name=\"parsely-image-url\" content=\"https:\/\/i0.wp.com\/insightcrime.org\/wp-content\/uploads\/2016\/09\/es-16-9-16-PoppyGuerrero.jpg?resize=150%2C150&amp;quality=100&amp;ssl=1\" \/>\n<meta name=\"parsely-pub-date\" content=\"2017-03-28T00:19:42Z\" \/>\n<meta name=\"parsely-section\" content=\"Noticias del d\u00eda\" \/>\n<meta name=\"parsely-tags\" content=\"hero\u00edna,m\u00e9xico\" \/>\n<meta name=\"parsely-author\" content=\"Luis Fernando Alonso\" \/>","tracker_url":"https:\/\/cdn.parsely.com\/keys\/insightcrime.org\/p.js"},"jetpack_sharing_enabled":true,"jetpack-related-posts":[{"id":206931,"url":"https:\/\/insightcrime.org\/es\/noticias\/cultivos-coca-aumentan-guerrero-mexico-aunque-dudas-adaptabilidad\/","url_meta":{"origin":9221,"position":0},"title":"Cultivos de coca aumentan en Guerrero, M\u00e9xico, aunque hay dudas sobre adaptabilidad","author":"Henry Shuldiner","date":"16 de diciembre de 2022","format":false,"excerpt":"La r\u00e1pida expansi\u00f3n de las plantaciones de hoja de coca en el estado de Guerrero, al sur de M\u00e9xico, es el indicio m\u00e1s reciente de que los grupos criminales est\u00e1n experimentando con la producci\u00f3n de coca en dicha zona monta\u00f1osa, donde antes eran abundantes los cultivos de amapola.","rel":"","context":"En \u00abNoticias\u00bb","block_context":{"text":"Noticias","link":"https:\/\/insightcrime.org\/es\/category\/noticias\/"},"img":{"alt_text":"Soldados queman plantas de coca en Guerrero, M\u00e9xico","src":"https:\/\/i0.wp.com\/insightcrime.org\/wp-content\/uploads\/2022\/12\/Mexico-Guerrero-Coca-Cultivation-Infobae-161222.jpg?fit=350%2C250&quality=100&ssl=1&resize=350%2C200","width":350,"height":200},"classes":[]},{"id":126358,"url":"https:\/\/insightcrime.org\/es\/noticias\/cultivadores-amapola-mexico-incierto\/","url_meta":{"origin":9221,"position":1},"title":"Cultivadores de amapola en M\u00e9xico enfrentan un futuro incierto","author":"Parker Asmann","date":"2 de noviembre de 2020","format":false,"excerpt":"Para enfrentar las dificultades econ\u00f3micas, las comunidades cultivadoras de amapola en el suroeste de M\u00e9xico buscan cobijo de un programa estatal que ofrece proyectos alternativos, pero este ser\u00eda apenas un primer paso incapaz de remediar los complejos problemas que aquejan a los campesinos.","rel":"","context":"En \u00abNoticias\u00bb","block_context":{"text":"Noticias","link":"https:\/\/insightcrime.org\/es\/category\/noticias\/"},"img":{"alt_text":"","src":"https:\/\/i0.wp.com\/insightcrime.org\/wp-content\/uploads\/2020\/10\/20-10-30-Mexico-Poppy.jpg?fit=350%2C250&quality=100&ssl=1&resize=350%2C200","width":350,"height":200},"classes":[]},{"id":268355,"url":"https:\/\/insightcrime.org\/es\/noticias\/violencia-criminal-paraliza-estado-guerrero-mexico\/","url_meta":{"origin":9221,"position":2},"title":"Violencia criminal paraliza al estado de Guerrero, M\u00e9xico","author":"Sara Garcia","date":"13 de febrero de 2024","format":false,"excerpt":"La reciente ola de violencia en Guerrero, M\u00e9xico, pone de relieve la disputa entre varios grupos criminales por el control de la extorsi\u00f3n en el estado sure\u00f1o, al tiempo que resalta m\u00faltiples factores de inseguridad en la regi\u00f3n.","rel":"","context":"En \u00abNoticias\u00bb","block_context":{"text":"Noticias","link":"https:\/\/insightcrime.org\/es\/category\/noticias\/"},"img":{"alt_text":"","src":"https:\/\/i0.wp.com\/insightcrime.org\/wp-content\/uploads\/2024\/02\/2024-02-08-Violencia-Guerrero-Mex.jpeg?fit=350%2C250&quality=100&ssl=1&resize=350%2C200","width":350,"height":200},"classes":[]},{"id":205685,"url":"https:\/\/insightcrime.org\/es\/investigaciones\/sinaloa-ocaso-marihuana-crimen-organizado\/","url_meta":{"origin":9221,"position":3},"title":"En Sinaloa, el ocaso de la marihuana no hace mella al crimen organizado","author":"Parker Asmann","date":"6 de diciembre de 2022","format":false,"excerpt":"En el Tri\u00e1ngulo Dorado de M\u00e9xico, la relaci\u00f3n entre los peque\u00f1os campesinos y los grupos criminales ha sido afectada.","rel":"","context":"En \u00abInvestigaciones\u00bb","block_context":{"text":"Investigaciones","link":"https:\/\/insightcrime.org\/es\/category\/investigaciones\/"},"img":{"alt_text":"","src":"https:\/\/i0.wp.com\/insightcrime.org\/wp-content\/uploads\/2022\/11\/MEX-USA-Marihuana-Cover-Chapter3.png?fit=1200%2C436&quality=100&ssl=1&resize=350%2C200","width":350,"height":200,"srcset":"https:\/\/i0.wp.com\/insightcrime.org\/wp-content\/uploads\/2022\/11\/MEX-USA-Marihuana-Cover-Chapter3.png?fit=1200%2C436&quality=100&ssl=1&resize=350%2C200 1x, https:\/\/i0.wp.com\/insightcrime.org\/wp-content\/uploads\/2022\/11\/MEX-USA-Marihuana-Cover-Chapter3.png?fit=1200%2C436&quality=100&ssl=1&resize=525%2C300 1.5x, https:\/\/i0.wp.com\/insightcrime.org\/wp-content\/uploads\/2022\/11\/MEX-USA-Marihuana-Cover-Chapter3.png?fit=1200%2C436&quality=100&ssl=1&resize=700%2C400 2x, https:\/\/i0.wp.com\/insightcrime.org\/wp-content\/uploads\/2022\/11\/MEX-USA-Marihuana-Cover-Chapter3.png?fit=1200%2C436&quality=100&ssl=1&resize=1050%2C600 3x"},"classes":[]},{"id":185299,"url":"https:\/\/insightcrime.org\/es\/noticias\/comunidades-indigenas-mexico-sufren-abandono-estatal-frente-grupos-criminales\/","url_meta":{"origin":9221,"position":4},"title":"Comunidades ind\u00edgenas de M\u00e9xico sufren abandono estatal frente a grupos criminales","author":"Henry Shuldiner","date":"13 de mayo de 2022","format":false,"excerpt":"La muerte de dos l\u00edderes ind\u00edgenas en el estado de Guerrero vuelve a llamar la atenci\u00f3n sobre la negligencia del gobierno en la protecci\u00f3n de las comunidades ind\u00edgenas azotadas por organizaciones criminales en todo M\u00e9xico.","rel":"","context":"En \u00abNoticias\u00bb","block_context":{"text":"Noticias","link":"https:\/\/insightcrime.org\/es\/category\/noticias\/"},"img":{"alt_text":"Grupos ind\u00edgenas de autodefensa se han levantado en armas para defenderse de los grupos criminales en Guerrero","src":"https:\/\/i0.wp.com\/insightcrime.org\/wp-content\/uploads\/2022\/05\/Mexico-Guerrero-Indigenous-Indybay1.jpg?fit=350%2C250&quality=100&ssl=1&resize=350%2C200","width":350,"height":200},"classes":[]},{"id":66150,"url":"https:\/\/insightcrime.org\/es\/noticias-crimen-organizado-mexico\/organizacion-beltran-leyva\/","url_meta":{"origin":9221,"position":5},"title":"Organizaci\u00f3n Beltr\u00e1n Leyva","author":"InSight Crime","date":"6 de octubre de 2021","format":false,"excerpt":"Liderada por los hermanos Beltr\u00e1n Leyva, esta organizaci\u00f3n narcotraficante mexicana trabaj\u00f3 con el Cartel de Sinaloa hasta 2008, cuando se separaron y se desat\u00f3 una sangrienta batalla entre los dos grupos. La OBL, una de las organizaciones criminales m\u00e1s poderosas de M\u00e9xico, se ha visto gravemente debilitada por numerosos arrestos\u2026","rel":"","context":"En \u00abM\u00e9xico\u00bb","block_context":{"text":"M\u00e9xico","link":"https:\/\/insightcrime.org\/es\/category\/noticias-crimen-organizado-mexico\/"},"img":{"alt_text":"Organizaci\u00f3n Beltr\u00e1n Leyva","src":"https:\/\/i0.wp.com\/insightcrime.org\/wp-content\/uploads\/2026\/06\/Grupo-Criminal-Organizacion-Beltran-Leyva-1.jpg?fit=1200%2C900&quality=100&ssl=1&resize=350%2C200","width":350,"height":200,"srcset":"https:\/\/i0.wp.com\/insightcrime.org\/wp-content\/uploads\/2026\/06\/Grupo-Criminal-Organizacion-Beltran-Leyva-1.jpg?fit=1200%2C900&quality=100&ssl=1&resize=350%2C200 1x, https:\/\/i0.wp.com\/insightcrime.org\/wp-content\/uploads\/2026\/06\/Grupo-Criminal-Organizacion-Beltran-Leyva-1.jpg?fit=1200%2C900&quality=100&ssl=1&resize=525%2C300 1.5x, https:\/\/i0.wp.com\/insightcrime.org\/wp-content\/uploads\/2026\/06\/Grupo-Criminal-Organizacion-Beltran-Leyva-1.jpg?fit=1200%2C900&quality=100&ssl=1&resize=700%2C400 2x, https:\/\/i0.wp.com\/insightcrime.org\/wp-content\/uploads\/2026\/06\/Grupo-Criminal-Organizacion-Beltran-Leyva-1.jpg?fit=1200%2C900&quality=100&ssl=1&resize=1050%2C600 3x"},"classes":[]}],"jetpack_featured_media_url":"https:\/\/i0.wp.com\/insightcrime.org\/wp-content\/uploads\/2016\/09\/es-16-9-16-PoppyGuerrero.jpg?fit=250%2C167&quality=100&ssl=1","_links":{"self":[{"href":"https:\/\/insightcrime.org\/es\/wp-json\/wp\/v2\/posts\/9221","targetHints":{"allow":["GET"]}}],"collection":[{"href":"https:\/\/insightcrime.org\/es\/wp-json\/wp\/v2\/posts"}],"about":[{"href":"https:\/\/insightcrime.org\/es\/wp-json\/wp\/v2\/types\/post"}],"author":[{"embeddable":true,"href":"https:\/\/insightcrime.org\/es\/wp-json\/wp\/v2\/users\/76"}],"replies":[{"embeddable":true,"href":"https:\/\/insightcrime.org\/es\/wp-json\/wp\/v2\/comments?post=9221"}],"version-history":[{"count":1,"href":"https:\/\/insightcrime.org\/es\/wp-json\/wp\/v2\/posts\/9221\/revisions"}],"predecessor-version":[{"id":27329,"href":"https:\/\/insightcrime.org\/es\/wp-json\/wp\/v2\/posts\/9221\/revisions\/27329"}],"wp:featuredmedia":[{"embeddable":true,"href":"https:\/\/insightcrime.org\/es\/wp-json\/wp\/v2\/media\/45178"}],"wp:attachment":[{"href":"https:\/\/insightcrime.org\/es\/wp-json\/wp\/v2\/media?parent=9221"}],"wp:term":[{"taxonomy":"category","embeddable":true,"href":"https:\/\/insightcrime.org\/es\/wp-json\/wp\/v2\/categories?post=9221"},{"taxonomy":"post_tag","embeddable":true,"href":"https:\/\/insightcrime.org\/es\/wp-json\/wp\/v2\/tags?post=9221"},{"taxonomy":"newspack_spnsrs_tax","embeddable":true,"href":"https:\/\/insightcrime.org\/es\/wp-json\/wp\/v2\/newspack_spnsrs_tax?post=9221"},{"taxonomy":"author","embeddable":true,"href":"https:\/\/insightcrime.org\/es\/wp-json\/wp\/v2\/coauthors?post=9221"}],"curies":[{"name":"wp","href":"https:\/\/api.w.org\/{rel}","templated":true}]}}