{"id":9227,"date":"2016-09-21T20:07:33","date_gmt":"2017-03-28T00:19:45","guid":{"rendered":"http:\/\/newwp.insightcrime.org?p=9227"},"modified":"2023-04-24T15:54:30","modified_gmt":"2023-04-24T20:54:30","slug":"honduras-da-primer-paso-reacondicionamiento-carcelario-nueva-instalacion","status":"publish","type":"post","link":"https:\/\/insightcrime.org\/es\/noticias\/noticias-del-dia\/honduras-da-primer-paso-reacondicionamiento-carcelario-nueva-instalacion\/","title":{"rendered":"Honduras comienza a reacondicionar c\u00e1rceles con nueva instalaci\u00f3n"},"content":{"rendered":"\n<p class=\"wp-block-paragraph\">Una nueva c\u00e1rcel de m\u00e1xima seguridad en <a href=\"\/noticias-sobre-crimen-organizado-en-honduras\" target=\"_blank\">Honduras<\/a> se puso en funcionamiento luego de recibir a sus primeros internos, lo que marca un paso inicial hacia la reestructuraci\u00f3n planeada para el problem\u00e1tico sistema carcelario del pa\u00eds.<\/p>\n\n\n\n<p class=\"wp-block-paragraph\">El 19 de septiembre, las autoridades hondure\u00f1as trasladaron a 37 presos de alto riesgo, incluidos cabecillas de la mara<a href=\"\/noticias-sobre-crimen-organizado-en-el-salvador\/barrio-18\" target=\"_blank\"> Barrio 18<\/a>, a la nueva c\u00e1rcel El Pozo, <a href=\"https:\/\/www.laprensa.hn\/honduras\/1001428-410\/%C3%A1rea-destinada-a-reclusos-peligrosos-es-impenetrable\" target=\"_blank\">seg\u00fan una nota de La Prensa.<\/a> El diario <a href=\"https:\/\/www.laprensa.hn\/honduras\/1001268-410\/joh-reos-tendr%C3%A1n-una-hora-al-d%C3%ADa-de-exposici%C3%B3n-al-sol\" target=\"_blank\">tambi\u00e9n inform\u00f3<\/a> que muchos de los presos son sospechosos de ordenar asesinatos, secuestros o <a href=\"\/component\/tags\/tag\/248-extorsion\" target=\"_blank\">extorsi\u00f3n <\/a>desde dentro de su centro de reclusi\u00f3n anterior.<\/p>\n\n\n\n<p class=\"wp-block-paragraph\">El complejo carcelario de US$25 millones, reci\u00e9n puesto en operaci\u00f3n, empez\u00f3 a construirse en 2014 y se encuentra completo en un 98 por ciento, con una capacidad total para albergar a m\u00e1s de 2.000 internos distribuidos en tres secciones separadas: un \u00e1rea de seguridad baja, mediana y alta, <a href=\"https:\/\/www.elheraldo.hn\/sucesos\/1001416-466\/honduras-cabecillas-de-maras-estar%C3%A1n-en-celdas-blindadas-sin-privilegios-y-aislados\" target=\"_blank\">seg\u00fan informes de El Heraldo.<\/a><\/p>\n\n\n\n<p class=\"wp-block-paragraph\">Ubicada en una zona remota del departamento de Santa B\u00e1rbara, la instalaci\u00f3n debe aislar por completo a los presos m\u00e1s peligrosos. Cinco divisiones de puertas vigiladas separan la zona de confinamiento de m\u00e1xima seguridad de las instalaciones externas del centro, y los reclusos no tendr\u00e1n acceso a internet, tel\u00e9fonos m\u00f3viles o fijos, seg\u00fan informes de La Prensa.<\/p>\n\n\n\n<p class=\"wp-block-paragraph\">El presidente Juan Orlando Hern\u00e1ndez coment\u00f3 que los internos de alto riesgo tendr\u00e1n derecho a una hora diaria de sol. No tendr\u00e1n \u201cderecho a llamadas telef\u00f3nicas y ser\u00e1n suspendidas de forma indefinida las visitas\u201d, declar\u00f3, <a href=\"https:\/\/www.laprensa.hn\/honduras\/1001268-410\/joh-reos-tendr%C3%A1n-una-hora-al-d%C3%ADa-de-exposici%C3%B3n-al-sol\" target=\"_blank\">se\u00f1alando<\/a> que estos reclusos hab\u00edan \u201cabusado del derecho de visita y de comunicaciones, utilizando claves y otras artima\u00f1as para enviar mensajes a sus c\u00f3mplices en el exterior\u201d.<\/p>\n\n\n\n<p class=\"wp-block-paragraph\"><a href=\"https:\/\/www.latribuna.hn\/2016\/09\/20\/plan-incluye-reforma-profunda-del-sistema-penitenciario\/\" target=\"_blank\">Como inform\u00f3 La Tribuna<\/a>, el presidente tambi\u00e9n anunci\u00f3 que la nueva instalaci\u00f3n respeta las regulaciones de las Naciones Unidas en relaci\u00f3n con el trato a prisioneros, y que los guardias de la prisi\u00f3n que trabajan en la zona de confinamiento de alta seguridad fueron entrenados seg\u00fan los est\u00e1ndares internacionales.<\/p>\n\n\n\n<h3 class=\"wp-block-heading\">An\u00e1lisis de InSight Crime<\/h3>\n\n\n\n<p class=\"wp-block-paragraph\">Con una tasa de hacinamiento <a href=\"https:\/\/www.prisonstudies.org\/country\/honduras\" target=\"_blank\">de casi 200 por ciento<\/a> y m\u00e1s de 8.000 personas detenidas <a href=\"https:\/\/es.insightcrime.org\/noticias\/noticias-del-dia\/nuevos-datos-sobre-prisiones-respaldan-reforma-a-la-detencion-preventiva-en-honduras\/\" target=\"_blank\">en espera de un juicio<\/a>, muchos expertos han expresado sus temores de que las instalaciones carcelarias en <a href=\"\/noticias-sobre-crimen-organizado-en-honduras\" target=\"_blank\">Honduras<\/a> <a href=\"https:\/\/es.insightcrime.org\/noticias\/analisis\/carceles-honduras-ponen-riesgo-presos-generan-violencia-pandillera-oea\/\" target=\"_blank\">favorecen la actividad criminal <\/a>en lugar de contenerla. Y aunque muchos internos son tenidos en condiciones que van contra las normas internacionales, unos cuantos criminales poderosos o antiguos miembros de la \u00e9lite llevan estilos de vida lujosos dentro de los muros de las prisiones.<\/p>\n\n\n\n<p class=\"wp-block-paragraph\">El mismo d\u00eda del traslado de los 37 presos, informes de noticias revelaron que Arnaldo Urbina Soto, exalcalde <a href=\"https:\/\/es.insightcrime.org\/noticias\/noticias-del-dia\/alcalde-honduras-acusado-liderar-grupo-narcotraficante\/\" target=\"_blank\">sospechoso de participaci\u00f3n<\/a> en narcotr\u00e1fico y sicariato, hab\u00eda estado ocultando m\u00e1s de <a href=\"https:\/\/www.elheraldo.hn\/sucesos\/1001404-466\/hasta-rolex-vende-el-alcalde-de-yoro-desde-c%C3%A1rcel\" target=\"_blank\">US$200.000 en su celda<\/a>, que adem\u00e1s se dice que estaba equipada con aire acondicionado, ba\u00f1o privado y guardarropa.<\/p>\n\n\n\n<p class=\"wp-block-paragraph\"><span style=\"color: #800000\"><strong>VEA TAMBI\u00c9N:<\/strong><\/span> <a href=\"https:\/\/es.insightcrime.org\/indepth\/prisiones\/\" target=\"_blank\">InDepth: Cobertura sobre Prisiones<\/a><\/p>\n\n\n\n<p class=\"wp-block-paragraph\">Aunque no todos los criminales disfrutan los mismos privilegios que este antiguo miembro de la \u00e9lite pol\u00edtica, algunas instalaciones tienen deficiencias administrativas tan profundas que los jefes de las pandillas han <a href=\"https:\/\/es.insightcrime.org\/noticias\/analisis\/el-rey-justo-de-la-carcel-del-infierno\/\" target=\"_blank\">asumido el control<\/a> y se les permite realizar actividades ilegales desde la c\u00e1rcel. En vista de estas falencias, el presidente Hern\u00e1ndez <a href=\"https:\/\/www.eleconomista.net\/2016\/09\/01\/presidente-hondureno-pide-reestructurar-carceles-y-vigilar-policias-depurados\" target=\"_blank\">anunci\u00f3<\/a> \u201cuna reestructuraci\u00f3n profunda\u201d del sistema penitenciario a partir del mes de septiembre.<\/p>\n\n\n\n<p class=\"wp-block-paragraph\">Mejores medidas de seguridad, como las que se planean para El Pozo ayudar\u00eda a resolver algunos problemas cr\u00edticos de las c\u00e1rceles en <a href=\"\/noticias-sobre-crimen-organizado-en-honduras\" target=\"_blank\">Honduras<\/a>. Pero aun las modernas instalaciones pueden verse afectadas por la corrupci\u00f3n entre los guardias y otros agentes penitenciarios, algo que los funcionarios hondure\u00f1os tendr\u00e1n presente para garantizar que el gasto de millones de d\u00f3lares en la nueva instalaci\u00f3n no fue en vano.<\/p>\n","protected":false},"excerpt":{"rendered":"<p>Una nueva c\u00e1rcel de m\u00e1xima seguridad en <a href=\"noticias-sobre-crimen-organizado-en-honduras\" target=\"_blank\">Honduras<\/a> se puso en funcionamiento luego de recibir a sus primeros internos, lo que marca un paso inicial hacia la reestructuraci\u00f3n planeada para el problem\u00e1tico sistema carcelario del pa\u00eds.<\/p>\n","protected":false},"author":79,"featured_media":45196,"comment_status":"closed","ping_status":"closed","sticky":false,"template":"","format":"standard","meta":{"newspack_ads_suppress_ads":false,"newspack_popups_has_disabled_popups":false,"newspack_sponsor_sponsorship_scope":"","newspack_sponsor_native_byline_display":"inherit","newspack_sponsor_native_category_display":"inherit","newspack_sponsor_underwriter_style":"inherit","newspack_sponsor_underwriter_placement":"inherit","_EventAllDay":false,"_EventTimezone":"","_EventStartDate":"","_EventEndDate":"","_EventStartDateUTC":"","_EventEndDateUTC":"","_EventShowMap":false,"_EventShowMapLink":false,"_EventURL":"","_EventCost":"","_EventCostDescription":"","_EventCurrencySymbol":"","_EventCurrencyCode":"","_EventCurrencyPosition":"","_EventDateTimeSeparator":"","_EventTimeRangeSeparator":"","_EventOrganizerID":[],"_EventVenueID":[],"_OrganizerEmail":"","_OrganizerPhone":"","_OrganizerWebsite":"","_VenueAddress":"","_VenueCity":"","_VenueCountry":"","_VenueProvince":"","_VenueState":"","_VenueZip":"","_VenuePhone":"","_VenueURL":"","_VenueStateProvince":"","_VenueLat":"","_VenueLng":"","_VenueShowMap":false,"_VenueShowMapLink":false,"_newspack_byline_active":false,"_newspack_byline":"","newspack_hide_updated_date":false,"newspack_show_updated_date":false,"newspack_featured_image_position":"","newspack_post_subtitle":"","newspack_article_summary_title":"Overview:","newspack_article_summary":"","_jetpack_memberships_contains_paid_content":false,"footnotes":""},"categories":[334],"tags":[398,3021],"newspack_spnsrs_tax":[],"coauthors":[4036],"class_list":["post-9227","post","type-post","status-publish","format-standard","has-post-thumbnail","hentry","category-noticias-del-dia","tag-honduras-pais","tag-prisiones-es","entry"],"parsely":{"version":"1.1.0","canonical_url":"https:\/\/insightcrime.org\/es\/noticias\/noticias-del-dia\/honduras-da-primer-paso-reacondicionamiento-carcelario-nueva-instalacion\/","smart_links":{"inbound":0,"outbound":0},"traffic_boost_suggestions_count":0,"meta":{"@context":"https:\/\/schema.org","@type":"NewsArticle","headline":"Honduras comienza a reacondicionar c\u00e1rceles con nueva instalaci\u00f3n","url":"http:\/\/insightcrime.org\/es\/noticias\/noticias-del-dia\/honduras-da-primer-paso-reacondicionamiento-carcelario-nueva-instalacion\/","mainEntityOfPage":{"@type":"WebPage","@id":"http:\/\/insightcrime.org\/es\/noticias\/noticias-del-dia\/honduras-da-primer-paso-reacondicionamiento-carcelario-nueva-instalacion\/"},"thumbnailUrl":"https:\/\/i0.wp.com\/insightcrime.org\/wp-content\/uploads\/2016\/09\/es-16-09-20-Honduras-Prisons.jpg?resize=150%2C150&quality=100&ssl=1","image":{"@type":"ImageObject","url":"https:\/\/i0.wp.com\/insightcrime.org\/wp-content\/uploads\/2016\/09\/es-16-09-20-Honduras-Prisons.jpg?fit=250%2C166&quality=100&ssl=1"},"articleSection":"Noticias del d\u00eda","author":[{"@type":"Person","name":"Tristan Clavel"}],"creator":["Tristan Clavel"],"publisher":{"@type":"Organization","name":"InSight Crime","logo":"https:\/\/insightcrime.org\/wp-content\/uploads\/2023\/08\/logo.png"},"keywords":["honduras","prisiones"],"dateCreated":"2017-03-28T00:19:45Z","datePublished":"2017-03-28T00:19:45Z","dateModified":"2023-04-24T20:54:30Z"},"rendered":"<meta name=\"parsely-title\" content=\"Honduras comienza a reacondicionar c\u00e1rceles con nueva instalaci\u00f3n\" \/>\n<meta name=\"parsely-link\" content=\"http:\/\/insightcrime.org\/es\/noticias\/noticias-del-dia\/honduras-da-primer-paso-reacondicionamiento-carcelario-nueva-instalacion\/\" \/>\n<meta name=\"parsely-type\" content=\"post\" \/>\n<meta name=\"parsely-image-url\" content=\"https:\/\/i0.wp.com\/insightcrime.org\/wp-content\/uploads\/2016\/09\/es-16-09-20-Honduras-Prisons.jpg?resize=150%2C150&amp;quality=100&amp;ssl=1\" \/>\n<meta name=\"parsely-pub-date\" content=\"2017-03-28T00:19:45Z\" \/>\n<meta name=\"parsely-section\" content=\"Noticias del d\u00eda\" \/>\n<meta name=\"parsely-tags\" content=\"honduras,prisiones\" \/>\n<meta name=\"parsely-author\" content=\"Tristan Clavel\" \/>","tracker_url":"https:\/\/cdn.parsely.com\/keys\/insightcrime.org\/p.js"},"jetpack_sharing_enabled":true,"jetpack-related-posts":[{"id":279081,"url":"https:\/\/insightcrime.org\/es\/noticias\/carceles-venezuela-siguen-fuera-control-despues-intervencion-estatal\/","url_meta":{"origin":9227,"position":0},"title":"C\u00e1rceles en Venezuela siguen fuera de control despu\u00e9s de intervenci\u00f3n estatal","author":"Unidad Investigativa de Venezuela","date":"12 de junio de 2024","format":false,"excerpt":"Pese a que las autoridades venezolanas celebraron el restablecimiento del orden carcelario, despu\u00e9s de varias operaciones para retomar el control de las prisiones \u2013en poder de l\u00edderes carcelarios, conocidos como pranes\u2013 los episodios de violencia y la crisis humanitaria del sistema penitenciario contin\u00faan.","rel":"","context":"En \u00abNoticias\u00bb","block_context":{"text":"Noticias","link":"https:\/\/insightcrime.org\/es\/category\/noticias\/"},"img":{"alt_text":"","src":"https:\/\/i0.wp.com\/insightcrime.org\/wp-content\/uploads\/2024\/06\/Huelga-pacifica-presos-Venezuela.jpg?fit=350%2C250&quality=100&ssl=1&resize=350%2C200","width":350,"height":200},"classes":[]},{"id":148965,"url":"https:\/\/insightcrime.org\/es\/noticias\/ejercito-honduras-duras-criticas-actos-violentos-carceles\/","url_meta":{"origin":9227,"position":1},"title":"Ej\u00e9rcito de Honduras recibe duras cr\u00edticas tras actos violentos en c\u00e1rceles","author":"Chris Dalby","date":"21 de junio de 2021","format":false,"excerpt":"Una masacre entre las pandillas Barrio 18 y MS13 en la prisi\u00f3n m\u00e1s tristemente c\u00e9lebre de Honduras plantea dudas acerca de si el papel del ej\u00e9rcito est\u00e1 siendo efectivo, tras haber asumido la responsabilidad de la seguridad de las prisiones en diciembre de 2019.","rel":"","context":"En \u00abNoticias\u00bb","block_context":{"text":"Noticias","link":"https:\/\/insightcrime.org\/es\/category\/noticias\/"},"img":{"alt_text":"An ambulance enters La Tolva Prison in Honduras","src":"https:\/\/i0.wp.com\/insightcrime.org\/wp-content\/uploads\/2021\/06\/Carcel-LaTolva.jpg?fit=350%2C250&quality=100&ssl=1&resize=350%2C200","width":350,"height":200},"classes":[]},{"id":141310,"url":"https:\/\/insightcrime.org\/es\/noticias\/cierre-carceles-dilata-problema-mexico\/","url_meta":{"origin":9227,"position":2},"title":"Cierre de c\u00e1rceles solo dilata el problema de estos centros en M\u00e9xico","author":"Max Radwin","date":"19 de abril de 2021","format":false,"excerpt":"El cierre de una prisi\u00f3n estatal en M\u00e9xico es una respuesta poco convencional del gobierno frente a las precarias condiciones de los reclusos, pero no ser\u00e1 una soluci\u00f3n definitiva a los problemas de fondo que aquejan a los centros penitenciarios del pa\u00eds.","rel":"","context":"En \u00abNoticias\u00bb","block_context":{"text":"Noticias","link":"https:\/\/insightcrime.org\/es\/category\/noticias\/"},"img":{"alt_text":"","src":"https:\/\/i0.wp.com\/insightcrime.org\/wp-content\/uploads\/2021\/04\/Temascaltepec-Prison.jpg?fit=350%2C250&quality=100&ssl=1&resize=350%2C200","width":350,"height":200},"classes":[]},{"id":180522,"url":"https:\/\/insightcrime.org\/es\/noticias\/jaque-sistema-carcelario-colombia-fuga-importante-capo\/","url_meta":{"origin":9227,"position":3},"title":"Jaque al sistema carcelario de Colombia por fuga de importante capo","author":"Juan Diego Posada","date":"18 de marzo de 2022","format":false,"excerpt":"Colombia sufre un nuevo rev\u00e9s de seguridad. El escape de un poderoso narcotraficante deja pendiendo de un hilo el sistema de c\u00e1rceles del pa\u00eds y amenaza los casos de corrupci\u00f3n entre criminales y militares.","rel":"","context":"En \u00abNoticias\u00bb","block_context":{"text":"Noticias","link":"https:\/\/insightcrime.org\/es\/category\/noticias\/"},"img":{"alt_text":"Alias Matamba has been captured in May 2021 and escaped in March 2022, exposing corruption inside Colombian prisons","src":"https:\/\/i0.wp.com\/insightcrime.org\/wp-content\/uploads\/2022\/03\/Matamba-imagen.jpg?fit=350%2C250&quality=100&ssl=1&resize=350%2C200","width":350,"height":200},"classes":[]},{"id":204795,"url":"https:\/\/insightcrime.org\/es\/noticias\/que-pasa-megacarceles-america-latina\/","url_meta":{"origin":9227,"position":4},"title":"\u00bfQu\u00e9 pasa con las megac\u00e1rceles en Am\u00e9rica Latina?","author":"Chris Dalby","date":"25 de noviembre de 2022","format":false,"excerpt":"En las c\u00e1rceles de Latinoam\u00e9rica parece que ya no cabe un reo m\u00e1s, y los centros penitenciarios siguen constituy\u00e9ndose como lugares donde las econom\u00edas y los grupos criminales tienen suficiente espacio para proliferar.","rel":"","context":"En \u00abNoticias\u00bb","block_context":{"text":"Noticias","link":"https:\/\/insightcrime.org\/es\/category\/noticias\/"},"img":{"alt_text":"Police outside the Litoral prison in Guayaquil, Ecuador","src":"https:\/\/i0.wp.com\/insightcrime.org\/wp-content\/uploads\/2022\/11\/9938abe5d446b3688eeab1243f3dd710_XL-1.jpg?fit=350%2C250&quality=100&ssl=1&resize=350%2C200","width":350,"height":200},"classes":[]},{"id":195539,"url":"https:\/\/insightcrime.org\/es\/noticias\/carceles-anarquicas-venezuela-siguen-fuera-control\/","url_meta":{"origin":9227,"position":5},"title":"C\u00e1rceles m\u00e1s an\u00e1rquicas de Venezuela siguen fuera de control","author":"Unidad Investigativa de Venezuela","date":"26 de agosto de 2022","format":false,"excerpt":"La figura del pran en Venezuela est\u00e1 lejos de desaparecer. Mientras contin\u00fae el vac\u00edo institucional, los individuos que han consolidado su poder\u00edo dentro de las c\u00e1rceles har\u00e1n todo lo que est\u00e9 en sus manos para no perder el manejo de las rentas criminales. En los primeros d\u00edas de agosto el\u2026","rel":"","context":"En \u00abNoticias\u00bb","block_context":{"text":"Noticias","link":"https:\/\/insightcrime.org\/es\/category\/noticias\/"},"img":{"alt_text":"La c\u00e1rcel de Tocor\u00f3n est\u00e1 bajo el control de alias \"Ni\u00f1o\" Guerrero","src":"https:\/\/i0.wp.com\/insightcrime.org\/wp-content\/uploads\/2022\/08\/carceles-Venezuela.jpg?fit=350%2C250&quality=100&ssl=1&resize=350%2C200","width":350,"height":200},"classes":[]}],"jetpack_featured_media_url":"https:\/\/i0.wp.com\/insightcrime.org\/wp-content\/uploads\/2016\/09\/es-16-09-20-Honduras-Prisons.jpg?fit=250%2C166&quality=100&ssl=1","_links":{"self":[{"href":"https:\/\/insightcrime.org\/es\/wp-json\/wp\/v2\/posts\/9227","targetHints":{"allow":["GET"]}}],"collection":[{"href":"https:\/\/insightcrime.org\/es\/wp-json\/wp\/v2\/posts"}],"about":[{"href":"https:\/\/insightcrime.org\/es\/wp-json\/wp\/v2\/types\/post"}],"author":[{"embeddable":true,"href":"https:\/\/insightcrime.org\/es\/wp-json\/wp\/v2\/users\/79"}],"replies":[{"embeddable":true,"href":"https:\/\/insightcrime.org\/es\/wp-json\/wp\/v2\/comments?post=9227"}],"version-history":[{"count":1,"href":"https:\/\/insightcrime.org\/es\/wp-json\/wp\/v2\/posts\/9227\/revisions"}],"predecessor-version":[{"id":27347,"href":"https:\/\/insightcrime.org\/es\/wp-json\/wp\/v2\/posts\/9227\/revisions\/27347"}],"wp:featuredmedia":[{"embeddable":true,"href":"https:\/\/insightcrime.org\/es\/wp-json\/wp\/v2\/media\/45196"}],"wp:attachment":[{"href":"https:\/\/insightcrime.org\/es\/wp-json\/wp\/v2\/media?parent=9227"}],"wp:term":[{"taxonomy":"category","embeddable":true,"href":"https:\/\/insightcrime.org\/es\/wp-json\/wp\/v2\/categories?post=9227"},{"taxonomy":"post_tag","embeddable":true,"href":"https:\/\/insightcrime.org\/es\/wp-json\/wp\/v2\/tags?post=9227"},{"taxonomy":"newspack_spnsrs_tax","embeddable":true,"href":"https:\/\/insightcrime.org\/es\/wp-json\/wp\/v2\/newspack_spnsrs_tax?post=9227"},{"taxonomy":"author","embeddable":true,"href":"https:\/\/insightcrime.org\/es\/wp-json\/wp\/v2\/coauthors?post=9227"}],"curies":[{"name":"wp","href":"https:\/\/api.w.org\/{rel}","templated":true}]}}