{"id":92326,"date":"2018-11-21T11:57:23","date_gmt":"2018-11-21T16:57:23","guid":{"rendered":"https:\/\/insightcrime.org\/?p=92326"},"modified":"2023-04-24T16:32:32","modified_gmt":"2023-04-24T21:32:32","slug":"farina-netflix-espana-centroamerica","status":"publish","type":"post","link":"https:\/\/insightcrime.org\/es\/noticias\/analisis\/farina-netflix-espana-centroamerica\/","title":{"rendered":"Fari\u00f1a, Netflix y cuatro similitudes entre Espa\u00f1a y Centroam\u00e9rica\u00a0\u00a0\u00a0\u00a0\u00a0"},"content":{"rendered":"\n<p class=\"wp-block-paragraph\">En una f\u00f3rmula que se ha convertido en favorita, la plataforma de series Netflix ha perfilado, una vez m\u00e1s, la historia de un grupo de hombres convertidos en multimillonarios gracias al tr\u00e1fico de coca\u00edna, esta vez en Espa\u00f1a. La serie Fari\u00f1a y los parecidos con las din\u00e1micas centroamericanas muestran c\u00f3mo la ficci\u00f3n no tiene nada que envidiarle a la realidad.<\/p>\n\n\n\n<p class=\"wp-block-paragraph\">\u201cQue no me mira, usted. Si apenas s\u00e9 leer\u201d, dice un hombre barbado, vestido con ropas viejas frente al tribunal que lo acusa de ser uno de los traficantes m\u00e1s grandes de la comunidad aut\u00f3noma de Galicia, al norte de Espa\u00f1a. Ese hombre se llama Laureano Oubi\u00f1a.<\/p>\n\n\n\n<p class=\"wp-block-paragraph\">\u201cSolo soy un empresario\u2026 vivo de mi conservera de sardinas\u201d, replica otro hombre al alegar inocencia en el mismo juicio. Se llama Manuel Charl\u00edn.<\/p>\n\n\n\n<p class=\"wp-block-paragraph\">Todo ocurre en la escena del juicio llevado adelante por la Audiencia Nacional de Espa\u00f1a en 1990 tras la llamada <a href=\"https:\/\/www.huffingtonpost.es\/2018\/05\/09\/asi-contaron-los-medios-la-operacion-necora_a_23426366\/\" target=\"_blank\" rel=\"noopener\">Operaci\u00f3n N\u00e9cora<\/a> contra varios narcotraficantes gallegos, los primeros que introdujeron coca\u00edna en Espa\u00f1a originada en centroam\u00e9rica y Colombia. La investigaci\u00f3n judicial estuvo a cargo de Baltazar Garz\u00f3n, el juez espa\u00f1ol que luego proces\u00f3 al dictador chileno Augusto Pinochet por cr\u00edmenes de lesa humanidad.<\/p>\n\n\n\n<p class=\"wp-block-paragraph\">La escena es parte de la serie <a href=\"https:\/\/www.netflix.com\/title\/80215500\" target=\"_blank\" rel=\"noopener\">Fari\u00f1a<\/a>, de producci\u00f3n espa\u00f1ola y transmitida en la plataforma Netflix, basada en el libro del periodista Nacho Carretero, cuya distribuci\u00f3n fue prohibida en parte por un juez de Madrid.<\/p>\n\n\n\n<p class=\"wp-block-paragraph\">Como muchas en su tipo, esta serie abunda en los mitos comunicacionales creados alrededor del fen\u00f3meno del narcotr\u00e1fico, como la del narco benefactor o el polic\u00eda corrupto y el incorruptible.<\/p>\n\n\n\n<p class=\"wp-block-paragraph\">La serie se construye sobre esos mitos que, sin embargo, est\u00e1n basados en la realidad: contrabandistas en una tierra lejana, abandonada por el desarrollo y las oportunidades econ\u00f3micas y susceptibles a todo tipo de corrupci\u00f3n, que ven en el trasiego de mercader\u00edas ilegales la forma m\u00e1s evidente de ganar dinero, pero tambi\u00e9n de ser alguien en la vida; delincuentes que pasan del trapicheo de cigarros o de mariscos al de coca\u00edna, la fari\u00f1a, como en gallego se llama a la harina y se nombra, por su parecido, al clorhidrato de coca\u00edna.<\/p>\n\n\n\n<p class=\"wp-block-paragraph\">Por momentos, puede parecer que algunos personajes, situaciones o salidas dram\u00e1ticas son exageradas, pero no. Hombres como Laureano Oubi\u00f1a o Manuel Charl\u00edn existieron en realidad, son transportistas hijos de esos pueblos alejados reconvertidos en narcos. Son como los narcos que se convirtieron en pan nuestro de todos los d\u00edas en Centroam\u00e9rica, y son as\u00ed como ellos: p\u00edcaros, arrogantes, tramposos, violentos, impunes.<\/p>\n\n\n\n<p class=\"wp-block-paragraph\">Lo s\u00e9 porque he cubierto desde principios de siglo la historia de narcos en El Salvador y Honduras, que son muy parecidas a las de los gallegos.<\/p>\n\n\n\n<p class=\"wp-block-paragraph\">Aqu\u00ed, cuatro similitudes entre el origen y las caracter\u00edsticas de los capos de Centroam\u00e9rica y Colombia, con estos espa\u00f1oles:<\/p>\n\n\n\n<h3 class=\"wp-block-heading\">1. Geograf\u00eda rec\u00f3ndita, de dif\u00edcil acceso<\/h3>\n\n\n\n<p class=\"wp-block-paragraph\">Esto facilita que el transportista se convierta en narco.<\/p>\n\n\n\n<p class=\"wp-block-paragraph\">Como Los Perrones en las bocanas de mar en el oriente salvadore\u00f1o, cerca del Golfo de Fonseca. Como Los Cachiros en las monta\u00f1as de Yoro y Olancho que pegan al Atl\u00e1ntico en Honduras.<\/p>\n\n\n\n<p class=\"wp-block-paragraph\">En Galicia, la R\u00eda de Arousa es el equivalente a aquellos territorios sin ley en los que, con un poco de dinero, es posible doblegar a los guardias de la frontera.<\/p>\n\n\n\n<p class=\"wp-block-paragraph\">Las historias de narcos como Charl\u00edn, Oubi\u00f1a o Sito Mi\u00f1anco, el jefe de todos, empezaron con el contrabando de tabaco. As\u00ed iniciaron, por ejemplo, las historias de los narcotraficantes Chepe Luna y Reynerio Flores, reyes del paso ilegal de l\u00e1cteos y ganado desde Nicaragua a El Salvador; reyes de las veredas de polvo pegajoso y calor infinito que nadie conoce como ellos y su gente.<\/p>\n\n\n\n<h3 class=\"wp-block-heading\">2. Guardias corruptos<\/h3>\n\n\n\n<p class=\"wp-block-paragraph\">La historia de los narcos centroamericanos, como la de los gallegos, los mexicanos o los afganos no existir\u00eda sin la del polic\u00eda, el juez o el alcalde de la frontera que, a cambio de coimas, facilita el paso de la fari\u00f1a, se hace de la vista gorda o, en la desviaci\u00f3n m\u00e1s extrema, se convierte \u00e9l mismo en criminal.<\/p>\n\n\n\n<p class=\"wp-block-paragraph\">En mi libro \u201c<a href=\"https:\/\/es.insightcrime.org\/investigaciones\/corrupcion-policia-el-salvador\/\" target=\"_blank\" rel=\"noopener\">Infiltrados<\/a>\u201d, sobre la penetraci\u00f3n del crimen organizado en la polic\u00eda salvadore\u00f1a, relato c\u00f3mo los contrabandistas empiezan comprando, con peque\u00f1os regalos a los polic\u00edas de los pueblos para terminar, en el caso de Los Perrones en El Salvador o de los Lorenzana en Guatemala, pagando campa\u00f1as electorales de alcaldes o presidentes.<\/p>\n\n\n\n<p class=\"wp-block-paragraph\">\u201cNosotros pag\u00e1bamos informantes en las aduanas, y ellos nos dijeron que se ven\u00eda algo fuerte. Reynerio meti\u00f3 m\u00e1s drogas y m\u00e1s plata\u2026 El problema es que el gobierno ten\u00eda que mostrar algo\u2026 A Reynerio le pasaron factura pol\u00edtica\u2026 Lo presionaron para contribuir con la campa\u00f1a (electoral), pero \u00e9l en un momento se resisti\u00f3 y le pasaron factura,\u201d me cont\u00f3 uno de los asesores m\u00e1s cercanos a Reynerio, el jefe de Los Perrones.<\/p>\n\n\n\n<h3 class=\"wp-block-heading\">3. La cultura de la ostentaci\u00f3n y el fanfarroneo<\/h3>\n\n\n\n<p class=\"wp-block-paragraph\">Este es uno de los s\u00edmbolos m\u00e1s claros de la impunidad del narco. La producci\u00f3n de Fari\u00f1a se esmera en reproducir decorados y utiler\u00eda de los a\u00f1os 80\u2019s para mostrar los lujos en que terminan viviendo los narcos en Galicia. Los gallegos no son tan estramb\u00f3ticos como el colombiano Pablo Escobar con sus zool\u00f3gicos, pero algunos de ellos no escatiman gastos en carros de lujo, cadenas de oro y, sobre todo, propiedades.<\/p>\n\n\n\n<p class=\"wp-block-paragraph\">Cuando en el juicio que enfrentan en 1990 los gallegos llegan andrajosos ante los jueces es todo parte de una estrategia: vender la idea del empresario pobre, honrado, venido de abajo, para contrarrestar la del narco cubierto de oro.<\/p>\n\n\n\n<h3 class=\"wp-block-heading\">4. El mercado interminable<\/h3>\n\n\n\n<p class=\"wp-block-paragraph\">Todo apunta a que el negocio de la droga es infinito. Y hasta los capos lo tienen claro.<\/p>\n\n\n\n<p class=\"wp-block-paragraph\">\u201cEsto no se acabar\u00e1 nunca, mientras haya un gringo que se meta, no se acabar\u00e1\u201d, dice el interprete de Pablo Escobar en la serie El Patr\u00f3n del mal a uno de sus lugartenientes despu\u00e9s de que la polic\u00eda les ha decomisado una carga.<\/p>\n\n\n\n<p class=\"wp-block-paragraph\">Oubi\u00f1a -el narco gallego real en que est\u00e1 basado el personaje- dice algo similar en una entrevista que dio a una televisora espa\u00f1ola al salir de la c\u00e1rcel despu\u00e9s de pasar 22 a\u00f1os preso por narcotr\u00e1fico: \u201cA nadie le ponen una pistola en la cabeza para que se meta droga\u201d.<\/p>\n","protected":false},"excerpt":{"rendered":"<p>En una f\u00f3rmula que se ha convertido en favorita, la plataforma de series Netflix ha perfilado, una vez m\u00e1s, la historia de un grupo de hombres convertidos en multimillonarios gracias al tr\u00e1fico de coca\u00edna, esta vez en Espa\u00f1a. La serie Fari\u00f1a y los parecidos con las din\u00e1micas centroamericanas muestran c\u00f3mo la ficci\u00f3n no tiene nada que envidiarle a la realidad.<\/p>\n","protected":false},"author":83,"featured_media":92329,"comment_status":"closed","ping_status":"closed","sticky":false,"template":"","format":"standard","meta":{"newspack_ads_suppress_ads":false,"newspack_popups_has_disabled_popups":false,"newspack_sponsor_sponsorship_scope":"","newspack_sponsor_native_byline_display":"inherit","newspack_sponsor_native_category_display":"inherit","newspack_sponsor_underwriter_style":"inherit","newspack_sponsor_underwriter_placement":"inherit","_EventAllDay":false,"_EventTimezone":"","_EventStartDate":"","_EventEndDate":"","_EventStartDateUTC":"","_EventEndDateUTC":"","_EventShowMap":false,"_EventShowMapLink":false,"_EventURL":"","_EventCost":"","_EventCostDescription":"","_EventCurrencySymbol":"","_EventCurrencyCode":"","_EventCurrencyPosition":"","_EventDateTimeSeparator":"","_EventTimeRangeSeparator":"","_EventOrganizerID":[],"_EventVenueID":[],"_OrganizerEmail":"","_OrganizerPhone":"","_OrganizerWebsite":"","_VenueAddress":"","_VenueCity":"","_VenueCountry":"","_VenueProvince":"","_VenueState":"","_VenueZip":"","_VenuePhone":"","_VenueURL":"","_VenueStateProvince":"","_VenueLat":"","_VenueLng":"","_VenueShowMap":false,"_VenueShowMapLink":false,"_newspack_byline_active":false,"_newspack_byline":"","newspack_hide_updated_date":false,"newspack_show_updated_date":false,"newspack_featured_image_position":"","newspack_post_subtitle":"","newspack_article_summary_title":"Overview:","newspack_article_summary":"","_jetpack_memberships_contains_paid_content":false,"footnotes":""},"categories":[340],"tags":[1540,398,500],"newspack_spnsrs_tax":[],"coauthors":[3725],"class_list":["post-92326","post","type-post","status-publish","format-standard","has-post-thumbnail","hentry","category-analisis","tag-el-salvador-pais","tag-honduras-pais","tag-narcocultura","entry"],"parsely":{"version":"1.1.0","canonical_url":"https:\/\/insightcrime.org\/es\/noticias\/analisis\/farina-netflix-espana-centroamerica\/","smart_links":{"inbound":0,"outbound":0},"traffic_boost_suggestions_count":0,"meta":{"@context":"https:\/\/schema.org","@type":"NewsArticle","headline":"Fari\u00f1a, Netflix y cuatro similitudes entre Espa\u00f1a y Centroam\u00e9rica\u00a0\u00a0\u00a0\u00a0\u00a0","url":"http:\/\/insightcrime.org\/es\/noticias\/analisis\/farina-netflix-espana-centroamerica\/","mainEntityOfPage":{"@type":"WebPage","@id":"http:\/\/insightcrime.org\/es\/noticias\/analisis\/farina-netflix-espana-centroamerica\/"},"thumbnailUrl":"https:\/\/i0.wp.com\/insightcrime.org\/wp-content\/uploads\/2018\/11\/list_640px.jpeg?resize=150%2C150&quality=100&ssl=1","image":{"@type":"ImageObject","url":"https:\/\/i0.wp.com\/insightcrime.org\/wp-content\/uploads\/2018\/11\/list_640px.jpeg?fit=350%2C250&quality=100&ssl=1"},"articleSection":"An\u00e1lisis","author":[{"@type":"Person","name":"H\u00e9ctor Silva \u00c1valos"}],"creator":["H\u00e9ctor Silva \u00c1valos"],"publisher":{"@type":"Organization","name":"InSight Crime","logo":"https:\/\/insightcrime.org\/wp-content\/uploads\/2023\/08\/logo.png"},"keywords":["el salvador","honduras","narcocultura"],"dateCreated":"2018-11-21T16:57:23Z","datePublished":"2018-11-21T16:57:23Z","dateModified":"2023-04-24T21:32:32Z"},"rendered":"<meta name=\"parsely-title\" content=\"Fari\u00f1a, Netflix y cuatro similitudes entre Espa\u00f1a y Centroam\u00e9rica\u00a0\u00a0\u00a0\u00a0\u00a0\" \/>\n<meta name=\"parsely-link\" content=\"http:\/\/insightcrime.org\/es\/noticias\/analisis\/farina-netflix-espana-centroamerica\/\" \/>\n<meta name=\"parsely-type\" content=\"post\" \/>\n<meta name=\"parsely-image-url\" content=\"https:\/\/i0.wp.com\/insightcrime.org\/wp-content\/uploads\/2018\/11\/list_640px.jpeg?resize=150%2C150&amp;quality=100&amp;ssl=1\" \/>\n<meta name=\"parsely-pub-date\" content=\"2018-11-21T16:57:23Z\" \/>\n<meta name=\"parsely-section\" content=\"An\u00e1lisis\" \/>\n<meta name=\"parsely-tags\" content=\"el salvador,honduras,narcocultura\" \/>\n<meta name=\"parsely-author\" content=\"H\u00e9ctor Silva \u00c1valos\" \/>","tracker_url":"https:\/\/cdn.parsely.com\/keys\/insightcrime.org\/p.js"},"jetpack_sharing_enabled":true,"jetpack-related-posts":[{"id":295070,"url":"https:\/\/insightcrime.org\/es\/noticias\/captura-lider-tiguerones-ecuador-fragmentar-grupo\/","url_meta":{"origin":92326,"position":0},"title":"Captura de l\u00edder de los Tiguerones de Ecuador podr\u00eda fragmentar el grupo a\u00fan m\u00e1s","author":"James Bargent","date":"23 de octubre de 2024","format":false,"excerpt":"El l\u00edder de los Tiguerones, uno de los grupos m\u00e1s poderosos y violentos de Ecuador, y un eslab\u00f3n clave en la cadena de suministro de coca\u00edna a nivel mundial, fue capturado en Espa\u00f1a, lo que podr\u00eda acelerar la fragmentaci\u00f3n del grupo.","rel":"","context":"En \u00abNoticias\u00bb","block_context":{"text":"Noticias","link":"https:\/\/insightcrime.org\/es\/category\/noticias\/"},"img":{"alt_text":"","src":"https:\/\/i0.wp.com\/insightcrime.org\/wp-content\/uploads\/2024\/10\/tiguerones-graffiti-Ecuador.jpg?fit=350%2C250&quality=100&ssl=1&resize=350%2C200","width":350,"height":200},"classes":[]},{"id":233231,"url":"https:\/\/insightcrime.org\/es\/investigations\/espana-base-crimen-organizado-latinoamericano-europa\/","url_meta":{"origin":92326,"position":1},"title":"Espa\u00f1a: La base del crimen organizado latinoamericano en Europa","author":"Douwe den Held","date":"9 de febrero de 2021","format":false,"excerpt":"El 30 de abril de 1984, el Mercedes en que el ministro de Justicia de Colombia, Rodrigo Lara Bonilla, se dirig\u00eda a casa despu\u00e9s del trabajo, fue ametrallado por los temidos sicarios del narcotraficante Pablo Escobar.","rel":"","context":"En \u00abInvestigations\u00bb","block_context":{"text":"Investigations","link":"https:\/\/insightcrime.org\/category\/investigations\/"},"img":{"alt_text":"","src":"https:\/\/i0.wp.com\/insightcrime.org\/wp-content\/uploads\/2021\/02\/Cocaine-pipeline-drug-smuggling-europe-Chapter-4.jpg?fit=1200%2C450&quality=100&ssl=1&resize=350%2C200","width":350,"height":200,"srcset":"https:\/\/i0.wp.com\/insightcrime.org\/wp-content\/uploads\/2021\/02\/Cocaine-pipeline-drug-smuggling-europe-Chapter-4.jpg?fit=1200%2C450&quality=100&ssl=1&resize=350%2C200 1x, https:\/\/i0.wp.com\/insightcrime.org\/wp-content\/uploads\/2021\/02\/Cocaine-pipeline-drug-smuggling-europe-Chapter-4.jpg?fit=1200%2C450&quality=100&ssl=1&resize=525%2C300 1.5x, https:\/\/i0.wp.com\/insightcrime.org\/wp-content\/uploads\/2021\/02\/Cocaine-pipeline-drug-smuggling-europe-Chapter-4.jpg?fit=1200%2C450&quality=100&ssl=1&resize=700%2C400 2x, https:\/\/i0.wp.com\/insightcrime.org\/wp-content\/uploads\/2021\/02\/Cocaine-pipeline-drug-smuggling-europe-Chapter-4.jpg?fit=1200%2C450&quality=100&ssl=1&resize=1050%2C600 3x"},"classes":[]},{"id":275135,"url":"https:\/\/insightcrime.org\/es\/noticias\/sur-espana-vive-ola-narcotrafico\/","url_meta":{"origin":92326,"position":2},"title":"El sur de Espa\u00f1a vive una ola de narcotr\u00e1fico","author":"Beatriz Vicent Fern\u00e1ndez","date":"7 de mayo de 2024","format":false,"excerpt":"Varias operaciones contra redes de narcotransportistas en Andaluc\u00eda, Espa\u00f1a, y un aumento en las incautaciones de coca\u00edna en la zona confirman el creciente rol del sur del pa\u00eds como puerta de entrada de la coca\u00edna latinoamericana a Europa.","rel":"","context":"En \u00abNoticias\u00bb","block_context":{"text":"Noticias","link":"https:\/\/insightcrime.org\/es\/category\/noticias\/"},"img":{"alt_text":"La Guardia Civil persigue a una narcolancha que transportaba coca\u00edna en la costa de Huelva a principios de abril","src":"https:\/\/i0.wp.com\/insightcrime.org\/wp-content\/uploads\/2024\/05\/Spain-narcolancha-arrojo-droga-mar-Matalascanas-cocaina.jpg?fit=350%2C250&quality=100&ssl=1&resize=350%2C200","width":350,"height":200},"classes":[]},{"id":247208,"url":"https:\/\/insightcrime.org\/es\/noticias\/sonora-mexico-bajo-asedio-mientras-cartel-sinaloa-enfrenta-trafico-migrantes\/","url_meta":{"origin":92326,"position":3},"title":"Sonora, M\u00e9xico: bajo asedio mientras el Cartel de Sinaloa se enfrenta por el tr\u00e1fico de migrantes","author":"Parker Asmann","date":"22 de noviembre de 2023","format":false,"excerpt":"Un s\u00e1bado por la noche, a mediados de noviembre, los habitantes de S\u00e1sabe, un peque\u00f1o pueblo fronterizo entre M\u00e9xico y Estados Unidos, recibieron amenazas que advert\u00edan de un inminente ataque. A la ma\u00f1ana siguiente, se despertaron y vieron varias casas envueltas en llamas y decenas de hombres con armas de\u2026","rel":"","context":"En \u00abNoticias\u00bb","block_context":{"text":"Noticias","link":"https:\/\/insightcrime.org\/es\/category\/noticias\/"},"img":{"alt_text":"Un letrero que dice \"Entrando a S\u00e1sabe\" junto a una carretera en Sonora, M\u00e9xico.","src":"https:\/\/i0.wp.com\/insightcrime.org\/wp-content\/uploads\/2023\/11\/Mexico-Entering-Sasabe-sign-fentanyl-migrant-smuggling-Parker-Asmann-1-scaled.jpg?fit=1200%2C600&quality=100&ssl=1&resize=350%2C200","width":350,"height":200,"srcset":"https:\/\/i0.wp.com\/insightcrime.org\/wp-content\/uploads\/2023\/11\/Mexico-Entering-Sasabe-sign-fentanyl-migrant-smuggling-Parker-Asmann-1-scaled.jpg?fit=1200%2C600&quality=100&ssl=1&resize=350%2C200 1x, https:\/\/i0.wp.com\/insightcrime.org\/wp-content\/uploads\/2023\/11\/Mexico-Entering-Sasabe-sign-fentanyl-migrant-smuggling-Parker-Asmann-1-scaled.jpg?fit=1200%2C600&quality=100&ssl=1&resize=525%2C300 1.5x, https:\/\/i0.wp.com\/insightcrime.org\/wp-content\/uploads\/2023\/11\/Mexico-Entering-Sasabe-sign-fentanyl-migrant-smuggling-Parker-Asmann-1-scaled.jpg?fit=1200%2C600&quality=100&ssl=1&resize=700%2C400 2x, https:\/\/i0.wp.com\/insightcrime.org\/wp-content\/uploads\/2023\/11\/Mexico-Entering-Sasabe-sign-fentanyl-migrant-smuggling-Parker-Asmann-1-scaled.jpg?fit=1200%2C600&quality=100&ssl=1&resize=1050%2C600 3x"},"classes":[]},{"id":294058,"url":"https:\/\/insightcrime.org\/es\/noticias\/decapitacion-alcalde-inquietante-senal-crisis-eguridad-nueva-presidenta-mexico\/","url_meta":{"origin":92326,"position":4},"title":"Decapitaci\u00f3n de un alcalde es una inquietante se\u00f1al de la crisis de seguridad que afronta la nueva presidenta de M\u00e9xico","author":"Parker Asmann","date":"8 de octubre de 2024","format":false,"excerpt":"Un grupo de hombres armados asesin\u00f3 y decapit\u00f3 al alcalde de una importante ciudad del suroeste de M\u00e9xico menos de una semana despu\u00e9s de que asumiera el cargo, resaltando la tit\u00e1nica tarea que enfrenta la nueva presidenta del pa\u00eds para resolver una situaci\u00f3n de seguridad p\u00fablica cada vez m\u00e1s grave.","rel":"","context":"En \u00abNoticias\u00bb","block_context":{"text":"Noticias","link":"https:\/\/insightcrime.org\/es\/category\/noticias\/"},"img":{"alt_text":"Imagen principal: El alcalde de Chilpancingo, Alejandro Arcos Catal\u00e1n, se dirige a la multitud al tomar posesi\u00f3n como edil. Cr\u00e9dito: El Financiero","src":"https:\/\/i0.wp.com\/insightcrime.org\/wp-content\/uploads\/2024\/10\/2024-10-08-Chilpancingo-Killing.jpg?fit=350%2C250&quality=100&ssl=1&resize=350%2C200","width":350,"height":200},"classes":[]},{"id":232550,"url":"https:\/\/insightcrime.org\/es\/noticias\/ascenso-caida-choneros-narcotrafico-ecuador\/","url_meta":{"origin":92326,"position":5},"title":"Ascenso y ca\u00edda de Los Choneros, oportunistas del narcotr\u00e1fico en Ecuador","author":"Chris Dalby","date":"20 de julio de 2023","format":false,"excerpt":"El auge y la ca\u00edda de Los Choneros es una saga de alianzas oportunistas y viejas rencillas, una de las cuales le costar\u00eda la vida a su l\u00edder.","rel":"","context":"En \u00abNoticias\u00bb","block_context":{"text":"Noticias","link":"https:\/\/insightcrime.org\/es\/category\/noticias\/"},"img":{"alt_text":"Soldados resguardan la puerta de la prisi\u00f3n Inca en Ecuador","src":"https:\/\/i0.wp.com\/insightcrime.org\/wp-content\/uploads\/2023\/09\/Ecuador-Prison-Roit-Soldiers-guard-an-entrance-to-the-Inca-jail-Nov-2022-AP22322801765661-A2-1-1.jpg?fit=1200%2C690&quality=100&ssl=1&resize=350%2C200","width":350,"height":200,"srcset":"https:\/\/i0.wp.com\/insightcrime.org\/wp-content\/uploads\/2023\/09\/Ecuador-Prison-Roit-Soldiers-guard-an-entrance-to-the-Inca-jail-Nov-2022-AP22322801765661-A2-1-1.jpg?fit=1200%2C690&quality=100&ssl=1&resize=350%2C200 1x, https:\/\/i0.wp.com\/insightcrime.org\/wp-content\/uploads\/2023\/09\/Ecuador-Prison-Roit-Soldiers-guard-an-entrance-to-the-Inca-jail-Nov-2022-AP22322801765661-A2-1-1.jpg?fit=1200%2C690&quality=100&ssl=1&resize=525%2C300 1.5x, https:\/\/i0.wp.com\/insightcrime.org\/wp-content\/uploads\/2023\/09\/Ecuador-Prison-Roit-Soldiers-guard-an-entrance-to-the-Inca-jail-Nov-2022-AP22322801765661-A2-1-1.jpg?fit=1200%2C690&quality=100&ssl=1&resize=700%2C400 2x, https:\/\/i0.wp.com\/insightcrime.org\/wp-content\/uploads\/2023\/09\/Ecuador-Prison-Roit-Soldiers-guard-an-entrance-to-the-Inca-jail-Nov-2022-AP22322801765661-A2-1-1.jpg?fit=1200%2C690&quality=100&ssl=1&resize=1050%2C600 3x"},"classes":[]}],"jetpack_featured_media_url":"https:\/\/i0.wp.com\/insightcrime.org\/wp-content\/uploads\/2018\/11\/list_640px.jpeg?fit=350%2C250&quality=100&ssl=1","_links":{"self":[{"href":"https:\/\/insightcrime.org\/es\/wp-json\/wp\/v2\/posts\/92326","targetHints":{"allow":["GET"]}}],"collection":[{"href":"https:\/\/insightcrime.org\/es\/wp-json\/wp\/v2\/posts"}],"about":[{"href":"https:\/\/insightcrime.org\/es\/wp-json\/wp\/v2\/types\/post"}],"author":[{"embeddable":true,"href":"https:\/\/insightcrime.org\/es\/wp-json\/wp\/v2\/users\/83"}],"replies":[{"embeddable":true,"href":"https:\/\/insightcrime.org\/es\/wp-json\/wp\/v2\/comments?post=92326"}],"version-history":[{"count":5,"href":"https:\/\/insightcrime.org\/es\/wp-json\/wp\/v2\/posts\/92326\/revisions"}],"predecessor-version":[{"id":92420,"href":"https:\/\/insightcrime.org\/es\/wp-json\/wp\/v2\/posts\/92326\/revisions\/92420"}],"wp:featuredmedia":[{"embeddable":true,"href":"https:\/\/insightcrime.org\/es\/wp-json\/wp\/v2\/media\/92329"}],"wp:attachment":[{"href":"https:\/\/insightcrime.org\/es\/wp-json\/wp\/v2\/media?parent=92326"}],"wp:term":[{"taxonomy":"category","embeddable":true,"href":"https:\/\/insightcrime.org\/es\/wp-json\/wp\/v2\/categories?post=92326"},{"taxonomy":"post_tag","embeddable":true,"href":"https:\/\/insightcrime.org\/es\/wp-json\/wp\/v2\/tags?post=92326"},{"taxonomy":"newspack_spnsrs_tax","embeddable":true,"href":"https:\/\/insightcrime.org\/es\/wp-json\/wp\/v2\/newspack_spnsrs_tax?post=92326"},{"taxonomy":"author","embeddable":true,"href":"https:\/\/insightcrime.org\/es\/wp-json\/wp\/v2\/coauthors?post=92326"}],"curies":[{"name":"wp","href":"https:\/\/api.w.org\/{rel}","templated":true}]}}