{"id":9289,"date":"2016-10-13T17:11:15","date_gmt":"2017-03-28T00:20:12","guid":{"rendered":"http:\/\/newwp.insightcrime.org?p=9289"},"modified":"2023-04-24T15:54:55","modified_gmt":"2023-04-24T20:54:55","slug":"peru-reinicia-operaciones-militares-zona-cocalera-vraem","status":"publish","type":"post","link":"https:\/\/insightcrime.org\/es\/noticias\/noticias-del-dia\/peru-reinicia-operaciones-militares-zona-cocalera-vraem\/","title":{"rendered":"Per\u00fa reinicia operaciones militares en zona cocalera del VRAEM"},"content":{"rendered":"\n<p class=\"wp-block-paragraph\">El gobierno de Per\u00fa volver\u00e1 a implementar una estrategia de seguridad militarizada en la regi\u00f3n cocalera del VRAEM, una medida que podr\u00eda llevar a un aumento en los enfrentamientos entre las autoridades y el grupo guerrillero Sendero Luminoso.<\/p>\n\n\n\n<p class=\"wp-block-paragraph\">El presidente del Consejo de Ministros, Fernando Zavala, anunci\u00f3 el 5 de octubre que el gobierno declarar\u00eda un estado de emergencia de 60 d\u00edas en varios distritos de la zona del Valle de los R\u00edos Apur\u00edmac, Ene y Mantario (VRAEM) a partir del 11 de octubre, <a href=\"https:\/\/elcomercio.pe\/sociedad\/vraem\/vraem-estado-emergencia-combatir-narcoterrorismo-noticia-1936796\" target=\"_blank\">inform\u00f3 El Comercio<\/a>. Las autoridades dijeron que ello permitir\u00eda un nuevo despliegue de soldados en el \u00e1rea, con el objetivo de combatir lo que el ministro de Defensa, Mariano Gonz\u00e1lez, llam\u00f3 \u201cnarcoterrorismo\u201d.<\/p>\n\n\n\n<p class=\"wp-block-paragraph\">La regi\u00f3n del VRAEM hab\u00eda permanecido bajo estado de emergencia durante m\u00e1s de tres d\u00e9cadas hasta el a\u00f1o pasado, cuando se <a href=\"https:\/\/semanaeconomica.com\/article\/legal-y-politica\/sector-publico\/175544-estado-de-emergencia-sera-levantado-en-algunas-zonas-del-vraem-afirmo-ollanta-humala\/\" target=\"_blank\">levant\u00f3<\/a> la medida en ciertas zonas despu\u00e9s de la captura de varios l\u00edderes de Sendero Luminoso.<\/p>\n\n\n\n<p class=\"wp-block-paragraph\">Los funcionarios dijeron adem\u00e1s que el ej\u00e9rcito estar\u00eda ahora liderando la lucha contra el narcotr\u00e1fico en la regi\u00f3n, con un general designado como jefe del Comando Especial para el VRAEM y un vicealmirante al frente de las operaciones de inteligencia. Si bien las operaciones estar\u00e1n bajo la autoridad militar, la polic\u00eda tambi\u00e9n har\u00e1 parte del proceso.<\/p>\n\n\n\n<p class=\"wp-block-paragraph\">Carlos Tubino, vicepresidente de la Comisi\u00f3n de Defensa del Congreso, <a href=\"https:\/\/www.andina.com.pe\/agencia\/noticia-tubino-destaca-nueva-estrategia-militar-el-vraem-disenada-ejecutivo-634555.aspx\" target=\"_blank\">le dijo al medio de noticias Andina<\/a> que, aunque el ej\u00e9rcito tiene actualmente 64 bases militares en la regi\u00f3n del VRAEM, no tiene la jurisdicci\u00f3n de arrestar narcotraficantes o decomisar drogas. El estado de emergencia dar\u00e1 las bases legales para una renovada participaci\u00f3n militar en el \u00e1rea, despu\u00e9s de la decisi\u00f3n de la administraci\u00f3n anterior de desmilitarizar la lucha contra las drogas en el VRAEM.<\/p>\n\n\n\n<h3 class=\"wp-block-heading\">An\u00e1lisis de InSight Crime<\/h3>\n\n\n\n<p class=\"wp-block-paragraph\">La decisi\u00f3n de volver a militarizar la lucha contra el narcotr\u00e1fico en el VRAEM podr\u00eda llevar a las fuerzas de seguridad a enfrentamientos m\u00e1s frecuentes con Sendero Luminoso. El VRAEM es la <a href=\"https:\/\/www.google.com\/url?q=\/noticias\/analisis\/el-hogar-de-la-senorita-coca&amp;sa=U&amp;ved=0ahUKEwj-uvWQotjPAhXRth4KHdS4AMYQFggFMAA&amp;client=internal-uds-cse&amp;usg=AFQjCNHs40N24qfOxWUMbN6DSs26bI6h0Q\" target=\"_blank\">principal zona cocalera de Per\u00fa<\/a>, y es un basti\u00f3n del grupo guerrillero, que en los \u00faltimos a\u00f1os <a href=\"\/news\/analysis\/shining-path-leader-offers-rare-glimpse-into-peru-drug-trade\" target=\"_blank\">ha participado cada vez m\u00e1s<\/a> en el narcotr\u00e1fico, pasando del simple cobro de impuestos por el producto transportado por su territorio a la directa participaci\u00f3n en el comercio de coca\u00edna. Los intentos por desestabilizar las actividades narcotraficantes de Sendero Luminoso con intensas operaciones militares podr\u00edan enfrentar una dura resistencia, lo cual <a href=\"\/news\/analysis\/perus-rebel-remnants-move-deeper-into-the-drug-trade\" target=\"_blank\">ya ha ocurrido<\/a> en Per\u00fa en los \u00faltimos a\u00f1os.<\/p>\n\n\n\n<p class=\"wp-block-paragraph\"><span style=\"color: #800000\"><strong>VEA TAMBI\u00c9N:<\/strong><\/span> <a href=\"\/noticias-sobre-crimen-organizado-en-peru\/sendero-luminoso?limit=10&amp;start=40\" target=\"_blank\">Cobertura sobre Sendero Luminoso<\/a><\/p>\n\n\n\n<p class=\"wp-block-paragraph\">La creciente participaci\u00f3n del ej\u00e9rcito en la lucha contra el narcotr\u00e1fico en el VRAEM podr\u00eda producir resultados a corto plazo. Por ejemplo, una campa\u00f1a previa logr\u00f3 sacar a Sendero Luminoso de la regi\u00f3n de Alto Huallaga, y los cultivos de coca en la zona se <a href=\"https:\/\/larepublica.pe\/impresa\/politica\/18691-las-cifras-indican-que-el-narcotrafico-mantiene-cuota-de-poder-en-el-vraem\" target=\"_blank\">redujeron en casi un 65 por ciento<\/a> en un a\u00f1o. Sin embargo, la militarizaci\u00f3n es raramente una estrategia viable a largo plazo para combatir el narcotr\u00e1fico, como lo han demostrado las d\u00e9cadas de campa\u00f1as militares en contra de Sendero Luminoso, que no han logrado acabar con el grupo guerrillero o evitar que <a href=\"\/noticias\/noticias-del-dia\/sendero-luminoso-ganancias-destruccion-narcopistas\" target=\"_blank\">se siga involucrando<\/a> en el tr\u00e1fico de drogas.<\/p>\n","protected":false},"excerpt":{"rendered":"<p>El gobierno de Per\u00fa volver\u00e1 a implementar una estrategia de seguridad militarizada en la regi\u00f3n cocalera del VRAEM, una medida que podr\u00eda llevar a un aumento en los enfrentamientos entre las autoridades y el grupo guerrillero Sendero Luminoso.<\/p>\n","protected":false},"author":79,"featured_media":45306,"comment_status":"closed","ping_status":"closed","sticky":false,"template":"","format":"standard","meta":{"newspack_ads_suppress_ads":false,"newspack_popups_has_disabled_popups":false,"newspack_sponsor_sponsorship_scope":"","newspack_sponsor_native_byline_display":"inherit","newspack_sponsor_native_category_display":"inherit","newspack_sponsor_underwriter_style":"inherit","newspack_sponsor_underwriter_placement":"inherit","_EventAllDay":false,"_EventTimezone":"","_EventStartDate":"","_EventEndDate":"","_EventStartDateUTC":"","_EventEndDateUTC":"","_EventShowMap":false,"_EventShowMapLink":false,"_EventURL":"","_EventCost":"","_EventCostDescription":"","_EventCurrencySymbol":"","_EventCurrencyCode":"","_EventCurrencyPosition":"","_EventDateTimeSeparator":"","_EventTimeRangeSeparator":"","_EventOrganizerID":[],"_EventVenueID":[],"_OrganizerEmail":"","_OrganizerPhone":"","_OrganizerWebsite":"","_VenueAddress":"","_VenueCity":"","_VenueCountry":"","_VenueProvince":"","_VenueState":"","_VenueZip":"","_VenuePhone":"","_VenueURL":"","_VenueStateProvince":"","_VenueLat":"","_VenueLng":"","_VenueShowMap":false,"_VenueShowMapLink":false,"_newspack_byline_active":false,"_newspack_byline":"","newspack_hide_updated_date":false,"newspack_show_updated_date":false,"newspack_featured_image_position":"","newspack_post_subtitle":"","newspack_article_summary_title":"Overview:","newspack_article_summary":"","_jetpack_memberships_contains_paid_content":false,"footnotes":""},"categories":[334],"tags":[477,409,410],"newspack_spnsrs_tax":[],"coauthors":[4036],"class_list":["post-9289","post","type-post","status-publish","format-standard","has-post-thumbnail","hentry","category-noticias-del-dia","tag-la-coca","tag-peru-pais","tag-sendero-luminoso","entry"],"parsely":{"version":"1.1.0","canonical_url":"https:\/\/insightcrime.org\/es\/noticias\/noticias-del-dia\/peru-reinicia-operaciones-militares-zona-cocalera-vraem\/","smart_links":{"inbound":0,"outbound":0},"traffic_boost_suggestions_count":0,"meta":{"@context":"https:\/\/schema.org","@type":"NewsArticle","headline":"Per\u00fa reinicia operaciones militares en zona cocalera del VRAEM","url":"http:\/\/insightcrime.org\/es\/noticias\/noticias-del-dia\/peru-reinicia-operaciones-militares-zona-cocalera-vraem\/","mainEntityOfPage":{"@type":"WebPage","@id":"http:\/\/insightcrime.org\/es\/noticias\/noticias-del-dia\/peru-reinicia-operaciones-militares-zona-cocalera-vraem\/"},"thumbnailUrl":"https:\/\/i0.wp.com\/insightcrime.org\/wp-content\/uploads\/2016\/10\/es-16-10-10-Peru-VRAEM-militarization.jpg?resize=150%2C150&quality=100&ssl=1","image":{"@type":"ImageObject","url":"https:\/\/i0.wp.com\/insightcrime.org\/wp-content\/uploads\/2016\/10\/es-16-10-10-Peru-VRAEM-militarization.jpg?fit=250%2C187&quality=100&ssl=1"},"articleSection":"Noticias del d\u00eda","author":[{"@type":"Person","name":"Tristan Clavel"}],"creator":["Tristan Clavel"],"publisher":{"@type":"Organization","name":"InSight Crime","logo":"https:\/\/insightcrime.org\/wp-content\/uploads\/2023\/08\/logo.png"},"keywords":["coca","per\u00fa","sendero luminoso"],"dateCreated":"2017-03-28T00:20:12Z","datePublished":"2017-03-28T00:20:12Z","dateModified":"2023-04-24T20:54:55Z"},"rendered":"<meta name=\"parsely-title\" content=\"Per\u00fa reinicia operaciones militares en zona cocalera del VRAEM\" \/>\n<meta name=\"parsely-link\" content=\"http:\/\/insightcrime.org\/es\/noticias\/noticias-del-dia\/peru-reinicia-operaciones-militares-zona-cocalera-vraem\/\" \/>\n<meta name=\"parsely-type\" content=\"post\" \/>\n<meta name=\"parsely-image-url\" content=\"https:\/\/i0.wp.com\/insightcrime.org\/wp-content\/uploads\/2016\/10\/es-16-10-10-Peru-VRAEM-militarization.jpg?resize=150%2C150&amp;quality=100&amp;ssl=1\" \/>\n<meta name=\"parsely-pub-date\" content=\"2017-03-28T00:20:12Z\" \/>\n<meta name=\"parsely-section\" content=\"Noticias del d\u00eda\" \/>\n<meta name=\"parsely-tags\" content=\"coca,per\u00fa,sendero luminoso\" \/>\n<meta name=\"parsely-author\" content=\"Tristan Clavel\" \/>","tracker_url":"https:\/\/cdn.parsely.com\/keys\/insightcrime.org\/p.js"},"jetpack_sharing_enabled":true,"jetpack-related-posts":[{"id":246930,"url":"https:\/\/insightcrime.org\/es\/noticias\/futuro-sendero-luminoso-peru\/","url_meta":{"origin":9289,"position":0},"title":"\u00bfQu\u00e9 le espera al Sendero Luminoso en Per\u00fa?","author":"Gavin Voss","date":"17 de noviembre de 2023","format":false,"excerpt":"El gobierno peruano captur\u00f3 a varios miembros clave del grupo insurgente Sendero Luminoso, el cual mantiene control sobre importantes regiones cocaleras del pa\u00eds.","rel":"","context":"En \u00abNoticias\u00bb","block_context":{"text":"Noticias","link":"https:\/\/insightcrime.org\/es\/category\/noticias\/"},"img":{"alt_text":"Jos\u00e9 Quispe Z\u00fa\u00f1iga escoltado por fuerzas de seguridad peruanas tras su captura en el VRAEM.","src":"https:\/\/i0.wp.com\/insightcrime.org\/wp-content\/uploads\/2023\/08\/victor-quispe-palomino-el-pais-1.jpeg?fit=350%2C250&quality=100&ssl=1&resize=350%2C200","width":350,"height":200},"classes":[]},{"id":5608,"url":"https:\/\/insightcrime.org\/es\/noticias-crimen-organizado-peru\/sendero-luminoso-perfil\/","url_meta":{"origin":9289,"position":1},"title":"Sendero Luminoso","author":"InSight Crime","date":"5 de agosto de 2026","format":false,"excerpt":"Sendero Luminoso o el Militarizado Partido Comunista es el \u00faltimo remanente del movimiento guerrillero de finales del siglo XX de Per\u00fa. Aunque se encuentra en declive, a\u00fan conserva influencia en la regi\u00f3n del Valle de los R\u00edos Apur\u00edmac, Ene y Mantaro (VRAEM) debido a su alianza con el narcotr\u00e1fico.","rel":"","context":"En \u00abPer\u00fa\u00bb","block_context":{"text":"Per\u00fa","link":"https:\/\/insightcrime.org\/es\/category\/noticias-crimen-organizado-peru\/"},"img":{"alt_text":"Sendero Luminoso","src":"https:\/\/i0.wp.com\/insightcrime.org\/wp-content\/uploads\/2026\/06\/Grupo-Criminal-Sendero-Luminoso.jpg?fit=1200%2C900&quality=100&ssl=1&resize=350%2C200","width":350,"height":200,"srcset":"https:\/\/i0.wp.com\/insightcrime.org\/wp-content\/uploads\/2026\/06\/Grupo-Criminal-Sendero-Luminoso.jpg?fit=1200%2C900&quality=100&ssl=1&resize=350%2C200 1x, https:\/\/i0.wp.com\/insightcrime.org\/wp-content\/uploads\/2026\/06\/Grupo-Criminal-Sendero-Luminoso.jpg?fit=1200%2C900&quality=100&ssl=1&resize=525%2C300 1.5x, https:\/\/i0.wp.com\/insightcrime.org\/wp-content\/uploads\/2026\/06\/Grupo-Criminal-Sendero-Luminoso.jpg?fit=1200%2C900&quality=100&ssl=1&resize=700%2C400 2x, https:\/\/i0.wp.com\/insightcrime.org\/wp-content\/uploads\/2026\/06\/Grupo-Criminal-Sendero-Luminoso.jpg?fit=1200%2C900&quality=100&ssl=1&resize=1050%2C600 3x"},"classes":[]},{"id":212860,"url":"https:\/\/insightcrime.org\/es\/noticias\/sendero-luminoso-ofensiva-peru\/","url_meta":{"origin":9289,"position":2},"title":"Sendero Luminoso se lanza a la ofensiva en Per\u00fa, de nuevo","author":"Christopher Newton","date":"21 de marzo de 2023","format":false,"excerpt":"Los enfrentamientos entre las fuerzas armadas peruanas y una facci\u00f3n de Sendero Luminoso han dejado m\u00e1s de una docena de muertos en 2023, en un nuevo resurgimiento que hace gala de la persistencia del grupo guerrillero.","rel":"","context":"En \u00abNoticias\u00bb","block_context":{"text":"Noticias","link":"https:\/\/insightcrime.org\/es\/category\/noticias\/"},"img":{"alt_text":"Panor\u00e1mica del VRAEM, centro neur\u00e1lgico de Sendero Luminoso y regi\u00f3n cocalera de Per\u00fa","src":"https:\/\/i0.wp.com\/insightcrime.org\/wp-content\/uploads\/2023\/03\/vraem.jpg?fit=350%2C250&quality=100&ssl=1&resize=350%2C200","width":350,"height":200},"classes":[]},{"id":139897,"url":"https:\/\/insightcrime.org\/es\/noticias\/muerte-comandante-sendero-luminoso-golpe-guerrilla-peru\/","url_meta":{"origin":9289,"position":3},"title":"Muerte de comandante de Sendero Luminoso asesta duro golpe a guerrilla en Per\u00fa","author":"Parker Asmann","date":"31 de marzo de 2021","format":false,"excerpt":"Oficiales del ej\u00e9rcito en Per\u00fa anunciaron la muerte de un alto mando de Sendero Luminoso, cinco meses despu\u00e9s de haber ejecutado el operativo en el que supuestamente el l\u00edder habr\u00eda sali\u00f3 herido, lo que suscita interrogantes sobre el momento elegido para el anuncio y el impacto que esta muerte representa\u2026","rel":"","context":"En \u00abNoticias\u00bb","block_context":{"text":"Noticias","link":"https:\/\/insightcrime.org\/es\/category\/noticias\/"},"img":{"alt_text":"","src":"https:\/\/i0.wp.com\/insightcrime.org\/wp-content\/uploads\/2021\/03\/21-03-31-Alias-Raul-Sendero-Luminoso.jpg?fit=350%2C250&quality=100&ssl=1&resize=350%2C200","width":350,"height":200},"classes":[]},{"id":123247,"url":"https:\/\/insightcrime.org\/es\/noticias\/peru-lucha-sendero-luminoso\/","url_meta":{"origin":9289,"position":4},"title":"Per\u00fa sigue estancado en su lucha contra Sendero Luminoso","author":"Sergio Saffon","date":"4 de septiembre de 2020","format":false,"excerpt":"Las fuerzas de seguridad de Per\u00fa lanzaron recientemente un ataque contra la guerrilla de Sendero Luminoso en una regi\u00f3n selv\u00e1tica que produce la mayor parte de la coca\u00edna del pa\u00eds; sin embargo, las operaciones militares no han logrado acabar con los remanentes del grupo guerrillero.","rel":"","context":"En \u00abNoticias\u00bb","block_context":{"text":"Noticias","link":"https:\/\/insightcrime.org\/es\/category\/noticias\/"},"img":{"alt_text":"","src":"https:\/\/i0.wp.com\/insightcrime.org\/wp-content\/uploads\/2020\/09\/Peru-Shining-Path-Attack-Military.jpg?fit=350%2C250&quality=100&ssl=1&resize=350%2C200","width":350,"height":200},"classes":[]},{"id":146768,"url":"https:\/\/insightcrime.org\/es\/noticias\/masacre-en-peru-seria-medida-desesperada-de-insurgencia-debilitada\/","url_meta":{"origin":9289,"position":5},"title":"Masacre en Per\u00fa ser\u00eda medida desesperada de insurgencia debilitada","author":"Parker Asmann","date":"26 de mayo de 2021","format":false,"excerpt":"Las autoridades en Per\u00fa han desplegado el ej\u00e9rcito hasta un aislado valle en el coraz\u00f3n de la industria de la coca\u00edna nacional luego de la masacre de m\u00e1s de doce personas ocurrida durante la noche. El hecho suscita interrogantes sobre la facci\u00f3n disidente de Sendero Luminoso sospechosa de haber perpetrado\u2026","rel":"","context":"En \u00abNoticias\u00bb","block_context":{"text":"Noticias","link":"https:\/\/insightcrime.org\/es\/category\/noticias\/"},"img":{"alt_text":"","src":"https:\/\/i0.wp.com\/insightcrime.org\/wp-content\/uploads\/2021\/05\/Peru-disapeared-woman-victims-organized-crime-drug-war-AP_18244843578531.jpg?fit=1200%2C600&quality=100&ssl=1&resize=350%2C200","width":350,"height":200,"srcset":"https:\/\/i0.wp.com\/insightcrime.org\/wp-content\/uploads\/2021\/05\/Peru-disapeared-woman-victims-organized-crime-drug-war-AP_18244843578531.jpg?fit=1200%2C600&quality=100&ssl=1&resize=350%2C200 1x, https:\/\/i0.wp.com\/insightcrime.org\/wp-content\/uploads\/2021\/05\/Peru-disapeared-woman-victims-organized-crime-drug-war-AP_18244843578531.jpg?fit=1200%2C600&quality=100&ssl=1&resize=525%2C300 1.5x, https:\/\/i0.wp.com\/insightcrime.org\/wp-content\/uploads\/2021\/05\/Peru-disapeared-woman-victims-organized-crime-drug-war-AP_18244843578531.jpg?fit=1200%2C600&quality=100&ssl=1&resize=700%2C400 2x, https:\/\/i0.wp.com\/insightcrime.org\/wp-content\/uploads\/2021\/05\/Peru-disapeared-woman-victims-organized-crime-drug-war-AP_18244843578531.jpg?fit=1200%2C600&quality=100&ssl=1&resize=1050%2C600 3x"},"classes":[]}],"jetpack_featured_media_url":"https:\/\/i0.wp.com\/insightcrime.org\/wp-content\/uploads\/2016\/10\/es-16-10-10-Peru-VRAEM-militarization.jpg?fit=250%2C187&quality=100&ssl=1","_links":{"self":[{"href":"https:\/\/insightcrime.org\/es\/wp-json\/wp\/v2\/posts\/9289","targetHints":{"allow":["GET"]}}],"collection":[{"href":"https:\/\/insightcrime.org\/es\/wp-json\/wp\/v2\/posts"}],"about":[{"href":"https:\/\/insightcrime.org\/es\/wp-json\/wp\/v2\/types\/post"}],"author":[{"embeddable":true,"href":"https:\/\/insightcrime.org\/es\/wp-json\/wp\/v2\/users\/79"}],"replies":[{"embeddable":true,"href":"https:\/\/insightcrime.org\/es\/wp-json\/wp\/v2\/comments?post=9289"}],"version-history":[{"count":1,"href":"https:\/\/insightcrime.org\/es\/wp-json\/wp\/v2\/posts\/9289\/revisions"}],"predecessor-version":[{"id":27461,"href":"https:\/\/insightcrime.org\/es\/wp-json\/wp\/v2\/posts\/9289\/revisions\/27461"}],"wp:featuredmedia":[{"embeddable":true,"href":"https:\/\/insightcrime.org\/es\/wp-json\/wp\/v2\/media\/45306"}],"wp:attachment":[{"href":"https:\/\/insightcrime.org\/es\/wp-json\/wp\/v2\/media?parent=9289"}],"wp:term":[{"taxonomy":"category","embeddable":true,"href":"https:\/\/insightcrime.org\/es\/wp-json\/wp\/v2\/categories?post=9289"},{"taxonomy":"post_tag","embeddable":true,"href":"https:\/\/insightcrime.org\/es\/wp-json\/wp\/v2\/tags?post=9289"},{"taxonomy":"newspack_spnsrs_tax","embeddable":true,"href":"https:\/\/insightcrime.org\/es\/wp-json\/wp\/v2\/newspack_spnsrs_tax?post=9289"},{"taxonomy":"author","embeddable":true,"href":"https:\/\/insightcrime.org\/es\/wp-json\/wp\/v2\/coauthors?post=9289"}],"curies":[{"name":"wp","href":"https:\/\/api.w.org\/{rel}","templated":true}]}}