{"id":9297,"date":"2016-10-17T17:00:46","date_gmt":"2017-03-28T00:20:16","guid":{"rendered":"http:\/\/newwp.insightcrime.org?p=9297"},"modified":"2023-04-24T15:54:57","modified_gmt":"2023-04-24T20:54:57","slug":"capos-mexicanos-llevan-buena-vida-otra-vida","status":"publish","type":"post","link":"https:\/\/insightcrime.org\/es\/noticias\/noticias-del-dia\/capos-mexicanos-llevan-buena-vida-otra-vida\/","title":{"rendered":"Capos mexicanos se llevan la buena vida a la otra vida"},"content":{"rendered":"\n<p class=\"wp-block-paragraph\">En M\u00e9xico se est\u00e1 enterrando a los capos de la droga en mausoleos de lujo repletos de internet inal\u00e1mbrico, aire acondicionado y ata\u00fades revestidos de oro, una prueba de que est\u00e1n se est\u00e1n llevando sus riquezas il\u00edcitas a la tumba, literalmente.<\/p>\n\n\n\n<p class=\"wp-block-paragraph\">Arturo Beltr\u00e1n Leyva, fallecido l\u00edder de la <a href=\"\/component\/tags\/tag\/351-organizacion-beltran-leyva\" target=\"_blank\">organizaci\u00f3n criminal mexicana <\/a>que lleva su apellido, fue enterrado en un ata\u00fad de oro. A pocos metros, se encuentra el altar de Ignacio \u201cNacho\u201d Coronel, alto mando del Cartel de Sinaloa que cay\u00f3 muerto en 2010 durante un enfrentamiento con el ej\u00e9rcito mexicano. Se encuentra adornado con unas cuantas botellas de tequila, una pintura de Nuestra Se\u00f1ora de Lourdes y algunas esculturas de metal de caballos y gallos. En el piso de arriba hay una sala, un dormitorio y un ba\u00f1o.<\/p>\n\n\n\n<p class=\"wp-block-paragraph\">Estos son s\u00f3lo algunos de los notables traficantes de droga que eligieron el cementerio Jardines del Humaya como su lugar de descanso final, <a href=\"https:\/\/www.milenio.com\/policia\/Los_faraonicos_mausoleos_del_narco_en_Culiacan-panteon_Jardines_del_Humaya-mausoleos_0_828517161.html\" target=\"_blank\">inform\u00f3 Milenio<\/a>. El diario mexicano tambi\u00e9n visit\u00f3 el mausoleo de Arturo Guzm\u00e1n, hermano del notorio capo Joaqu\u00edn \u201cEl Chapo\u201d Guzm\u00e1n. La suya es modesta en comparaci\u00f3n con los dem\u00e1s mausoleos m\u00e1s ostentosos en el lugar, que al parecer pueden costar m\u00e1s de US$ 300.000.<\/p>\n\n\n\n<p class=\"wp-block-paragraph\">El cementerio est\u00e1 situado en el estado noroccidental de Sinaloa en M\u00e9xico, origen tanto de la Organizaci\u00f3n Beltr\u00e1n Leyva como del Cartel de Sinaloa. Los carteles trabajaron juntos antes de una amarga disputa que los enfrent\u00f3 cara a cara a finales de la d\u00e9cada del 2000. Pero al parecer estas animosidades no les impidieron compartir lo que un medio de comunicaci\u00f3n denomin\u00f3 un \u201c<a href=\"https:\/\/fusion.net\/story\/5673\/this-narco-cemetery-has-graves-with-air-conditioning-and-cable-tv\/\" target=\"_blank\" style=\"color: #2a6496;text-decoration: underline\">narco<\/a><a href=\"https:\/\/fusion.net\/story\/5673\/this-narco-cemetery-has-graves-with-air-conditioning-and-cable-tv\/\" target=\"_blank\">cementerio <\/a>\u201c.<\/p>\n\n\n\n<h3 class=\"wp-block-heading\">An\u00e1lisis de InSight Crime<\/h3>\n\n\n\n<p class=\"wp-block-paragraph\">La opulencia de los mausoleos en el cementerio Jardines del Humaya sorprende especialmente cuando se comparan con la pobreza que los rodea. En 2014, casi el <a href=\"https:\/\/www.excelsior.com.mx\/nacional\/2016\/05\/17\/1093094\" target=\"_blank\">40 por ciento<\/a> de la poblaci\u00f3n de Sinaloa viv\u00eda en la pobreza. Y a pesar de la econom\u00eda agraria de la que depende el estado, el 30 por ciento de la poblaci\u00f3n carec\u00eda de acceso a una alimentaci\u00f3n adecuada. En otras palabras, unos cuantos narcotraficantes pasan la eternidad en lugares donde la mayor\u00eda de los sinaloenses nunca podr\u00eda darse el lujo de vivir.<\/p>\n\n\n\n<p class=\"wp-block-paragraph\"><span style=\"color: #800000\"><strong>VEA TAMBIEN:<\/strong><\/span> <a href=\"\/indepth\/narcocultura\" target=\"_blank\">InDepth: Cobertura sobre Narcocultura<\/a><\/p>\n\n\n\n<p class=\"wp-block-paragraph\">Mientras exista esa disparidad, el tr\u00e1fico il\u00edcito de drogas de Sinaloa siempre tendr\u00e1 una reserva de reclutas dispuestos. El tr\u00e1fico de drogas es un negocio extremadamente peligroso, pero <a href=\"\/noticias\/analisis\/enfoque-economico-lucha-contra-carteles-droga-mexico\" target=\"_blank\">tambi\u00e9n es posiblemente el \u00fanico<\/a> que ofrece a la poblaci\u00f3n rural pobre de Sinaloa la oportunidad de enriquecerse, por m\u00ednimas que sean las probabilidades de que esto ocurra. El ejemplo m\u00e1s extremo es El Chapo, que naci\u00f3 en una comunidad agr\u00edcola pobre en Sinaloa, pero con el tiempo logr\u00f3 colarse en el listado de <a href=\"https:\/\/www.forbes.com\/forbes\/welcome\/?toURL=https:\/\/www.forbes.com\/sites\/doliaestevez\/2013\/03\/05\/mexican-drug-kingpin-el-chapo-out-of-billionaire-ranks\/&amp;refURL=\/news\/briefs\/mexico-drug-capos-bring-the-good-life-to-the-afterlife&amp;referrer=\/news\/briefs\/mexico-drug-capos-bring-the-good-life-to-the-afterlife#560605f27723\" target=\"_blank\">multimillonarios globales<\/a> de Forbes mediante la expansi\u00f3n de su imperio de las drogas en gran parte de M\u00e9xico, dejando tras de s\u00ed una estela de matanzas \u2014y ata\u00fades\u2014.<\/p>\n","protected":false},"excerpt":{"rendered":"<p>En M\u00e9xico se est\u00e1 enterrando a los capos de la droga en mausoleos de lujo repletos de internet inal\u00e1mbrico, aire acondicionado y ata\u00fades revestidos de oro, una prueba de que est\u00e1n se est\u00e1n llevando sus riquezas il\u00edcitas a la tumba, literalmente.<\/p>\n","protected":false},"author":36,"featured_media":45332,"comment_status":"closed","ping_status":"closed","sticky":false,"template":"","format":"standard","meta":{"newspack_ads_suppress_ads":false,"newspack_popups_has_disabled_popups":false,"newspack_sponsor_sponsorship_scope":"","newspack_sponsor_native_byline_display":"inherit","newspack_sponsor_native_category_display":"inherit","newspack_sponsor_underwriter_style":"inherit","newspack_sponsor_underwriter_placement":"inherit","_EventAllDay":false,"_EventTimezone":"","_EventStartDate":"","_EventEndDate":"","_EventStartDateUTC":"","_EventEndDateUTC":"","_EventShowMap":false,"_EventShowMapLink":false,"_EventURL":"","_EventCost":"","_EventCostDescription":"","_EventCurrencySymbol":"","_EventCurrencyCode":"","_EventCurrencyPosition":"","_EventDateTimeSeparator":"","_EventTimeRangeSeparator":"","_EventOrganizerID":[],"_EventVenueID":[],"_OrganizerEmail":"","_OrganizerPhone":"","_OrganizerWebsite":"","_VenueAddress":"","_VenueCity":"","_VenueCountry":"","_VenueProvince":"","_VenueState":"","_VenueZip":"","_VenuePhone":"","_VenueURL":"","_VenueStateProvince":"","_VenueLat":"","_VenueLng":"","_VenueShowMap":false,"_VenueShowMapLink":false,"_newspack_byline_active":false,"_newspack_byline":"","newspack_hide_updated_date":false,"newspack_show_updated_date":false,"newspack_featured_image_position":"","newspack_post_subtitle":"","newspack_article_summary_title":"Overview:","newspack_article_summary":"","_jetpack_memberships_contains_paid_content":false,"footnotes":""},"categories":[334],"tags":[406,500],"newspack_spnsrs_tax":[],"coauthors":[3924],"class_list":["post-9297","post","type-post","status-publish","format-standard","has-post-thumbnail","hentry","category-noticias-del-dia","tag-mexico-pais","tag-narcocultura","entry"],"parsely":{"version":"1.1.0","canonical_url":"https:\/\/insightcrime.org\/es\/noticias\/noticias-del-dia\/capos-mexicanos-llevan-buena-vida-otra-vida\/","smart_links":{"inbound":0,"outbound":0},"traffic_boost_suggestions_count":0,"meta":{"@context":"https:\/\/schema.org","@type":"NewsArticle","headline":"Capos mexicanos se llevan la buena vida a la otra vida","url":"http:\/\/insightcrime.org\/es\/noticias\/noticias-del-dia\/capos-mexicanos-llevan-buena-vida-otra-vida\/","mainEntityOfPage":{"@type":"WebPage","@id":"http:\/\/insightcrime.org\/es\/noticias\/noticias-del-dia\/capos-mexicanos-llevan-buena-vida-otra-vida\/"},"thumbnailUrl":"https:\/\/i0.wp.com\/insightcrime.org\/wp-content\/uploads\/2016\/10\/es-16-10-14-Mexico-Narco-Cemetery.jpg?resize=150%2C150&quality=100&ssl=1","image":{"@type":"ImageObject","url":"https:\/\/i0.wp.com\/insightcrime.org\/wp-content\/uploads\/2016\/10\/es-16-10-14-Mexico-Narco-Cemetery.jpg?fit=350%2C237&quality=100&ssl=1"},"articleSection":"Noticias del d\u00eda","author":[{"@type":"Person","name":"David Gagne"}],"creator":["David Gagne"],"publisher":{"@type":"Organization","name":"InSight Crime","logo":"https:\/\/insightcrime.org\/wp-content\/uploads\/2023\/08\/logo.png"},"keywords":["m\u00e9xico","narcocultura"],"dateCreated":"2017-03-28T00:20:16Z","datePublished":"2017-03-28T00:20:16Z","dateModified":"2023-04-24T20:54:57Z"},"rendered":"<meta name=\"parsely-title\" content=\"Capos mexicanos se llevan la buena vida a la otra vida\" \/>\n<meta name=\"parsely-link\" content=\"http:\/\/insightcrime.org\/es\/noticias\/noticias-del-dia\/capos-mexicanos-llevan-buena-vida-otra-vida\/\" \/>\n<meta name=\"parsely-type\" content=\"post\" \/>\n<meta name=\"parsely-image-url\" content=\"https:\/\/i0.wp.com\/insightcrime.org\/wp-content\/uploads\/2016\/10\/es-16-10-14-Mexico-Narco-Cemetery.jpg?resize=150%2C150&amp;quality=100&amp;ssl=1\" \/>\n<meta name=\"parsely-pub-date\" content=\"2017-03-28T00:20:16Z\" \/>\n<meta name=\"parsely-section\" content=\"Noticias del d\u00eda\" \/>\n<meta name=\"parsely-tags\" content=\"m\u00e9xico,narcocultura\" \/>\n<meta name=\"parsely-author\" content=\"David Gagne\" \/>","tracker_url":"https:\/\/cdn.parsely.com\/keys\/insightcrime.org\/p.js"},"jetpack_sharing_enabled":true,"jetpack-related-posts":[{"id":232691,"url":"https:\/\/insightcrime.org\/es\/noticias\/estudio-devela-tacticas-reclutamiento-carteles-mexico\/","url_meta":{"origin":9297,"position":0},"title":"Estudio devela t\u00e1cticas de reclutamiento de carteles en M\u00e9xico","author":"Gavin Voss","date":"11 de mayo de 2023","format":false,"excerpt":"Los reclutadores de los carteles mexicanos persuaden a los potenciales miembros con promesas de pertenencia social, seg\u00fan un nuevo estudio que destaca la omnipresencia de los carteles en las vidas de los j\u00f3venes m\u00e1s susceptibles al reclutamiento.","rel":"","context":"En \u00abNoticias\u00bb","block_context":{"text":"Noticias","link":"https:\/\/insightcrime.org\/es\/category\/noticias\/"},"img":{"alt_text":"Panor\u00e1mica de una calle de Tepito, en M\u00e9xico","src":"https:\/\/i0.wp.com\/insightcrime.org\/wp-content\/uploads\/2023\/09\/aerial-view-latin-street-market-tepito-area-mexico-city-yellow-canvas-covers-vendors-79082266-1-1.jpg?fit=350%2C250&quality=100&ssl=1&resize=350%2C200","width":350,"height":200},"classes":[]},{"id":304747,"url":"https:\/\/insightcrime.org\/es\/noticias\/multiples-vidas-de-carrera-criminal-de-caro-quintero-en-mexico\/","url_meta":{"origin":9297,"position":1},"title":"Las m\u00faltiples vidas de la carrera criminal de Caro Quintero en M\u00e9xico","author":"Alejandra Rodriguez","date":"28 de febrero de 2025","format":false,"excerpt":"Tras cuatro d\u00e9cadas de maniobras exitosas para evitar la extradici\u00f3n a Estados Unidos, las autoridades mexicanas finalmente pusieron fin a la notoria carrera criminal de Rafael Caro Quintero al enviarlo esta semana a enfrentar cargos de tr\u00e1fico de drogas y homicidio.","rel":"","context":"En \u00abNoticias\u00bb","block_context":{"text":"Noticias","link":"https:\/\/insightcrime.org\/es\/category\/noticias\/"},"img":{"alt_text":"","src":"https:\/\/i0.wp.com\/insightcrime.org\/wp-content\/uploads\/2025\/02\/Cover-1336x768-Rafael-Caro-Quintero-Collage-InSightCrime-Feb-2025.jpg?fit=1200%2C690&quality=100&ssl=1&resize=350%2C200","width":350,"height":200,"srcset":"https:\/\/i0.wp.com\/insightcrime.org\/wp-content\/uploads\/2025\/02\/Cover-1336x768-Rafael-Caro-Quintero-Collage-InSightCrime-Feb-2025.jpg?fit=1200%2C690&quality=100&ssl=1&resize=350%2C200 1x, https:\/\/i0.wp.com\/insightcrime.org\/wp-content\/uploads\/2025\/02\/Cover-1336x768-Rafael-Caro-Quintero-Collage-InSightCrime-Feb-2025.jpg?fit=1200%2C690&quality=100&ssl=1&resize=525%2C300 1.5x, https:\/\/i0.wp.com\/insightcrime.org\/wp-content\/uploads\/2025\/02\/Cover-1336x768-Rafael-Caro-Quintero-Collage-InSightCrime-Feb-2025.jpg?fit=1200%2C690&quality=100&ssl=1&resize=700%2C400 2x, https:\/\/i0.wp.com\/insightcrime.org\/wp-content\/uploads\/2025\/02\/Cover-1336x768-Rafael-Caro-Quintero-Collage-InSightCrime-Feb-2025.jpg?fit=1200%2C690&quality=100&ssl=1&resize=1050%2C600 3x"},"classes":[]},{"id":304547,"url":"https:\/\/insightcrime.org\/es\/noticias\/vida-muerte-emisario-neerlandes-vinculado-cartel-sinaloa\/","url_meta":{"origin":9297,"position":2},"title":"Vida y \u2018muerte\u2019 del emisario neerland\u00e9s del Cartel de Sinaloa: \u00bfEsta vez es de verdad?","author":"Mario Saiz","date":"5 de marzo de 2025","format":false,"excerpt":"Luego de fingir su propia muerte en m\u00faltiples ocasiones, la vida del narcotraficante neerland\u00e9s Marco Ebben ha llegado a su fin, en medio de un extra\u00f1o caso que arroja luz sobre las conexiones entre las organizaciones criminales europeas y latinoamericanas.","rel":"","context":"En \u00abNoticias\u00bb","block_context":{"text":"Noticias","link":"https:\/\/insightcrime.org\/es\/category\/noticias\/"},"img":{"alt_text":"Collage showing accused Dutch drug trafficker Marco Ebben","src":"https:\/\/i0.wp.com\/insightcrime.org\/wp-content\/uploads\/2025\/03\/Cover-1336x768-Marco-Ebben-Collage-InSightCrime-Feb-2025.png?fit=1200%2C690&quality=100&ssl=1&resize=350%2C200","width":350,"height":200,"srcset":"https:\/\/i0.wp.com\/insightcrime.org\/wp-content\/uploads\/2025\/03\/Cover-1336x768-Marco-Ebben-Collage-InSightCrime-Feb-2025.png?fit=1200%2C690&quality=100&ssl=1&resize=350%2C200 1x, https:\/\/i0.wp.com\/insightcrime.org\/wp-content\/uploads\/2025\/03\/Cover-1336x768-Marco-Ebben-Collage-InSightCrime-Feb-2025.png?fit=1200%2C690&quality=100&ssl=1&resize=525%2C300 1.5x, https:\/\/i0.wp.com\/insightcrime.org\/wp-content\/uploads\/2025\/03\/Cover-1336x768-Marco-Ebben-Collage-InSightCrime-Feb-2025.png?fit=1200%2C690&quality=100&ssl=1&resize=700%2C400 2x, https:\/\/i0.wp.com\/insightcrime.org\/wp-content\/uploads\/2025\/03\/Cover-1336x768-Marco-Ebben-Collage-InSightCrime-Feb-2025.png?fit=1200%2C690&quality=100&ssl=1&resize=1050%2C600 3x"},"classes":[]},{"id":191728,"url":"https:\/\/insightcrime.org\/es\/noticias\/captura-rafael-caro-quintero-mexico-sobredimensionada\/","url_meta":{"origin":9297,"position":3},"title":"Captura de Rafael Caro Quintero en M\u00e9xico, celebrada y sobredimensionada","author":"Peter Appleby","date":"16 de julio de 2022","format":false,"excerpt":"Rafael Caro Quintero, el capo mexicano que eludi\u00f3 la justicia por d\u00e9cadas y lider\u00f3 el extinto cartel de Guadalajara, fue aprehendido por las autoridades en un golpe simb\u00f3lico que tendr\u00e1 escaso impacto en el panorama del narcotr\u00e1fico en el pa\u00eds.","rel":"","context":"En \u00abNoticias\u00bb","block_context":{"text":"Noticias","link":"https:\/\/insightcrime.org\/es\/category\/noticias\/"},"img":{"alt_text":"Rafael Caro Quintero en entrevista con Miguel Dimayuga\/Proceso","src":"https:\/\/i0.wp.com\/insightcrime.org\/wp-content\/uploads\/2016\/07\/en-16-07-25CaroQuinteroProceso.png?fit=493%2C321&quality=100&ssl=1&resize=350%2C200","width":350,"height":200},"classes":[]},{"id":173270,"url":"https:\/\/insightcrime.org\/es\/noticias\/entrevistas\/como-llegaron-canada-carteles-mexicanos\/","url_meta":{"origin":9297,"position":4},"title":"C\u00f3mo llegaron los carteles mexicanos a Canad\u00e1","author":"Alessandro Ford","date":"13 de diciembre de 2021","format":false,"excerpt":"La historia de los carteles mexicanos y su influencia en el extranjero se ha concentrado principalmente en Estados Unidos. Pero m\u00e1s al norte, varios grupos criminales de M\u00e9xico se est\u00e1n incrustando en el hampa canadiense y han desplazado a las otrora dominantes mafias italianas. Varios actores criminales, rutas de droga\u2026","rel":"","context":"En \u00abQ&amp;A\u00bb","block_context":{"text":"Q&amp;A","link":"https:\/\/insightcrime.org\/es\/category\/noticias\/entrevistas\/"},"img":{"alt_text":"","src":"https:\/\/i0.wp.com\/insightcrime.org\/wp-content\/uploads\/2021\/12\/Wolfpack-Canada-Cartels-Sinaloa.jpg?fit=350%2C249&quality=100&ssl=1&resize=350%2C200","width":350,"height":200},"classes":[]},{"id":4855,"url":"https:\/\/insightcrime.org\/es\/noticias-crimen-organizado-mexico\/miguel-angel-trevino-z40\/","url_meta":{"origin":9297,"position":5},"title":"Miguel \u00c1ngel Trevi\u00f1o, alias &#8216;Z40&#8217;","author":"InSight Crime","date":"17 de julio de 2021","format":false,"excerpt":"Miguel \u00c1ngel Trevi\u00f1o, alias \"Z40\", fue el principal comandante de la organizaci\u00f3n criminal de Los Zetas en M\u00e9xico. Fue capturado por infantes de marina mexicanos el 15 de julio de 2013.\u00a0","rel":"","context":"En \u00abM\u00e9xico\u00bb","block_context":{"text":"M\u00e9xico","link":"https:\/\/insightcrime.org\/es\/category\/noticias-crimen-organizado-mexico\/"},"img":{"alt_text":"Miguel Angel Trevi\u00f1o, alias \u201cZ40\".","src":"https:\/\/i0.wp.com\/insightcrime.org\/wp-content\/uploads\/2026\/05\/Perfil-criminal-Alias-Z40-1.jpg?fit=1200%2C900&quality=100&ssl=1&resize=350%2C200","width":350,"height":200,"srcset":"https:\/\/i0.wp.com\/insightcrime.org\/wp-content\/uploads\/2026\/05\/Perfil-criminal-Alias-Z40-1.jpg?fit=1200%2C900&quality=100&ssl=1&resize=350%2C200 1x, https:\/\/i0.wp.com\/insightcrime.org\/wp-content\/uploads\/2026\/05\/Perfil-criminal-Alias-Z40-1.jpg?fit=1200%2C900&quality=100&ssl=1&resize=525%2C300 1.5x, https:\/\/i0.wp.com\/insightcrime.org\/wp-content\/uploads\/2026\/05\/Perfil-criminal-Alias-Z40-1.jpg?fit=1200%2C900&quality=100&ssl=1&resize=700%2C400 2x, https:\/\/i0.wp.com\/insightcrime.org\/wp-content\/uploads\/2026\/05\/Perfil-criminal-Alias-Z40-1.jpg?fit=1200%2C900&quality=100&ssl=1&resize=1050%2C600 3x"},"classes":[]}],"jetpack_featured_media_url":"https:\/\/i0.wp.com\/insightcrime.org\/wp-content\/uploads\/2016\/10\/es-16-10-14-Mexico-Narco-Cemetery.jpg?fit=350%2C237&quality=100&ssl=1","_links":{"self":[{"href":"https:\/\/insightcrime.org\/es\/wp-json\/wp\/v2\/posts\/9297","targetHints":{"allow":["GET"]}}],"collection":[{"href":"https:\/\/insightcrime.org\/es\/wp-json\/wp\/v2\/posts"}],"about":[{"href":"https:\/\/insightcrime.org\/es\/wp-json\/wp\/v2\/types\/post"}],"author":[{"embeddable":true,"href":"https:\/\/insightcrime.org\/es\/wp-json\/wp\/v2\/users\/36"}],"replies":[{"embeddable":true,"href":"https:\/\/insightcrime.org\/es\/wp-json\/wp\/v2\/comments?post=9297"}],"version-history":[{"count":1,"href":"https:\/\/insightcrime.org\/es\/wp-json\/wp\/v2\/posts\/9297\/revisions"}],"predecessor-version":[{"id":27487,"href":"https:\/\/insightcrime.org\/es\/wp-json\/wp\/v2\/posts\/9297\/revisions\/27487"}],"wp:featuredmedia":[{"embeddable":true,"href":"https:\/\/insightcrime.org\/es\/wp-json\/wp\/v2\/media\/45332"}],"wp:attachment":[{"href":"https:\/\/insightcrime.org\/es\/wp-json\/wp\/v2\/media?parent=9297"}],"wp:term":[{"taxonomy":"category","embeddable":true,"href":"https:\/\/insightcrime.org\/es\/wp-json\/wp\/v2\/categories?post=9297"},{"taxonomy":"post_tag","embeddable":true,"href":"https:\/\/insightcrime.org\/es\/wp-json\/wp\/v2\/tags?post=9297"},{"taxonomy":"newspack_spnsrs_tax","embeddable":true,"href":"https:\/\/insightcrime.org\/es\/wp-json\/wp\/v2\/newspack_spnsrs_tax?post=9297"},{"taxonomy":"author","embeddable":true,"href":"https:\/\/insightcrime.org\/es\/wp-json\/wp\/v2\/coauthors?post=9297"}],"curies":[{"name":"wp","href":"https:\/\/api.w.org\/{rel}","templated":true}]}}