{"id":9309,"date":"2016-10-20T14:44:33","date_gmt":"2017-03-28T00:20:24","guid":{"rendered":"http:\/\/newwp.insightcrime.org?p=9309"},"modified":"2023-04-24T15:55:01","modified_gmt":"2023-04-24T20:55:01","slug":"juez-trabajaba-caso-el-chapo-asesinado-mexico","status":"publish","type":"post","link":"https:\/\/insightcrime.org\/es\/noticias\/noticias-del-dia\/juez-trabajaba-caso-el-chapo-asesinado-mexico\/","title":{"rendered":"Juez que trabajaba en el caso de El Chapo es asesinado en M\u00e9xico"},"content":{"rendered":"\n<p class=\"wp-block-paragraph\">Un juez federal involucrado en el caso del narcotraficante Joaqu\u00edn \u201cEl Chapo\u201d Guzm\u00e1n ha sido asesinado en M\u00e9xico \u2014un raro ejemplo de violencia contra altos funcionarios judiciales mexicanos\u2014.<\/p>\n\n\n\n<p class=\"wp-block-paragraph\">El 17 de octubre, Vicente Antonio Berm\u00fadez Zacar\u00edas fue asesinado de un disparo en la cabeza por un hombre que se acerc\u00f3 a \u00e9l cuando trotaba cerca de su casa en el municipio de Metepec, Estado de M\u00e9xico. M\u00e1s tarde sus heridas le causaron la muerte en un hospital.<\/p>\n\n\n\n<p class=\"wp-block-paragraph\">Berm\u00fadez era un juez federal vinculado a la Sexta Corte Penal, que se especializa en allanamientos, detenci\u00f3n preventiva e interceptaci\u00f3n de comunicaciones.<\/p>\n\n\n\n<p class=\"wp-block-paragraph\">\u00c9l llevaba numerosos casos importantes de crimen organizado, entre ellos el de El Chapo, el narcotraficante m\u00e1s tristemente c\u00e9lebre de M\u00e9xico y jefe del Cartel de Sinaloa.<\/p>\n\n\n\n<p class=\"wp-block-paragraph\">Despu\u00e9s de que, <a href=\"\/noticias\/analisis\/segunda-fuga-el-chapo-paralizar-planes-nacionales-seguridad-mexico\" target=\"_blank\">en julio de 2015<\/a>, El Chapo escap\u00f3 de una prisi\u00f3n de m\u00e1xima seguridad por segunda vez, Berm\u00fadez emiti\u00f3 varias resoluciones relacionadas con la b\u00fasqueda del narcotraficante fugitivo, como la de autorizar las interceptaciones de las comunicaciones de su esposa, Emma Coronel, seg\u00fan <a href=\"https:\/\/internacional.elpais.com\/internacional\/2016\/10\/17\/mexico\/1476736865_187180.html\" target=\"_blank\">inform\u00f3 El Pa\u00eds<\/a>. Despu\u00e9s de que El Chapo <a href=\"\/noticias\/analisis\/que-espera-mexico-tras-recaptura-chapo\" target=\"_blank\">fue arrestado de nuevo<\/a> en enero de este a\u00f1o, Berm\u00fadez solicit\u00f3 su extradici\u00f3n a Estados Unidos, que supuestamente El Chapo hab\u00eda pedido con el fin de recibir un mejor trato en prisi\u00f3n.<\/p>\n\n\n\n<p class=\"wp-block-paragraph\">Sin embargo, El Chapo no era el \u00fanico cabecilla del crimen organizado con el que Berm\u00fadez ten\u00eda que ver. El juez tambi\u00e9n hab\u00eda dictado fallos en casos relacionados con los principales miembros del Cartel de Jalisco Nueva Generaci\u00f3n (CJNG), Los Zetas y Guerrero Unidos, <a href=\"https:\/\/www.eluniversal.com.mx\/articulo\/nacion\/sociedad\/2016\/10\/18\/perfil-vicente-antonio-bermudez-zacaria\" target=\"_blank\">seg\u00fan El Universal<\/a>.<\/p>\n\n\n\n<h3 class=\"wp-block-heading\">An\u00e1lisis de InSight Crime<\/h3>\n\n\n\n<p class=\"wp-block-paragraph\">Los m\u00f3viles del asesinato de Berm\u00fadez a\u00fan se desconocen, aunque la sospecha inicial probablemente caer\u00e1 en las organizaciones de sus dos resoluciones m\u00e1s recientes: el caso de El Chapo y un pol\u00e9mico fallo de prisi\u00f3n preventiva en el caso del presunto l\u00edder del CJNG, Abigael Gonz\u00e1lez Valencia, alias \u201cEl Cuini.\u201d<\/p>\n\n\n\n<p class=\"wp-block-paragraph\"><span style=\"color: #800000\"><strong>VEA TAMBI\u00c9N:<\/strong><\/span> <a href=\"\/noticias-sobre-crimen-organizado-en-mexico\" target=\"_blank\">Noticias y perfiles de M\u00e9xico<\/a><\/p>\n\n\n\n<p class=\"wp-block-paragraph\">Independientemente de qui\u00e9n sea el responsable, este asesinato representa un raro ejemplo de un ataque del crimen organizado contra jueces federales. <a href=\"https:\/\/www.eluniversal.com.mx\/entrada-de-opinion\/columna\/alejandro-hope\/nacion\/2016\/10\/19\/y-ahora-matan-jueces#.WAeLkz7R2D0.twitter\" target=\"_blank\">Como lo se\u00f1al\u00f3 el analista de seguridad mexicano Alejandro Hope<\/a>, este es el primer asesinato de un juez federal en M\u00e9xico desde que Ren\u00e9 Hilario Nieto fue asesinado en 2006, supuestamente por \u00f3rdenes del Cartel del Golfo.<\/p>\n\n\n\n<p class=\"wp-block-paragraph\">Sin embargo, los jueces locales, que rara vez disfrutan de los mismos niveles de protecci\u00f3n que sus colegas federales, suelen ser blanco de la violencia y la intimidaci\u00f3n por parte de las redes del crimen organizado.<\/p>\n\n\n\n<p class=\"wp-block-paragraph\">El asesinato de Berm\u00fadez pone de relieve el hecho de que las organizaciones criminales mantienen la disposici\u00f3n y la capacidad de usar la violencia para pervertir la justicia en M\u00e9xico y resalta la importancia de las medidas para proteger el sistema judicial de su influencia.<\/p>\n","protected":false},"excerpt":{"rendered":"<p>Un juez federal involucrado en el caso del narcotraficante Joaqu\u00edn \u0093El Chapo\u0094 Guzm\u00e1n ha sido asesinado en M\u00e9xico \u0097un raro ejemplo de violencia contra altos funcionarios judiciales mexicanos\u0097.<\/p>\n","protected":false},"author":16,"featured_media":45364,"comment_status":"closed","ping_status":"closed","sticky":false,"template":"","format":"standard","meta":{"newspack_ads_suppress_ads":false,"newspack_popups_has_disabled_popups":false,"newspack_sponsor_sponsorship_scope":"","newspack_sponsor_native_byline_display":"inherit","newspack_sponsor_native_category_display":"inherit","newspack_sponsor_underwriter_style":"inherit","newspack_sponsor_underwriter_placement":"inherit","_EventAllDay":false,"_EventTimezone":"","_EventStartDate":"","_EventEndDate":"","_EventStartDateUTC":"","_EventEndDateUTC":"","_EventShowMap":false,"_EventShowMapLink":false,"_EventURL":"","_EventCost":"","_EventCostDescription":"","_EventCurrencySymbol":"","_EventCurrencyCode":"","_EventCurrencyPosition":"","_EventDateTimeSeparator":"","_EventTimeRangeSeparator":"","_EventOrganizerID":[],"_EventVenueID":[],"_OrganizerEmail":"","_OrganizerPhone":"","_OrganizerWebsite":"","_VenueAddress":"","_VenueCity":"","_VenueCountry":"","_VenueProvince":"","_VenueState":"","_VenueZip":"","_VenuePhone":"","_VenueURL":"","_VenueStateProvince":"","_VenueLat":"","_VenueLng":"","_VenueShowMap":false,"_VenueShowMapLink":false,"_newspack_byline_active":false,"_newspack_byline":"","newspack_hide_updated_date":false,"newspack_show_updated_date":false,"newspack_featured_image_position":"","newspack_post_subtitle":"","newspack_article_summary_title":"Overview:","newspack_article_summary":"","_jetpack_memberships_contains_paid_content":false,"footnotes":""},"categories":[334],"tags":[407,406],"newspack_spnsrs_tax":[],"coauthors":[3821],"class_list":["post-9309","post","type-post","status-publish","format-standard","has-post-thumbnail","hentry","category-noticias-del-dia","tag-el-chapo-guzman","tag-mexico-pais","entry"],"parsely":{"version":"1.1.0","canonical_url":"https:\/\/insightcrime.org\/es\/noticias\/noticias-del-dia\/juez-trabajaba-caso-el-chapo-asesinado-mexico\/","smart_links":{"inbound":0,"outbound":0},"traffic_boost_suggestions_count":0,"meta":{"@context":"https:\/\/schema.org","@type":"NewsArticle","headline":"Juez que trabajaba en el caso de El Chapo es asesinado en M\u00e9xico","url":"http:\/\/insightcrime.org\/es\/noticias\/noticias-del-dia\/juez-trabajaba-caso-el-chapo-asesinado-mexico\/","mainEntityOfPage":{"@type":"WebPage","@id":"http:\/\/insightcrime.org\/es\/noticias\/noticias-del-dia\/juez-trabajaba-caso-el-chapo-asesinado-mexico\/"},"thumbnailUrl":"https:\/\/i0.wp.com\/insightcrime.org\/wp-content\/uploads\/2016\/10\/es-16-10-19-Mexico-Bermudez.jpg?resize=150%2C147&quality=100&ssl=1","image":{"@type":"ImageObject","url":"https:\/\/i0.wp.com\/insightcrime.org\/wp-content\/uploads\/2016\/10\/es-16-10-19-Mexico-Bermudez.jpg?fit=240%2C147&quality=100&ssl=1"},"articleSection":"Noticias del d\u00eda","author":[{"@type":"Person","name":"James Bargent"}],"creator":["James Bargent"],"publisher":{"@type":"Organization","name":"InSight Crime","logo":"https:\/\/insightcrime.org\/wp-content\/uploads\/2023\/08\/logo.png"},"keywords":["el chapo","m\u00e9xico"],"dateCreated":"2017-03-28T00:20:24Z","datePublished":"2017-03-28T00:20:24Z","dateModified":"2023-04-24T20:55:01Z"},"rendered":"<meta name=\"parsely-title\" content=\"Juez que trabajaba en el caso de El Chapo es asesinado en M\u00e9xico\" \/>\n<meta name=\"parsely-link\" content=\"http:\/\/insightcrime.org\/es\/noticias\/noticias-del-dia\/juez-trabajaba-caso-el-chapo-asesinado-mexico\/\" \/>\n<meta name=\"parsely-type\" content=\"post\" \/>\n<meta name=\"parsely-image-url\" content=\"https:\/\/i0.wp.com\/insightcrime.org\/wp-content\/uploads\/2016\/10\/es-16-10-19-Mexico-Bermudez.jpg?resize=150%2C147&amp;quality=100&amp;ssl=1\" \/>\n<meta name=\"parsely-pub-date\" content=\"2017-03-28T00:20:24Z\" \/>\n<meta name=\"parsely-section\" content=\"Noticias del d\u00eda\" \/>\n<meta name=\"parsely-tags\" content=\"el chapo,m\u00e9xico\" \/>\n<meta name=\"parsely-author\" content=\"James Bargent\" \/>","tracker_url":"https:\/\/cdn.parsely.com\/keys\/insightcrime.org\/p.js"},"jetpack_sharing_enabled":true,"jetpack-related-posts":[{"id":135662,"url":"https:\/\/insightcrime.org\/es\/noticias\/emma-coronel-colaboro-fuga-chapo-narcotrafico-cartel-sinaloa\/","url_meta":{"origin":9309,"position":0},"title":"Emma Coronel colabor\u00f3 en fuga de \u2018El Chapo\u2019 y con el narcotr\u00e1fico del Cartel de Sinaloa: EE.UU.","author":"Parker Asmann","date":"23 de febrero de 2021","format":false,"excerpt":"La imputaci\u00f3n a la esposa del convicto capo del Cartel de Sinaloa Joaqu\u00edn \u201cEl Chapo\u201d Guzm\u00e1n Loera revela el presunto rol de esta mujer en la organizaci\u00f3n, que incluy\u00f3 desde ser mensajera de su esposo hasta la coordinaci\u00f3n de sus espectaculares fugas, pero al parecer siempre con un pie fuera\u2026","rel":"","context":"En \u00abNoticias\u00bb","block_context":{"text":"Noticias","link":"https:\/\/insightcrime.org\/es\/category\/noticias\/"},"img":{"alt_text":"","src":"https:\/\/i0.wp.com\/insightcrime.org\/wp-content\/uploads\/2021\/02\/21-02-22-El-Chapo-Wife.jpg?fit=350%2C250&quality=100&ssl=1&resize=350%2C200","width":350,"height":200},"classes":[]},{"id":144378,"url":"https:\/\/insightcrime.org\/es\/noticias\/persisten-casos-corrupcion-justicia-federal-argentina\/","url_meta":{"origin":9309,"position":1},"title":"Persisten los casos de corrupci\u00f3n en la justicia federal de Argentina","author":"Alicia Florez","date":"18 de mayo de 2021","format":false,"excerpt":"Un juez en Argentina ha sido acusado de dirigir una red de corrupci\u00f3n que inclu\u00eda abogados y un funcionario de aduanas asesinado, en un caso que ilustra un patr\u00f3n de jueces acusados de orquestar planes de soborno.","rel":"","context":"En \u00abNews\u00bb","block_context":{"text":"News","link":"https:\/\/insightcrime.org\/category\/news\/"},"img":{"alt_text":"","src":"https:\/\/i0.wp.com\/insightcrime.org\/wp-content\/uploads\/2021\/05\/Walter-Bento-1.jpg?fit=350%2C250&quality=100&ssl=1&resize=350%2C200","width":350,"height":200},"classes":[]},{"id":294689,"url":"https:\/\/insightcrime.org\/es\/noticias\/ex-jefe-seguridad-publica-mexico-condenado-decadas-prision\/","url_meta":{"origin":9309,"position":2},"title":"El ex jefe de seguridad p\u00fablica de M\u00e9xico fue condenado a d\u00e9cadas de prisi\u00f3n. \u00bfPero reducir\u00e1 esto la corrupci\u00f3n?","author":"Parker Asmann","date":"17 de octubre de 2024","format":false,"excerpt":"Uno de los cerebros detr\u00e1s del enfoque militarizado de M\u00e9xico contra el crimen organizado fue sentenciado a m\u00e1s de 38 a\u00f1os en prisi\u00f3n en Estados Unidos, aunque persisten las preguntas sobre la efectividad de los juicios a antiguos aliados del pa\u00eds para frenar la corrupci\u00f3n en Am\u00e9rica Latina.","rel":"","context":"En \u00abNoticias\u00bb","block_context":{"text":"Noticias","link":"https:\/\/insightcrime.org\/es\/category\/noticias\/"},"img":{"alt_text":"Genaro Garc\u00eda Luna asiste a una rueda de prensa en Ciudad de M\u00e9xico en 2010. Cr\u00e9dito: Marco Ugarte\/AP","src":"https:\/\/i0.wp.com\/insightcrime.org\/wp-content\/uploads\/2023\/01\/Mexico-Secretary-of-Public-Safety-Genaro-Garcia-Luna-Aug-2022-AP22227647221108-A2.jpg?fit=1200%2C690&quality=100&ssl=1&resize=350%2C200","width":350,"height":200,"srcset":"https:\/\/i0.wp.com\/insightcrime.org\/wp-content\/uploads\/2023\/01\/Mexico-Secretary-of-Public-Safety-Genaro-Garcia-Luna-Aug-2022-AP22227647221108-A2.jpg?fit=1200%2C690&quality=100&ssl=1&resize=350%2C200 1x, https:\/\/i0.wp.com\/insightcrime.org\/wp-content\/uploads\/2023\/01\/Mexico-Secretary-of-Public-Safety-Genaro-Garcia-Luna-Aug-2022-AP22227647221108-A2.jpg?fit=1200%2C690&quality=100&ssl=1&resize=525%2C300 1.5x, https:\/\/i0.wp.com\/insightcrime.org\/wp-content\/uploads\/2023\/01\/Mexico-Secretary-of-Public-Safety-Genaro-Garcia-Luna-Aug-2022-AP22227647221108-A2.jpg?fit=1200%2C690&quality=100&ssl=1&resize=700%2C400 2x, https:\/\/i0.wp.com\/insightcrime.org\/wp-content\/uploads\/2023\/01\/Mexico-Secretary-of-Public-Safety-Genaro-Garcia-Luna-Aug-2022-AP22227647221108-A2.jpg?fit=1200%2C690&quality=100&ssl=1&resize=1050%2C600 3x"},"classes":[]},{"id":4865,"url":"https:\/\/insightcrime.org\/es\/noticias-crimen-organizado-mexico\/ismael-zambada-garcia-el-mayo\/","url_meta":{"origin":9309,"position":3},"title":"Ismael Zambada Garc\u00eda, alias &#8216;El Mayo&#8217;","author":"InSight Crime","date":"5 de agosto de 2026","format":false,"excerpt":"Ismael \u201cEl Mayo\u201d Zambada fue condenado a cadena perpetua en Estados Unidos. Su historia, su papel en el Cartel de Sinaloa, todo en nuestro perfil completo actualizado de 2026.","rel":"","context":"En \u00abM\u00e9xico\u00bb","block_context":{"text":"M\u00e9xico","link":"https:\/\/insightcrime.org\/es\/category\/noticias-crimen-organizado-mexico\/"},"img":{"alt_text":"Ismael \"El Mayo\" Zambada - La Mayiza - Cartel de M\u00e9xico","src":"https:\/\/i0.wp.com\/insightcrime.org\/wp-content\/uploads\/2026\/06\/Perfil-Criminal-Alias-El-Mayo-Zambada.jpg?fit=1200%2C900&quality=100&ssl=1&resize=350%2C200","width":350,"height":200,"srcset":"https:\/\/i0.wp.com\/insightcrime.org\/wp-content\/uploads\/2026\/06\/Perfil-Criminal-Alias-El-Mayo-Zambada.jpg?fit=1200%2C900&quality=100&ssl=1&resize=350%2C200 1x, https:\/\/i0.wp.com\/insightcrime.org\/wp-content\/uploads\/2026\/06\/Perfil-Criminal-Alias-El-Mayo-Zambada.jpg?fit=1200%2C900&quality=100&ssl=1&resize=525%2C300 1.5x, https:\/\/i0.wp.com\/insightcrime.org\/wp-content\/uploads\/2026\/06\/Perfil-Criminal-Alias-El-Mayo-Zambada.jpg?fit=1200%2C900&quality=100&ssl=1&resize=700%2C400 2x, https:\/\/i0.wp.com\/insightcrime.org\/wp-content\/uploads\/2026\/06\/Perfil-Criminal-Alias-El-Mayo-Zambada.jpg?fit=1200%2C900&quality=100&ssl=1&resize=1050%2C600 3x"},"classes":[]},{"id":319466,"url":"https:\/\/insightcrime.org\/es\/news\/on-the-radar-tren-de-aragua-no-es-grupo-trafico-internacional-drogas\/","url_meta":{"origin":9309,"position":4},"title":"On the Radar: Los mitos de EE. UU. sobre el Tren de Aragua","author":"Deborah Bonello","date":"5 de septiembre de 2025","format":false,"excerpt":"En esta edici\u00f3n semanal, analizamos el preocupante ataque a\u00e9reo de EE. UU. a una \u201cpresunta\u201d embarcaci\u00f3n de drogas en el Caribe sur, el significado de la asunci\u00f3n de la exabogada de \u201cEl Chapo\u201d como jueza en M\u00e9xico, y las perspectivas sobre el futuro del conflicto criminal entre Guyana y Venezuela.","rel":"","context":"En \u00abNews\u00bb","block_context":{"text":"News","link":"https:\/\/insightcrime.org\/category\/news\/"},"img":{"alt_text":"","src":"https:\/\/i0.wp.com\/insightcrime.org\/wp-content\/uploads\/2025\/08\/25-09-04.png?fit=1200%2C675&quality=100&ssl=1&resize=350%2C200","width":350,"height":200,"srcset":"https:\/\/i0.wp.com\/insightcrime.org\/wp-content\/uploads\/2025\/08\/25-09-04.png?fit=1200%2C675&quality=100&ssl=1&resize=350%2C200 1x, https:\/\/i0.wp.com\/insightcrime.org\/wp-content\/uploads\/2025\/08\/25-09-04.png?fit=1200%2C675&quality=100&ssl=1&resize=525%2C300 1.5x, https:\/\/i0.wp.com\/insightcrime.org\/wp-content\/uploads\/2025\/08\/25-09-04.png?fit=1200%2C675&quality=100&ssl=1&resize=700%2C400 2x, https:\/\/i0.wp.com\/insightcrime.org\/wp-content\/uploads\/2025\/08\/25-09-04.png?fit=1200%2C675&quality=100&ssl=1&resize=1050%2C600 3x"},"classes":[]},{"id":346872,"url":"https:\/\/insightcrime.org\/es\/noticias\/on-the-radar-auge-cocaina-liquida\/","url_meta":{"origin":9309,"position":5},"title":"On the Radar: El auge de la coca\u00edna l\u00edquida","author":"Liza Schmidt","date":"16 de julio de 2026","format":false,"excerpt":"\u00bfPodr\u00eda la coca\u00edna l\u00edquida convertirse en el m\u00e9todo predilecto de los traficantes en la regi\u00f3n? \u00bfPasar\u00e1 \u2018El Mayo\u2019 Zambada sus \u00faltimos a\u00f1os en un ala hospitalaria en lugar de una celda de m\u00e1xima seguridad como \"El Chapo\"? \u00bfLos integrantes de la familia criminal m\u00e1s notoria de Ecuador est\u00e1n siendo eliminados\u2026","rel":"","context":"En \u00abNoticias\u00bb","block_context":{"text":"Noticias","link":"https:\/\/insightcrime.org\/es\/category\/noticias\/"},"img":{"alt_text":"","src":"https:\/\/i0.wp.com\/insightcrime.org\/wp-content\/uploads\/2026\/07\/Junio-OTR-template-featured-image-website-2026.jpg?fit=1200%2C675&quality=100&ssl=1&resize=350%2C200","width":350,"height":200,"srcset":"https:\/\/i0.wp.com\/insightcrime.org\/wp-content\/uploads\/2026\/07\/Junio-OTR-template-featured-image-website-2026.jpg?fit=1200%2C675&quality=100&ssl=1&resize=350%2C200 1x, https:\/\/i0.wp.com\/insightcrime.org\/wp-content\/uploads\/2026\/07\/Junio-OTR-template-featured-image-website-2026.jpg?fit=1200%2C675&quality=100&ssl=1&resize=525%2C300 1.5x, https:\/\/i0.wp.com\/insightcrime.org\/wp-content\/uploads\/2026\/07\/Junio-OTR-template-featured-image-website-2026.jpg?fit=1200%2C675&quality=100&ssl=1&resize=700%2C400 2x, https:\/\/i0.wp.com\/insightcrime.org\/wp-content\/uploads\/2026\/07\/Junio-OTR-template-featured-image-website-2026.jpg?fit=1200%2C675&quality=100&ssl=1&resize=1050%2C600 3x"},"classes":[]}],"jetpack_featured_media_url":"https:\/\/i0.wp.com\/insightcrime.org\/wp-content\/uploads\/2016\/10\/es-16-10-19-Mexico-Bermudez.jpg?fit=240%2C147&quality=100&ssl=1","_links":{"self":[{"href":"https:\/\/insightcrime.org\/es\/wp-json\/wp\/v2\/posts\/9309","targetHints":{"allow":["GET"]}}],"collection":[{"href":"https:\/\/insightcrime.org\/es\/wp-json\/wp\/v2\/posts"}],"about":[{"href":"https:\/\/insightcrime.org\/es\/wp-json\/wp\/v2\/types\/post"}],"author":[{"embeddable":true,"href":"https:\/\/insightcrime.org\/es\/wp-json\/wp\/v2\/users\/16"}],"replies":[{"embeddable":true,"href":"https:\/\/insightcrime.org\/es\/wp-json\/wp\/v2\/comments?post=9309"}],"version-history":[{"count":1,"href":"https:\/\/insightcrime.org\/es\/wp-json\/wp\/v2\/posts\/9309\/revisions"}],"predecessor-version":[{"id":27519,"href":"https:\/\/insightcrime.org\/es\/wp-json\/wp\/v2\/posts\/9309\/revisions\/27519"}],"wp:featuredmedia":[{"embeddable":true,"href":"https:\/\/insightcrime.org\/es\/wp-json\/wp\/v2\/media\/45364"}],"wp:attachment":[{"href":"https:\/\/insightcrime.org\/es\/wp-json\/wp\/v2\/media?parent=9309"}],"wp:term":[{"taxonomy":"category","embeddable":true,"href":"https:\/\/insightcrime.org\/es\/wp-json\/wp\/v2\/categories?post=9309"},{"taxonomy":"post_tag","embeddable":true,"href":"https:\/\/insightcrime.org\/es\/wp-json\/wp\/v2\/tags?post=9309"},{"taxonomy":"newspack_spnsrs_tax","embeddable":true,"href":"https:\/\/insightcrime.org\/es\/wp-json\/wp\/v2\/newspack_spnsrs_tax?post=9309"},{"taxonomy":"author","embeddable":true,"href":"https:\/\/insightcrime.org\/es\/wp-json\/wp\/v2\/coauthors?post=9309"}],"curies":[{"name":"wp","href":"https:\/\/api.w.org\/{rel}","templated":true}]}}