{"id":9342,"date":"2016-10-31T20:14:45","date_gmt":"2017-03-28T00:20:40","guid":{"rendered":"http:\/\/newwp.insightcrime.org?p=9342"},"modified":"2023-04-24T15:55:13","modified_gmt":"2023-04-24T20:55:13","slug":"presidentes-de-mexico-y-colombia-hablan-sobre-cooperacion-en-materia-de-seguridad","status":"publish","type":"post","link":"https:\/\/insightcrime.org\/es\/noticias\/noticias-del-dia\/presidentes-de-mexico-y-colombia-hablan-sobre-cooperacion-en-materia-de-seguridad\/","title":{"rendered":"Presidentes de M\u00e9xico y Colombia hablan sobre cooperaci\u00f3n en seguridad"},"content":{"rendered":"\n<p class=\"wp-block-paragraph\">Los presidentes de Colombia y M\u00e9xico han prometido fortalecer su cooperaci\u00f3n en materia de crimen organizado y seguridad, dado que ambos pa\u00edses siguen enfrentando problemas de larga data relacionados con los grupos criminales.<\/p>\n\n\n\n<p class=\"wp-block-paragraph\">El presidente de M\u00e9xico, Enrique Pe\u00f1a Nieto, <a href=\"https:\/\/www.gob.mx\/presidencia\/articulos\/9-acuerdos-de-cooperacion-mexico-colombia?idiom=es\" target=\"_blank\">viaj\u00f3<\/a> a Colombia el 27 de octubre para una visita oficial al presidente del pa\u00eds suramericano, Juan Manuel Santos.<\/p>\n\n\n\n<p class=\"wp-block-paragraph\">Los mandatarios firmaron varios<a href=\"https:\/\/es.presidencia.gov.co\/noticia\/161027-Colombia-y-Mexico-firmaron-instrumentos-de-cooperacion-luego-del-encuentro-de-los-Presidentes-Juan-Manuel-Santos-y-Enrique-Pena-Nieto\" target=\"_blank\"> acuerdos nuevos<\/a> relacionados con la cultura y el comercio, y tambi\u00e9n se comprometieron a fortalecer la cooperaci\u00f3n en la lucha contra el crimen. En concreto, se <a href=\"https:\/\/www.gob.mx\/presidencia\/articulos\/visita-de-estado-a-colombia-76676?idiom=es\" target=\"_blank\">comprometieron<\/a> a seguir trabajando juntos para combatir el tr\u00e1fico de drogas y armas, as\u00ed como el robo de tel\u00e9fonos celulares.<\/p>\n\n\n\n<p class=\"wp-block-paragraph\">Pe\u00f1a Nieto \u2014quien ha estado al frente de una d\u00e9cada de arremetidas contra el crimen organizado iniciadas por su antecesor Felipe Calder\u00f3n\u2014 admiti\u00f3 que los esfuerzos del gobierno por combatir el crimen se han quedado a menudo cortos con respecto a la agilidad de los grupos criminales.<\/p>\n\n\n\n<p class=\"wp-block-paragraph\">\u201cHemos visto c\u00f3mo el avance institucional para combatir el crimen organizado ha sido menos acelerado que la capacidad que las organizaciones criminales han logrado en ambos pa\u00edses\u201d, dijo.<\/p>\n\n\n\n<p class=\"wp-block-paragraph\">El presidente Santos dijo que Colombia y M\u00e9xico \u201ctienen retos similares en la lucha contra el crimen organizado\u201d, y afirm\u00f3 que ambos pa\u00edses \u201ccontinuar\u00e1n cooperando en la lucha contra el crimen y el narcotr\u00e1fico transnacionales\u201d, <a href=\"https:\/\/www.milenio.com\/politica\/Crimen_avanza_mas_que_instituciones-EPN_Colombia-Juan_Manuel_Santos-crimen_organizado_0_837516249.html\" target=\"_blank\">inform\u00f3 Milenio<\/a>.<\/p>\n\n\n\n<p class=\"wp-block-paragraph\">Adem\u00e1s, Santos resalt\u00f3 la<a href=\"\/news\/analysis\/the-us-shouldnt-export-colombia-drug-war-success\" target=\"_blank\"> formaci\u00f3n<\/a> que las fuerzas de seguridad colombianas han ofrecido a sus contrapartes mexicanas en los \u00faltimos a\u00f1os y dijo que su pa\u00eds ha recibido un \u201cgran apoyo y una gran ayuda\u201d de M\u00e9xico.<\/p>\n\n\n\n<p class=\"wp-block-paragraph\">Pe\u00f1a Nieto subray\u00f3 los problemas similares que enfrentan ambos pa\u00edses.<\/p>\n\n\n\n<p class=\"wp-block-paragraph\">\u201cColombia y M\u00e9xico somos dos naciones que a final de cuentas enfrentamos problemas en materia de seguridad muy similares\u201d, dijo el presidente mexicano. \u201cTenemos presencia de carteles que operan en ambas naciones y de forma transnacional\u201d.<\/p>\n\n\n\n<p class=\"wp-block-paragraph\">\u201cNos hemos propuesto profundizar nuestra colaboraci\u00f3n y cooperaci\u00f3n en materia de seguridad para enriquecer las pol\u00edticas p\u00fablicas que ambos gobiernos seguimos para combatir a los carteles, para combatir al crimen organizado, a partir de lo que, reconocemos, es un problema com\u00fan.\u201d, a\u00f1adi\u00f3.<\/p>\n\n\n\n<p class=\"wp-block-paragraph\">Pe\u00f1a Nieto tambi\u00e9n expres\u00f3 su <a href=\"https:\/\/www.gob.mx\/presidencia\/articulos\/xxx?idiom=es\" target=\"_blank\">apoyo<\/a> a los esfuerzos de la administraci\u00f3n Santos por llegar a una soluci\u00f3n negociada al prolongado conflicto interno colombiano, y se comprometi\u00f3 a contribuir con US$1 mill\u00f3n para los trabajos de desminado en la naci\u00f3n suramericana.<\/p>\n\n\n\n<h3 class=\"wp-block-heading\">An\u00e1lisis de InSight Crime<\/h3>\n\n\n\n<p class=\"wp-block-paragraph\">La apreciaci\u00f3n de Pe\u00f1a Nieto acerca de que las respuestas del gobierno al crimen organizado en Colombia y M\u00e9xico se han quedado a menudo rezagadas con respecto a la evoluci\u00f3n del crimen es acertada. Sin embargo, es poco probable que las vagas promesas de una mayor colaboraci\u00f3n entre las dos naciones logren cambiar esta din\u00e1mica.<\/p>\n\n\n\n<p class=\"wp-block-paragraph\"><strong><span style=\"color: #800000\">VEA TAMBI\u00c9N:<\/span><\/strong> <a href=\"\/component\/tags\/tag\/157-security-policy\" target=\"_blank\">Cobertura sobre Pol\u00edtica de seguridad<\/a><\/p>\n\n\n\n<p class=\"wp-block-paragraph\">Como muchos <a href=\"\/news\/analysis\/explaining-appeal-militarization-latin-america\" target=\"_blank\">otros pa\u00edses<\/a> de Am\u00e9rica, Colombia y M\u00e9xico han tendido a recurrir a estrategias militarizadas para combatir el crimen. Dichas estrategias han demostrado tener efectos limitados a largo plazo en t\u00e9rminos de reducir el poder y la presencia del crimen organizado, y con frecuencia han ido acompa\u00f1adas de preocupaciones por los derechos humanos debido a la corrupci\u00f3n y a la deficiente formaci\u00f3n de las fuerzas de seguridad.<\/p>\n\n\n\n<p class=\"wp-block-paragraph\">En M\u00e9xico, las fuerzas armadas \u2014que han sido desplegadas en todo el pa\u00eds como parte de una arremetida del gobierno contra los carteles\u2014 se han visto implicadas en algunas de las m\u00e1s <a href=\"\/news\/analysis\/two-years-ayotzinapa-unsolved-mexico-security-failures\" target=\"_blank\">graves violaciones<\/a> de<a href=\"\/news\/briefs\/police-killings-confirmed-in-mexico-massacre\" target=\"_blank\"> derechos humanos<\/a> en la historia reciente del pa\u00eds. Y en Colombia, oficiales del ej\u00e9rcito se han visto involucrados en <a href=\"https:\/\/www.hrw.org\/news\/2015\/06\/24\/colombia-top-brass-linked-extrajudicial-executions\" target=\"_blank\">ejecuciones extrajudiciales<\/a> \u2014las m\u00e1s famosas de las cuales est\u00e1n relacionadas con el <a href=\"\/news\/analysis\/hrw-report-judicial-killings-colombia-false-positives\" target=\"_blank\">esc\u00e1ndalo de los falsos positivos<\/a>\u2014.<\/p>\n\n\n\n<p class=\"wp-block-paragraph\">Aumentar el intercambio de informaci\u00f3n entre los dos pa\u00edses podr\u00eda ser \u00fatil, pero es poco probable que logre abordar cuestiones clave como la corrupci\u00f3n y la falta de capacidad institucional en ambas naciones.<\/p>\n","protected":false},"excerpt":{"rendered":"<p>Los presidentes de Colombia y M\u00e9xico han prometido fortalecer su cooperaci\u00f3n en materia de crimen organizado y seguridad, dado que ambos pa\u00edses siguen enfrentando problemas de larga data relacionados con los grupos criminales.<\/p>\n","protected":false},"author":54,"featured_media":45428,"comment_status":"closed","ping_status":"closed","sticky":false,"template":"","format":"standard","meta":{"newspack_ads_suppress_ads":false,"newspack_popups_has_disabled_popups":false,"newspack_sponsor_sponsorship_scope":"","newspack_sponsor_native_byline_display":"inherit","newspack_sponsor_native_category_display":"inherit","newspack_sponsor_underwriter_style":"inherit","newspack_sponsor_underwriter_placement":"inherit","_EventAllDay":false,"_EventTimezone":"","_EventStartDate":"","_EventEndDate":"","_EventStartDateUTC":"","_EventEndDateUTC":"","_EventShowMap":false,"_EventShowMapLink":false,"_EventURL":"","_EventCost":"","_EventCostDescription":"","_EventCurrencySymbol":"","_EventCurrencyCode":"","_EventCurrencyPosition":"","_EventDateTimeSeparator":"","_EventTimeRangeSeparator":"","_EventOrganizerID":[],"_EventVenueID":[],"_OrganizerEmail":"","_OrganizerPhone":"","_OrganizerWebsite":"","_VenueAddress":"","_VenueCity":"","_VenueCountry":"","_VenueProvince":"","_VenueState":"","_VenueZip":"","_VenuePhone":"","_VenueURL":"","_VenueStateProvince":"","_VenueLat":"","_VenueLng":"","_VenueShowMap":false,"_VenueShowMapLink":false,"_newspack_byline_active":false,"_newspack_byline":"","newspack_hide_updated_date":false,"newspack_show_updated_date":false,"newspack_featured_image_position":"","newspack_post_subtitle":"","newspack_article_summary_title":"Overview:","newspack_article_summary":"","_jetpack_memberships_contains_paid_content":false,"footnotes":""},"categories":[334],"tags":[368,406,438],"newspack_spnsrs_tax":[],"coauthors":[3989],"class_list":["post-9342","post","type-post","status-publish","format-standard","has-post-thumbnail","hentry","category-noticias-del-dia","tag-colombia-pais","tag-mexico-pais","tag-politicas-de-seguridad","entry"],"parsely":{"version":"1.1.0","canonical_url":"https:\/\/insightcrime.org\/es\/noticias\/noticias-del-dia\/presidentes-de-mexico-y-colombia-hablan-sobre-cooperacion-en-materia-de-seguridad\/","smart_links":{"inbound":0,"outbound":0},"traffic_boost_suggestions_count":0,"meta":{"@context":"https:\/\/schema.org","@type":"NewsArticle","headline":"Presidentes de M\u00e9xico y Colombia hablan sobre cooperaci\u00f3n en seguridad","url":"http:\/\/insightcrime.org\/es\/noticias\/noticias-del-dia\/presidentes-de-mexico-y-colombia-hablan-sobre-cooperacion-en-materia-de-seguridad\/","mainEntityOfPage":{"@type":"WebPage","@id":"http:\/\/insightcrime.org\/es\/noticias\/noticias-del-dia\/presidentes-de-mexico-y-colombia-hablan-sobre-cooperacion-en-materia-de-seguridad\/"},"thumbnailUrl":"https:\/\/i0.wp.com\/insightcrime.org\/wp-content\/uploads\/2016\/10\/es-16-10-28-Mexico-Colombia.jpg?resize=150%2C150&quality=100&ssl=1","image":{"@type":"ImageObject","url":"https:\/\/i0.wp.com\/insightcrime.org\/wp-content\/uploads\/2016\/10\/es-16-10-28-Mexico-Colombia.jpg?fit=1560%2C1086&quality=100&ssl=1"},"articleSection":"Noticias del d\u00eda","author":[{"@type":"Person","name":"Mike LaSusa"}],"creator":["Mike LaSusa"],"publisher":{"@type":"Organization","name":"InSight Crime","logo":"https:\/\/insightcrime.org\/wp-content\/uploads\/2023\/08\/logo.png"},"keywords":["colombia","m\u00e9xico","pol\u00edticas de seguridad"],"dateCreated":"2017-03-28T00:20:40Z","datePublished":"2017-03-28T00:20:40Z","dateModified":"2023-04-24T20:55:13Z"},"rendered":"<meta name=\"parsely-title\" content=\"Presidentes de M\u00e9xico y Colombia hablan sobre cooperaci\u00f3n en seguridad\" \/>\n<meta name=\"parsely-link\" content=\"http:\/\/insightcrime.org\/es\/noticias\/noticias-del-dia\/presidentes-de-mexico-y-colombia-hablan-sobre-cooperacion-en-materia-de-seguridad\/\" \/>\n<meta name=\"parsely-type\" content=\"post\" \/>\n<meta name=\"parsely-image-url\" content=\"https:\/\/i0.wp.com\/insightcrime.org\/wp-content\/uploads\/2016\/10\/es-16-10-28-Mexico-Colombia.jpg?resize=150%2C150&amp;quality=100&amp;ssl=1\" \/>\n<meta name=\"parsely-pub-date\" content=\"2017-03-28T00:20:40Z\" \/>\n<meta name=\"parsely-section\" content=\"Noticias del d\u00eda\" \/>\n<meta name=\"parsely-tags\" content=\"colombia,m\u00e9xico,pol\u00edticas de seguridad\" \/>\n<meta name=\"parsely-author\" content=\"Mike LaSusa\" \/>","tracker_url":"https:\/\/cdn.parsely.com\/keys\/insightcrime.org\/p.js"},"jetpack_sharing_enabled":true,"jetpack-related-posts":[{"id":331635,"url":"https:\/\/insightcrime.org\/es\/news\/la-guerra-comercial-entre-colombia-y-ecuador-podria-favorecer-al-crimen-organizado\/","url_meta":{"origin":9342,"position":0},"title":"La guerra comercial entre Colombia y Ecuador podr\u00eda favorecer al crimen organizado","author":"Beatriz Vicent Fern\u00e1ndez","date":"28 de enero de 2026","format":false,"excerpt":"La guerra comercial entre Colombia y Ecuador, utilizada como mecanismo de presi\u00f3n sobre la seguridad fronteriza, podr\u00eda debilitar la cooperaci\u00f3n bilateral y crear nuevas oportunidades para el crimen organizado, el narcotr\u00e1fico y el contrabando en una zona clave para las econom\u00edas criminales.","rel":"","context":"En \u00abNews\u00bb","block_context":{"text":"News","link":"https:\/\/insightcrime.org\/category\/news\/"},"img":{"alt_text":"","src":"https:\/\/i0.wp.com\/insightcrime.org\/wp-content\/uploads\/2026\/01\/Incautacion-frontera-Ecuador-Colombia-_resized.png?fit=337%2C250&quality=100&ssl=1&resize=350%2C200","width":350,"height":200},"classes":[]},{"id":183210,"url":"https:\/\/insightcrime.org\/es\/noticias\/tensa-cooperacion-bilateral-anti-drogasmexicoeeuu\/","url_meta":{"origin":9342,"position":1},"title":"Clausura de unidad \u00e9lite nuevamente replantea cooperaci\u00f3n de seguridad entre M\u00e9xico y EE.UU.","author":"Victoria Dittmar","date":"25 de abril de 2022","format":false,"excerpt":"El gobierno mexicano desmantel\u00f3 una unidad especializada que colaboraba de manera cercana con agentes antidrogas de Estados Unidos, lo que plantea dudas sobre el estado actual de la cooperaci\u00f3n bilateral y la confianza entre ambos gobiernos para tratar con informaci\u00f3n sensible. El 21 de abril, el presidente mexicano Andr\u00e9s Manuel\u2026","rel":"","context":"En \u00abNoticias\u00bb","block_context":{"text":"Noticias","link":"https:\/\/insightcrime.org\/es\/category\/noticias\/"},"img":{"alt_text":"","src":"https:\/\/i0.wp.com\/insightcrime.org\/wp-content\/uploads\/2022\/04\/22-04-21-DEA-agent-Mexico-SIU.png?fit=350%2C250&quality=100&ssl=1&resize=350%2C200","width":350,"height":200},"classes":[]},{"id":332902,"url":"https:\/\/insightcrime.org\/es\/noticias\/estrategia-antidrogas-de-ee-uu-america-latina-un-mapa-interactivo-de-alianzas-y-fricciones\/","url_meta":{"origin":9342,"position":2},"title":"La estrategia antidrogas de EE. UU. en Am\u00e9rica Latina: Un mapa interactivo de las alianzas y fricciones","author":"Deborah Bonello","date":"16 de febrero de 2026","format":false,"excerpt":"\u00bfQu\u00e9 pa\u00edses de Am\u00e9rica Latina colaboran con EE. UU. en la lucha contra el tr\u00e1fico de drogas? Explore nuestro mapa interactivo sobre la cooperaci\u00f3n antinarc\u00f3ticos y conozca el estado actual de las alianzas de seguridad en la regi\u00f3n.","rel":"","context":"En \u00abNoticias\u00bb","block_context":{"text":"Noticias","link":"https:\/\/insightcrime.org\/es\/category\/noticias\/"},"img":{"alt_text":"","src":"https:\/\/i0.wp.com\/insightcrime.org\/wp-content\/uploads\/2026\/02\/Feature-Image-Colombia-Presidency-Handout-REUTERS-1.jpg?fit=1200%2C690&quality=100&ssl=1&resize=350%2C200","width":350,"height":200,"srcset":"https:\/\/i0.wp.com\/insightcrime.org\/wp-content\/uploads\/2026\/02\/Feature-Image-Colombia-Presidency-Handout-REUTERS-1.jpg?fit=1200%2C690&quality=100&ssl=1&resize=350%2C200 1x, https:\/\/i0.wp.com\/insightcrime.org\/wp-content\/uploads\/2026\/02\/Feature-Image-Colombia-Presidency-Handout-REUTERS-1.jpg?fit=1200%2C690&quality=100&ssl=1&resize=525%2C300 1.5x, https:\/\/i0.wp.com\/insightcrime.org\/wp-content\/uploads\/2026\/02\/Feature-Image-Colombia-Presidency-Handout-REUTERS-1.jpg?fit=1200%2C690&quality=100&ssl=1&resize=700%2C400 2x, https:\/\/i0.wp.com\/insightcrime.org\/wp-content\/uploads\/2026\/02\/Feature-Image-Colombia-Presidency-Handout-REUTERS-1.jpg?fit=1200%2C690&quality=100&ssl=1&resize=1050%2C600 3x"},"classes":[]},{"id":345255,"url":"https:\/\/insightcrime.org\/es\/noticias\/giro-derecha-colombia-y-peru-reaviva-preocupaciones-sobre-seguridad\/","url_meta":{"origin":9342,"position":3},"title":"On The Radar: Giro a la derecha en Colombia y Per\u00fa reaviva las preocupaciones sobre seguridad","author":"Deborah Bonello","date":"25 de junio de 2026","format":false,"excerpt":"Esta semana en On the Radar: De la Espriella promete mano dura en Colombia, Fujimori hereda un Per\u00fa golpeado por la extorsi\u00f3n y una investigaci\u00f3n pone bajo la lupa la estrategia de la DEA frente al fentanilo.","rel":"","context":"En \u00abNoticias\u00bb","block_context":{"text":"Noticias","link":"https:\/\/insightcrime.org\/es\/category\/noticias\/"},"img":{"alt_text":"","src":"https:\/\/i0.wp.com\/insightcrime.org\/wp-content\/uploads\/2026\/06\/Junio-OTR-template-featured-image-website-2026-1-1.jpg?fit=1200%2C675&quality=100&ssl=1&resize=350%2C200","width":350,"height":200,"srcset":"https:\/\/i0.wp.com\/insightcrime.org\/wp-content\/uploads\/2026\/06\/Junio-OTR-template-featured-image-website-2026-1-1.jpg?fit=1200%2C675&quality=100&ssl=1&resize=350%2C200 1x, https:\/\/i0.wp.com\/insightcrime.org\/wp-content\/uploads\/2026\/06\/Junio-OTR-template-featured-image-website-2026-1-1.jpg?fit=1200%2C675&quality=100&ssl=1&resize=525%2C300 1.5x, https:\/\/i0.wp.com\/insightcrime.org\/wp-content\/uploads\/2026\/06\/Junio-OTR-template-featured-image-website-2026-1-1.jpg?fit=1200%2C675&quality=100&ssl=1&resize=700%2C400 2x, https:\/\/i0.wp.com\/insightcrime.org\/wp-content\/uploads\/2026\/06\/Junio-OTR-template-featured-image-website-2026-1-1.jpg?fit=1200%2C675&quality=100&ssl=1&resize=1050%2C600 3x"},"classes":[]},{"id":326538,"url":"https:\/\/insightcrime.org\/es\/noticias\/gamechangers-2025-eeuu-reactiva-debilita-guerra-drogas\/","url_meta":{"origin":9342,"position":4},"title":"GameChangers 2025: EE. UU. reactiva la guerra contra las drogas y la debilita de cara a 2026","author":"Jeremy McDermott","date":"6 de enero de 2026","format":false,"excerpt":"El giro de la pol\u00edtica de seguridad de Estados Unidos en Am\u00e9rica Latina y el Caribe en 2025 se ha orientado hacia un modelo militarizado y est\u00e1 dejando de lado los elementos m\u00e1s exitosos de la lucha contra el crimen organizado.","rel":"","context":"En \u00abAudio\u00bb","block_context":{"text":"Audio","link":"https:\/\/insightcrime.org\/es\/category\/audio-es\/"},"img":{"alt_text":"","src":"https:\/\/i0.wp.com\/insightcrime.org\/wp-content\/uploads\/2025\/12\/gamechangers-Cover-Landing-Image-Horiz.jpg?fit=1200%2C690&quality=100&ssl=1&resize=350%2C200","width":350,"height":200,"srcset":"https:\/\/i0.wp.com\/insightcrime.org\/wp-content\/uploads\/2025\/12\/gamechangers-Cover-Landing-Image-Horiz.jpg?fit=1200%2C690&quality=100&ssl=1&resize=350%2C200 1x, https:\/\/i0.wp.com\/insightcrime.org\/wp-content\/uploads\/2025\/12\/gamechangers-Cover-Landing-Image-Horiz.jpg?fit=1200%2C690&quality=100&ssl=1&resize=525%2C300 1.5x, https:\/\/i0.wp.com\/insightcrime.org\/wp-content\/uploads\/2025\/12\/gamechangers-Cover-Landing-Image-Horiz.jpg?fit=1200%2C690&quality=100&ssl=1&resize=700%2C400 2x, https:\/\/i0.wp.com\/insightcrime.org\/wp-content\/uploads\/2025\/12\/gamechangers-Cover-Landing-Image-Horiz.jpg?fit=1200%2C690&quality=100&ssl=1&resize=1050%2C600 3x"},"classes":[]},{"id":249871,"url":"https:\/\/insightcrime.org\/es\/noticias\/gamechangers-2023-tensiones-ee-uu-mexico-socavan-lucha-contra-fentanilo\/","url_meta":{"origin":9342,"position":5},"title":"GameChangers 2023: Las tensiones entre EE.UU. y M\u00e9xico socavan la lucha contra el fentanilo","author":"Victoria Dittmar","date":"28 de diciembre de 2023","format":false,"excerpt":"Las diferencias en c\u00f3mo Estados Unidos y M\u00e9xico abordan el problema de fentanilo quedaron expuestas a lo largo del \u00faltimo a\u00f1o. En abril de 2023, fiscales en Washington, DC; Illinois y Nueva York anunciaron una serie de cargos contra 23 presuntos operadores del Cartel de Sinaloa, quienes se cree que\u2026","rel":"","context":"En \u00abNoticias\u00bb","block_context":{"text":"Noticias","link":"https:\/\/insightcrime.org\/es\/category\/noticias\/"},"img":{"alt_text":"","src":"https:\/\/i0.wp.com\/insightcrime.org\/wp-content\/uploads\/2023\/12\/Gamechangers-Cover-Cap-3.jpg?fit=1200%2C576&quality=100&ssl=1&resize=350%2C200","width":350,"height":200,"srcset":"https:\/\/i0.wp.com\/insightcrime.org\/wp-content\/uploads\/2023\/12\/Gamechangers-Cover-Cap-3.jpg?fit=1200%2C576&quality=100&ssl=1&resize=350%2C200 1x, https:\/\/i0.wp.com\/insightcrime.org\/wp-content\/uploads\/2023\/12\/Gamechangers-Cover-Cap-3.jpg?fit=1200%2C576&quality=100&ssl=1&resize=525%2C300 1.5x, https:\/\/i0.wp.com\/insightcrime.org\/wp-content\/uploads\/2023\/12\/Gamechangers-Cover-Cap-3.jpg?fit=1200%2C576&quality=100&ssl=1&resize=700%2C400 2x, https:\/\/i0.wp.com\/insightcrime.org\/wp-content\/uploads\/2023\/12\/Gamechangers-Cover-Cap-3.jpg?fit=1200%2C576&quality=100&ssl=1&resize=1050%2C600 3x"},"classes":[]}],"jetpack_featured_media_url":"https:\/\/i0.wp.com\/insightcrime.org\/wp-content\/uploads\/2016\/10\/es-16-10-28-Mexico-Colombia.jpg?fit=1560%2C1086&quality=100&ssl=1","_links":{"self":[{"href":"https:\/\/insightcrime.org\/es\/wp-json\/wp\/v2\/posts\/9342","targetHints":{"allow":["GET"]}}],"collection":[{"href":"https:\/\/insightcrime.org\/es\/wp-json\/wp\/v2\/posts"}],"about":[{"href":"https:\/\/insightcrime.org\/es\/wp-json\/wp\/v2\/types\/post"}],"author":[{"embeddable":true,"href":"https:\/\/insightcrime.org\/es\/wp-json\/wp\/v2\/users\/54"}],"replies":[{"embeddable":true,"href":"https:\/\/insightcrime.org\/es\/wp-json\/wp\/v2\/comments?post=9342"}],"version-history":[{"count":1,"href":"https:\/\/insightcrime.org\/es\/wp-json\/wp\/v2\/posts\/9342\/revisions"}],"predecessor-version":[{"id":27584,"href":"https:\/\/insightcrime.org\/es\/wp-json\/wp\/v2\/posts\/9342\/revisions\/27584"}],"wp:featuredmedia":[{"embeddable":true,"href":"https:\/\/insightcrime.org\/es\/wp-json\/wp\/v2\/media\/45428"}],"wp:attachment":[{"href":"https:\/\/insightcrime.org\/es\/wp-json\/wp\/v2\/media?parent=9342"}],"wp:term":[{"taxonomy":"category","embeddable":true,"href":"https:\/\/insightcrime.org\/es\/wp-json\/wp\/v2\/categories?post=9342"},{"taxonomy":"post_tag","embeddable":true,"href":"https:\/\/insightcrime.org\/es\/wp-json\/wp\/v2\/tags?post=9342"},{"taxonomy":"newspack_spnsrs_tax","embeddable":true,"href":"https:\/\/insightcrime.org\/es\/wp-json\/wp\/v2\/newspack_spnsrs_tax?post=9342"},{"taxonomy":"author","embeddable":true,"href":"https:\/\/insightcrime.org\/es\/wp-json\/wp\/v2\/coauthors?post=9342"}],"curies":[{"name":"wp","href":"https:\/\/api.w.org\/{rel}","templated":true}]}}