{"id":94076,"date":"2019-01-09T16:53:40","date_gmt":"2019-01-09T21:53:40","guid":{"rendered":"https:\/\/insightcrime.org\/?p=94076"},"modified":"2023-04-24T16:33:10","modified_gmt":"2023-04-24T21:33:10","slug":"morales-empuja-a-guatemala-hacia-una-crisis-constitucional-para-deshacerse-de-la-cicig","status":"publish","type":"post","link":"https:\/\/insightcrime.org\/es\/noticias\/analisis\/morales-empuja-a-guatemala-hacia-una-crisis-constitucional-para-deshacerse-de-la-cicig\/","title":{"rendered":"Morales empuja a Guatemala hacia una crisis constitucional para deshacerse de la CICIG"},"content":{"rendered":"\n<p class=\"wp-block-paragraph\">Jimmy Morales, el presidente guatemalteco, ha puesto a su pa\u00eds al borde de una crisis constitucional en su af\u00e1n por deshacerse de la comisi\u00f3n investigadora internacional que lo ha acusado, entre otras cosas, de financiar de forma ilegal la campa\u00f1a electoral que lo llev\u00f3 al poder en Guatemala. En su af\u00e1n Morales ha incumplido \u00f3rdenes del Poder Judicial y se ha mostrado dispuesto a usar de forma ilegal la fuerza p\u00fablica para llevar adelante sus planes.<\/p>\n\n\n\n<p class=\"wp-block-paragraph\">El pasado 7 de enero de 2019, el gobierno de Morales comunic\u00f3 a la Organizaci\u00f3n de Naciones Unidas (ONU) en Nueva York, a trav\u00e9s de su ministra de Exteriores, su decisi\u00f3n unilateral de terminar con el convenio que dio vida, en 2006, a la Comisi\u00f3n Internacional contra la Impunidad en Guatemala (CICIG), un ente supranacional financiado con fondos de varios pa\u00edses que funciona como una fiscal\u00eda adjunta al Ministerio P\u00fablico local.<\/p>\n\n\n\n<p class=\"wp-block-paragraph\"><span style=\"color: #993300;\"><strong>VEA TAMBI\u00c9N:<\/strong><\/span> <a href=\"https:\/\/es.insightcrime.org\/noticias\/analisis\/consecuencias-guerra-morales-cicig-guatemala\/\" target=\"_blank\" rel=\"noopener\">4 consecuencias de la guerra Morales-CICIG en Guatemala<\/a><\/p>\n\n\n\n<p class=\"wp-block-paragraph\">Entre los argumentos que la administraci\u00f3n Morales ha utilizado para informar a la ONU que desconoce a la CICIG est\u00e1n que la comisi\u00f3n excedi\u00f3 sus atribuciones y que sus funcionarios \u201cparticiparon en actos violatorios de las leyes, incluyendo prevaricato, abuso de autoridad, actos en contra de la Constituci\u00f3n, \u00f3rdenes ilegales y sedici\u00f3n\u201d, seg\u00fan report\u00f3 <a href=\"https:\/\/elperiodico.com.gt\/nacion\/2019\/01\/07\/morales-termina-unilateralmente-mandato-de-la-cicig-y-desconoce-fallos-de-la-cc-y-la-independencia-de-los-jueces-ahora-morales-es-la-ley\/\" target=\"_blank\" rel=\"noopener\">Prensa Libre<\/a>.<\/p>\n\n\n\n<p class=\"wp-block-paragraph\">Morales arm\u00f3, en la casa de gobierno en Ciudad de Guatemala, una multitudinaria conferencia televisada para anunciar al pa\u00eds su decisi\u00f3n de acabar con el mandato de la&nbsp; CICIG. Para defender su posici\u00f3n, el presidente acudi\u00f3 a familiares de empresarios, un exfuncionario y un ciudadano ruso que han sido investigados \u2014y en el \u00faltimo caso condenado\u2014 por delitos que van desde el uso de documentos falsos hasta las ejecuciones extrajudiciales. Todos ellos, arguy\u00f3 Morales, han sido v\u00edctimas de acciones arbitrarias que \u00e9l atribuye a la CICIG y al MP.<\/p>\n\n\n\n<p class=\"wp-block-paragraph\"><span style=\"color: #993300;\"><strong>VEA TAMBI\u00c9N:<\/strong><\/span>&nbsp;<span style=\"color: #3366ff;\"><a style=\"color: #3366ff;\" href=\"https:\/\/es.insightcrime.org\/noticias\/analisis\/gobierno-de-morales-deja-sin-proteccion-investigadores-de-la-cicig\/\" target=\"_blank\" rel=\"noopener\">Gobierno de Morales deja sin protecci\u00f3n a investigadores de la CUCIG<\/a><\/span><\/p>\n\n\n\n<p class=\"wp-block-paragraph\">El 8 de enero de 2019, un vocero de la CICIG <a href=\"https:\/\/twitter.com\/nomadagt\/status\/1082764389495832577\">anunci\u00f3<\/a> que el personal no guatemalteco de la Comisi\u00f3n saldr\u00eda del pa\u00eds como medida de prevenci\u00f3n por la falta de garant\u00edas de seguridad y operaci\u00f3n. La comisi\u00f3n no cerrar\u00e1 su sede en la capital y el personal local seguir\u00e1 trabajando.<\/p>\n\n\n\n<p class=\"wp-block-paragraph\">Desde su llegada al pa\u00eds hace una d\u00e9cada, y sobre todo en los \u00faltimos cuatro a\u00f1os, CICIG ha ayudado al MP a esclarecer casos de corrupci\u00f3n y criminalidad organizada que involucran a expresidentes, diputados, alcaldes e importantes empresarios; varios de ellos est\u00e1n ahora en la c\u00e1rcel.<\/p>\n\n\n\n<p class=\"wp-block-paragraph\">De hecho, los protagonistas de la conferencia de prensa del lunes anterior, incluido el presidente, conforman un muestrario de los poderes a los que la Fiscal\u00eda guatemalteca y la CICIG han afectado al investigarlos por su participaci\u00f3n en todo tipo de cr\u00edmenes.<\/p>\n\n\n\n<p class=\"wp-block-paragraph\">Entre los testigos a los que el presidente acudi\u00f3 para justificar su nuevo ataque a la CICIG est\u00e1n:<\/p>\n\n\n\n<ul class=\"wp-block-list\">\n<li>Familiares de Carlos Vielman, ex ministro de Gobernaci\u00f3n. A finales de la d\u00e9cada pasada, la CICIG investig\u00f3 a Vielman por su presunta participaci\u00f3n en ejecuciones extrajudiciales perpetradas desde la Polic\u00eda Nacional Civil, de la que \u00e9l era el jefe m\u00e1ximo. Documentos internos de la CICIG a los que InSight Crime tuvo acceso establecen que en enero de 2009 la comisi\u00f3n investig\u00f3 al exministro como \u201cintegrante de un grupo organizado\u201d dentro del Estado guatemalteco que particip\u00f3 en masacres de reos en la c\u00e1rcel de Pav\u00f3n y en el asesinato de tres diputados salvadore\u00f1os del Parlamento Centroamericano y su motorista. Un tribunal de Espa\u00f1a, pa\u00eds del que Vielman es ciudadano, lo absolvi\u00f3 en un juicio por su presunta participaci\u00f3n en la masacre de Pav\u00f3n. En el caso Parlacen las investigaciones en Guatemala no continuaron. En octubre del a\u00f1o pasado, la CICIG y el MP volvieron a presentar un caso contra Vielman, esta vez por su presunto involucramiento en las ejecuciones extrajudiciales de reos que se fugaron en 2005 de una prisi\u00f3n conocida como El Infiernito. Vielman fue Ministro de Gobernaci\u00f3n durante la presidencia de \u00d3scar Berger y fue siempre muy cercano a las \u00e9lites econ\u00f3micas guatemaltecas.<\/li>\n\n\n\n<li>La familia Vald\u00e9s Paiz. Una <a href=\"https:\/\/es.insightcrime.org\/investigaciones\/elites-y-crimen-organizado-en-guatemala-la-cicig\/\" target=\"_blank\" rel=\"noopener\">detallada investigaci\u00f3n<\/a> publicada en 2016 por InSight Crime sobre las \u00e9lites guatemaltecas revel\u00f3 la posible participaci\u00f3n de los hermanos Francisco y Jos\u00e9 Vald\u00e9s Paiz en un complot criminal que culmin\u00f3 con el suicidio de Rodrigo Rosemberg, abogado que entre sus clientes ten\u00eda a <a href=\"https:\/\/www.prensalibre.com\/guatemala\/politica\/congresistas-piden-aplicar-a-empresarios-en-guatemalala-la-ley-magnitsky\" target=\"_blank\" rel=\"noopener\">Luis Mendiz\u00e1bal<\/a>, un oscuro operador pol\u00edtico y de inteligencia a quien congresistas estadounidenses han pedido incluir en una lista de posibles sancionados por su relaci\u00f3n con el crimen organizado. El MP acus\u00f3 a los Vald\u00e9s Paiz de ser autores intelectuales de la muerte de Rosemberg. En agosto de 2017, un tribunal de segunda instancia orden\u00f3 <a href=\"https:\/\/www.prensalibre.com\/guatemala\/justicia\/juez-cierra-caso-contra-hermanos-valdes-paiz-implicados-en-caso-rosenberg\" target=\"_blank\" rel=\"noopener\">el cierre del caso<\/a> contra los hermanos por falta de pruebas.<\/li>\n\n\n\n<li>La familia Bitkov. <a href=\"https:\/\/es.insightcrime.org\/noticias\/noticias-del-dia\/una-audiencia-en-el-senado-de-ee-uu-es-la-ultima-jugada-contra-la-cicig-en-guatemala\/\" target=\"_blank\" rel=\"noopener\">Igor Bitkov<\/a> es un ciudadano ruso que ha sido condenado en Guatemala por comprar documentos falsos a una organizaci\u00f3n criminal incrustada en la autoridad migratoria del pa\u00eds. En 2010, cuando Bitkov compr\u00f3 esos documentos, el MP investig\u00f3 una red criminal dedicada a fraudes migratorios, en la que incluyeron, como sospechoso, a Enrique Degenhart, el actual Ministro de Gobernaci\u00f3n y uno de los principales aliados del presidente Morales. El 28 de diciembre pasado, <a href=\"https:\/\/www.prensalibre.com\/guatemala\/justicia\/tribunal-finaliza-debate-del-ciudadano-ruso-igor-bitkov\" target=\"_blank\" rel=\"noopener\">una jueza sentenci\u00f3 a Bitkov<\/a> a pasar cinco a\u00f1os en la c\u00e1rcel. Este caso es tambi\u00e9n relevante porque, con el concurso de cabilderos y una columnista estadounidense, fue utilizado en Washington por congresistas republicanos para intentar frenar las investigaciones de CICIG alegando que la comisi\u00f3n estaba coludida con el gobierno ruso para perseguir a los Bitkov. El Departamento de Estado de Donald Trump desminti\u00f3 esa posibilidad.<\/li>\n<\/ul>\n\n\n\n<p class=\"wp-block-paragraph\">Pero el gran protagonista de la conferencia de prensa del lunes pasado fue Jimmy Morales, \u00e9l mismo investigado por la CICIG y el MP por <a href=\"https:\/\/es.insightcrime.org\/investigaciones\/el-pecado-original-del-presidente-jimmy-morales-y-de-guatemala\/\" target=\"_blank\" rel=\"noopener\">presunto financiamiento electoral il\u00edcito<\/a>. De nuevo, como lo hizo ante el pleno de Naciones Unidas en septiembre pasado, el presidente acus\u00f3 a la CICIG, y de paso al MP, de violar la ley, y, otra vez, se puso al frente de un despliegue de fuerza para sacar a la comisi\u00f3n del pa\u00eds, esta vez contraviniendo \u00f3rdenes de la Corte de Constitucionalidad que ya fall\u00f3 a favor de la CICIG en varias ocasiones e irrespetando \u00f3rdenes judiciales, como la que establece que Igor Bitkov tendr\u00eda que estar en la c\u00e1rcel, no en una conferencia de prensa.<\/p>\n\n\n\n<p class=\"wp-block-paragraph\">Ya el s\u00e1bado anterior, al intentar impedir a Guatemala la entrada de un investigador colombiano, el gobierno de Morales, tambi\u00e9n en contravenci\u00f3n con \u00f3rdenes judiciales que deshicieron una intentona de negar visados a funcionarios extranjeros de CICIG, orden\u00f3 a la polic\u00eda acordonar el aeropuerto internacional La Aurora.<\/p>\n\n\n\n<h3 class=\"wp-block-heading\">An\u00e1lisis de InSight Crime<\/h3>\n\n\n\n<p class=\"wp-block-paragraph\">La denuncia unilateral del convenio que da vida a CICIG no tiene, por ahora, efectos pr\u00e1cticos: para que la comisi\u00f3n deje de operar antes de que su mandato expire en septiembre de 2019 a\u00fan faltan varios pasos legales que escapan, en teor\u00eda, a la decisi\u00f3n de Jimmy Morales.<\/p>\n\n\n\n<p class=\"wp-block-paragraph\">La existencia de CICIG est\u00e1 regulada por la Convenci\u00f3n de Viena sobre el derecho de tratados, legislaci\u00f3n internacional adoptada por el Estado guatemalteco. El acuerdo firmado entre Guatemala y la ONU establece, en su art\u00edculo 14, que este tiene una vigencia de dos a\u00f1os. La \u00faltima vigencia fue renovada por el mismo Morales el a\u00f1o pasado, lo cual pone la fecha de vencimiento del acuerdo el 3 de septiembre pr\u00f3ximo.<\/p>\n\n\n\n<p class=\"wp-block-paragraph\">El mismo acuerdo establece que si una de las partes quiere denunciarlo, es decir terminarlo unilateralmente, debe dar aviso con 12 meses de anticipaci\u00f3n, lo que es imposible porque el pacto tiene ya solo 8 meses de vida.<\/p>\n\n\n\n<p class=\"wp-block-paragraph\"><strong><span style=\"color: #993300;\">VEA TAMBI\u00c9N:<\/span> <\/strong><a href=\"https:\/\/insightcrime.org\/news\/analysis\/gamechangers-2018-central-america\/\" target=\"_blank\" rel=\"noopener\">GameChangers 2018: La arremetida de las \u00e9lites en Centroam\u00e9rica<\/a><\/p>\n\n\n\n<p class=\"wp-block-paragraph\">El secretario general de la ONU, Antonio Gut\u00e9rres, dijo el lunes mismo que rechaza la petici\u00f3n guatemalteca y reiter\u00f3 que CICIG est\u00e1 viva al menos hasta el fin de su mandato actual.<\/p>\n\n\n\n<p class=\"wp-block-paragraph\">Algo que ha quedado claro tras los acontecimientos de los \u00faltimos d\u00edas es que las \u00e9lites empresariales, otrora afines a CICIG, har\u00e1n cuerpo con Morales sin importar las consecuencias. En una r\u00e1pida reacci\u00f3n tras el anuncio presidencial, la c\u00fapula empresarial dio una conferencia de prensa para <a href=\"https:\/\/twitter.com\/CACIFnoticias\/status\/1082500803330539520\" target=\"_blank\" rel=\"noopener\">acuerpar al mandatario<\/a>.<\/p>\n\n\n\n<p class=\"wp-block-paragraph\">Las \u00faltimas movidas de Morales en este tablero tambi\u00e9n han empujado a otros actores a posicionarse m\u00e1s claramente a favor de CICIG y las investigaciones contra la corrupci\u00f3n o a reiterar sus apoyos y oposiciones.<\/p>\n\n\n\n<p class=\"wp-block-paragraph\">As\u00ed, por ejemplo, el intento de impedir el ingreso al pa\u00eds del investigador colombiano el s\u00e1bado anterior, empuj\u00f3 a la fiscal general Consuelo Porras, que hasta entonces se hab\u00eda mostrado tibia para contravenir a Morales, a ordenar el arresto de los funcionarios del Ejecutivo que intentaron deportar al funcionario de la CICIG.<\/p>\n\n\n\n<p class=\"wp-block-paragraph\">\u00c1lvaro Arz\u00fa Escobar, presidente del Legislativo e hijo del fallecido expresidente \u00c1lvaro Arz\u00fa Irigoyen -tambi\u00e9n investigado por la CICIG y el MP-, ha dicho que hay votos para apoyar la decisi\u00f3n del presidente de denunciar el tratado. La decisi\u00f3n del Congreso, de acuerdo con la ley guatemalteca, no es vinculante.<\/p>\n\n\n\n<p class=\"wp-block-paragraph\">Las posiciones en Estados Unidos, uno de los pa\u00edses que m\u00e1s aporta al financiamiento de la CICIG, tambi\u00e9n han quedado m\u00e1s claras. Cuando Donald Trump lleg\u00f3 al poder, el apoyo incondicional de la administraci\u00f3n Obama a la comisi\u00f3n empez\u00f3 a debilitarse, e incluso permiti\u00f3 el empoderamiento de funcionarios que utilizaron <a href=\"https:\/\/es.insightcrime.org\/noticias\/analisis\/gobierno-de-morales-deja-sin-proteccion-investigadores-de-la-cicig\/\" target=\"_blank\" rel=\"noopener\">pertrechos donados por Washington para amedrentar a la CICIG<\/a>. Tras los \u00faltimos eventos, sin embargo, los dem\u00f3cratas, que hoy son mayor\u00eda en la c\u00e1mara baja, han advertido a Morales que suspender\u00e1n ayudas y lo han tildado abiertamente de corrupto. El senador Patrick Leahy, uno de los m\u00e1s influyentes en temas centroamericanos en la c\u00e1mara alta, ha dicho al guatemalteco que no es bienvenido en Estados Unidos.<\/p>\n\n\n\n<p class=\"wp-block-paragraph\">Parece obvio, sin embargo, que el presidente Morales est\u00e1 dispuesto a llegar incluso m\u00e1s all\u00e1 de lo permitido por la ley y de las presiones internacionales en su af\u00e1n por expulsar a la comisi\u00f3n y bloquear el avance de investigaciones en curso o la apertura de otras nuevas. Por ahora ya ha intentado contravenir la autoridad del Poder Judicial, algo que la Constituci\u00f3n guatemalteca le impide, pero tambi\u00e9n ha mostrado intenci\u00f3n suficiente de acudir a la fuerza p\u00fablica para mantener en firme sus decisiones.<\/p>\n\n\n\n<p class=\"wp-block-paragraph\">La chispa de la crisis constitucional est\u00e1 encendida. Jimmy Morales est\u00e1 resuelto a atizarla.<\/p>\n","protected":false},"excerpt":{"rendered":"<p>Jimmy Morales, el presidente guatemalteco, ha puesto a su pa\u00eds al borde de una crisis constitucional por deshacerse de la comisi\u00f3n investigadora internacional que lo ha acusado, entre otras cosas, de financiar de forma ilegal la campa\u00f1a electoral que lo llev\u00f3 al poder. En su af\u00e1n, Morales ha incumplido \u00f3rdenes del Judicial y se ha mostrado dispuesto a usar de forma ilegal la fuerza p\u00fablica para llevar adelante sus planes.<\/p>\n","protected":false},"author":83,"featured_media":94080,"comment_status":"closed","ping_status":"closed","sticky":false,"template":"","format":"standard","meta":{"newspack_ads_suppress_ads":false,"newspack_popups_has_disabled_popups":false,"newspack_sponsor_sponsorship_scope":"","newspack_sponsor_native_byline_display":"inherit","newspack_sponsor_native_category_display":"inherit","newspack_sponsor_underwriter_style":"inherit","newspack_sponsor_underwriter_placement":"inherit","_EventAllDay":false,"_EventTimezone":"","_EventStartDate":"","_EventEndDate":"","_EventStartDateUTC":"","_EventEndDateUTC":"","_EventShowMap":false,"_EventShowMapLink":false,"_EventURL":"","_EventCost":"","_EventCostDescription":"","_EventCurrencySymbol":"","_EventCurrencyCode":"","_EventCurrencyPosition":"","_EventDateTimeSeparator":"","_EventTimeRangeSeparator":"","_EventOrganizerID":[],"_EventVenueID":[],"_OrganizerEmail":"","_OrganizerPhone":"","_OrganizerWebsite":"","_VenueAddress":"","_VenueCity":"","_VenueCountry":"","_VenueProvince":"","_VenueState":"","_VenueZip":"","_VenuePhone":"","_VenueURL":"","_VenueStateProvince":"","_VenueLat":"","_VenueLng":"","_VenueShowMap":false,"_VenueShowMapLink":false,"_newspack_byline_active":false,"_newspack_byline":"","newspack_hide_updated_date":false,"newspack_show_updated_date":false,"newspack_featured_image_position":"","newspack_post_subtitle":"","newspack_article_summary_title":"Overview:","newspack_article_summary":"","_jetpack_memberships_contains_paid_content":false,"footnotes":""},"categories":[340],"tags":[447,374],"newspack_spnsrs_tax":[],"coauthors":[3725],"class_list":["post-94076","post","type-post","status-publish","format-standard","has-post-thumbnail","hentry","category-analisis","tag-elites-y-crimen-organizado","tag-guatemala-pais","entry"],"parsely":{"version":"1.1.0","canonical_url":"https:\/\/insightcrime.org\/es\/noticias\/analisis\/morales-empuja-a-guatemala-hacia-una-crisis-constitucional-para-deshacerse-de-la-cicig\/","smart_links":{"inbound":0,"outbound":0},"traffic_boost_suggestions_count":0,"meta":{"@context":"https:\/\/schema.org","@type":"NewsArticle","headline":"Morales empuja a Guatemala hacia una crisis constitucional para deshacerse de la CICIG","url":"http:\/\/insightcrime.org\/es\/noticias\/analisis\/morales-empuja-a-guatemala-hacia-una-crisis-constitucional-para-deshacerse-de-la-cicig\/","mainEntityOfPage":{"@type":"WebPage","@id":"http:\/\/insightcrime.org\/es\/noticias\/analisis\/morales-empuja-a-guatemala-hacia-una-crisis-constitucional-para-deshacerse-de-la-cicig\/"},"thumbnailUrl":"https:\/\/i0.wp.com\/insightcrime.org\/wp-content\/uploads\/2019\/01\/5c32b855eabc7.jpeg?resize=150%2C150&quality=100&ssl=1","image":{"@type":"ImageObject","url":"https:\/\/i0.wp.com\/insightcrime.org\/wp-content\/uploads\/2019\/01\/5c32b855eabc7.jpeg?fit=350%2C250&quality=100&ssl=1"},"articleSection":"An\u00e1lisis","author":[{"@type":"Person","name":"H\u00e9ctor Silva \u00c1valos"}],"creator":["H\u00e9ctor Silva \u00c1valos"],"publisher":{"@type":"Organization","name":"InSight Crime","logo":"https:\/\/insightcrime.org\/wp-content\/uploads\/2023\/08\/logo.png"},"keywords":["\u00e9lites y crimen","guatemala"],"dateCreated":"2019-01-09T21:53:40Z","datePublished":"2019-01-09T21:53:40Z","dateModified":"2023-04-24T21:33:10Z"},"rendered":"<meta name=\"parsely-title\" content=\"Morales empuja a Guatemala hacia una crisis constitucional para deshacerse de la CICIG\" \/>\n<meta name=\"parsely-link\" content=\"http:\/\/insightcrime.org\/es\/noticias\/analisis\/morales-empuja-a-guatemala-hacia-una-crisis-constitucional-para-deshacerse-de-la-cicig\/\" \/>\n<meta name=\"parsely-type\" content=\"post\" \/>\n<meta name=\"parsely-image-url\" content=\"https:\/\/i0.wp.com\/insightcrime.org\/wp-content\/uploads\/2019\/01\/5c32b855eabc7.jpeg?resize=150%2C150&amp;quality=100&amp;ssl=1\" \/>\n<meta name=\"parsely-pub-date\" content=\"2019-01-09T21:53:40Z\" \/>\n<meta name=\"parsely-section\" content=\"An\u00e1lisis\" \/>\n<meta name=\"parsely-tags\" content=\"\u00e9lites y crimen,guatemala\" \/>\n<meta name=\"parsely-author\" content=\"H\u00e9ctor Silva \u00c1valos\" \/>","tracker_url":"https:\/\/cdn.parsely.com\/keys\/insightcrime.org\/p.js"},"jetpack_sharing_enabled":true,"jetpack-related-posts":[{"id":141764,"url":"https:\/\/insightcrime.org\/es\/noticias\/batalla-guatemala-morales-cicig-no-ha-terminado\/","url_meta":{"origin":94076,"position":0},"title":"La batalla en Guatemala entre Morales y la CICIG a\u00fan no ha terminado","author":"Alex Papadovassilakis","date":"22 de abril de 2021","format":false,"excerpt":"El desmantelamiento de una comisi\u00f3n anticorrupci\u00f3n por parte del expresidente de Guatemala Jimmy Morales ha vuelto a irse contra \u00e9l, pues la fiscal\u00eda est\u00e1 pidiendo que se le despoje de inmunidad con el fin de decidir si cometi\u00f3 un acto ilegal al destituir al director de la comisi\u00f3n.","rel":"","context":"En \u00abNoticias\u00bb","block_context":{"text":"Noticias","link":"https:\/\/insightcrime.org\/es\/category\/noticias\/"},"img":{"alt_text":"","src":"https:\/\/i0.wp.com\/insightcrime.org\/wp-content\/uploads\/2021\/04\/86343158_gautap.jpg?fit=350%2C250&quality=100&ssl=1&resize=350%2C200","width":350,"height":200},"classes":[]},{"id":146060,"url":"https:\/\/insightcrime.org\/es\/noticias\/guatemala-retira-cargos-expresidente-detiene-fiscales-anticorrupcion\/","url_meta":{"origin":94076,"position":1},"title":"Guatemala retira cargos contra expresidente y detiene a fiscales anticorrupci\u00f3n","author":"Parker Asmann","date":"21 de mayo de 2021","format":false,"excerpt":"Guatemala parece haber hecho caso omiso de la presi\u00f3n internacional para que se tomen medidas en\u00e9rgicas contra la corrupci\u00f3n arraigada en el gobierno, con el retiro de cargos contra un expresidente en problemas el mismo d\u00eda que detuvo a sus principales investigadores contra la corrupci\u00f3n.","rel":"","context":"En \u00abNoticias\u00bb","block_context":{"text":"Noticias","link":"https:\/\/insightcrime.org\/es\/category\/noticias\/"},"img":{"alt_text":"","src":"https:\/\/i0.wp.com\/insightcrime.org\/wp-content\/uploads\/2021\/05\/2021-05-20-Juan-Francisco-Solo%CC%81rzano-Foppa.jpg?fit=350%2C250&quality=100&ssl=1&resize=350%2C200","width":350,"height":200},"classes":[]},{"id":125830,"url":"https:\/\/insightcrime.org\/es\/noticias\/fiscales-de-guatemala-asocian-dinero-ilicito-con-exministro\/","url_meta":{"origin":94076,"position":2},"title":"Fiscales de Guatemala asocian dinero il\u00edcito con exministro","author":"Parker Asmann","date":"21 de octubre de 2020","format":false,"excerpt":"Varios fiscales guatemaltecos afirman que un multimillonario decomiso de dinero en efectivo tiene relaci\u00f3n con un ministro que sirvi\u00f3 durante el mandato del expresidente Jimmy Morales. Con este ya son dos\u00a0los funcionarios de esa administraci\u00f3n que enfrentan cargos por lavado de dinero este a\u00f1o, y el primero en Guatemala.\u00a0","rel":"","context":"En \u00abNoticias\u00bb","block_context":{"text":"Noticias","link":"https:\/\/insightcrime.org\/es\/category\/noticias\/"},"img":{"alt_text":"","src":"https:\/\/i0.wp.com\/insightcrime.org\/wp-content\/uploads\/2020\/10\/20-10-20-Guate-Lavado.jpg?fit=350%2C250&quality=100&ssl=1&resize=350%2C200","width":350,"height":200},"classes":[]},{"id":126258,"url":"https:\/\/insightcrime.org\/es\/noticias\/ee-uu-corrupcion-guatemala\/","url_meta":{"origin":94076,"position":3},"title":"\u00bfVuelve EE. UU. a apoyar la lucha anticorrupci\u00f3n en Guatemala?","author":"H\u00e9ctor Silva \u00c1valos","date":"30 de octubre de 2020","format":false,"excerpt":"En lo que parece una vuelta al apoyo m\u00e1s decidido de Washington a la lucha anticorrupci\u00f3n en Guatemala, el Secretario de Estado de Donald Trump anunci\u00f3 la suspensi\u00f3n de visas a Felipe Alejos Lorenzana, vicepresidente del congreso guatemalteco y se\u00f1alado en casos de corrupci\u00f3n, a otra exdiputada y a los\u2026","rel":"","context":"En \u00abNoticias\u00bb","block_context":{"text":"Noticias","link":"https:\/\/insightcrime.org\/es\/category\/noticias\/"},"img":{"alt_text":"","src":"https:\/\/i0.wp.com\/insightcrime.org\/wp-content\/uploads\/2020\/10\/Felipe-Alejos-del-partido-Todos-primer-vicepresidente-del-Congreso-fotos-de-archivo-9-min-1.jpg?fit=350%2C250&quality=100&ssl=1&resize=350%2C200","width":350,"height":200},"classes":[]},{"id":130591,"url":"https:\/\/insightcrime.org\/es\/noticias\/embestida-infiltrar-altas-cortes-guatemala\/","url_meta":{"origin":94076,"position":4},"title":"\u00daltima embestida\u00a0de grupos pol\u00edticos\u00a0por infiltrar\u00a0altas cortes de Guatemala\u00a0","author":"H\u00e9ctor Silva \u00c1valos","date":"29 de enero de 2021","format":false,"excerpt":"El Congreso de Guatemala jurament\u00f3 a un juez al que la fiscal\u00eda investiga por delitos de corrupci\u00f3n como nuevo integrante de la Corte de Constitucionalidad, la m\u00e1xima autoridad judicial del pa\u00eds. La elecci\u00f3n\u00a0allana\u00a0la\u00a0infiltraci\u00f3n de grupos\u00a0de mafias pol\u00edticas\u00a0en la judicatura guatemalteca.","rel":"","context":"En \u00abNoticias\u00bb","block_context":{"text":"Noticias","link":"https:\/\/insightcrime.org\/es\/category\/noticias\/"},"img":{"alt_text":"","src":"https:\/\/i0.wp.com\/insightcrime.org\/wp-content\/uploads\/2021\/01\/21-01-28-Mynor-Moto-Guate.jpg?fit=350%2C250&quality=100&ssl=1&resize=350%2C200","width":350,"height":200},"classes":[]},{"id":232633,"url":"https:\/\/insightcrime.org\/es\/investigaciones\/camino-2023-ojeada-pasado-criminal-guatemala\/","url_meta":{"origin":94076,"position":5},"title":"El camino hacia 2023: Una ojeada al pasado criminal de Guatemala","author":"Steven Dudley","date":"21 de junio de 2023","format":false,"excerpt":"Los bloques criminales y corruptos que operan actualmente en Guatemala tienen sus or\u00edgenes en la guerra civil que vivi\u00f3 el pa\u00eds entre 1960 y 1996.","rel":"","context":"En \u00abInvestigaciones\u00bb","block_context":{"text":"Investigaciones","link":"https:\/\/insightcrime.org\/es\/category\/investigaciones\/"},"img":{"alt_text":"","src":"https:\/\/i0.wp.com\/insightcrime.org\/wp-content\/uploads\/2023\/09\/Covers-Guatemala-Elections-7-Jose-Efrain-Rios-2.png?fit=1200%2C576&quality=100&ssl=1&resize=350%2C200","width":350,"height":200,"srcset":"https:\/\/i0.wp.com\/insightcrime.org\/wp-content\/uploads\/2023\/09\/Covers-Guatemala-Elections-7-Jose-Efrain-Rios-2.png?fit=1200%2C576&quality=100&ssl=1&resize=350%2C200 1x, https:\/\/i0.wp.com\/insightcrime.org\/wp-content\/uploads\/2023\/09\/Covers-Guatemala-Elections-7-Jose-Efrain-Rios-2.png?fit=1200%2C576&quality=100&ssl=1&resize=525%2C300 1.5x, https:\/\/i0.wp.com\/insightcrime.org\/wp-content\/uploads\/2023\/09\/Covers-Guatemala-Elections-7-Jose-Efrain-Rios-2.png?fit=1200%2C576&quality=100&ssl=1&resize=700%2C400 2x, https:\/\/i0.wp.com\/insightcrime.org\/wp-content\/uploads\/2023\/09\/Covers-Guatemala-Elections-7-Jose-Efrain-Rios-2.png?fit=1200%2C576&quality=100&ssl=1&resize=1050%2C600 3x"},"classes":[]}],"jetpack_featured_media_url":"https:\/\/i0.wp.com\/insightcrime.org\/wp-content\/uploads\/2019\/01\/5c32b855eabc7.jpeg?fit=350%2C250&quality=100&ssl=1","_links":{"self":[{"href":"https:\/\/insightcrime.org\/es\/wp-json\/wp\/v2\/posts\/94076","targetHints":{"allow":["GET"]}}],"collection":[{"href":"https:\/\/insightcrime.org\/es\/wp-json\/wp\/v2\/posts"}],"about":[{"href":"https:\/\/insightcrime.org\/es\/wp-json\/wp\/v2\/types\/post"}],"author":[{"embeddable":true,"href":"https:\/\/insightcrime.org\/es\/wp-json\/wp\/v2\/users\/83"}],"replies":[{"embeddable":true,"href":"https:\/\/insightcrime.org\/es\/wp-json\/wp\/v2\/comments?post=94076"}],"version-history":[{"count":5,"href":"https:\/\/insightcrime.org\/es\/wp-json\/wp\/v2\/posts\/94076\/revisions"}],"predecessor-version":[{"id":94144,"href":"https:\/\/insightcrime.org\/es\/wp-json\/wp\/v2\/posts\/94076\/revisions\/94144"}],"wp:featuredmedia":[{"embeddable":true,"href":"https:\/\/insightcrime.org\/es\/wp-json\/wp\/v2\/media\/94080"}],"wp:attachment":[{"href":"https:\/\/insightcrime.org\/es\/wp-json\/wp\/v2\/media?parent=94076"}],"wp:term":[{"taxonomy":"category","embeddable":true,"href":"https:\/\/insightcrime.org\/es\/wp-json\/wp\/v2\/categories?post=94076"},{"taxonomy":"post_tag","embeddable":true,"href":"https:\/\/insightcrime.org\/es\/wp-json\/wp\/v2\/tags?post=94076"},{"taxonomy":"newspack_spnsrs_tax","embeddable":true,"href":"https:\/\/insightcrime.org\/es\/wp-json\/wp\/v2\/newspack_spnsrs_tax?post=94076"},{"taxonomy":"author","embeddable":true,"href":"https:\/\/insightcrime.org\/es\/wp-json\/wp\/v2\/coauthors?post=94076"}],"curies":[{"name":"wp","href":"https:\/\/api.w.org\/{rel}","templated":true}]}}