{"id":94526,"date":"2019-01-18T00:00:00","date_gmt":"2019-01-18T05:00:00","guid":{"rendered":"https:\/\/insightcrime.org\/?p=94526"},"modified":"2026-03-12T17:47:33","modified_gmt":"2026-03-12T22:47:33","slug":"walter-patricio-arizala-alias-guacho","status":"publish","type":"post","link":"https:\/\/insightcrime.org\/es\/colombia-organized-crime-news\/walter-patricio-arizala-alias-guacho\/","title":{"rendered":"Walter Patricio Arizala, alias \u201cGuacho\u201d"},"content":{"rendered":"\n<p class=\"wp-block-paragraph\">Walter Patricio Arizala, alias \u201cGuacho\u201d, era uno de los criminales m\u00e1s buscados por las autoridades de Colombia y Ecuador, convertido en objetivo militar prioritario para sus fuerzas de seguridad. Guacho lideraba la disidencia del \u201cFrente \u00d3liver Sinisterra\u201d, a la que se le atribuye el asesinato de <a href=\"https:\/\/www.eltiempo.com\/justicia\/conflicto-y-narcotrafico\/lo-que-hay-tras-el-asesinato-de-tres-periodistas-ecuatorianos-secuestrados-205300\">tres periodistas ecuatorianos<\/a> y la <a href=\"https:\/\/www.semana.com\/nacion\/articulo\/masacre-de-campesinos-en-tumaco-que-se-sabe\/543050\">masacre de ocho cocaleros<\/a> en el departamento de Nari\u00f1o, al sur occidente de Colombia y en la frontera con Ecuador.<\/p>\n\n\n\n<p class=\"wp-block-paragraph\">Si bien esta disidencia se autodenomina como una <a href=\"https:\/\/noticias.canalrcn.com\/tags\/entrevista-guacho\">guerrilla activa de las FARC<\/a>, su estructura criminal responde a la definici\u00f3n de ex-FARC mafia, y su accionar obedece al control del narcotr\u00e1fico en uno de los territorios con mayor capacidad para el cultivo y exportaci\u00f3n de coca en&nbsp; Colombia.<\/p>\n\n\n\n<h3 class=\"wp-block-heading\">Historia<\/h3>\n\n\n\n<p class=\"wp-block-paragraph\">Alias Guacho naci\u00f3 el 9 de noviembre de 1989 en la provincia de Esmeraldas, Ecuador, al l\u00edmite de la frontera con Colombia. All\u00ed <a href=\"http:\/\/www.wradio.com.co\/noticias\/actualidad\/quien-es-alias-guacho\/20180413\/nota\/3737044.aspx\">se dedic\u00f3 al comercio<\/a> antes de vincularse a las FARC, en donde combati\u00f3 por una d\u00e9cada.<\/p>\n\n\n\n<p class=\"wp-block-paragraph\">En 2007 fue reclutado por la Columna M\u00f3vil Daniel Aldana (CMDA), que operaba en la costa pac\u00edfica del departamento de Nari\u00f1o, Colombia. El \u00e1rea de acci\u00f3n de la escuadra en la que participaba Guacho <a href=\"https:\/\/noticias.canalrcn.com\/tags\/entrevista-guacho\">se mov\u00eda entre el Alto y Bajo r\u00edo Mira<\/a>, zona que concentra la mayor cantidad de cultivos il\u00edcitos en Colombia.<\/p>\n\n\n\n<p class=\"wp-block-paragraph\">Dentro de las extintas FARC se desempe\u00f1\u00f3 como <a href=\"http:\/\/m.elcolombiano.com\/internacional\/america-latina\/perfil-de-guacho-quien-secuestro-y-asesino-a-periodistas-ecuatorianos-EN8539987\">organizador de masas, jefe financiero y explosivista<\/a>. Fue el consentido de Gustavo Gonz\u00e1lez S\u00e1nchez, alias \u201cRambo\u201d, <a href=\"https:\/\/es.insightcrime.org\/noticias\/analisis\/mafia-ex-farc-es-perseguida-por-colombia-y-ecuador-tras-el-asesinato-de-periodistas-secuestrados\/\">comandante de la CMDA<\/a> con 30 a\u00f1os de experiencia en la guerra. A su lado, Guacho aprendi\u00f3 gran parte de lo requerido para estar en la guerra y en el negocio de la droga.<\/p>\n\n\n\n<p class=\"wp-block-paragraph\">En 2016 se desmoviliz\u00f3 y se acogi\u00f3 al proceso de paz, raz\u00f3n por la cual pas\u00f3 cuatro meses en la zona veredal Transitoria de El Play\u00f3n, en Tumaco. Sin embargo, decidi\u00f3 salirse porque, seg\u00fan \u00e9l, <a href=\"https:\/\/noticias.canalrcn.com\/nacional-pais\/estuve-zona-veredal-del-playon-estuve-las-farc-10-anos-alias-guacho\">solamente los altos mandos guerrilleros saldr\u00edan beneficiados<\/a>.<\/p>\n\n\n\n<p class=\"wp-block-paragraph\">Bajo este argumento, Guacho cre\u00f3 la disidencia Frente \u00d3liver Sinisterra, nombre que pretendi\u00f3 hacer homenaje al que fuera el <a href=\"https:\/\/www.elpais.com.co\/judicial\/murio-en-operacion-militar-oliver-el-cabecilla-de-las-farc-en-narino.html\">tercero al mando de la CMDA<\/a>. Inicialmente la disidencia ten\u00eda 250 personas armadas, sumado a los milicianos ubicados en sus zonas de influencia. Actualmente, la Fiscal\u00eda habla de m\u00e1s de 300 hombres y, la <a href=\"http:\/\/pares.com.co\/wp-content\/uploads\/2018\/06\/Informe-Pac%C3%ADfico.pdf\">Fundaci\u00f3n Ideas para la Paz contabiliza 500<\/a>. Entre las armas que portan hay <a href=\"https:\/\/www.noticiasrcn.com\/tags\/entrevista-guacho\">fusiles Colt R-15 y M-16, lanzagranadas M-4 y pistolas Pietro Beretta<\/a>, las cuales se cree proceden de <a href=\"https:\/\/www.elespectador.com\/noticias\/judicial\/guacho-el-disidente-de-25-anos-que-tiene-en-jaque-colombia-y-ecuador-articulo-751563\">Centroam\u00e9rica y Ecuador<\/a>.<\/p>\n\n\n\n<p class=\"wp-block-paragraph\">Pese a que Guacho afirm\u00f3: \u201c<a href=\"https:\/\/www.noticiasrcn.com\/tags\/entrevista-guacho\"><em>no somos disidentes, somos guerrilleros activos todav\u00eda<\/em><\/a><em>\u201c<\/em>, no hay evidencia de una actividad pol\u00edtico-militar orientada a la lucha insurgente. Desde su rearme, el Frente \u00d3liver Sinisterra se apoder\u00f3 de las viejas rutas, cultivos, redes de laboratorios y contactos transnacionales que la CMDA usaba para el narcotr\u00e1fico.<\/p>\n\n\n\n<p class=\"wp-block-paragraph\">Fue as\u00ed como este frente logr\u00f3 obtener el control de las rutas del narcotr\u00e1fico que salen del sur de Colombia hacia Centroam\u00e9rica y Suram\u00e9rica. Tambi\u00e9n se presume que usa el puerto de <a href=\"https:\/\/es.insightcrime.org\/noticias\/noticias-del-dia\/atentado-con-cochebomba-indica-que-tacticas-guerrilleras-de-colombia-se-expanden-a-ecuador\/\">San Lorenzo<\/a> en Esmeraldas, ubicado en la costa norte de Ecuador, como punto de tr\u00e1nsito y centro log\u00edstico. All\u00ed, precisamente, se ubic\u00f3 uno de los carros bomba que Guacho puso a principio de 2018, lo que indicar\u00eda la importancia que tiene la zona para los disidentes.<\/p>\n\n\n\n<p class=\"wp-block-paragraph\">Adicionalmente, esta estructura criminal se constituy\u00f3 como el proveedor principal de coca\u00edna del <a href=\"https:\/\/www.elespectador.com\/noticias\/judicial\/alias-guacho-es-el-brazo-armado-del-cartel-de-sinaloa-fiscal-general-articulo-751119\">Cartel de Sinaloa<\/a> en M\u00e9xico, lo que significa que realizan operaciones millonarias que podr\u00edan ascender a los US$25 millones a la semana.<\/p>\n\n\n\n<p class=\"wp-block-paragraph\">En respuesta a la persistente criminalidad en esta regi\u00f3n colombiana, el ex presidente Juan Manuel Santos lanz\u00f3 en 2017 la <a href=\"https:\/\/www.eltiempo.com\/colombia\/otras-ciudades\/juan-manuel-santos-inicia-el-plan-atlas-contra-el-delito-en-tumaco-143500\">operaci\u00f3n militar Atlas<\/a>, la cual agrupo a 9.000 militares y polic\u00edas que pretenden atacar todos los eslabones del narcotr\u00e1fico.<\/p>\n\n\n\n<p class=\"wp-block-paragraph\">En septiembre de 2018, el reci\u00e9n posesionado presidente Iv\u00e1n Duque se\u00f1al\u00f3 que, en el marco de la <a href=\"https:\/\/www.eltiempo.com\/justicia\/conflicto-y-narcotrafico\/comandante-de-fuerzas-militares-no-puede-confirmar-si-guacho-esta-herido-270074\">operaci\u00f3n \u201dAnguila\u2019<\/a>\u201d en la regi\u00f3n del Tri\u00e1ngulo de Telemb\u00ed en la costa pac\u00edfica de Nari\u00f1o, Guacho habr\u00eda sido herido. Sin embargo, esta informaci\u00f3n no pudo ser confirmada por el entonces comandante de las Fuerzas Militares de Colombia, general Alberto Jos\u00e9 Mej\u00eda.<\/p>\n\n\n\n<p class=\"wp-block-paragraph\">La declaraci\u00f3n de Guacho como objetivo prioritario, sumado a la disputa por el control de rutas con otros grupos criminales como las Guerrillas Unidad del Pac\u00edfico y la p\u00e9rdida de varios cargamentos de droga, le signific\u00f3 a este criminal terminar sus d\u00edas aislado y escondido en un resguardo ind\u00edgena del corregimiento de Llorente, Tumaco.<\/p>\n\n\n\n<p class=\"wp-block-paragraph\">Finalmente, el 21 de diciembre de 2018 el l\u00edder del Frente \u00d3liver Sinisterra fue muerto en el marco de una operaci\u00f3n conjunta de las Fuerzas Militares, la Polic\u00eda Nacional y la Fiscal\u00eda General.<\/p>\n\n\n\n<p class=\"wp-block-paragraph\">\u201cGracias a informaci\u00f3n de inteligencia y el despliegue estrat\u00e9gico de las tropas en la vereda Az\u00facar-Piedra Fina del municipio de Tumaco (Nari\u00f1o), se logr\u00f3 la localizaci\u00f3n de alias \u2018Guacho\u2019, dando fin a 11 a\u00f1os de carrera criminal de uno de los delincuentes m\u00e1s buscados en zona de frontera entre Colombia y Ecuador\u201d, <a href=\"https:\/\/www.mindefensa.gov.co\/irj\/portal\/Mindefensa\/contenido\/noticiamdn?idXml=50f2bc50-3be8-3610-f895-8ac7427a4b05&amp;date=21112018\">dijo<\/a> el Ministro de Defensa colombiano.<\/p>\n\n\n\n<p class=\"wp-block-paragraph\">Se cree que perdi\u00f3 40 por ciento de sus hombres entre capturas y neutralizaciones realizadas por la fuerza p\u00fablica. Tambi\u00e9n fueron destruidos 130 de sus laboratorios, dos de ellos subterr\u00e1neos, un <a href=\"https:\/\/www.eltiempo.com\/justicia\/delitos\/submarino-financiado-por-el-cartel-de-sinaloa-227356\">submarino semisumergible<\/a> perteneciente al Cartel de Sinaloa, y la incautaci\u00f3n de m\u00e1s de 50 toneladas de coca\u00edna.<\/p>\n\n\n\n<h3 class=\"wp-block-heading\">Actividad criminal<\/h3>\n\n\n\n<p class=\"wp-block-paragraph\">Guacho delinqui\u00f3 durante 10 a\u00f1os en la CMDA. Esta estructura fue responsable de victimizar a gran parte de la poblaci\u00f3n de Nari\u00f1o, por medio de homicidios, desplazamientos, siembra de minas antipersona, amenazas, cobro de impuestos ilegales y control de cultivos y laboratorios de droga de la regi\u00f3n. Su capacidad militar y financiera, fueron factores determinantes para ser vista ante la opini\u00f3n p\u00fablica como una de las unidades de las FARC m\u00e1s temidas en Colombia.<\/p>\n\n\n\n<p class=\"wp-block-paragraph\">Como integrante de la ex guerrilla, Guacho adelant\u00f3 <a href=\"http:\/\/www.eltiempo.com\/justicia\/conflicto-y-narcotrafico\/walter-patricio-arisala-jefe-de-disidencia-de-las-farc-senalado-del-crimen-es-ecuador-138358\">un curso de fuerzas especiales en el exterior<\/a>, lo cual le permiti\u00f3 adquirir experiencia en el manejo de explosivos y posteriormente coordinar varios ataques contra la Fuerza P\u00fablica en el sur del pa\u00eds, como el ocurrido en <a href=\"http:\/\/caracol.com.co\/radio\/2013\/07\/30\/judicial\/1375167420_941704.html\">2013<\/a>, cuando result\u00f3 muerto un soldado del Batall\u00f3n de Infanter\u00eda de Marina Numero 4 ubicado en Tumaco, y otros tres fueron heridos, como consecuencia de una carga explosiva. &nbsp;Seg\u00fan las autoridades, para 2012 ya era el cabecilla de escuadra y <a href=\"https:\/\/www.mindefensa.gov.co\/irj\/portal\/Mindefensa\/contenido\/noticiamdn?idXml=50f2bc50-3be8-3610-f895-8ac7427a4b05&amp;date=21112018\">comandante financiero<\/a> de la CMDA.<\/p>\n\n\n\n<p class=\"wp-block-paragraph\">Luego de su declaraci\u00f3n como disidente de las FARC, Guacho decide tomar el control del territorio fronterizo con Ecuador, lo que le permiti\u00f3 acceder no s\u00f3lo a cientos de cultivos il\u00edcitos sino tambi\u00e9n a laboratorios de droga y a un punto de partida para el tr\u00e1fico internacional.<\/p>\n\n\n\n<p class=\"wp-block-paragraph\">A medida que ampli\u00f3 el control de distintos pueblos y territorios con protecci\u00f3n por la ley colombiana, este criminal ampli\u00f3 su radar de acci\u00f3n, as\u00ed como la victimizaci\u00f3n a las poblaciones residentes. Varios pobladores le se\u00f1alaron a InSight Crime que para el 2017, ya hab\u00eda reclutado a varios ni\u00f1os y j\u00f3venes de la regi\u00f3n.<\/p>\n\n\n\n<p class=\"wp-block-paragraph\">El accionar de su estructura disidente no estaba enmarcado en una lucha subversiva en defensa de ideales pol\u00edticos, sino fundamentalmente en la protecci\u00f3n del narcotr\u00e1fico. En este sentido, sus distintas acciones violentas estaban orientadas a obstaculizar las operaciones antinarc\u00f3ticos de la fuerza p\u00fablica y a minar la implementaci\u00f3n del programa de erradicaci\u00f3n y sustituci\u00f3n de cultivos il\u00edcitos pactado en el acuerdo de paz.<\/p>\n\n\n\n<p class=\"wp-block-paragraph\">En abril de 2017, Guacho fue se\u00f1alado como el responsable del <a href=\"https:\/\/www.elpais.com.co\/judicial\/liberan-a-doce-policias-que-habian-sido-retenidos-en-zona-rural-de-tumaco.html\">secuestro<\/a> durante 24 horas de dos polic\u00edas, que junto con otras 43 personas m\u00e1s, participaban en un agresivo proceso de erradicaci\u00f3n de cultivos de coca en Llorente, zona rural de Tumaco y punto central para la negociaci\u00f3n y comercio de la droga.<\/p>\n\n\n\n<p class=\"wp-block-paragraph\">Tambi\u00e9n se le responsabilizaba por <a href=\"https:\/\/www.elheraldo.co\/colombia\/tension-en-tumaco-por-muerte-de-seis-personas-y-52-heridas-409341\">la masacre<\/a> ocurrida en la vereda Puerto Rico, zona rural de Tumaco, en la que murieron seis personas y 52 resultaron heridas, luego de la confrontaci\u00f3n con la fuerza p\u00fablica en el contexto de las tensiones generadas por la erradicaci\u00f3n forzada versus la sustituci\u00f3n de cultivos il\u00edcitos en la regi\u00f3n.<\/p>\n\n\n\n<p class=\"wp-block-paragraph\">En el lado ecuatoriano, sus acciones criminales est\u00e1n relacionadas con el reclutamiento forzado, as\u00ed como con la colocaci\u00f3n de un carro bomba contra la Estaci\u00f3n de Polic\u00eda de San Lorenzo en Esmeraldas, donde resultaron 28 personas heridas.<\/p>\n\n\n\n<p class=\"wp-block-paragraph\">Sin embargo, lo que puso a alias Guacho en el radar de la opini\u00f3n p\u00fablica internacional fue el <a href=\"https:\/\/es.insightcrime.org\/noticias\/analisis\/mafia-ex-farc-es-perseguida-por-colombia-y-ecuador-tras-el-asesinato-de-periodistas-secuestrados\/\">secuestro y asesinato<\/a> de tres periodistas de diario El Comercio de Ecuador y el homicidio de una pareja de ecuatorianos.<\/p>\n\n\n\n<h3 class=\"wp-block-heading\">Geograf\u00eda<\/h3>\n\n\n\n<p class=\"wp-block-paragraph\">La vida criminal de Guacho, durante su participaci\u00f3n en la CMDA, se ubic\u00f3 entre <a href=\"http:\/\/www.ideaspaz.org\/publications\/posts\/926\">Tumaco<\/a> en Colombia y algunos pueblos fronterizos de la provincia de Esmeraldas en Ecuador.<\/p>\n\n\n\n<p class=\"wp-block-paragraph\">Como l\u00edder del Frente \u00d3liver Sinisterra de las ex-FARC mafia, se manten\u00eda en la frontera colombo-ecuatoriana, particularmente en r\u00edos Mira, Mataje; en el corregimiento de Llorente; las veredas El az\u00facar, Vallenato, Los Cocos, El Play\u00f3n, la Corozala, La Aduana, Yarumala; e intent\u00f3 expandirse hacia diferentes municipios como Roberto Pay\u00e1n, tambi\u00e9n ubicado en la costa pac\u00edfica de Nari\u00f1o en Colombia.<\/p>\n\n\n\n<p class=\"wp-block-paragraph\">Por el lado ecuatoriano realiz\u00f3 acciones ofensivas en San Lorenzo, Esmeraldas.<\/p>\n\n\n\n<h3 class=\"wp-block-heading\">Amigos y enemigos<\/h3>\n\n\n\n<p class=\"wp-block-paragraph\">Dentro de los aliados que tuvo Guacho destacan el Cartel de Sinaloa, su principal socio comercial. As\u00ed mismo, a Miguel Botache Santillana, alias \u201cGentil Duarte\u201d, comandante del Frente Primero, tambi\u00e9n ser\u00eda uno de sus socios.<\/p>\n\n\n\n<p class=\"wp-block-paragraph\">Pero sus enemigos son muchos. Los cuerpos de seguridad de Ecuador y Colombia concentraron todas sus fuerzas militares en la zona fronteriza para neutralizar a Guacho y sus hombres. Adem\u00e1s estaban las denominadas <a href=\"https:\/\/www.semana.com\/nacion\/articulo\/los-otros-enemigos-de-guacho\/569754\">Guerrillas Unidas del Pac\u00edfico (GUP), y el grupo criminal Renace<\/a>r, dos de las principales organizaciones criminales que le disputaban a Guacho el territorio y control del narcotr\u00e1fico en la regi\u00f3n<a href=\"#_ftn1\" name=\"_ftnref1\">[1]<\/a>.<\/p>\n\n\n\n<p class=\"wp-block-paragraph\">\u201cEl Clan del Golfo\u201d, \u201cLos Negritos\u201d, el \u201cNuevo Grupo\u201d, \u201cLa Empresa\u201d, \u201cLa Gente del Orden\u201d y el ELN, que tambi\u00e9n comparten territorio con Guacho, eran otros de sus posibles rivales.<\/p>\n\n\n\n<h3 class=\"wp-block-heading\">Perspectiva<\/h3>\n\n\n\n<p class=\"wp-block-paragraph\">Si bien Guacho controlaba las rutas y cultivos de narcotr\u00e1fico que funcionan entre Tumaco y Esmeraldas, era evidente que la respuesta estatal hab\u00eda disminuido su capacidad militar, libertad de movimiento y su fortaleza financiera.<\/p>\n\n\n\n<p class=\"wp-block-paragraph\">Su salida del panorama criminal representa un riesgo para el Frente \u00d3liver Sinisterra, toda vez que este podr\u00eda permitir que otras organizaciones criminales le quiten el control sobre este territorio estrat\u00e9gico y hereden las fases del narcotr\u00e1fico y los contactos que Guacho ten\u00eda con el Cartel de Sinaloa.<\/p>\n\n\n\n<p class=\"wp-block-paragraph\">Sin embargo, esto no significa una reducci\u00f3n en el negocio del narcotr\u00e1fico, por el contrario, esto quita la presi\u00f3n que sobre el gobierno nacional hay por demostrar resultados sobre una actividad que actualmente tiene los m\u00e1s altos rendimientos econ\u00f3micos.<\/p>\n","protected":false},"excerpt":{"rendered":"<p>Walter Patricio Arizala, alias \u201cGuacho,\u201d was one of the most wanted criminals in both Colombia and Ecuador, after military forces made him a priority target. Guacho led the dissident members of the Oliver Sinisterra Front of what used to be the Revolutionary Armed Forces of Colombia (Fuerzas Armadas Revolucionarias de Colombia \u2013 FARC).<\/p>\n<p>\n","protected":false},"author":188,"featured_media":94520,"comment_status":"closed","ping_status":"closed","sticky":false,"template":"","format":"standard","meta":{"newspack_ads_suppress_ads":false,"newspack_popups_has_disabled_popups":false,"newspack_sponsor_sponsorship_scope":"","newspack_sponsor_native_byline_display":"inherit","newspack_sponsor_native_category_display":"inherit","newspack_sponsor_underwriter_style":"inherit","newspack_sponsor_underwriter_placement":"inherit","_EventAllDay":false,"_EventTimezone":"","_EventStartDate":"","_EventEndDate":"","_EventStartDateUTC":"","_EventEndDateUTC":"","_EventShowMap":false,"_EventShowMapLink":false,"_EventURL":"","_EventCost":"","_EventCostDescription":"","_EventCurrencySymbol":"","_EventCurrencyCode":"","_EventCurrencyPosition":"","_EventDateTimeSeparator":"","_EventTimeRangeSeparator":"","_EventOrganizerID":[],"_EventVenueID":[],"_OrganizerEmail":"","_OrganizerPhone":"","_OrganizerWebsite":"","_VenueAddress":"","_VenueCity":"","_VenueCountry":"","_VenueProvince":"","_VenueState":"","_VenueZip":"","_VenuePhone":"","_VenueURL":"","_VenueStateProvince":"","_VenueLat":"","_VenueLng":"","_VenueShowMap":false,"_VenueShowMapLink":false,"_newspack_byline_active":false,"_newspack_byline":"","newspack_hide_updated_date":false,"newspack_show_updated_date":false,"newspack_featured_image_position":"","newspack_post_subtitle":"","newspack_article_summary_title":"Overview:","newspack_article_summary":"","_jetpack_memberships_contains_paid_content":false,"footnotes":""},"categories":[330],"tags":[547,547,3361,3361,3360,3360,579],"newspack_spnsrs_tax":[],"coauthors":[4351],"class_list":["post-94526","post","type-post","status-publish","format-standard","has-post-thumbnail","hentry","category-colombia-organized-crime-news","tag-colombia","tag-colombia-mafia","tag-ex-farc-mafia","tag-colombia-personalities","entry"],"parsely":{"version":"1.1.0","canonical_url":"https:\/\/insightcrime.org\/es\/colombia-organized-crime-news\/walter-patricio-arizala-alias-guacho\/","smart_links":{"inbound":0,"outbound":0},"traffic_boost_suggestions_count":0,"meta":{"@context":"https:\/\/schema.org","@type":"NewsArticle","headline":"Walter Patricio Arizala, alias \u201cGuacho\u201d","url":"http:\/\/insightcrime.org\/es\/colombia-organized-crime-news\/walter-patricio-arizala-alias-guacho\/","mainEntityOfPage":{"@type":"WebPage","@id":"http:\/\/insightcrime.org\/es\/colombia-organized-crime-news\/walter-patricio-arizala-alias-guacho\/"},"thumbnailUrl":"https:\/\/i0.wp.com\/insightcrime.org\/wp-content\/uploads\/2019\/01\/Alias-GuachoColombia-English.jpg?resize=150%2C150&quality=100&ssl=1","image":{"@type":"ImageObject","url":"https:\/\/i0.wp.com\/insightcrime.org\/wp-content\/uploads\/2019\/01\/Alias-GuachoColombia-English.jpg?fit=450%2C350&quality=100&ssl=1"},"articleSection":"Colombia","author":[{"@type":"Person","name":"InSight Crime"}],"creator":["InSight Crime"],"publisher":{"@type":"Organization","name":"InSight Crime","logo":"https:\/\/insightcrime.org\/wp-content\/uploads\/2023\/08\/logo.png"},"keywords":["colombia","colombia mafia","ex-farc mafia","personajes de colombia"],"dateCreated":"2019-01-18T05:00:00Z","datePublished":"2019-01-18T05:00:00Z","dateModified":"2026-03-12T22:47:33Z"},"rendered":"<meta name=\"parsely-title\" content=\"Walter Patricio Arizala, alias \u201cGuacho\u201d\" \/>\n<meta name=\"parsely-link\" content=\"http:\/\/insightcrime.org\/es\/colombia-organized-crime-news\/walter-patricio-arizala-alias-guacho\/\" \/>\n<meta name=\"parsely-type\" content=\"post\" \/>\n<meta name=\"parsely-image-url\" content=\"https:\/\/i0.wp.com\/insightcrime.org\/wp-content\/uploads\/2019\/01\/Alias-GuachoColombia-English.jpg?resize=150%2C150&amp;quality=100&amp;ssl=1\" \/>\n<meta name=\"parsely-pub-date\" content=\"2019-01-18T05:00:00Z\" \/>\n<meta name=\"parsely-section\" content=\"Colombia\" \/>\n<meta name=\"parsely-tags\" content=\"colombia,colombia mafia,ex-farc mafia,personajes de colombia\" \/>\n<meta name=\"parsely-author\" content=\"InSight Crime\" \/>","tracker_url":"https:\/\/cdn.parsely.com\/keys\/insightcrime.org\/p.js"},"jetpack_sharing_enabled":true,"jetpack-related-posts":[{"id":191515,"url":"https:\/\/insightcrime.org\/es\/noticias\/muerte-ivan-mordisco-fragmenta-disidencias-farc-colombia\/","url_meta":{"origin":94526,"position":0},"title":"Muerte de Iv\u00e1n Mordisco fragmenta las disidencias de las FARC en Colombia","author":"Juan Diego Posada","date":"15 de julio de 2022","format":false,"excerpt":"La muerte de uno de los \u00faltimos cabecillas de las ex\u2013FARC mafia podr\u00eda significar el rompimiento total de las disidencias en Colombia. \u00bfLleg\u00f3 el punto de quiebre?","rel":"","context":"En \u00abNoticias\u00bb","block_context":{"text":"Noticias","link":"https:\/\/insightcrime.org\/es\/category\/noticias\/"},"img":{"alt_text":"Diego Molano, Ministro de Defensa de Colombia, presenta la muerte de Iv\u00e1n Mordisco","src":"https:\/\/i0.wp.com\/insightcrime.org\/wp-content\/uploads\/2022\/07\/Rueda-de-prensa-Mordisco.jpg?fit=350%2C250&quality=100&ssl=1&resize=350%2C200","width":350,"height":200},"classes":[]},{"id":273228,"url":"https:\/\/insightcrime.org\/es\/news\/ex-farc-mafia-consolida-gobernanza-criminal-traves-carnetizacion-colombia\/","url_meta":{"origin":94526,"position":1},"title":"Disidencias FARC consolidan gobernanza criminal a trav\u00e9s de carnetizaci\u00f3n en Colombia","author":"Juan Camilo Jaramillo","date":"8 de abril de 2024","format":false,"excerpt":"La exigencia de un documento de identificaci\u00f3n por parte de las ex-FARC mafia en Colombia es la muestra m\u00e1s reciente del fortalecimiento y expansi\u00f3n territorial que varios grupos criminales vienen llevando a cabo en medio de los procesos de negociaci\u00f3n con el gobierno. En el transcurso de un debate en\u2026","rel":"","context":"En \u00abNews\u00bb","block_context":{"text":"News","link":"https:\/\/insightcrime.org\/category\/news\/"},"img":{"alt_text":"","src":"https:\/\/i0.wp.com\/insightcrime.org\/wp-content\/uploads\/2024\/04\/Colombia-ex-farc-mafia-issue-IDs-el-colombiano.jpg?fit=345%2C250&quality=100&ssl=1&resize=350%2C200","width":350,"height":200},"classes":[]},{"id":79860,"url":"https:\/\/insightcrime.org\/es\/noticias-crimen-organizado-colombia\/gener-garcia-molina-alias-jhon-40\/","url_meta":{"origin":94526,"position":2},"title":"Ge\u0301ner Garci\u0301a Molina, alias &#8216;John 40&#8217;","author":"InSight Crime","date":"20 de enero de 2023","format":false,"excerpt":"G\u00e9ner Garc\u00eda Molina, alias \u201cJohn 40\u201d, fue uno de los comandantes m\u00e1s criminalizados de las Fuerzas Armadas Revolucionarias de Colombia (FARC). Seducido por los recursos provenientes del narcotr\u00e1fico nunca se acogi\u00f3 al Proceso de Paz entre la guerrilla y el gobierno de Colombia firmado en 2016.","rel":"","context":"En \u00abColombia\u00bb","block_context":{"text":"Colombia","link":"https:\/\/insightcrime.org\/es\/category\/noticias-crimen-organizado-colombia\/"},"img":{"alt_text":"Perfil criminal - G\u00e9ner Garc\u00eda Molina, alias \u2018John 40\u2019 - Colombia.","src":"https:\/\/i0.wp.com\/insightcrime.org\/wp-content\/uploads\/2026\/08\/Perfil-Criminal-Alias-John-40-Colombia.jpg?fit=1200%2C900&quality=100&ssl=1&resize=350%2C200","width":350,"height":200,"srcset":"https:\/\/i0.wp.com\/insightcrime.org\/wp-content\/uploads\/2026\/08\/Perfil-Criminal-Alias-John-40-Colombia.jpg?fit=1200%2C900&quality=100&ssl=1&resize=350%2C200 1x, https:\/\/i0.wp.com\/insightcrime.org\/wp-content\/uploads\/2026\/08\/Perfil-Criminal-Alias-John-40-Colombia.jpg?fit=1200%2C900&quality=100&ssl=1&resize=525%2C300 1.5x, https:\/\/i0.wp.com\/insightcrime.org\/wp-content\/uploads\/2026\/08\/Perfil-Criminal-Alias-John-40-Colombia.jpg?fit=1200%2C900&quality=100&ssl=1&resize=700%2C400 2x, https:\/\/i0.wp.com\/insightcrime.org\/wp-content\/uploads\/2026\/08\/Perfil-Criminal-Alias-John-40-Colombia.jpg?fit=1200%2C900&quality=100&ssl=1&resize=1050%2C600 3x"},"classes":[]},{"id":107174,"url":"https:\/\/insightcrime.org\/es\/colombia-organized-crime-news\/leider-johani-noscue-alias-mayimbu\/","url_meta":{"origin":94526,"position":3},"title":"Leider Johani Noscue, alias &#8216;Mayimb\u00fa&#8217;","author":"InSight Crime","date":"13 de junio de 2022","format":false,"excerpt":"Leider Noscue, conocido por el alias de \u201cMayimb\u00fa\u201d, es actualmente uno de los objetivos militares de mayor valor en el departamento de Cauca, al occidente de Colombia.","rel":"","context":"En \u00abColombia\u00bb","block_context":{"text":"Colombia","link":"https:\/\/insightcrime.org\/category\/colombia-organized-crime-news\/"},"img":{"alt_text":"Perfil criminal - Leider Johani Noscue, alias 'Mayimb\u00fa' - Colombia.","src":"https:\/\/i0.wp.com\/insightcrime.org\/wp-content\/uploads\/2026\/08\/Perfil-Criminal-Alias-Mayimbu-Colombia.jpg?fit=1200%2C900&quality=100&ssl=1&resize=350%2C200","width":350,"height":200,"srcset":"https:\/\/i0.wp.com\/insightcrime.org\/wp-content\/uploads\/2026\/08\/Perfil-Criminal-Alias-Mayimbu-Colombia.jpg?fit=1200%2C900&quality=100&ssl=1&resize=350%2C200 1x, https:\/\/i0.wp.com\/insightcrime.org\/wp-content\/uploads\/2026\/08\/Perfil-Criminal-Alias-Mayimbu-Colombia.jpg?fit=1200%2C900&quality=100&ssl=1&resize=525%2C300 1.5x, https:\/\/i0.wp.com\/insightcrime.org\/wp-content\/uploads\/2026\/08\/Perfil-Criminal-Alias-Mayimbu-Colombia.jpg?fit=1200%2C900&quality=100&ssl=1&resize=700%2C400 2x, https:\/\/i0.wp.com\/insightcrime.org\/wp-content\/uploads\/2026\/08\/Perfil-Criminal-Alias-Mayimbu-Colombia.jpg?fit=1200%2C900&quality=100&ssl=1&resize=1050%2C600 3x"},"classes":[]},{"id":201587,"url":"https:\/\/insightcrime.org\/es\/noticias\/granadas-minas-antipersonales-ecuador-sigue-siendo-arsenal-exfarc-mafia\/","url_meta":{"origin":94526,"position":4},"title":"Granadas y minas antipersona: Ecuador sigue siendo el arsenal de las Ex-FARC Mafia","author":"Chris Dalby","date":"14 de octubre de 2022","format":false,"excerpt":"En el norte de Ecuador siguen encontr\u00e1ndose alijos de armas de tipo militar, incluidas granadas y minas antipersona, un indicio de que los grupos armados colombianos siguen usando el pa\u00eds como puesto de avanzada estrat\u00e9gico.","rel":"","context":"En \u00abNoticias\u00bb","block_context":{"text":"Noticias","link":"https:\/\/insightcrime.org\/es\/category\/noticias\/"},"img":{"alt_text":"Soldado ecuatoriano examina minas antipersona cerca de la frontera con Colombia","src":"https:\/\/i0.wp.com\/insightcrime.org\/wp-content\/uploads\/2022\/10\/ezgif-1-0a4a37207d-1-1.jpeg?fit=350%2C250&quality=100&ssl=1&resize=350%2C200","width":350,"height":200},"classes":[]},{"id":210669,"url":"https:\/\/insightcrime.org\/es\/noticias-crimen-organizado-colombia\/ex-farc-mafia-estado-mayor-central\/","url_meta":{"origin":94526,"position":5},"title":"Estado Mayor Central &#8211; Disidencias de las FARC","author":"InSight Crime","date":"14 de junio de 2024","format":false,"excerpt":"El Estado Mayor Central (EMC) es una federaci\u00f3n de frentes disidentes de las Fuerzas Armadas Revolucionarias de Colombia (FARC) que decidieron no acogerse al proceso de paz firmado en 2016 entre esa guerrilla y el gobierno de Colombia.\u00a0\u00a0","rel":"","context":"En \u00abColombia\u00bb","block_context":{"text":"Colombia","link":"https:\/\/insightcrime.org\/es\/category\/noticias-crimen-organizado-colombia\/"},"img":{"alt_text":"Estado Mayor Central - Disidencias de las FARC, Colombia.","src":"https:\/\/i0.wp.com\/insightcrime.org\/wp-content\/uploads\/2026\/08\/Grupo-Criminal-Estado-Mayor-Central-Colombia.jpg?fit=1200%2C900&quality=100&ssl=1&resize=350%2C200","width":350,"height":200,"srcset":"https:\/\/i0.wp.com\/insightcrime.org\/wp-content\/uploads\/2026\/08\/Grupo-Criminal-Estado-Mayor-Central-Colombia.jpg?fit=1200%2C900&quality=100&ssl=1&resize=350%2C200 1x, https:\/\/i0.wp.com\/insightcrime.org\/wp-content\/uploads\/2026\/08\/Grupo-Criminal-Estado-Mayor-Central-Colombia.jpg?fit=1200%2C900&quality=100&ssl=1&resize=525%2C300 1.5x, https:\/\/i0.wp.com\/insightcrime.org\/wp-content\/uploads\/2026\/08\/Grupo-Criminal-Estado-Mayor-Central-Colombia.jpg?fit=1200%2C900&quality=100&ssl=1&resize=700%2C400 2x, https:\/\/i0.wp.com\/insightcrime.org\/wp-content\/uploads\/2026\/08\/Grupo-Criminal-Estado-Mayor-Central-Colombia.jpg?fit=1200%2C900&quality=100&ssl=1&resize=1050%2C600 3x"},"classes":[]}],"jetpack_featured_media_url":"https:\/\/i0.wp.com\/insightcrime.org\/wp-content\/uploads\/2019\/01\/Alias-GuachoColombia-English.jpg?fit=450%2C350&quality=100&ssl=1","_links":{"self":[{"href":"https:\/\/insightcrime.org\/es\/wp-json\/wp\/v2\/posts\/94526","targetHints":{"allow":["GET"]}}],"collection":[{"href":"https:\/\/insightcrime.org\/es\/wp-json\/wp\/v2\/posts"}],"about":[{"href":"https:\/\/insightcrime.org\/es\/wp-json\/wp\/v2\/types\/post"}],"author":[{"embeddable":true,"href":"https:\/\/insightcrime.org\/es\/wp-json\/wp\/v2\/users\/188"}],"replies":[{"embeddable":true,"href":"https:\/\/insightcrime.org\/es\/wp-json\/wp\/v2\/comments?post=94526"}],"version-history":[{"count":5,"href":"https:\/\/insightcrime.org\/es\/wp-json\/wp\/v2\/posts\/94526\/revisions"}],"predecessor-version":[{"id":240578,"href":"https:\/\/insightcrime.org\/es\/wp-json\/wp\/v2\/posts\/94526\/revisions\/240578"}],"wp:featuredmedia":[{"embeddable":true,"href":"https:\/\/insightcrime.org\/es\/wp-json\/wp\/v2\/media\/94520"}],"wp:attachment":[{"href":"https:\/\/insightcrime.org\/es\/wp-json\/wp\/v2\/media?parent=94526"}],"wp:term":[{"taxonomy":"category","embeddable":true,"href":"https:\/\/insightcrime.org\/es\/wp-json\/wp\/v2\/categories?post=94526"},{"taxonomy":"post_tag","embeddable":true,"href":"https:\/\/insightcrime.org\/es\/wp-json\/wp\/v2\/tags?post=94526"},{"taxonomy":"newspack_spnsrs_tax","embeddable":true,"href":"https:\/\/insightcrime.org\/es\/wp-json\/wp\/v2\/newspack_spnsrs_tax?post=94526"},{"taxonomy":"author","embeddable":true,"href":"https:\/\/insightcrime.org\/es\/wp-json\/wp\/v2\/coauthors?post=94526"}],"curies":[{"name":"wp","href":"https:\/\/api.w.org\/{rel}","templated":true}]}}