{"id":9469,"date":"2016-12-15T14:03:17","date_gmt":"2017-03-28T00:21:40","guid":{"rendered":"http:\/\/newwp.insightcrime.org?p=9469"},"modified":"2023-04-24T15:56:01","modified_gmt":"2023-04-24T20:56:01","slug":"como-afecta-latinoamerica-designacion-trump-jefe-seguridad-nacional-estados-unidos","status":"publish","type":"post","link":"https:\/\/insightcrime.org\/es\/noticias\/analisis\/como-afecta-latinoamerica-designacion-trump-jefe-seguridad-nacional-estados-unidos\/","title":{"rendered":"\u00bfC\u00f3mo afecta a Latinoam\u00e9rica la designaci\u00f3n de Trump para jefe de seguridad nacional de Estados Unidos?"},"content":{"rendered":"\n<p class=\"wp-block-paragraph\">El presidente electo de Estados Unidos Donald Trump eligi\u00f3 al general retirado de la Marina John Kelly para dirigir el Departamento de Seguridad Nacional de su pa\u00eds. InSight Crime analiza los impactos positivos y negativos que puede tener su nombramiento para la regi\u00f3n.<\/p>\n\n\n\n<p class=\"wp-block-paragraph\">El presidente electo Trump designar\u00e1 al veterano de la Marina John Kelly para dirigir el Departamento de Seguridad Nacional de Estados Unidos (DHS por sus iniciales en ingl\u00e9s), seg\u00fan <a href=\"https:\/\/www.yahoo.com\/news\/trumps-taps-retired-marine-general-john-kelly-dhs-172020337--election.html\" target=\"_blank\">confirmaron a Associated Press<\/a> personas cercanas al equipo de transici\u00f3n presidencial el 7 de diciembre. El Senado tendr\u00eda que votar para confirmar el nombramiento de Kelly.<\/p>\n\n\n\n<p class=\"wp-block-paragraph\">El lugar que pueda ocupar Kelly en el futuro tendr\u00eda un rol clave en la ejecuci\u00f3n de las decisiones de seguridad nacional estadounidense que afecten de manera directa a Latinoam\u00e9rica. Es conveniente que su \u00faltimo puesto militar&nbsp; \u2014que ostent\u00f3 entre noviembre de 2012 hasta <a href=\"https:\/\/www.southcom.mil\/newsroom\/Pages\/Tidd-takes-command-of-SOUTHCOM.aspx\" target=\"_blank\">su retiro en enero de 2016<\/a>\u2014 fuera el de jefe del comando Sur de Estados Unidos (SOUTHCOM), que dirige las operaciones militares estadounidenses en Latinoam\u00e9rica.<\/p>\n\n\n\n<p class=\"wp-block-paragraph\">Como jefe del Departamento de Seguridad Nacional, Kelly <a href=\"https:\/\/www.dhs.gov\/mission\" target=\"_blank\">ser\u00eda responsable<\/a> del antiterrorismo y la seguridad nacional, el control de fronteras, la imposici\u00f3n de leyes de inmigraci\u00f3n, y la reacci\u00f3n a las amenazas cibern\u00e9ticas y los desastres naturales. Entre las <a href=\"https:\/\/www.dhs.gov\/secretary\" target=\"_blank\">muchas divisiones<\/a> del departamento est\u00e1n Control de Aduanas e Inmigraci\u00f3n (ICE por sus iniciales en ingl\u00e9s), Protecci\u00f3n de Aduanas y Fronteras (CBP por sus iniciales en ingl\u00e9s), Guardacostas y Servicio Secreto.<\/p>\n\n\n\n<h3 class=\"wp-block-heading\">An\u00e1lisis de InSight Crime<\/h3>\n\n\n\n<p class=\"wp-block-paragraph\">El rol principal de Kelly en la seguridad nacional estadounidense \u2014en especial dado el \u00e9nfasis del presidente electo en la amenaza que suponen los vecinos de Estados Unidos hacia el sur\u2014 tendr\u00e1 un impacto importante en la estrategia de Estados Unidos hacia la regi\u00f3n. En primer lugar, Kelly tendr\u00eda una gran participaci\u00f3n en la implementaci\u00f3n de una de las promesas de campa\u00f1a m\u00e1s representativas de Trump: medidas duras contra la migraci\u00f3n no autorizada a Estados Unidos.<\/p>\n\n\n\n<p class=\"wp-block-paragraph\">Trump <a href=\"\/noticias\/analisis\/que-implica-la-presidencia-de-trump-para-el-crimen-organizado-en-latinoamerica\" target=\"_blank\">ha prometido<\/a> combatir este problema con la construcci\u00f3n de un muro en la frontera entre Estados Unidos y M\u00e9xico y la deportaci\u00f3n de grandes n\u00fameros de \u201ccriminales\u201d que residen en el pa\u00eds sin la documentaci\u00f3n adecuada. La deportaci\u00f3n masiva de inmigrantes podr\u00eda tener consecuencias peligrosas de implementarse, pues exacerbar\u00eda los riesgos de seguridad y afectar\u00eda la estabilidad econ\u00f3mica en los pa\u00edses de origen de los migrantes. Muchos migrantes indocumentados en Estados Unidos <a href=\"\/noticias\/analisis\/criminalidad-violencia-generan-migracion-centroamerica-informes\" target=\"_blank\">han huido<\/a> de la violencia de las pandillas en los pa\u00edses del Tri\u00e1ngulo Norte de Centroam\u00e9rica (El Salvador, Guatemala y Honduras). Hoy, <a href=\"https:\/\/databank.worldbank.org\/data\/reports.aspx?source=2&amp;series=BX.TRF.PWKR.DT.GD.ZS&amp;country=\" target=\"_blank\">10 a 18 por ciento<\/a> del producto interno bruto de estos pa\u00edses depende de las remesas. Una reducci\u00f3n pronunciada de estas transferencias podr\u00eda empeorar las condiciones socioecon\u00f3micas que hacen de estos pa\u00edses terreno f\u00e9rtil para los grupos criminales.<\/p>\n\n\n\n<p class=\"wp-block-paragraph\"><strong><span style=\"color: #800000\">VEA TAMBI\u00c9N:<\/span><\/strong> <a href=\"\/component\/tags\/tag\/309-frontera-eu-mexico\" target=\"_blank\">Cobertura sobre frontera EU\/M\u00e9xico<\/a><\/p>\n\n\n\n<p class=\"wp-block-paragraph\">Pero hasta ahora Kelly ha adoptado una postura un tanto distinta frente a la amenaza que plantea la afluencia de migrantes para el pa\u00eds, pues prioriza el desarrollo econ\u00f3mico de los pa\u00edses latinoamericanos sobre el endurecimiento de la seguridad de las fronteras.<\/p>\n\n\n\n<p class=\"wp-block-paragraph\">En su alocuci\u00f3n al Comit\u00e9 de Servicios Armados del Senado en marzo de 2015 (<a href=\"https:\/\/www.southcom.mil\/newsroom\/Documents\/SOUTHCOM_POSTURE_STATEMENT_FINAL_2015.pdf\" target=\"_blank\">pdf<\/a>), Kelly dijo estar convencido de que \u201cla defensa del territorio nacional no comienza en la l\u00ednea de \u2018casi un kil\u00f3metro\u2019 de nuestra frontera suroeste\u201d. En relaci\u00f3n con las pol\u00edticas de seguridad propuestas por Trump, ha recalcado que tan solo <a href=\"https:\/\/foreignpolicy.com\/2016\/07\/11\/ex-general-to-top-brass-stay-out-of-the-cesspool-of-domestic-politics\/\" target=\"_blank\">un muro no es soluci\u00f3n suficiente<\/a>.<\/p>\n\n\n\n<p class=\"wp-block-paragraph\">\u201cSi los pa\u00edses de donde estos migrantes vienen tuvieran \u00edndices razonables de violencia y de oportunidades econ\u00f3micas, entonces no dejar\u00edan a su gente para venir aqu\u00ed\u201d, coment\u00f3 <a href=\"https:\/\/www.militarytimes.com\/articles\/general-john-kelly-donald-trump-homeland-security-secretary-of-state\" target=\"_blank\">Kelly al Military Times a comienzos de este a\u00f1o<\/a>. Sin duda, al hablar sobre sus prioridades en la lucha contra el crimen organizado en el Tri\u00e1ngulo Norte en 2015, <a href=\"https:\/\/www.southcom.mil\/newsroom\/Pages\/2015-Posture-Statement-to-Congress-.aspx\" target=\"_blank\">declar\u00f3<\/a>: \u201c95 por ciento de mis iniciativas no son militares. Son de desarrollo econ\u00f3mico\u201d.<\/p>\n\n\n\n<p class=\"wp-block-paragraph\">El miembro s\u00e9nior de la Oficina en Washington para asuntos Latinoamericanos (WOLA, por sus iniciales en ingl\u00e9s) Adam Isacson dijo a InSight Crime que \u201cKelly entiende que la violencia es un gran detonador de la migraci\u00f3n\u201d, y que tiene dudas de que el general retirado comparta el respaldo de Trump hacia la deportaci\u00f3n agresiva.<\/p>\n\n\n\n<p class=\"wp-block-paragraph\">La posici\u00f3n tomada por Kelly, por ende, sugiere que se inclinar\u00eda m\u00e1s por atacar las causas de la migraci\u00f3n que por afrontar en forma agresiva sus consecuencias. Ahora que tiene la atenci\u00f3n de Trump, podr\u00eda tratar de moderar la actitud del futuro presidente hacia la migraci\u00f3n regional. Una alternativa es <a href=\"https:\/\/www.vox.com\/2016\/12\/7\/13868692\/trump-john-kelly-general-marine-homeland-security-dhs\" target=\"_blank\">que entre en conflicto con Trump<\/a> y con una buena cantidad de extremistas que ocupar\u00e1n altos cargos de gobierno.<\/p>\n\n\n\n<p class=\"wp-block-paragraph\">Sin embargo, la opini\u00f3n de Kelly sobre otros temas puede ser motivo de preocupaci\u00f3n. El general retirado ha advertido en m\u00faltiples ocasiones que Latinoam\u00e9rica podr\u00eda ser un puerto de entrada para la infiltraci\u00f3n de terroristas en Estados Unidos.<\/p>\n\n\n\n<p class=\"wp-block-paragraph\">\u201cTambi\u00e9n me preocupa la imbricaci\u00f3n financiera y operativa de redes criminales y terroristas en la regi\u00f3n\u201d, se\u00f1al\u00f3 Kelly ante el Senado en 2015. Aunque reconoce que es \u201cincierto\u201d el alcance de este nexo entre crimen y terrorismo, advirti\u00f3 que hay grupos terroristas \u2014como <a href=\"\/noticias\/noticias-del-dia\/operacion-dea-revela-conexion-colombia-hezbola\" target=\"_blank\">el Hezbol\u00e1 liban\u00e9s<\/a>\u2014 involucrados en actividades criminales en Latinoam\u00e9rica.<\/p>\n\n\n\n<p class=\"wp-block-paragraph\"><strong><span style=\"color: #800000\">VEA TAMBI\u00c9N:<\/span><\/strong>&nbsp; <a href=\"\/component\/tags\/tag\/374-politicas-de-seguridad\" target=\"_blank\">Cobertura sobre pol\u00edticas de seguridad<\/a><\/p>\n\n\n\n<p class=\"wp-block-paragraph\">Adem\u00e1s, Kelly explic\u00f3 que dada la \u201crelativa facilidad con la que los coyotes\u201d llevan a miles de personas a la frontera sur del pa\u00eds, las organizaciones terroristas podr\u00edan usar las mismas rutas para ingresar a operadores peligrosos \u201co incluso ingresar armas de destrucci\u00f3n masiva a Estados Unidos\u201d.<\/p>\n\n\n\n<p class=\"wp-block-paragraph\">Pero Kelly ha sido acusado de <a href=\"https:\/\/www.miamiherald.com\/news\/nation-world\/national\/article119660283.html\" target=\"_blank\">exagerar<\/a> una amenaza terrorista que tiene poco asidero en la realidad. Como lo <a href=\"\/noticias\/analisis\/terrorismo-y-criminalidad-en-las-americas-es-un-negocio\" target=\"_blank\">ha se\u00f1alado antes<\/a> InSight Crime, las denuncias de un nexo entre el terrorismo y el crimen en Am\u00e9rica Latina muchas veces se basan en casos \u00fanicos de cooperaci\u00f3n criminal, y no representan relaciones de trabajo entre esos grupos.<\/p>\n\n\n\n<p class=\"wp-block-paragraph\">Confundir el terrorismo y el crimen organizado con base en dudosas teor\u00edas es un instrumento pol\u00edtico potencialmente peligroso, que puede usarse para justificar demandas de presupuesto o tomar decisiones pol\u00edticas controvertidas \u2014como qui\u00e9n puede o no entrar al pa\u00eds\u2014 mientras que se pasan por alto los riesgos reales de seguridad de cara a Latinoam\u00e9rica.<\/p>\n\n\n\n<p class=\"wp-block-paragraph\">Otras decisiones de pol\u00edtica claves que podr\u00edan influenciarse con la designaci\u00f3n de Kelly incluyen la financiaci\u00f3n para la regi\u00f3n. Hay temores de que la ret\u00f3rica del \u201cAm\u00e9rica Primero\u201d de Trump implique la entrega de <a href=\"\/noticias\/analisis\/que-implica-la-presidencia-de-trump-para-el-crimen-organizado-en-latinoamerica\" target=\"_blank\">menos ayuda al exterior<\/a>. Esto podr\u00eda tener un impacto importante en el Tri\u00e1ngulo Norte y en Colombia, que actualmente se prepara para poner en movimiento varios <a href=\"\/noticias\/noticias-del-dia\/dudas-sobre-ayuda-internacional-acuerdo-paz-colombia\" target=\"_blank\">costosos proyectos \u201cpostconflicto\u201d<\/a> como resultado de un acuerdo de paz con su mayor organizaci\u00f3n guerrillera.<\/p>\n\n\n\n<p class=\"wp-block-paragraph\">Sin embargo, las opiniones de Kelly sobre el desarrollo regional y su brillante elogio del \u201cfenomenal\u201d viraje de la seguridad en Colombia sugieren que seguir\u00e1 intercediendo por el apoyo financiero a Latinoam\u00e9rica. Kelly apoy\u00f3 decididamente el paquete de ayuda por <a href=\"\/news\/analysis\/5-takeaways-from-us-congress-proposed-northern-triangle-aid-package\" target=\"_blank\">US$750 millones<\/a> para Centroam\u00e9rica que se aprob\u00f3 en diciembre de 2015, y dijo al Senado el a\u00f1o pasado, \u201cDebemos mantener el respaldo de Estados Unidos a lo largo del proceso [de paz en Colombia] y durante la fase de postconflicto, mientras nuestro aliado m\u00e1s cercano trabaja para poner fin a d\u00e9cadas de insurgencia\u201d.<\/p>\n\n\n\n<p class=\"wp-block-paragraph\">Isacson estuvo de acuerdo en que el general retirado puede ejercer cierta influencia positiva en este aspecto.<\/p>\n\n\n\n<p class=\"wp-block-paragraph\">\u201cSi Kelly sabe de preocupaciones sobre Trump por parte de colegas de defensa y del ej\u00e9rcito en pa\u00edses que admira [como Colombia], el resultado podr\u00eda ser algo de moderaci\u00f3n de la estrategia general de la administraci\u00f3n Trump hacia la regi\u00f3n\u201d, concluy\u00f3.<\/p>\n","protected":false},"excerpt":{"rendered":"<p>El presidente electo de Estados Unidos Donald Trump eligi\u00f3 al general retirado de la Marina John Kelly para dirigir el Departamento de Seguridad Nacional de su pa\u00eds. InSight Crime analiza los impactos positivos y negativos que puede tener su nombramiento para la regi\u00f3n.<\/p>\n","protected":false},"author":52,"featured_media":45681,"comment_status":"closed","ping_status":"closed","sticky":false,"template":"","format":"standard","meta":{"newspack_ads_suppress_ads":false,"newspack_popups_has_disabled_popups":false,"newspack_sponsor_sponsorship_scope":"","newspack_sponsor_native_byline_display":"inherit","newspack_sponsor_native_category_display":"inherit","newspack_sponsor_underwriter_style":"inherit","newspack_sponsor_underwriter_placement":"inherit","_EventAllDay":false,"_EventTimezone":"","_EventStartDate":"","_EventEndDate":"","_EventStartDateUTC":"","_EventEndDateUTC":"","_EventShowMap":false,"_EventShowMapLink":false,"_EventURL":"","_EventCost":"","_EventCostDescription":"","_EventCurrencySymbol":"","_EventCurrencyCode":"","_EventCurrencyPosition":"","_EventDateTimeSeparator":"","_EventTimeRangeSeparator":"","_EventOrganizerID":[],"_EventVenueID":[],"_OrganizerEmail":"","_OrganizerPhone":"","_OrganizerWebsite":"","_VenueAddress":"","_VenueCity":"","_VenueCountry":"","_VenueProvince":"","_VenueState":"","_VenueZip":"","_VenuePhone":"","_VenueURL":"","_VenueStateProvince":"","_VenueLat":"","_VenueLng":"","_VenueShowMap":false,"_VenueShowMapLink":false,"_newspack_byline_active":false,"_newspack_byline":"","newspack_hide_updated_date":false,"newspack_show_updated_date":false,"newspack_featured_image_position":"","newspack_post_subtitle":"","newspack_article_summary_title":"Overview:","newspack_article_summary":"","_jetpack_memberships_contains_paid_content":false,"footnotes":""},"categories":[340],"tags":[2997,438],"newspack_spnsrs_tax":[],"coauthors":[3887],"class_list":["post-9469","post","type-post","status-publish","format-standard","has-post-thumbnail","hentry","category-analisis","tag-frontera-eumexico-es","tag-politicas-de-seguridad","entry"],"parsely":{"version":"1.1.0","canonical_url":"https:\/\/insightcrime.org\/es\/noticias\/analisis\/como-afecta-latinoamerica-designacion-trump-jefe-seguridad-nacional-estados-unidos\/","smart_links":{"inbound":0,"outbound":0},"traffic_boost_suggestions_count":0,"meta":{"@context":"https:\/\/schema.org","@type":"NewsArticle","headline":"\u00bfC\u00f3mo afecta a Latinoam\u00e9rica la designaci\u00f3n de Trump para jefe de seguridad nacional de Estados Unidos?","url":"http:\/\/insightcrime.org\/es\/noticias\/analisis\/como-afecta-latinoamerica-designacion-trump-jefe-seguridad-nacional-estados-unidos\/","mainEntityOfPage":{"@type":"WebPage","@id":"http:\/\/insightcrime.org\/es\/noticias\/analisis\/como-afecta-latinoamerica-designacion-trump-jefe-seguridad-nacional-estados-unidos\/"},"thumbnailUrl":"https:\/\/i0.wp.com\/insightcrime.org\/wp-content\/uploads\/2016\/12\/es-16-12-08-region-Kelly-Trump2.jpg?resize=150%2C150&quality=100&ssl=1","image":{"@type":"ImageObject","url":"https:\/\/i0.wp.com\/insightcrime.org\/wp-content\/uploads\/2016\/12\/es-16-12-08-region-Kelly-Trump2.jpg?fit=350%2C225&quality=100&ssl=1"},"articleSection":"An\u00e1lisis","author":[{"@type":"Person","name":"Mimi Yagoub"}],"creator":["Mimi Yagoub"],"publisher":{"@type":"Organization","name":"InSight Crime","logo":"https:\/\/insightcrime.org\/wp-content\/uploads\/2023\/08\/logo.png"},"keywords":["frontera eu\/m\u00e9xico","pol\u00edticas de seguridad"],"dateCreated":"2017-03-28T00:21:40Z","datePublished":"2017-03-28T00:21:40Z","dateModified":"2023-04-24T20:56:01Z"},"rendered":"<meta name=\"parsely-title\" content=\"\u00bfC\u00f3mo afecta a Latinoam\u00e9rica la designaci\u00f3n de Trump para jefe de seguridad nacional de Estados Unidos?\" \/>\n<meta name=\"parsely-link\" content=\"http:\/\/insightcrime.org\/es\/noticias\/analisis\/como-afecta-latinoamerica-designacion-trump-jefe-seguridad-nacional-estados-unidos\/\" \/>\n<meta name=\"parsely-type\" content=\"post\" \/>\n<meta name=\"parsely-image-url\" content=\"https:\/\/i0.wp.com\/insightcrime.org\/wp-content\/uploads\/2016\/12\/es-16-12-08-region-Kelly-Trump2.jpg?resize=150%2C150&amp;quality=100&amp;ssl=1\" \/>\n<meta name=\"parsely-pub-date\" content=\"2017-03-28T00:21:40Z\" \/>\n<meta name=\"parsely-section\" content=\"An\u00e1lisis\" \/>\n<meta name=\"parsely-tags\" content=\"frontera eu\/m\u00e9xico,pol\u00edticas de seguridad\" \/>\n<meta name=\"parsely-author\" content=\"Mimi Yagoub\" \/>","tracker_url":"https:\/\/cdn.parsely.com\/keys\/insightcrime.org\/p.js"},"jetpack_sharing_enabled":true,"jetpack-related-posts":[{"id":300009,"url":"https:\/\/insightcrime.org\/es\/noticias\/como-podria-afectar-equipo-trump-lucha-crimen-latinoamerica\/","url_meta":{"origin":9469,"position":0},"title":"C\u00f3mo podr\u00eda afectar el equipo de Trump a la lucha contra el crimen en Am\u00e9rica Latina","author":"Mike LaSusa","date":"17 de enero de 2025","format":false,"excerpt":"Con la llegada al poder del nuevo gobierno de Trump, Am\u00e9rica Latina se prepara para los cambios en la pol\u00edtica estadounidense, con el crimen organizado como prioridad en la agenda.","rel":"","context":"En \u00abNoticias\u00bb","block_context":{"text":"Noticias","link":"https:\/\/insightcrime.org\/es\/category\/noticias\/"},"img":{"alt_text":"","src":"https:\/\/i0.wp.com\/insightcrime.org\/wp-content\/uploads\/2025\/01\/Republican-presidential-nominee-former-President-Donald-Trump-speaks-with-Sen-Marco-Rubio-Nov-2024-AP24309602905695-A2.jpg?fit=1200%2C690&quality=100&ssl=1&resize=350%2C200","width":350,"height":200,"srcset":"https:\/\/i0.wp.com\/insightcrime.org\/wp-content\/uploads\/2025\/01\/Republican-presidential-nominee-former-President-Donald-Trump-speaks-with-Sen-Marco-Rubio-Nov-2024-AP24309602905695-A2.jpg?fit=1200%2C690&quality=100&ssl=1&resize=350%2C200 1x, https:\/\/i0.wp.com\/insightcrime.org\/wp-content\/uploads\/2025\/01\/Republican-presidential-nominee-former-President-Donald-Trump-speaks-with-Sen-Marco-Rubio-Nov-2024-AP24309602905695-A2.jpg?fit=1200%2C690&quality=100&ssl=1&resize=525%2C300 1.5x, https:\/\/i0.wp.com\/insightcrime.org\/wp-content\/uploads\/2025\/01\/Republican-presidential-nominee-former-President-Donald-Trump-speaks-with-Sen-Marco-Rubio-Nov-2024-AP24309602905695-A2.jpg?fit=1200%2C690&quality=100&ssl=1&resize=700%2C400 2x, https:\/\/i0.wp.com\/insightcrime.org\/wp-content\/uploads\/2025\/01\/Republican-presidential-nominee-former-President-Donald-Trump-speaks-with-Sen-Marco-Rubio-Nov-2024-AP24309602905695-A2.jpg?fit=1200%2C690&quality=100&ssl=1&resize=1050%2C600 3x"},"classes":[]},{"id":128108,"url":"https:\/\/insightcrime.org\/es\/news\/analysis\/estrategia-contradictoria-eeuu-latinoamerica\/","url_meta":{"origin":9469,"position":1},"title":"GameChangers 2020: Estrategia contradictoria de EE. UU. hacia crimen en Am\u00e9rica Latina","author":"Parker Asmann","date":"22 de diciembre de 2020","format":false,"excerpt":"El presidente electo Joe Biden tiene una oportunidad de replantear las relaciones entre Estados Unidos y Latinoam\u00e9rica, pero la estrategia esquizofr\u00e9nica, personalista, de la administraci\u00f3n de Donald Trump puede dejar algunas cicatrices duraderas dif\u00edciles de cubrir.","rel":"","context":"En \u00abAnalysis\u00bb","block_context":{"text":"Analysis","link":"https:\/\/insightcrime.org\/category\/news\/analysis\/"},"img":{"alt_text":"","src":"https:\/\/i0.wp.com\/insightcrime.org\/wp-content\/uploads\/2020\/12\/2.-Mexico-US_Presidents-Donald-Trump-and-Andres-Manuel-Lopez-Obrador-gesture-at-the-White-House_AP_20190734553480_2020_Gamechangers.jpg?fit=1200%2C450&quality=100&ssl=1&resize=350%2C200","width":350,"height":200,"srcset":"https:\/\/i0.wp.com\/insightcrime.org\/wp-content\/uploads\/2020\/12\/2.-Mexico-US_Presidents-Donald-Trump-and-Andres-Manuel-Lopez-Obrador-gesture-at-the-White-House_AP_20190734553480_2020_Gamechangers.jpg?fit=1200%2C450&quality=100&ssl=1&resize=350%2C200 1x, https:\/\/i0.wp.com\/insightcrime.org\/wp-content\/uploads\/2020\/12\/2.-Mexico-US_Presidents-Donald-Trump-and-Andres-Manuel-Lopez-Obrador-gesture-at-the-White-House_AP_20190734553480_2020_Gamechangers.jpg?fit=1200%2C450&quality=100&ssl=1&resize=525%2C300 1.5x, https:\/\/i0.wp.com\/insightcrime.org\/wp-content\/uploads\/2020\/12\/2.-Mexico-US_Presidents-Donald-Trump-and-Andres-Manuel-Lopez-Obrador-gesture-at-the-White-House_AP_20190734553480_2020_Gamechangers.jpg?fit=1200%2C450&quality=100&ssl=1&resize=700%2C400 2x, https:\/\/i0.wp.com\/insightcrime.org\/wp-content\/uploads\/2020\/12\/2.-Mexico-US_Presidents-Donald-Trump-and-Andres-Manuel-Lopez-Obrador-gesture-at-the-White-House_AP_20190734553480_2020_Gamechangers.jpg?fit=1200%2C450&quality=100&ssl=1&resize=1050%2C600 3x"},"classes":[]},{"id":346435,"url":"https:\/\/insightcrime.org\/es\/noticias\/on-the-radar-mayo-busca-evitar-prision-maxima-seguridad\/","url_meta":{"origin":9469,"position":2},"title":"On The Radar: \u2018El Mayo\u2019 busca evitar prisi\u00f3n de m\u00e1xima seguridad","author":"Liza Schmidt","date":"9 de julio de 2026","format":false,"excerpt":"Esta semana en On the Radar: \u201cEl Mayo\u201d busca evitar una prisi\u00f3n de m\u00e1xima seguridad, EE. UU. renueva la presi\u00f3n sobre los Chapitos que se encuentran pr\u00f3fugos y los nuevos datos sobre cultivos coca desaf\u00edan a Colombia.","rel":"","context":"En \u00abNoticias\u00bb","block_context":{"text":"Noticias","link":"https:\/\/insightcrime.org\/es\/category\/noticias\/"},"img":{"alt_text":"","src":"https:\/\/i0.wp.com\/insightcrime.org\/wp-content\/uploads\/2026\/07\/Julio-OTR-template-featured-image-website.png?fit=1200%2C675&quality=100&ssl=1&resize=350%2C200","width":350,"height":200,"srcset":"https:\/\/i0.wp.com\/insightcrime.org\/wp-content\/uploads\/2026\/07\/Julio-OTR-template-featured-image-website.png?fit=1200%2C675&quality=100&ssl=1&resize=350%2C200 1x, https:\/\/i0.wp.com\/insightcrime.org\/wp-content\/uploads\/2026\/07\/Julio-OTR-template-featured-image-website.png?fit=1200%2C675&quality=100&ssl=1&resize=525%2C300 1.5x, https:\/\/i0.wp.com\/insightcrime.org\/wp-content\/uploads\/2026\/07\/Julio-OTR-template-featured-image-website.png?fit=1200%2C675&quality=100&ssl=1&resize=700%2C400 2x, https:\/\/i0.wp.com\/insightcrime.org\/wp-content\/uploads\/2026\/07\/Julio-OTR-template-featured-image-website.png?fit=1200%2C675&quality=100&ssl=1&resize=1050%2C600 3x"},"classes":[]},{"id":308495,"url":"https:\/\/insightcrime.org\/es\/noticias\/recortes-ayuda-ee-uu-frenaran-lucha-contra-crimen-en-latinoamerica-segun-expertos\/","url_meta":{"origin":9469,"position":3},"title":"Los recortes en la ayuda de EE. UU. frenar\u00e1n la lucha contra el crimen en Latinoam\u00e9rica, seg\u00fan los expertos","author":"Sam Woolston","date":"30 de abril de 2025","format":false,"excerpt":"Los recortes presupuestarios a las agencias diplom\u00e1ticas y de cooperaci\u00f3n internacional de EE. UU. debilitan las alianzas de seguridad con los pa\u00edses de la regi\u00f3n y favorecen el avance del crimen organizado.","rel":"","context":"En \u00abNoticias\u00bb","block_context":{"text":"Noticias","link":"https:\/\/insightcrime.org\/es\/category\/noticias\/"},"img":{"alt_text":"","src":"https:\/\/i0.wp.com\/insightcrime.org\/wp-content\/uploads\/2025\/04\/Marco-Rubio.png?fit=350%2C250&quality=100&ssl=1&resize=350%2C200","width":350,"height":200},"classes":[]},{"id":345255,"url":"https:\/\/insightcrime.org\/es\/noticias\/giro-derecha-colombia-y-peru-reaviva-preocupaciones-sobre-seguridad\/","url_meta":{"origin":9469,"position":4},"title":"On The Radar: Giro a la derecha en Colombia y Per\u00fa reaviva las preocupaciones sobre seguridad","author":"Deborah Bonello","date":"25 de junio de 2026","format":false,"excerpt":"Esta semana en On the Radar: De la Espriella promete mano dura en Colombia, Fujimori hereda un Per\u00fa golpeado por la extorsi\u00f3n y una investigaci\u00f3n pone bajo la lupa la estrategia de la DEA frente al fentanilo.","rel":"","context":"En \u00abNoticias\u00bb","block_context":{"text":"Noticias","link":"https:\/\/insightcrime.org\/es\/category\/noticias\/"},"img":{"alt_text":"","src":"https:\/\/i0.wp.com\/insightcrime.org\/wp-content\/uploads\/2026\/06\/Junio-OTR-template-featured-image-website-2026-1-1.jpg?fit=1200%2C675&quality=100&ssl=1&resize=350%2C200","width":350,"height":200,"srcset":"https:\/\/i0.wp.com\/insightcrime.org\/wp-content\/uploads\/2026\/06\/Junio-OTR-template-featured-image-website-2026-1-1.jpg?fit=1200%2C675&quality=100&ssl=1&resize=350%2C200 1x, https:\/\/i0.wp.com\/insightcrime.org\/wp-content\/uploads\/2026\/06\/Junio-OTR-template-featured-image-website-2026-1-1.jpg?fit=1200%2C675&quality=100&ssl=1&resize=525%2C300 1.5x, https:\/\/i0.wp.com\/insightcrime.org\/wp-content\/uploads\/2026\/06\/Junio-OTR-template-featured-image-website-2026-1-1.jpg?fit=1200%2C675&quality=100&ssl=1&resize=700%2C400 2x, https:\/\/i0.wp.com\/insightcrime.org\/wp-content\/uploads\/2026\/06\/Junio-OTR-template-featured-image-website-2026-1-1.jpg?fit=1200%2C675&quality=100&ssl=1&resize=1050%2C600 3x"},"classes":[]},{"id":139995,"url":"https:\/\/insightcrime.org\/es\/noticias\/nuevo-ministro-seguridad-salvador-dudoso-pasado\/","url_meta":{"origin":9469,"position":5},"title":"Nuevo ministro de Seguridad de El Salvador carga un dudoso pasado","author":"Alex Papadovassilakis","date":"2 de abril de 2021","format":false,"excerpt":"El presidente de El Salvador, Nayib Bukele, ha nombrado un nuevo ministro de Seguridad cuyos presuntos v\u00ednculos con funcionarios y operadores pol\u00edticos acusados de corrupci\u00f3n generan dudas acerca del compromiso del gobierno con una pol\u00edtica de seguridad transparente.","rel":"","context":"En \u00abNoticias\u00bb","block_context":{"text":"Noticias","link":"https:\/\/insightcrime.org\/es\/category\/noticias\/"},"img":{"alt_text":"","src":"https:\/\/i0.wp.com\/insightcrime.org\/wp-content\/uploads\/2021\/04\/21-04-02-El-Sal-Ministro.jpg?fit=350%2C250&quality=100&ssl=1&resize=350%2C200","width":350,"height":200},"classes":[]}],"jetpack_featured_media_url":"https:\/\/i0.wp.com\/insightcrime.org\/wp-content\/uploads\/2016\/12\/es-16-12-08-region-Kelly-Trump2.jpg?fit=350%2C225&quality=100&ssl=1","_links":{"self":[{"href":"https:\/\/insightcrime.org\/es\/wp-json\/wp\/v2\/posts\/9469","targetHints":{"allow":["GET"]}}],"collection":[{"href":"https:\/\/insightcrime.org\/es\/wp-json\/wp\/v2\/posts"}],"about":[{"href":"https:\/\/insightcrime.org\/es\/wp-json\/wp\/v2\/types\/post"}],"author":[{"embeddable":true,"href":"https:\/\/insightcrime.org\/es\/wp-json\/wp\/v2\/users\/52"}],"replies":[{"embeddable":true,"href":"https:\/\/insightcrime.org\/es\/wp-json\/wp\/v2\/comments?post=9469"}],"version-history":[{"count":1,"href":"https:\/\/insightcrime.org\/es\/wp-json\/wp\/v2\/posts\/9469\/revisions"}],"predecessor-version":[{"id":27840,"href":"https:\/\/insightcrime.org\/es\/wp-json\/wp\/v2\/posts\/9469\/revisions\/27840"}],"wp:featuredmedia":[{"embeddable":true,"href":"https:\/\/insightcrime.org\/es\/wp-json\/wp\/v2\/media\/45681"}],"wp:attachment":[{"href":"https:\/\/insightcrime.org\/es\/wp-json\/wp\/v2\/media?parent=9469"}],"wp:term":[{"taxonomy":"category","embeddable":true,"href":"https:\/\/insightcrime.org\/es\/wp-json\/wp\/v2\/categories?post=9469"},{"taxonomy":"post_tag","embeddable":true,"href":"https:\/\/insightcrime.org\/es\/wp-json\/wp\/v2\/tags?post=9469"},{"taxonomy":"newspack_spnsrs_tax","embeddable":true,"href":"https:\/\/insightcrime.org\/es\/wp-json\/wp\/v2\/newspack_spnsrs_tax?post=9469"},{"taxonomy":"author","embeddable":true,"href":"https:\/\/insightcrime.org\/es\/wp-json\/wp\/v2\/coauthors?post=9469"}],"curies":[{"name":"wp","href":"https:\/\/api.w.org\/{rel}","templated":true}]}}