{"id":95134,"date":"2019-02-01T06:10:42","date_gmt":"2019-02-01T11:10:42","guid":{"rendered":"https:\/\/insightcrime.org\/?p=95134"},"modified":"2024-07-25T09:29:07","modified_gmt":"2024-07-25T14:29:07","slug":"candidatos-salvador-propuestas-crimen-organizado","status":"publish","type":"post","link":"https:\/\/insightcrime.org\/es\/noticias\/candidatos-salvador-propuestas-crimen-organizado\/","title":{"rendered":"\u00bfC\u00f3mo enfrentar\u00e1n el crimen organizado los candidatos presidenciales de El Salvador?"},"content":{"rendered":"\n<p class=\"wp-block-paragraph\">Los ciudadanos de El Salvador elegir\u00e1n un nuevo presidente este 3 de febrero, en medio de un repunte de la violencia que se present\u00f3 en el mes de enero, el cual ha vuelto a llamar la atenci\u00f3n sobre la situaci\u00f3n de seguridad en el pa\u00eds.<\/p>\n\n\n\n<p class=\"wp-block-paragraph\">Cada vez se hace m\u00e1s evidente que es necesario realizar un cambio significativo en la pol\u00edtica de seguridad. Por eso todos los candidatos presidenciales est\u00e1n proponiendo medidas preventivas para hacer frente al crimen y la violencia de una manera m\u00e1s decisiva que en a\u00f1os anteriores.<\/p>\n\n\n\n<p class=\"wp-block-paragraph\">Aun as\u00ed, en los discursos pol\u00edticos oficiales est\u00e1n ausentes las propuestas concretas para enfrentar la violencia criminal, controlar las dos principales pandillas del pa\u00eds \u2014Mara Salvatrucha (MS13) y Barrio 18\u2014 y su <a href=\"https:\/\/es.insightcrime.org\/noticias\/analisis\/el-salvador-mafias-politicas-pandillas\/\" target=\"_blank\" rel=\"noopener\">creciente influencia<\/a> en el <a href=\"https:\/\/es.insightcrime.org\/noticias\/analisis\/homicidios-el-salvador-revive-ms13\/\" target=\"_blank\" rel=\"noopener\">proceso electoral&nbsp;<\/a>del pa\u00eds, y resolver la militarizaci\u00f3n de la polic\u00eda nacional.<\/p>\n\n\n\n<p class=\"wp-block-paragraph\">Como lo se\u00f1al\u00f3 recientemente el periodista salvadore\u00f1o Carlos Dada en una <a href=\"https:\/\/www.americasquarterly.org\/content\/why-2019-critical-year-central-america\" target=\"_blank\" rel=\"noopener\">entrevista<\/a>, \u201cencontrar una soluci\u00f3n pol\u00edtica para las causas estructurales que permiten el crimen organizado (principalmente las pandillas)\u201d es probablemente el mayor desaf\u00edo al que se enfrentar\u00e1 el pr\u00f3ximo presidente de El Salvador.<\/p>\n\n\n\n<p class=\"wp-block-paragraph\">A continuaci\u00f3n, InSight Crime analiza las plataformas de seguridad propuestas por los tres candidatos <a href=\"https:\/\/www.as-coa.org\/articles\/poll-tracker-el-salvadors-2019-presidential-election\" target=\"_blank\" rel=\"noopener\">principales<\/a>.<\/p>\n\n\n\n<h3 class=\"wp-block-heading\">Hugo Mart\u00ednez, el candidato del gobierno del FMLN<\/h3>\n\n\n\n<p class=\"wp-block-paragraph\">Salvador S\u00e1nchez Cer\u00e9n lleg\u00f3 a la presidencia en 2014, y su periodo como jefe de Estado est\u00e1 llegando a su fin. Su partido pol\u00edtico, el Frente Farabundo Mart\u00ed para la Liberaci\u00f3n Nacional (FMLN) \u2014que ha estado en el poder durante los \u00faltimos 10 a\u00f1os\u2014 lanz\u00f3 como candidato al conocido pol\u00edtico Hugo Mart\u00ednez.<\/p>\n\n\n\n<p class=\"wp-block-paragraph\">Mart\u00ednez ha propuesto una ambigua <a href=\"http:\/\/www.fmln.org.sv\/index.php\/noticias\/noticias-fmln\/2765-plataforma-hugo\" target=\"_blank\" rel=\"noopener\">plataforma de seguridad<\/a> que carece de suficientes detalles y se centra en el uso de \u201ctoda la fuerza p\u00fablica necesaria para garantizar la seguridad y la tranquilidad\u201d. Espec\u00edficamente, la plataforma de Mart\u00ednez hace \u00e9nfasis en que la capacitaci\u00f3n de la polic\u00eda nacional y su despliegue en todo el pa\u00eds permitir\u00e1n mejorar la seguridad y <a href=\"https:\/\/www.nodal.am\/2019\/01\/debate-presidencial-en-el-salvador-tres-de-los-cuatro-candidatos-presentaron-sus-propuestas\/\" target=\"_blank\" rel=\"noopener\">fortalecer<\/a> el tan anunciado <a href=\"https:\/\/es.insightcrime.org\/noticias\/analisis\/plan-seguridad-ciudadana-el-salvador-problemas-reducir-inseguridad\/\" target=\"_blank\" rel=\"noopener\">Plan El Salvador Seguro<\/a> (PESS), puesto en marcha en 2015 por S\u00e1nchez Cer\u00e9n, pero cuya eficacia todav\u00eda <a href=\"https:\/\/es.insightcrime.org\/noticias\/analisis\/plan-seguridad-ciudadana-el-salvador-problemas-reducir-inseguridad\/\" target=\"_blank\" rel=\"noopener\">est\u00e1 en duda<\/a>.<\/p>\n\n\n\n<p class=\"wp-block-paragraph\"><span style=\"color: #800000;\"><strong>&nbsp; &nbsp; &nbsp; VEA TAMBI\u00c9N:<\/strong><\/span>&nbsp;<a href=\"https:\/\/es.insightcrime.org\/noticias-sobre-crimen-organizado-en-el-salvador\/\" target=\"_blank\" rel=\"noopener\">Noticias y perfiles de El Salvador<\/a><\/p>\n\n\n\n<p class=\"wp-block-paragraph\">Su plan \u201cpromover\u00eda el mayor despliegue estatal para fortalecer las estrategias de prevenci\u00f3n de la violencia y derrotar la criminalidad\u201d, adem\u00e1s de \u201cgarantizar el control territorial del Estado mediante el uso de inteligencia policial e investigaci\u00f3n cient\u00edfica de los cr\u00edmenes\u201d.<\/p>\n\n\n\n<p class=\"wp-block-paragraph\">Si bien la prevenci\u00f3n ha hecho parte de las \u00faltimas propuestas de seguridad del FMLN, el partido parece estar promoviendo otra vez las estrategias de seguridad de mano dura y la militarizaci\u00f3n de la polic\u00eda.<\/p>\n\n\n\n<p class=\"wp-block-paragraph\">Durante a\u00f1os, las autoridades han <a href=\"https:\/\/es.insightcrime.org\/noticias\/noticias-del-dia\/el-salvador-redobla-medidas-extraordinarias-contra-pandillas\/\" target=\"_blank\" rel=\"noopener\">redoblado<\/a> las medidas de seguridad extraordinarias contra las pandillas del pa\u00eds, no solo bajo la administraci\u00f3n del actual presidente S\u00e1nchez Cer\u00e9n, sino tambi\u00e9n durante las administraciones anteriores a \u00e9l. Pero aunque los funcionarios han se\u00f1alado que es gracias a estas medidas que se ha logrado <a href=\"https:\/\/es.insightcrime.org\/noticias\/noticias-del-dia\/mano-dura-el-salvador-redujo-tasa-homicidios\/\" target=\"_blank\" rel=\"noopener\">disminuir<\/a> las tasas de homicidio del pa\u00eds, resaltando los supuestos <a href=\"https:\/\/es.insightcrime.org\/noticias\/noticias-del-dia\/crisis-de-seguridad-en-el-salvador-contradice-retorica-oficial-sobre-medidas-extraordinarias\/\" target=\"_blank\" rel=\"noopener\">avances en materia de seguridad<\/a>, la inseguridad <a href=\"https:\/\/es.insightcrime.org\/noticias\/noticias-del-dia\/bajan-homicidios-aumentan-desapariciones-la-tragedia-de-el-salvador\/\" target=\"_blank\" rel=\"noopener\">sigue siendo constante<\/a> y lo m\u00e1s probable es que otros&nbsp;<a href=\"https:\/\/es.insightcrime.org\/noticias\/analisis\/que-hay-detras-de-la-reciente-caida-de-los-homicidios-en-el-salvador\/\" target=\"_blank\" rel=\"noopener\">factores complejos<\/a> est\u00e9n contribuyendo a la disminuci\u00f3n de la violencia.<\/p>\n\n\n\n<p class=\"wp-block-paragraph\">Recientemente, el mismo Mart\u00ednez admiti\u00f3 en un <a href=\"https:\/\/www.elsalvador.com\/noticias\/nacional\/557667\/en-vivo-tres-candidatos-presidenciales-plantean-sus-propuestas-en-el-debate-de-asder\/\" target=\"_blank\" rel=\"noopener\">debate<\/a> que \u201cse han hecho avances, pero no han sido suficientes\u201d. Sin embargo, parece que \u00e9l y su partido \u2014que han hecho <a href=\"https:\/\/es.insightcrime.org\/noticias\/analisis\/video-muestra-lideres-fmnl-ofreciendo-pandillas-programa-creditos-10-millones\/\" target=\"_blank\" rel=\"noopener\">acuerdos<\/a> con las pandillas para influir en otras elecciones presidenciales en el pasado\u2014\u00ad\u00ad carecen de propuestas claras para hacer frente a las pandillas de El Salvador o a los problemas de seguridad recientes o de vieja data, a pesar de que se ha dicho que esta deber\u00eda ser \u201cuna <a href=\"http:\/\/www.diariotrv.com\/articulo\/politica\/hugo-martinez-dice-seguridad-salvadorenos-sera-prioridad-gobierno\/20190119175144022483.html\" target=\"_blank\" rel=\"noopener\">prioridad<\/a>\u201d de su administraci\u00f3n.<\/p>\n\n\n\n<h3 class=\"wp-block-heading\">Nayib Bukele, el opositor favorito de GANA<\/h3>\n\n\n\n<p class=\"wp-block-paragraph\">Las encuestas recientes indican que Nayib Bukele, exintegrante del FMLN y exalcalde de San Salvador, <a href=\"https:\/\/www.as-coa.org\/articles\/poll-tracker-el-salvadors-2019-presidential-election\" target=\"_blank\" rel=\"noopener\">contin\u00faa liderando<\/a> la contienda presidencial e incluso podr\u00eda obtener una victoria rotunda, como representante del partido de oposici\u00f3n Gran Alianza por la Unidad Nacional (GANA).<\/p>\n\n\n\n<p class=\"wp-block-paragraph\">En materia de seguridad p\u00fablica, la <a href=\"http:\/\/www.plancuscatlan.com\/documentos\/plancuscatlan_seguridad.pdf\" target=\"_blank\" rel=\"noopener\">plataforma<\/a> de Bukele se centra sobre todo en la prevenci\u00f3n y en la b\u00fasqueda de nuevas formas de mejorar la capacidad de las fuerzas de seguridad mediante el uso de tecnolog\u00eda.<\/p>\n\n\n\n<p class=\"wp-block-paragraph\">Bukele propone que la polic\u00eda nacional y las fuerzas armadas de El Salvador ayuden a dise\u00f1ar e implementar programas de intervenci\u00f3n en escuelas dise\u00f1adas para establecer pr\u00e1cticas de lucha contra la violencia. El aspirante presidencial tambi\u00e9n propone, entre otras cosas, establecer alianzas con organizaciones de la sociedad civil para reducir las condiciones que causan la violencia y la marginaci\u00f3n e incrementan los factores de riesgo.<\/p>\n\n\n\n<p class=\"wp-block-paragraph\">\u201cEl problema con los grupos criminales que atacan a las fuerzas de seguridad es que no pueden ser tratados exclusivamente desde una \u00f3ptica de lucha contra el crimen, ya que es un problema social en el que la falta de oportunidades y opciones de vida comienza a producir un c\u00edrculo vicioso de pobreza, delincuencia y violencia\u201d, se lee en el plan de Bukele.<\/p>\n\n\n\n<p class=\"wp-block-paragraph\"><span style=\"color: #800000;\"><strong>&nbsp; &nbsp; &nbsp; VEA TAMBI\u00c9N:<\/strong><\/span>&nbsp;<a href=\"https:\/\/es.insightcrime.org\/noticias-sobre-crimen-organizado-en-el-salvador\/mara-salvatrucha-ms-13\/\" target=\"_blank\" rel=\"noopener\">Noticias y perfil de la MS13<\/a><\/p>\n\n\n\n<p class=\"wp-block-paragraph\">Adem\u00e1s de la prevenci\u00f3n, Bukele propone aumentar la <a href=\"http:\/\/www.diariolahuella.com\/articulo\/politica\/nayib-bukele-propone-inversion-tecnologia-fortalecer-seguridad-publica\/20181128104511006946.html\" target=\"_blank\" rel=\"noopener\">capacidad t\u00e9cnica<\/a> de la polic\u00eda nacional y crear un plan de protecci\u00f3n fronteriza contra el narcotr\u00e1fico transnacional, coordinado por varias instituciones de seguridad.<\/p>\n\n\n\n<p class=\"wp-block-paragraph\">La llamada regi\u00f3n del Tri\u00e1ngulo Norte de Centroam\u00e9rica se ha vuelto <a href=\"https:\/\/es.insightcrime.org\/noticias\/analisis\/informe-eeuu-muestra-revitalizado-corredor-cocaina-centroamerica\/\" target=\"_blank\" rel=\"noopener\">cada vez m\u00e1s importante<\/a> como punto de trasbordo de los cargamentos de drogas procedentes de Suram\u00e9rica, dado el <a href=\"https:\/\/es.insightcrime.org\/noticias\/analisis\/informe-de-onudd-produccion-de-cocaina-en-colombia-alcanza-nuevos-records\/\" target=\"_blank\" rel=\"noopener\">auge<\/a> en la producci\u00f3n de coca\u00edna. Sin embargo, los grupos criminales han demostrado su capacidad de <a href=\"https:\/\/es.insightcrime.org\/noticias\/analisis\/tecnologia-basica-traficantes-supera-tecnologia-avanzada-autoridades\/\" target=\"_blank\" rel=\"noopener\">burlar<\/a> a las autoridades y a su alta tecnolog\u00eda mediante t\u00e9cnicas elementales, como el uso de los Sistemas de Posicionamiento Global (GPS).<\/p>\n\n\n\n<p class=\"wp-block-paragraph\">Bukele tambi\u00e9n propone la creaci\u00f3n de una comisi\u00f3n con respaldo internacional contra la impunidad y la corrupci\u00f3n en El Salvador, similar a los organismos contra la corrupci\u00f3n en los pa\u00edses vecinos, Guatemala y Honduras, que han logrado enviar a prisi\u00f3n a <a href=\"https:\/\/es.insightcrime.org\/noticias\/analisis\/exvicepresidenta-guatemala-arrestada-presidente-implicado-escandalo\/\" target=\"_blank\" rel=\"noopener\">un expresidente y una vicepresidenta<\/a>, y han investigado la <a href=\"https:\/\/es.insightcrime.org\/noticias\/analisis\/investigacion-anticorrupcion-en-honduras-implica-presidente-y-oposicion\/\" target=\"_blank\" rel=\"noopener\">presunta criminalidad<\/a> de otros poderosos miembros de las \u00e9lites.<\/p>\n\n\n\n<p class=\"wp-block-paragraph\">Sin embargo, quedan serias dudas acerca de la capacidad de Bukele para hacer frente a las pandillas y a la inseguridad en el pa\u00eds, especialmente mediante una comisi\u00f3n de lucha contra la corrupci\u00f3n. Durante su periodo como alcalde de San Salvador, por ejemplo, Bukele <a href=\"https:\/\/es.insightcrime.org\/noticias\/analisis\/informe-influencia-politica-pandillas-el-salvador\/\" target=\"_blank\" rel=\"noopener\">hizo tratos<\/a> con las pandillas y prometi\u00f3 darles beneficios a cambio de que \u201cproporcionaran seguridad y permitieran el acceso a los territorios bajo su control durante las actividades de campa\u00f1a\u201d. Esta y otras <a href=\"http:\/\/revistafactum.com\/contratos-campana-bukele\/\" target=\"_blank\" rel=\"noopener\">acciones cuestionables<\/a> lo pondr\u00edan directamente en la mira de dicha comisi\u00f3n.<\/p>\n\n\n\n<h3 class=\"wp-block-heading\">Carlos Calleja, el opositor de derecha de ARENA<\/h3>\n\n\n\n<p class=\"wp-block-paragraph\">En contrav\u00eda de las campa\u00f1as que el partido pol\u00edtico de extrema derecha Alianza Republicana Nacionalista (ARENA) ha adelantado anteriormente en cuanto a seguridad ciudadana (como la de <a href=\"https:\/\/www.worldpoliticsreview.com\/articles\/24136\/el-salvador-s-iron-fist-crackdown-on-gangs-a-lethal-policy-with-u-s-origins\" target=\"_blank\" rel=\"noopener\">plantear<\/a> el Plan de Mano Dura en 2003), las <a href=\"https:\/\/www.elsalvador.com\/opinion\/editoriales\/561610\/carlos-calleja-y-su-plan-de-seguridad-2019-2024\/\" target=\"_blank\" rel=\"noopener\">propuestas de seguridad<\/a> del candidato presidencial Carlos Calleja se enfocan principalmente en la prevenci\u00f3n, en lugar de las medidas represivas para impedir la expansi\u00f3n del crimen y la violencia.<\/p>\n\n\n\n<p class=\"wp-block-paragraph\">\u201cEs importante se\u00f1alar que lo que se ha hecho hasta el momento no ha funcionado; tenemos que buscar una soluci\u00f3n definitiva, una visi\u00f3n integral [\u2026] y ejecutar m\u00e1s programas preventivos\u201d, <a href=\"https:\/\/www.elsalvador.com\/noticias\/nacional\/557667\/en-vivo-tres-candidatos-presidenciales-plantean-sus-propuestas-en-el-debate-de-asder\/\" target=\"_blank\" rel=\"noopener\">dijo<\/a> Calleja durante un debate recientemente.<\/p>\n\n\n\n<p class=\"wp-block-paragraph\">En parte, Calleja ha prometido continuar apoyando el Consejo Nacional de Seguridad Ciudadana y Convivencia (CNSCC), que fue <a href=\"http:\/\/dialogoelsalvador.com\/dialogo_sv\/consejo.php?idco=1\" target=\"_blank\" rel=\"noopener\">creado<\/a> en 2014 para promover el di\u00e1logo y llegar a acuerdos sobre las pol\u00edticas p\u00fablicas relacionadas con las seguridad ciudadana.<\/p>\n\n\n\n<p class=\"wp-block-paragraph\">En cuanto al desmantelamiento de las estructuras criminales del pa\u00eds, Calleja ha prometido coordinar los servicios p\u00fablicos y las pol\u00edticas sociales, adem\u00e1s de mejorar la rendici\u00f3n de cuentas al interior de la polic\u00eda nacional, reestructurar la instituci\u00f3n y asignar m\u00e1s recursos para la formaci\u00f3n, las capacidades forenses y la inteligencia policial.<\/p>\n\n\n\n<p class=\"wp-block-paragraph\">Reformar la polic\u00eda salvadore\u00f1a \u2014en la que en a\u00f1os recientes han abundado los <a href=\"https:\/\/es.insightcrime.org\/noticias\/analisis\/grupo-elite-policia-salvador-involucrado-ejecuciones-extrajudiciales-informe\/\" target=\"_blank\" rel=\"noopener\">asesinatos extrajudiciales<\/a>, las <a href=\"https:\/\/es.insightcrime.org\/noticias\/noticias-del-dia\/policial-salvador-mantiene-carceles-clandestinas-informe\/\" target=\"_blank\" rel=\"noopener\">violaciones<\/a> a los derechos humanos y los <a href=\"https:\/\/es.insightcrime.org\/noticias\/analisis\/policia-el-salvador-uso-whatsapp-facebook-organizar-escuadrones-muerte\/\" target=\"_blank\" rel=\"noopener\">escuadrones de la muerte<\/a>\u2014 es una tarea primordial, pero los planes para lograrlo <a href=\"https:\/\/es.insightcrime.org\/noticias\/noticias-del-dia\/policia-de-el-salvador-remplaza-una-polemica-unidad-elite-por-otra-similar\/\" target=\"_blank\" rel=\"noopener\">se han quedado cortos<\/a>.<\/p>\n\n\n\n<p class=\"wp-block-paragraph\">ARENA y sus integrantes han tenido dudosas relaciones con las pandillas durante las campa\u00f1as electorales anteriores, lo que pone en duda la promesa del partido de enfrentar de manera efectiva uno de los principales factores causantes de inseguridad. En 2014, el alcalde de San Salvador, afiliado al partido ARENA, <a href=\"https:\/\/www.elfaro.net\/es\/201802\/salanegra\/21521\/Testigo-de-Operaci%C3%B3n-Cuscatl%C3%A1n-la-MS-13-compr%C3%B3-coca%C3%ADna-con-dinero-que-entreg%C3%B3-Neto-Muyshondt.htm\" target=\"_blank\" rel=\"noopener\">le dio a la MS13<\/a> decenas de miles de d\u00f3lares a cambio de que apoyara al candidato presidencial del partido en ese momento.<\/p>\n","protected":false},"excerpt":{"rendered":"<p>Los ciudadanos de El Salvador elegir\u00e1n un nuevo presidente este 3 de febrero, en medio de un repunte de la violencia que se present\u00f3 en el mes de enero, el cual ha vuelto a llamar la atenci\u00f3n sobre la situaci\u00f3n de seguridad en el pa\u00eds.<\/p>\n","protected":false},"author":90,"featured_media":95096,"comment_status":"closed","ping_status":"closed","sticky":false,"template":"","format":"standard","meta":{"newspack_ads_suppress_ads":false,"newspack_popups_has_disabled_popups":false,"newspack_sponsor_sponsorship_scope":"","newspack_sponsor_native_byline_display":"inherit","newspack_sponsor_native_category_display":"inherit","newspack_sponsor_underwriter_style":"inherit","newspack_sponsor_underwriter_placement":"inherit","_EventAllDay":false,"_EventTimezone":"","_EventStartDate":"","_EventEndDate":"","_EventStartDateUTC":"","_EventEndDateUTC":"","_EventShowMap":false,"_EventShowMapLink":false,"_EventURL":"","_EventCost":"","_EventCostDescription":"","_EventCurrencySymbol":"","_EventCurrencyCode":"","_EventCurrencyPosition":"","_EventDateTimeSeparator":"","_EventTimeRangeSeparator":"","_EventOrganizerID":[],"_EventVenueID":[],"_OrganizerEmail":"","_OrganizerPhone":"","_OrganizerWebsite":"","_VenueAddress":"","_VenueCity":"","_VenueCountry":"","_VenueProvince":"","_VenueState":"","_VenueZip":"","_VenuePhone":"","_VenueURL":"","_VenueStateProvince":"","_VenueLat":"","_VenueLng":"","_VenueShowMap":false,"_VenueShowMapLink":false,"_newspack_byline_active":false,"_newspack_byline":"","newspack_hide_updated_date":false,"newspack_show_updated_date":false,"newspack_featured_image_position":"","newspack_post_subtitle":"","newspack_article_summary_title":"Overview:","newspack_article_summary":"","_jetpack_memberships_contains_paid_content":false,"footnotes":""},"categories":[759],"tags":[375,1540,4548,1500,438,3474],"newspack_spnsrs_tax":[],"coauthors":[4065],"class_list":["post-95134","post","type-post","status-publish","format-standard","has-post-thumbnail","hentry","category-noticias","tag-barrio-18-grupo","tag-el-salvador-pais","tag-elecciones-crimen-organizado","tag-ms13-es","tag-politicas-de-seguridad","tag-triangulo-del-norte","entry"],"parsely":{"version":"1.1.0","canonical_url":"https:\/\/insightcrime.org\/es\/noticias\/candidatos-salvador-propuestas-crimen-organizado\/","smart_links":{"inbound":0,"outbound":0},"traffic_boost_suggestions_count":0,"meta":{"@context":"https:\/\/schema.org","@type":"NewsArticle","headline":"\u00bfC\u00f3mo enfrentar\u00e1n el crimen organizado los candidatos presidenciales de El Salvador?","url":"http:\/\/insightcrime.org\/es\/noticias\/candidatos-salvador-propuestas-crimen-organizado\/","mainEntityOfPage":{"@type":"WebPage","@id":"http:\/\/insightcrime.org\/es\/noticias\/candidatos-salvador-propuestas-crimen-organizado\/"},"thumbnailUrl":"https:\/\/i0.wp.com\/insightcrime.org\/wp-content\/uploads\/2019\/01\/ES-Elections.jpg?resize=150%2C150&quality=100&ssl=1","image":{"@type":"ImageObject","url":"https:\/\/i0.wp.com\/insightcrime.org\/wp-content\/uploads\/2019\/01\/ES-Elections.jpg?fit=350%2C250&quality=100&ssl=1"},"articleSection":"Noticias","author":[{"@type":"Person","name":"Parker Asmann"}],"creator":["Parker Asmann"],"publisher":{"@type":"Organization","name":"InSight Crime","logo":"https:\/\/insightcrime.org\/wp-content\/uploads\/2023\/08\/logo.png"},"keywords":["barrio 18","el salvador","elecciones y crimen","ms13","pol\u00edticas de seguridad","tri\u00e1ngulo del norte"],"dateCreated":"2019-02-01T11:10:42Z","datePublished":"2019-02-01T11:10:42Z","dateModified":"2024-07-25T14:29:07Z"},"rendered":"<meta name=\"parsely-title\" content=\"\u00bfC\u00f3mo enfrentar\u00e1n el crimen organizado los candidatos presidenciales de El Salvador?\" \/>\n<meta name=\"parsely-link\" content=\"http:\/\/insightcrime.org\/es\/noticias\/candidatos-salvador-propuestas-crimen-organizado\/\" \/>\n<meta name=\"parsely-type\" content=\"post\" \/>\n<meta name=\"parsely-image-url\" content=\"https:\/\/i0.wp.com\/insightcrime.org\/wp-content\/uploads\/2019\/01\/ES-Elections.jpg?resize=150%2C150&amp;quality=100&amp;ssl=1\" \/>\n<meta name=\"parsely-pub-date\" content=\"2019-02-01T11:10:42Z\" \/>\n<meta name=\"parsely-section\" content=\"Noticias\" \/>\n<meta name=\"parsely-tags\" content=\"barrio 18,el salvador,elecciones y crimen,ms13,pol\u00edticas de seguridad,tri\u00e1ngulo del norte\" \/>\n<meta name=\"parsely-author\" content=\"Parker Asmann\" \/>","tracker_url":"https:\/\/cdn.parsely.com\/keys\/insightcrime.org\/p.js"},"jetpack_sharing_enabled":true,"jetpack-related-posts":[{"id":232498,"url":"https:\/\/insightcrime.org\/es\/noticias\/los-programas-sociales-triunfan-en-las-elecciones-presidenciales-de-ecuador\/","url_meta":{"origin":95134,"position":0},"title":"Los programas sociales triunfan en las elecciones presidenciales de Ecuador","author":"Yago Rosado","date":"21 de agosto de 2023","format":false,"excerpt":"En medio de un clima de violencia y tensi\u00f3n, Ecuador va a una segunda vuelta electoral, apostando por medidas sociales para mejorar la seguridad del pa\u00eds.\u00a0","rel":"","context":"En \u00abNoticias\u00bb","block_context":{"text":"Noticias","link":"https:\/\/insightcrime.org\/es\/category\/noticias\/"},"img":{"alt_text":"Dos funcionarios cargan las urnas de votaci\u00f3n en Ecuador","src":"https:\/\/i0.wp.com\/insightcrime.org\/wp-content\/uploads\/2023\/09\/Elecciones-Ecuador-1-1.jpg?fit=350%2C250&quality=100&ssl=1&resize=350%2C200","width":350,"height":200},"classes":[]},{"id":266031,"url":"https:\/\/insightcrime.org\/es\/noticias\/crimen-organizado-principal-riesgo-ano-electoral-america-latina\/","url_meta":{"origin":95134,"position":1},"title":"Crimen organizado, principal riesgo en un a\u00f1o electoral cr\u00edtico para Am\u00e9rica Latina","author":"Sam Woolston","date":"24 de enero de 2024","format":false,"excerpt":"El crimen organizado y la inseguridad son los principales riesgos pol\u00edticos que enfrenta Am\u00e9rica Latina en 2024, un a\u00f1o electoral crucial, seg\u00fan un nuevo informe que subraya la compleja situaci\u00f3n de seguridad a la que se enfrentar\u00e1n los nuevos l\u00edderes electos.","rel":"","context":"En \u00abNoticias\u00bb","block_context":{"text":"Noticias","link":"https:\/\/insightcrime.org\/es\/category\/noticias\/"},"img":{"alt_text":"A man casts his vote in Mexico Un hombre deposita su voto en M\u00e9xico","src":"https:\/\/i0.wp.com\/insightcrime.org\/wp-content\/uploads\/2023\/08\/Option-III.jpeg?fit=350%2C250&quality=100&ssl=1&resize=350%2C200","width":350,"height":200},"classes":[]},{"id":240764,"url":"https:\/\/insightcrime.org\/es\/noticias\/masacre-colombianos-prision-ecuador-endurece-retorica-campana-presidencial\/","url_meta":{"origin":95134,"position":2},"title":"Masacre de sospechosos en prisi\u00f3n de Ecuador endurece ret\u00f3rica en campa\u00f1a presidencial","author":"Anastasia Austin","date":"10 de octubre de 2023","format":false,"excerpt":"La masacre de siete colombianos sospechosos de haber participado en el magnicidio de un candidato presidencial en Ecuador ha llevado la ret\u00f3rica en materia de seguridad hacia las pol\u00edticas de mano dura en v\u00edsperas de las elecciones del 15 de octubre.","rel":"","context":"En \u00abNoticias\u00bb","block_context":{"text":"Noticias","link":"https:\/\/insightcrime.org\/es\/category\/noticias\/"},"img":{"alt_text":"Ecuadorian soldiers guard a prison ","src":"https:\/\/i0.wp.com\/insightcrime.org\/wp-content\/uploads\/2023\/10\/Ecuador_army-guards-prison-militarization_El-Espectador-1.jpg?fit=350%2C250&quality=100&ssl=1&resize=350%2C200","width":350,"height":200},"classes":[]},{"id":232547,"url":"https:\/\/insightcrime.org\/es\/noticias\/entrevistas\/silenciosas-voces-contra-mano-dura-latinoamerica\/","url_meta":{"origin":95134,"position":3},"title":"Las silenciosas voces contra las pol\u00edticas de mano dura en Latinoam\u00e9rica","author":"Gavin Voss","date":"25 de julio de 2023","format":false,"excerpt":"Las consecuencias a largo plazo de las pol\u00edticas de orden p\u00fablico conocidas como de mano dura ocupan cada vez m\u00e1s la discusi\u00f3n de los gobiernos latinoamericanos tras el ataque sin cuartel contra las pandillas en El Salvador.","rel":"","context":"En \u00abQ&amp;A\u00bb","block_context":{"text":"Q&amp;A","link":"https:\/\/insightcrime.org\/es\/category\/noticias\/entrevistas\/"},"img":{"alt_text":"La polic\u00eda vigila a presuntos miembros de bandas en el Centro de Confinamiento del Terrotismo (CECOT)","src":"https:\/\/i0.wp.com\/insightcrime.org\/wp-content\/uploads\/2023\/09\/AHNUMJ7OOFHYJFOS342GUXS72E-1-1.jpeg?fit=350%2C250&quality=100&ssl=1&resize=350%2C200","width":350,"height":200},"classes":[]},{"id":298313,"url":"https:\/\/insightcrime.org\/es\/noticias\/gamechangers-2024-crimen-organizado-vuelve-politico\/","url_meta":{"origin":95134,"position":4},"title":"GameChangers 2024: El crimen organizado se vuelve pol\u00edtico","author":"Mike LaSusa","date":"30 de diciembre de 2024","format":false,"excerpt":"En este \u00faltimo a\u00f1o, las organizaciones criminales demostraron que representan una amenaza creciente para la democracia en Am\u00e9rica Latina y el Caribe, pues ejercieron una nefasta influencia sobre varias elecciones y situaciones pol\u00edticas en toda la regi\u00f3n.\u00a0","rel":"","context":"En \u00abNoticias\u00bb","block_context":{"text":"Noticias","link":"https:\/\/insightcrime.org\/es\/category\/noticias\/"},"img":{"alt_text":"","src":"https:\/\/i0.wp.com\/insightcrime.org\/wp-content\/uploads\/2024\/12\/3-Gamechangers-2024-OC-Gets-Political-1-1.jpg?fit=1200%2C576&quality=100&ssl=1&resize=350%2C200","width":350,"height":200,"srcset":"https:\/\/i0.wp.com\/insightcrime.org\/wp-content\/uploads\/2024\/12\/3-Gamechangers-2024-OC-Gets-Political-1-1.jpg?fit=1200%2C576&quality=100&ssl=1&resize=350%2C200 1x, https:\/\/i0.wp.com\/insightcrime.org\/wp-content\/uploads\/2024\/12\/3-Gamechangers-2024-OC-Gets-Political-1-1.jpg?fit=1200%2C576&quality=100&ssl=1&resize=525%2C300 1.5x, https:\/\/i0.wp.com\/insightcrime.org\/wp-content\/uploads\/2024\/12\/3-Gamechangers-2024-OC-Gets-Political-1-1.jpg?fit=1200%2C576&quality=100&ssl=1&resize=700%2C400 2x, https:\/\/i0.wp.com\/insightcrime.org\/wp-content\/uploads\/2024\/12\/3-Gamechangers-2024-OC-Gets-Political-1-1.jpg?fit=1200%2C576&quality=100&ssl=1&resize=1050%2C600 3x"},"classes":[]},{"id":232473,"url":"https:\/\/insightcrime.org\/es\/noticias\/reforma-solucion-ejercito-policia-prisiones-ecuador\/","url_meta":{"origin":95134,"position":5},"title":"\u00bfSon el ej\u00e9rcito, la polic\u00eda y las prisiones de Ecuador irreformables?","author":"Chris Dalby","date":"5 de septiembre de 2023","format":false,"excerpt":"La situaci\u00f3n de los organismos de seguridad de Ecuador y su incapacidad para detener la violencia criminal desenfrenada ha sido un tema central de la actual campa\u00f1a presidencial en el pa\u00eds, pero entre la falta de presupuesto p\u00fablico y la corrupci\u00f3n, queda la duda de la viabilidad de reformas sustanciales.","rel":"","context":"En \u00abNoticias\u00bb","block_context":{"text":"Noticias","link":"https:\/\/insightcrime.org\/es\/category\/noticias\/"},"img":{"alt_text":"Soldiers try to calm down a crowd after a prison massacre in Ecuador in July 2023.","src":"https:\/\/i0.wp.com\/insightcrime.org\/wp-content\/uploads\/2023\/09\/Ecuador-Prison-Violence-Soldier-ask-for-calm-after-dedadly-clashes-Jul-2023-AP23206789333875-A2-1.jpg?fit=1200%2C690&quality=100&ssl=1&resize=350%2C200","width":350,"height":200,"srcset":"https:\/\/i0.wp.com\/insightcrime.org\/wp-content\/uploads\/2023\/09\/Ecuador-Prison-Violence-Soldier-ask-for-calm-after-dedadly-clashes-Jul-2023-AP23206789333875-A2-1.jpg?fit=1200%2C690&quality=100&ssl=1&resize=350%2C200 1x, https:\/\/i0.wp.com\/insightcrime.org\/wp-content\/uploads\/2023\/09\/Ecuador-Prison-Violence-Soldier-ask-for-calm-after-dedadly-clashes-Jul-2023-AP23206789333875-A2-1.jpg?fit=1200%2C690&quality=100&ssl=1&resize=525%2C300 1.5x, https:\/\/i0.wp.com\/insightcrime.org\/wp-content\/uploads\/2023\/09\/Ecuador-Prison-Violence-Soldier-ask-for-calm-after-dedadly-clashes-Jul-2023-AP23206789333875-A2-1.jpg?fit=1200%2C690&quality=100&ssl=1&resize=700%2C400 2x, https:\/\/i0.wp.com\/insightcrime.org\/wp-content\/uploads\/2023\/09\/Ecuador-Prison-Violence-Soldier-ask-for-calm-after-dedadly-clashes-Jul-2023-AP23206789333875-A2-1.jpg?fit=1200%2C690&quality=100&ssl=1&resize=1050%2C600 3x"},"classes":[]}],"jetpack_featured_media_url":"https:\/\/i0.wp.com\/insightcrime.org\/wp-content\/uploads\/2019\/01\/ES-Elections.jpg?fit=350%2C250&quality=100&ssl=1","_links":{"self":[{"href":"https:\/\/insightcrime.org\/es\/wp-json\/wp\/v2\/posts\/95134","targetHints":{"allow":["GET"]}}],"collection":[{"href":"https:\/\/insightcrime.org\/es\/wp-json\/wp\/v2\/posts"}],"about":[{"href":"https:\/\/insightcrime.org\/es\/wp-json\/wp\/v2\/types\/post"}],"author":[{"embeddable":true,"href":"https:\/\/insightcrime.org\/es\/wp-json\/wp\/v2\/users\/90"}],"replies":[{"embeddable":true,"href":"https:\/\/insightcrime.org\/es\/wp-json\/wp\/v2\/comments?post=95134"}],"version-history":[{"count":6,"href":"https:\/\/insightcrime.org\/es\/wp-json\/wp\/v2\/posts\/95134\/revisions"}],"predecessor-version":[{"id":285363,"href":"https:\/\/insightcrime.org\/es\/wp-json\/wp\/v2\/posts\/95134\/revisions\/285363"}],"wp:featuredmedia":[{"embeddable":true,"href":"https:\/\/insightcrime.org\/es\/wp-json\/wp\/v2\/media\/95096"}],"wp:attachment":[{"href":"https:\/\/insightcrime.org\/es\/wp-json\/wp\/v2\/media?parent=95134"}],"wp:term":[{"taxonomy":"category","embeddable":true,"href":"https:\/\/insightcrime.org\/es\/wp-json\/wp\/v2\/categories?post=95134"},{"taxonomy":"post_tag","embeddable":true,"href":"https:\/\/insightcrime.org\/es\/wp-json\/wp\/v2\/tags?post=95134"},{"taxonomy":"newspack_spnsrs_tax","embeddable":true,"href":"https:\/\/insightcrime.org\/es\/wp-json\/wp\/v2\/newspack_spnsrs_tax?post=95134"},{"taxonomy":"author","embeddable":true,"href":"https:\/\/insightcrime.org\/es\/wp-json\/wp\/v2\/coauthors?post=95134"}],"curies":[{"name":"wp","href":"https:\/\/api.w.org\/{rel}","templated":true}]}}