{"id":9547,"date":"2017-01-23T18:29:51","date_gmt":"2017-03-28T00:22:23","guid":{"rendered":"http:\/\/newwp.insightcrime.org?p=9547"},"modified":"2023-04-24T15:56:33","modified_gmt":"2023-04-24T20:56:33","slug":"autoridades-brasilenas-atrapadas-circulo-vicioso-sistema-carcelario","status":"publish","type":"post","link":"https:\/\/insightcrime.org\/es\/noticias\/analisis\/autoridades-brasilenas-atrapadas-circulo-vicioso-sistema-carcelario\/","title":{"rendered":"Autoridades brasile\u00f1as atrapadas en el c\u00edrculo vicioso del sistema carcelario"},"content":{"rendered":"\n<p class=\"wp-block-paragraph\">La actual crisis de violencia dentro del sistema carcelario brasile\u00f1o es una muestra perfecta de por qu\u00e9 las autoridades ignoran \u2014o militarizan\u2014 las prisiones aunque sea riesgoso para ellas mismas.<\/p>\n\n\n\n<p class=\"wp-block-paragraph\">Las m\u00e1s recientes noticias de Brasil son preocupantes. <a href=\"https:\/\/www1.folha.uol.com.br\/cotidiano\/2017\/01\/1851264-forca-policial-se-prepara-para-entrar-em-presidio-do-rn-diz-governador.shtml\" target=\"_blank\">Folha de S\u00e3o Paulo<\/a> reporta que se han contado <a href=\"https:\/\/www1.folha.uol.com.br\/cotidiano\/2017\/01\/1851264-forca-policial-se-prepara-para-entrar-em-presidio-do-rn-diz-governador.shtml\" target=\"_blank\">136<\/a> cuerpos sin vida desde que comenzaron los disturbios en las prisiones el pasado 4 de enero. El gobierno est\u00e1 preparando a los militares para entrar a las c\u00e1rceles m\u00e1s violentas, pero la pelea parece apenas estar comenzando.<\/p>\n\n\n\n<p class=\"wp-block-paragraph\">El gobierno dice que m\u00e1s de mil militares entrar\u00e1n a las c\u00e1rceles buscando objetos de contrabando, como armas y tel\u00e9fonos celulares, <a href=\"https:\/\/noticias.terra.com\/mundo\/brasil-destinara-mil-militares-para-fiscalizar-carceles-amotinadas,f75badd0aff1450ec42b190f8c3fc44c3z4m8ufq.html\" target=\"_blank\">report\u00f3 Terra<\/a>.<\/p>\n\n\n\n<p class=\"wp-block-paragraph\">El gobernador del atribulado estado de Rio Grande do Norte tambi\u00e9n ha requerido al gobierno federal que env\u00ede tropas a las calles de la ciudad de Natal debido a una serie de incidentes violentos, los que, seg\u00fan \u00e9l, estuvieron relacionados con los disturbios en el sistema penitenciario, <a href=\"https:\/\/www1.folha.uol.com.br\/cotidiano\/2017\/01\/1851237-temer-autoriza-forcas-armadas-para-reforcar-seguranca-nas-ruas-de-natal.shtml\" target=\"_blank\">dijo Folha de S<\/a><a href=\"https:\/\/www1.folha.uol.com.br\/cotidiano\/2017\/01\/1851264-forca-policial-se-prepara-para-entrar-em-presidio-do-rn-diz-governador.shtml\" target=\"_blank\" style=\"color: #2a6496;text-decoration: underline\">\u00e3<\/a><a href=\"https:\/\/www1.folha.uol.com.br\/cotidiano\/2017\/01\/1851237-temer-autoriza-forcas-armadas-para-reforcar-seguranca-nas-ruas-de-natal.shtml\" target=\"_blank\">o Paulo<\/a>.<\/p>\n\n\n\n<div class=\"pull-quotes\">\n<div class=\"pull-quotes-body\">Es exactamente esta combinaci\u00f3n de crimen y pol\u00edtica lo que ha hecho que el Comando Vermelho y su nuevo rival, Primer Comando Capital&nbsp;(PCC), sean tan potentes y que sus enfrentamientos dentro de las prisiones sean tan peligrosos.<\/div>\n<\/div>\n\n\n\n<p class=\"wp-block-paragraph\">La posible militarizaci\u00f3n del conflicto tiene una iron\u00eda particular para aquellos que conocen la historia del Comando Vermelho (CV), uno de los dos mayores grupos que protagonizan los actuales enfrentamientos. El Comando Vermelho comenz\u00f3 en los a\u00f1os setenta, cuando, como el especialista en crimen, Benjamin Lessing, <a href=\"https:\/\/www.washingtonpost.com\/news\/monkey-cage\/wp\/2017\/01\/17\/brazils-prison-massacres-are-a-frightening-window-into-gang-warfare\/?utm_term=.13fb9b134c6e\" target=\"_blank\">explic\u00f3 en el Washington Post<\/a> recientemente, las prisiones de la entonces dictadura militar juntaron a criminales comunes con opositores pol\u00edticos.<\/p>\n\n\n\n<p class=\"wp-block-paragraph\">El resultado fue una organizaci\u00f3n criminal que entendi\u00f3 que el poder era m\u00e1s que dinero y armas, y que m\u00e1s bien se apoya en el capital social y pol\u00edtico, algo relativamente f\u00e1cil de acumular en el disfuncional y abusivo sistema de prisiones latinoamericano.<\/p>\n\n\n\n<p class=\"wp-block-paragraph\">Es exactamente esta combinaci\u00f3n de crimen y pol\u00edtica lo que ha hecho que el Comando Vermelho y su nuevo rival, el PCC&nbsp;sean tan potentes y que sus enfrentamientos dentro de las prisiones sean tan peligrosos.<\/p>\n\n\n\n<p class=\"wp-block-paragraph\">Pero aunque esta batalla entre titanes criminales es ciertamente el problema m\u00e1s sobresaliente del hampa brasile\u00f1o actualmente, existen asuntos m\u00e1s profundos, tanto en Brasil como en Latinoam\u00e9rica, que fomentan a estos grupos y el caos sangriento que a menudo los rodea, como lo describimos en el primer reportaje de nuestra serie sobre c\u00f3mo las prisiones llegaron a ser la principal incubadora del crimen organizado en la regi\u00f3n.<\/p>\n\n\n\n<p class=\"wp-block-paragraph\"><strong><span style=\"color: #800000\">VEA TAMBI\u00c9N:<\/span><\/strong> <a href=\"\/investigaciones\/dilema-prisiones-incubadoras-crimen-organizado-latinoamerica\" target=\"_blank\">El dilema de las prisiones: incubadoras del crimen organizado en Latinoam\u00e9rica.<\/a><\/p>\n\n\n\n<p class=\"wp-block-paragraph\">En primer lugar, los gobiernos han buscado lidiar con el crimen organizado empleando pol\u00edticas de \u201cMano Dura\u201d en lo que se refiere actividades criminales como el narcotr\u00e1fico, el consumo de drogas o las actividades relacionadas con las pandillas. Algunas de las leyes tambi\u00e9n buscan penalizar la mera apariencia que indique cierta asociaci\u00f3n con las pandillas. Estas pol\u00edticas est\u00e1n frecuentemente dirigidas a las comunidades pobres y marginalizadas y afectan desproporcionadamente a estas \u00e1reas.<\/p>\n\n\n\n<p class=\"wp-block-paragraph\">El resultado ha sido un boom en la poblaci\u00f3n carcelaria proveniente de las regiones m\u00e1s desfavorecidas. El sistema carcelario de Brasil pas\u00f3 de 173.000 presos en 1995 a m\u00e1s de <a href=\"https:\/\/prisonstudies.org\/country\/brazil\" target=\"_blank\">600.000 hoy<\/a> en d\u00eda. Otros pa\u00edses que hemos investigado \u2014como El Salvador y Venezuela\u2014 han pasado por picos similares.<\/p>\n\n\n\n<p class=\"wp-block-paragraph\">Muchos de estos reclusos se encuentran en prisi\u00f3n preventiva, lo que significa que no han sido sentenciados por ning\u00fan crimen, y pasan a\u00f1os esperando que las ruedas del sistema judicial giren. Mientras est\u00e1n esperando, son objeto de terribles abusos, a menos que se asocien con una organizaci\u00f3n criminal que los proteja.<\/p>\n\n\n\n<p class=\"wp-block-paragraph\"><strong><span style=\"color: #800000\">VEA TAMBI\u00c9N:<\/span><\/strong> <a href=\"\/indepth\/prisiones\" target=\"_blank\">InDepth: Prisiones<\/a><\/p>\n\n\n\n<p class=\"wp-block-paragraph\">La infraestructura carcelaria no ha crecido a la par con este aumento de reclusos. En algunos lugares, <a href=\"\/investigaciones\/una-mirada-al-interior-de-la-pesadilla-en-la-prision-en-el-salvador-video\" target=\"_blank\">los presos literalmente viven uno encima del otro<\/a> en celdas de retenci\u00f3n por meses o incluso a\u00f1os. La comida es inadecuada o incomible. Las condiciones de sanidad y salubridad son deplorables, y los abusos por parte de los guardias de seguridad son frecuentes.<\/p>\n\n\n\n<p class=\"wp-block-paragraph\">Las condiciones dentro de las c\u00e1rceles las hacen perfectas para su explotaci\u00f3n por los grupos criminales. Tanto el PCC como el Comando Vermelho son lo que llamamos pandillas carcelarias internas y externas porque tienen actividades criminales tanto dentro como fuera de las penitenciar\u00edas.<\/p>\n\n\n\n<p class=\"wp-block-paragraph\">Como el Comando Vermelho, el PCC tambi\u00e9n se forj\u00f3 dentro del sistema carcelario. De hecho, fueron por mucho tiempo pandillas aliadas. Ambas entendieron que organizarse alrededor de la seguridad y para exigir mejores condiciones dentro de las prisiones era la ruta m\u00e1s r\u00e1pida para llegar al poder de las econom\u00edas criminales dentro de las c\u00e1rceles.<\/p>\n\n\n\n<p class=\"wp-block-paragraph\">El gobierno ha exacerbado este problema transfiriendo miembros del PCC a prisiones por todo el pa\u00eds y permitiendo las acciones represivas sobre los prisioneros en vez de adelantar programas de rehabilitaci\u00f3n. En lugar de debilitar las organizaciones criminales, esto les permiti\u00f3 esparcir su ideolog\u00eda y aumentar su n\u00famero de miembros en muy poco tiempo.<\/p>\n\n\n\n<p class=\"wp-block-paragraph\">Ese poder en el interior eventualmente se abri\u00f3 el camino al exterior, donde ambos grupos han establecido control sobre el tr\u00e1fico de drogas en las poblaciones pobres y marginalizadas, dando lugar a la represi\u00f3n en estas \u00e1reas y comenzando el ciclo de nuevo.<\/p>\n\n\n\n<p class=\"wp-block-paragraph\">A medida que el mercado interno de drogas en Brasil ha crecido, tambi\u00e9n lo ha hecho el poder \u2014y el potencial para generar conflictos\u2014 de ambas organizaciones. El PCC, que comenz\u00f3 bajo la tutela del Comando Vermelho, es la m\u00e1s grande de las dos. Actualmente <a href=\"\/noticias\/noticias-del-dia\/lideres-pcc-brasil-huyeron-a-paraguay-policia\" target=\"_blank\">opera en Paraguay<\/a> y <a href=\"\/news\/briefs\/bolivia-arrests-3-brazilian-prison-gang-members-among-drug-trafficking-ring\" target=\"_blank\">Bolivia<\/a>, y <a href=\"https:\/\/www.telam.com.ar\/notas\/201701\/176030-creen-el-que-grupo-criminal-pcc-busca-controlar-el-narcotrafico-en-los-paises-vecinos-productores.html\" target=\"_blank\">puede estar abri\u00e9ndose terreno en Colombia<\/a>, ahora que el grupo guerrillero m\u00e1s grande del pa\u00eds comenz\u00f3 su desmovilizaci\u00f3n.<\/p>\n\n\n\n<p class=\"wp-block-paragraph\">Pero, como descubrimos durante nuestra investigaci\u00f3n de un a\u00f1o de duraci\u00f3n dentro de las c\u00e1rceles, el problema central radica en la combinaci\u00f3n de pol\u00edticas represivas por fuera de las c\u00e1rceles y en la negligencia cr\u00f3nica y el abuso a los prisioneros en su interior.<\/p>\n","protected":false},"excerpt":{"rendered":"<p>La actual crisis de violencia dentro del sistema carcelario brasile\u00f1o es una muestra perfecta de por qu\u00e9 las autoridades ignoran \u0097o militarizan\u0097 las prisiones aunque sea riesgoso para ellas mismas.<\/p>\n","protected":false},"author":3,"featured_media":45829,"comment_status":"closed","ping_status":"closed","sticky":false,"template":"","format":"standard","meta":{"newspack_ads_suppress_ads":false,"newspack_popups_has_disabled_popups":false,"newspack_sponsor_sponsorship_scope":"","newspack_sponsor_native_byline_display":"inherit","newspack_sponsor_native_category_display":"inherit","newspack_sponsor_underwriter_style":"inherit","newspack_sponsor_underwriter_placement":"inherit","_EventAllDay":false,"_EventTimezone":"","_EventStartDate":"","_EventEndDate":"","_EventStartDateUTC":"","_EventEndDateUTC":"","_EventShowMap":false,"_EventShowMapLink":false,"_EventURL":"","_EventCost":"","_EventCostDescription":"","_EventCurrencySymbol":"","_EventCurrencyCode":"","_EventCurrencyPosition":"","_EventDateTimeSeparator":"","_EventTimeRangeSeparator":"","_EventOrganizerID":[],"_EventVenueID":[],"_OrganizerEmail":"","_OrganizerPhone":"","_OrganizerWebsite":"","_VenueAddress":"","_VenueCity":"","_VenueCountry":"","_VenueProvince":"","_VenueState":"","_VenueZip":"","_VenuePhone":"","_VenueURL":"","_VenueStateProvince":"","_VenueLat":"","_VenueLng":"","_VenueShowMap":false,"_VenueShowMapLink":false,"_newspack_byline_active":false,"_newspack_byline":"","newspack_hide_updated_date":false,"newspack_show_updated_date":false,"newspack_featured_image_position":"","newspack_post_subtitle":"","newspack_article_summary_title":"Overview:","newspack_article_summary":"","_jetpack_memberships_contains_paid_content":false,"footnotes":""},"categories":[340],"tags":[405,3097,446,438,3021],"newspack_spnsrs_tax":[],"coauthors":[3658],"class_list":["post-9547","post","type-post","status-publish","format-standard","has-post-thumbnail","hentry","category-analisis","tag-brasil","tag-comando-vermelho","tag-el-pcc","tag-politicas-de-seguridad","tag-prisiones-es","entry"],"parsely":{"version":"1.1.0","canonical_url":"https:\/\/insightcrime.org\/es\/noticias\/analisis\/autoridades-brasilenas-atrapadas-circulo-vicioso-sistema-carcelario\/","smart_links":{"inbound":0,"outbound":0},"traffic_boost_suggestions_count":0,"meta":{"@context":"https:\/\/schema.org","@type":"NewsArticle","headline":"Autoridades brasile\u00f1as atrapadas en el c\u00edrculo vicioso del sistema carcelario","url":"http:\/\/insightcrime.org\/es\/noticias\/analisis\/autoridades-brasilenas-atrapadas-circulo-vicioso-sistema-carcelario\/","mainEntityOfPage":{"@type":"WebPage","@id":"http:\/\/insightcrime.org\/es\/noticias\/analisis\/autoridades-brasilenas-atrapadas-circulo-vicioso-sistema-carcelario\/"},"thumbnailUrl":"https:\/\/i0.wp.com\/insightcrime.org\/wp-content\/uploads\/2017\/01\/es-17-01-19-brazil-prisoners.jpg?resize=150%2C150&quality=100&ssl=1","image":{"@type":"ImageObject","url":"https:\/\/i0.wp.com\/insightcrime.org\/wp-content\/uploads\/2017\/01\/es-17-01-19-brazil-prisoners.jpg?fit=350%2C263&quality=100&ssl=1"},"articleSection":"An\u00e1lisis","author":[{"@type":"Person","name":"Steven Dudley"}],"creator":["Steven Dudley"],"publisher":{"@type":"Organization","name":"InSight Crime","logo":"https:\/\/insightcrime.org\/wp-content\/uploads\/2023\/08\/logo.png"},"keywords":["brasil","comando vermelho","pcc","pol\u00edticas de seguridad","prisiones"],"dateCreated":"2017-03-28T00:22:23Z","datePublished":"2017-03-28T00:22:23Z","dateModified":"2023-04-24T20:56:33Z"},"rendered":"<meta name=\"parsely-title\" content=\"Autoridades brasile\u00f1as atrapadas en el c\u00edrculo vicioso del sistema carcelario\" \/>\n<meta name=\"parsely-link\" content=\"http:\/\/insightcrime.org\/es\/noticias\/analisis\/autoridades-brasilenas-atrapadas-circulo-vicioso-sistema-carcelario\/\" \/>\n<meta name=\"parsely-type\" content=\"post\" \/>\n<meta name=\"parsely-image-url\" content=\"https:\/\/i0.wp.com\/insightcrime.org\/wp-content\/uploads\/2017\/01\/es-17-01-19-brazil-prisoners.jpg?resize=150%2C150&amp;quality=100&amp;ssl=1\" \/>\n<meta name=\"parsely-pub-date\" content=\"2017-03-28T00:22:23Z\" \/>\n<meta name=\"parsely-section\" content=\"An\u00e1lisis\" \/>\n<meta name=\"parsely-tags\" content=\"brasil,comando vermelho,pcc,pol\u00edticas de seguridad,prisiones\" \/>\n<meta name=\"parsely-author\" content=\"Steven Dudley\" \/>","tracker_url":"https:\/\/cdn.parsely.com\/keys\/insightcrime.org\/p.js"},"jetpack_sharing_enabled":true,"jetpack-related-posts":[{"id":279081,"url":"https:\/\/insightcrime.org\/es\/noticias\/carceles-venezuela-siguen-fuera-control-despues-intervencion-estatal\/","url_meta":{"origin":9547,"position":0},"title":"C\u00e1rceles en Venezuela siguen fuera de control despu\u00e9s de intervenci\u00f3n estatal","author":"Unidad Investigativa de Venezuela","date":"12 de junio de 2024","format":false,"excerpt":"Pese a que las autoridades venezolanas celebraron el restablecimiento del orden carcelario, despu\u00e9s de varias operaciones para retomar el control de las prisiones \u2013en poder de l\u00edderes carcelarios, conocidos como pranes\u2013 los episodios de violencia y la crisis humanitaria del sistema penitenciario contin\u00faan.","rel":"","context":"En \u00abNoticias\u00bb","block_context":{"text":"Noticias","link":"https:\/\/insightcrime.org\/es\/category\/noticias\/"},"img":{"alt_text":"","src":"https:\/\/i0.wp.com\/insightcrime.org\/wp-content\/uploads\/2024\/06\/Huelga-pacifica-presos-Venezuela.jpg?fit=350%2C250&quality=100&ssl=1&resize=350%2C200","width":350,"height":200},"classes":[]},{"id":180522,"url":"https:\/\/insightcrime.org\/es\/noticias\/jaque-sistema-carcelario-colombia-fuga-importante-capo\/","url_meta":{"origin":9547,"position":1},"title":"Jaque al sistema carcelario de Colombia por fuga de importante capo","author":"Juan Diego Posada","date":"18 de marzo de 2022","format":false,"excerpt":"Colombia sufre un nuevo rev\u00e9s de seguridad. El escape de un poderoso narcotraficante deja pendiendo de un hilo el sistema de c\u00e1rceles del pa\u00eds y amenaza los casos de corrupci\u00f3n entre criminales y militares.","rel":"","context":"En \u00abNoticias\u00bb","block_context":{"text":"Noticias","link":"https:\/\/insightcrime.org\/es\/category\/noticias\/"},"img":{"alt_text":"Alias Matamba has been captured in May 2021 and escaped in March 2022, exposing corruption inside Colombian prisons","src":"https:\/\/i0.wp.com\/insightcrime.org\/wp-content\/uploads\/2022\/03\/Matamba-imagen.jpg?fit=350%2C250&quality=100&ssl=1&resize=350%2C200","width":350,"height":200},"classes":[]},{"id":135771,"url":"https:\/\/insightcrime.org\/es\/noticias\/ecuador-enfrenta-niveles-sin-precedentes-violencia-carcelaria\/","url_meta":{"origin":9547,"position":2},"title":"Ecuador enfrenta niveles de violencia carcelaria sin precedentes","author":"Chris Dalby","date":"24 de febrero de 2021","format":false,"excerpt":"Tensiones acumuladas entre pandillas de Ecuador finalmente estallaron en las c\u00e1rceles del pa\u00eds en varias revueltas que dejaron al menos 75 internos muertos, y que las autoridades consideran como los peores motines carcelarios en la historia del pa\u00eds.","rel":"","context":"En \u00abEcuador\u00bb","block_context":{"text":"Ecuador","link":"https:\/\/insightcrime.org\/es\/category\/noticias-crimen-organizado-ecuador\/"},"img":{"alt_text":"","src":"https:\/\/i0.wp.com\/insightcrime.org\/wp-content\/uploads\/2021\/02\/ecuador-kxWF-U130628905318CaE-624x385%40RC.jpg?fit=350%2C250&quality=100&ssl=1&resize=350%2C200","width":350,"height":200},"classes":[]},{"id":126889,"url":"https:\/\/insightcrime.org\/es\/noticias\/cocinas-cocaina-prision-paraguay\/","url_meta":{"origin":9547,"position":3},"title":"Cocina de coca\u00edna a plena vista de guardias en prisi\u00f3n de Paraguay","author":"Diego Garcia","date":"13 de noviembre de 2020","format":false,"excerpt":"Los reclusos de Tacumb\u00fa, la prisi\u00f3n m\u00e1s grande de Paraguay, operaban abiertamente una cocina para el procesamiento de drogas, el m\u00e1s claro ejemplo hasta la fecha de que la corrupci\u00f3n se ha apoderado del sistema penitenciario del pa\u00eds.","rel":"","context":"En \u00abNoticias\u00bb","block_context":{"text":"Noticias","link":"https:\/\/insightcrime.org\/es\/category\/noticias\/"},"img":{"alt_text":"","src":"https:\/\/i0.wp.com\/insightcrime.org\/wp-content\/uploads\/2020\/11\/WhatsApp-Image-2020-10-22-at-07.55.26.jpeg?fit=350%2C250&quality=100&ssl=1&resize=350%2C200","width":350,"height":200},"classes":[]},{"id":147811,"url":"https:\/\/insightcrime.org\/es\/noticias\/guerra-milicias-comando-rojo-explica-violencia-manaos-brasil\/","url_meta":{"origin":9547,"position":4},"title":"\u00bfGuerra entre milicias y Comando Rojo explica violencia en Manaos, Brasil?","author":"Chris Dalby","date":"9 de junio de 2021","format":false,"excerpt":"Manaos, centro econ\u00f3mico del Amazonas brasile\u00f1o, est\u00e1 sitiada por el Comando Rojo despu\u00e9s del asesinato de un importante jefe de la pandilla. Pero estos ataques pueden ser apenas un cap\u00edtulo m\u00e1s en una guerra criminal que escal\u00f3 a todo el territorio nacional.","rel":"","context":"En \u00abNoticias\u00bb","block_context":{"text":"Noticias","link":"https:\/\/insightcrime.org\/es\/category\/noticias\/"},"img":{"alt_text":"A bus is burned during violence in Manaus, Amazonas, carried out by the Red Command","src":"https:\/\/i0.wp.com\/insightcrime.org\/wp-content\/uploads\/2021\/06\/show_02705f82-e8eb-4920-9eb6-bce32db5b960_FF778BB0-4A14-4416-AD54-30BEB6F38958.jpg?fit=350%2C250&quality=100&ssl=1&resize=350%2C200","width":350,"height":200},"classes":[]},{"id":141310,"url":"https:\/\/insightcrime.org\/es\/noticias\/cierre-carceles-dilata-problema-mexico\/","url_meta":{"origin":9547,"position":5},"title":"Cierre de c\u00e1rceles solo dilata el problema de estos centros en M\u00e9xico","author":"Max Radwin","date":"19 de abril de 2021","format":false,"excerpt":"El cierre de una prisi\u00f3n estatal en M\u00e9xico es una respuesta poco convencional del gobierno frente a las precarias condiciones de los reclusos, pero no ser\u00e1 una soluci\u00f3n definitiva a los problemas de fondo que aquejan a los centros penitenciarios del pa\u00eds.","rel":"","context":"En \u00abNoticias\u00bb","block_context":{"text":"Noticias","link":"https:\/\/insightcrime.org\/es\/category\/noticias\/"},"img":{"alt_text":"","src":"https:\/\/i0.wp.com\/insightcrime.org\/wp-content\/uploads\/2021\/04\/Temascaltepec-Prison.jpg?fit=350%2C250&quality=100&ssl=1&resize=350%2C200","width":350,"height":200},"classes":[]}],"jetpack_featured_media_url":"https:\/\/i0.wp.com\/insightcrime.org\/wp-content\/uploads\/2017\/01\/es-17-01-19-brazil-prisoners.jpg?fit=350%2C263&quality=100&ssl=1","_links":{"self":[{"href":"https:\/\/insightcrime.org\/es\/wp-json\/wp\/v2\/posts\/9547","targetHints":{"allow":["GET"]}}],"collection":[{"href":"https:\/\/insightcrime.org\/es\/wp-json\/wp\/v2\/posts"}],"about":[{"href":"https:\/\/insightcrime.org\/es\/wp-json\/wp\/v2\/types\/post"}],"author":[{"embeddable":true,"href":"https:\/\/insightcrime.org\/es\/wp-json\/wp\/v2\/users\/3"}],"replies":[{"embeddable":true,"href":"https:\/\/insightcrime.org\/es\/wp-json\/wp\/v2\/comments?post=9547"}],"version-history":[{"count":1,"href":"https:\/\/insightcrime.org\/es\/wp-json\/wp\/v2\/posts\/9547\/revisions"}],"predecessor-version":[{"id":27988,"href":"https:\/\/insightcrime.org\/es\/wp-json\/wp\/v2\/posts\/9547\/revisions\/27988"}],"wp:featuredmedia":[{"embeddable":true,"href":"https:\/\/insightcrime.org\/es\/wp-json\/wp\/v2\/media\/45829"}],"wp:attachment":[{"href":"https:\/\/insightcrime.org\/es\/wp-json\/wp\/v2\/media?parent=9547"}],"wp:term":[{"taxonomy":"category","embeddable":true,"href":"https:\/\/insightcrime.org\/es\/wp-json\/wp\/v2\/categories?post=9547"},{"taxonomy":"post_tag","embeddable":true,"href":"https:\/\/insightcrime.org\/es\/wp-json\/wp\/v2\/tags?post=9547"},{"taxonomy":"newspack_spnsrs_tax","embeddable":true,"href":"https:\/\/insightcrime.org\/es\/wp-json\/wp\/v2\/newspack_spnsrs_tax?post=9547"},{"taxonomy":"author","embeddable":true,"href":"https:\/\/insightcrime.org\/es\/wp-json\/wp\/v2\/coauthors?post=9547"}],"curies":[{"name":"wp","href":"https:\/\/api.w.org\/{rel}","templated":true}]}}