{"id":95524,"date":"2019-02-08T14:41:43","date_gmt":"2019-02-08T19:41:43","guid":{"rendered":"https:\/\/insightcrime.org\/?p=95524"},"modified":"2023-04-24T16:33:42","modified_gmt":"2023-04-24T21:33:42","slug":"cruzada-contra-la-corrupcion-en-peru-va-cuesta-arriba","status":"publish","type":"post","link":"https:\/\/insightcrime.org\/es\/noticias\/noticias-del-dia\/cruzada-contra-la-corrupcion-en-peru-va-cuesta-arriba\/","title":{"rendered":"Cruzada anticorrupci\u00f3n en Per\u00fa podr\u00eda quedarse sin cruzados"},"content":{"rendered":"\n<p class=\"wp-block-paragraph\">Con cuatro expresidentes en l\u00edos por esc\u00e1ndalos de corrupci\u00f3n, el presidente de Per\u00fa Mart\u00edn Vizcarra instituy\u00f3 2019 como el a\u00f1o de la lucha contra la corrupci\u00f3n y la impunidad. Pero en un giro tan infortunado como tristemente predecible, se ha abierto una investigaci\u00f3n por los negocios del mismo Vizcarra con la constructora brasile\u00f1a Odebrecht, lo que puede inhabilitar una cruzada que a\u00fan no arranca.<\/p>\n\n\n\n<p class=\"wp-block-paragraph\">El a\u00f1o hab\u00eda empezado muy bien. El 9 de enero, junto al primer ministro C\u00e9sar Villanueva y al ministro de justicia Vicente Zeballos, <a href=\"https:\/\/larepublica.pe\/politica\/1386798-nombre-oficial-ano-2019-peru-llamara-ano-2019\" target=\"_blank\" rel=\"noopener\">Vizcarra<\/a>&nbsp;sancion\u00f3 en ley las reformas constitucionales que los peruanos hab\u00edan votado en diciembre de 2018.<\/p>\n\n\n\n<p class=\"wp-block-paragraph\">Estas incluyen la reforma al nombramiento de magistrados y fiscales, el fin de la reelecci\u00f3n inmediata de legisladores al Congreso despu\u00e9s de un periodo de cinco a\u00f1os, y la creaci\u00f3n de normas para la financiaci\u00f3n del gobierno a los partidos pol\u00edticos.<\/p>\n\n\n\n<p class=\"wp-block-paragraph\">La promesa de Vizcarra de combatir la corrupci\u00f3n en el pa\u00eds se inici\u00f3 en julio de 2018, cuando propuso desarticular el anterior Consejo Nacional de la Judicatura luego de una escandalosas denuncias en las que se revelaba que integrantes de ese consejo hab\u00edan estado implicados en <a href=\"https:\/\/es.insightcrime.org\/noticias\/analisis\/una-mirada-al-escandalo-de-corrupcion-judicial-en-peru\/\" target=\"_blank\" rel=\"noopener\">actividades corruptas<\/a>.<\/p>\n\n\n\n<p class=\"wp-block-paragraph\"><strong><span style=\"color: #800000;\">VEA TAMBI\u00c9N:<\/span><\/strong>&nbsp;<a href=\"https:\/\/es.insightcrime.org\/noticias\/analisis\/una-mirada-al-escandalo-de-corrupcion-judicial-en-peru\/\">Una mirada al esc\u00e1ndalo de corrupci\u00f3n judicial en Per\u00fa<\/a><\/p>\n\n\n\n<p class=\"wp-block-paragraph\">La medida, que tuvo un respaldo amplio del Congreso, allan\u00f3 el camino para la creaci\u00f3n de un <a href=\"https:\/\/elperuano.pe\/noticia-por-fin-tenemos-junta-nacional-justicia-75465.aspx\" target=\"_blank\" rel=\"noopener\">nuevo comit\u00e9 seleccionador<\/a>, quien estar\u00eda a cargo de la selecci\u00f3n, designaci\u00f3n, destituci\u00f3n y ratificaci\u00f3n de jueces y fiscales en todas las instancias.<\/p>\n\n\n\n<h3 class=\"wp-block-heading\">An\u00e1lisis de InSight Crime<\/h3>\n\n\n\n<p class=\"wp-block-paragraph\">Cuando Vizcarra lleg\u00f3 al poder, la reputaci\u00f3n de la presidencia peruana estaba por el suelo. Alejandro Toledo (presidente de 2001-2006) se encuentra fugitivo de la Interpol, viviendo en Estados Unidos y presentando recursos contra una orden de extradici\u00f3n <a href=\"https:\/\/perureports.com\/alejandro-toledo-extradition-request\/7801\/\" target=\"_blank\" rel=\"noopener\">en la que se lo acusa de haber recibido<\/a> US$20 millones en coimas de Odebrecht. Alan Garc\u00eda, dos veces presidente (1985-1990, 2006-2011) y caudillo pol\u00edtico perenne, tiene una prohibici\u00f3n de salir del pa\u00eds por sospechas de corrupci\u00f3n en la construcci\u00f3n del metro de Lima, pese a un intento abandonado <a href=\"https:\/\/www.bbc.com\/news\/world-latin-america-46256694\">de b\u00fasqueda de asilo<\/a> en la embajada uruguaya en noviembre.<\/p>\n\n\n\n<p class=\"wp-block-paragraph\">Ollanta Humala (2011-2016) est\u00e1 <a href=\"https:\/\/elcomercio.pe\/politica\/odebrecht-habria-transferido-us-1-3-mlls-ollanta-humala-presidente-noticia-554124\">acusado de recibir<\/a> al menos US$3 millones de Odebrecht para su campa\u00f1a electoral, a instancias de su esposa, Nadine Heredia.&nbsp;El predecesor de Vizcarra, Pedro Pablo Kuczynski, <a href=\"https:\/\/www.theguardian.com\/world\/2018\/mar\/21\/peru-president-pedro-pablo-kuczynski-resigns-amid-corruption-scandal\">renunci\u00f3<\/a> en marzo de 2018 despu\u00e9s de presuntamente mentir sobre sus negocios anteriores con la firma brasile\u00f1a y por una acusaci\u00f3n de compra de votos.<\/p>\n\n\n\n<p class=\"wp-block-paragraph\">Y, por a\u00f1os, en Per\u00fa ha sido muy com\u00fan que las \u00e9lites en l\u00edos judiciales reciban o sentencias muy leves o salgan impunes. Ese fue el caso en 2014, cuando se indici\u00f3 e investig\u00f3 a m\u00e1s de <a href=\"https:\/\/es.insightcrime.org\/noticias\/noticias-del-dia\/115-candidatos-peru-vinculados-narcotrafico-ministro\/\">115 candidatos pol\u00edticos<\/a> por nexos con el narcotr\u00e1fico, sin embargo, casi todos fueron exculpados.<\/p>\n\n\n\n<p class=\"wp-block-paragraph\"><span style=\"color: #800000;\"><strong>VEA TAMBI\u00c9N:<\/strong><\/span> <a href=\"https:\/\/es.insightcrime.org\/noticias\/analisis\/corrupcion-de-odebrecht-arrasa-con-la-elite-politica-de-peru\/\">&nbsp;Corrupci\u00f3n de Odebrecht arrasa con la \u00e9lite pol\u00edtica de Per\u00fa<\/a><\/p>\n\n\n\n<p class=\"wp-block-paragraph\">Por tal raz\u00f3n, la tarea que se le present\u00f3 a Vizcarra era crucial. Sus acciones en su primer a\u00f1o en el poder parec\u00edan mostrar su compromiso con la lucha de la corrupci\u00f3n en un pa\u00eds que ocupa la posici\u00f3n 105 entre 180, en el <a href=\"https:\/\/www.transparency.org\/cpi2018\" target=\"_blank\" rel=\"noopener\">\u00cdndice de Percepciones de Corrupci\u00f3n<\/a>.<\/p>\n\n\n\n<p class=\"wp-block-paragraph\">Pero en enero, <a href=\"https:\/\/www.infobae.com\/america\/america-latina\/2019\/01\/17\/el-congreso-de-peru-investigara-si-hay-lazos-entre-odebrecht-y-el-presidente-martin-vizcarra\/\">surgieron denuncias<\/a> contra el mismo Vizcarra. Una comisi\u00f3n fiscalizadora del congreso abri\u00f3 una investigaci\u00f3n por un posible nexo entre una firma local, de la que Vizcarra fue copropietario, y la constructora brasile\u00f1a. El presidente ha negado las acusaciones y ha declarado que \u201c[lo] tienen sin cuidado\u201d.<\/p>\n\n\n\n<p class=\"wp-block-paragraph\">Pese a la apertura de esa investigaci\u00f3n el 16 de enero, una encuesta realizada luego de la noticia muestra que Vizcarra mantuvo una <a href=\"https:\/\/www.radionacional.com.pe\/informa\/politica\/presidente-vizcarra-mantiene-nivel-de-aprobacion\">aprobaci\u00f3n del 60 por ciento<\/a>&nbsp;en el pa\u00eds.<\/p>\n\n\n\n<p class=\"wp-block-paragraph\">Desde que Vizcarra asumi\u00f3 la presidencia, se han visto <a href=\"https:\/\/peru21.pe\/politica\/marcha-nacional-mejores-fotos-protesta-corrupcion-galeria-415748\" target=\"_blank\" rel=\"noopener\">protestas callejeras masivas<\/a> contra todo el espectro pol\u00edtico. Sin embargo, el mandatario ha parecido capaz de convocar el apoyo de la ciudadan\u00eda, pues casi el 80 por ciento de los peruanos aprobaron <a href=\"https:\/\/www.europapress.es\/internacional\/noticia-peru-aprueba-referendum-acabar-reeleccion-parlamentarios-rechaza-bicameralidad-20181209235259.html\" target=\"_blank\" rel=\"noopener\">las reformas constitucionales<\/a>&nbsp;propuestas por Vizcarra en diciembre \u00faltimo.<\/p>\n\n\n\n<p class=\"wp-block-paragraph\">No cabe duda de que esa presi\u00f3n social ha llevado a Vizcarra a hacer r\u00e1pidos avances, y parece dispuesto a <a href=\"https:\/\/elcomercio.pe\/politica\/martin-vizcarra-2019-sera-ano-consolidacion-lucha-corrupcion-noticia-nndc-589371\">mantener ese impulso<\/a>&nbsp;en 2019. Es cierto que son encomiables sus reformas, como la creaci\u00f3n de la JNJ y su esfuerzo por <a href=\"https:\/\/andina.pe\/ingles\/noticia-peru-govt-follows-up-on-expresident-toledo-extradition-process-732164.aspx\">extraditar a funcionarios en fuga<\/a>&nbsp;de regreso a Per\u00fa.<\/p>\n\n\n\n<p class=\"wp-block-paragraph\">Sin embargo, una cosa es clara: el esc\u00e1ndalo por los asuntos de Vizcarra corre el riesgo de hundirlo en un pa\u00eds ya al borde del hartazgo, y podr\u00eda llevar a pique cualquier posibilidad real de reformar el sistema pol\u00edtico en Per\u00fa.<\/p>\n","protected":false},"excerpt":{"rendered":"<p> Con cuatro expresidentes en l\u00edos por esc\u00e1ndalos de corrupci\u00f3n, el presidente de Per\u00fa Mart\u00edn Vizcarra instituy\u00f3 2019 como el a\u00f1o de la lucha contra la corrupci\u00f3n y la impunidad. Pero en un giro tan infortunado como tristemente predecible, se ha abierto una investigaci\u00f3n por los negocios del mismo Vizcarra con la constructora brasile\u00f1a Odebrecht, lo que puede inhabilitar una cruzadada que a\u00fan no empieza. <\/p>\n","protected":false},"author":181,"featured_media":95505,"comment_status":"closed","ping_status":"closed","sticky":false,"template":"","format":"standard","meta":{"newspack_ads_suppress_ads":false,"newspack_popups_has_disabled_popups":false,"newspack_sponsor_sponsorship_scope":"","newspack_sponsor_native_byline_display":"inherit","newspack_sponsor_native_category_display":"inherit","newspack_sponsor_underwriter_style":"inherit","newspack_sponsor_underwriter_placement":"inherit","_EventAllDay":false,"_EventTimezone":"","_EventStartDate":"","_EventEndDate":"","_EventStartDateUTC":"","_EventEndDateUTC":"","_EventShowMap":false,"_EventShowMapLink":false,"_EventURL":"","_EventCost":"","_EventCostDescription":"","_EventCurrencySymbol":"","_EventCurrencyCode":"","_EventCurrencyPosition":"","_EventDateTimeSeparator":"","_EventTimeRangeSeparator":"","_EventOrganizerID":[],"_EventVenueID":[],"_OrganizerEmail":"","_OrganizerPhone":"","_OrganizerWebsite":"","_VenueAddress":"","_VenueCity":"","_VenueCountry":"","_VenueProvince":"","_VenueState":"","_VenueZip":"","_VenuePhone":"","_VenueURL":"","_VenueStateProvince":"","_VenueLat":"","_VenueLng":"","_VenueShowMap":false,"_VenueShowMapLink":false,"_newspack_byline_active":false,"_newspack_byline":"","newspack_hide_updated_date":false,"newspack_show_updated_date":false,"newspack_featured_image_position":"","newspack_post_subtitle":"","newspack_article_summary_title":"Overview:","newspack_article_summary":"","_jetpack_memberships_contains_paid_content":false,"footnotes":""},"categories":[334],"tags":[447,409,454],"newspack_spnsrs_tax":[],"coauthors":[4152],"class_list":["post-95524","post","type-post","status-publish","format-standard","has-post-thumbnail","hentry","category-noticias-del-dia","tag-elites-y-crimen-organizado","tag-peru-pais","tag-reforma-judicial","entry"],"parsely":{"version":"1.1.0","canonical_url":"https:\/\/insightcrime.org\/es\/noticias\/noticias-del-dia\/cruzada-contra-la-corrupcion-en-peru-va-cuesta-arriba\/","smart_links":{"inbound":0,"outbound":0},"traffic_boost_suggestions_count":0,"meta":{"@context":"https:\/\/schema.org","@type":"NewsArticle","headline":"Cruzada anticorrupci\u00f3n en Per\u00fa podr\u00eda quedarse sin cruzados","url":"http:\/\/insightcrime.org\/es\/noticias\/noticias-del-dia\/cruzada-contra-la-corrupcion-en-peru-va-cuesta-arriba\/","mainEntityOfPage":{"@type":"WebPage","@id":"http:\/\/insightcrime.org\/es\/noticias\/noticias-del-dia\/cruzada-contra-la-corrupcion-en-peru-va-cuesta-arriba\/"},"thumbnailUrl":"https:\/\/i0.wp.com\/insightcrime.org\/wp-content\/uploads\/2019\/02\/Peru.jpg?resize=150%2C150&quality=100&ssl=1","image":{"@type":"ImageObject","url":"https:\/\/i0.wp.com\/insightcrime.org\/wp-content\/uploads\/2019\/02\/Peru.jpg?fit=350%2C250&quality=100&ssl=1"},"articleSection":"Noticias del d\u00eda","author":[{"@type":"Person","name":"Camilo Carranza"}],"creator":["Camilo Carranza"],"publisher":{"@type":"Organization","name":"InSight Crime","logo":"https:\/\/insightcrime.org\/wp-content\/uploads\/2023\/08\/logo.png"},"keywords":["\u00e9lites y crimen","per\u00fa","reforma judicial"],"dateCreated":"2019-02-08T19:41:43Z","datePublished":"2019-02-08T19:41:43Z","dateModified":"2023-04-24T21:33:42Z"},"rendered":"<meta name=\"parsely-title\" content=\"Cruzada anticorrupci\u00f3n en Per\u00fa podr\u00eda quedarse sin cruzados\" \/>\n<meta name=\"parsely-link\" content=\"http:\/\/insightcrime.org\/es\/noticias\/noticias-del-dia\/cruzada-contra-la-corrupcion-en-peru-va-cuesta-arriba\/\" \/>\n<meta name=\"parsely-type\" content=\"post\" \/>\n<meta name=\"parsely-image-url\" content=\"https:\/\/i0.wp.com\/insightcrime.org\/wp-content\/uploads\/2019\/02\/Peru.jpg?resize=150%2C150&amp;quality=100&amp;ssl=1\" \/>\n<meta name=\"parsely-pub-date\" content=\"2019-02-08T19:41:43Z\" \/>\n<meta name=\"parsely-section\" content=\"Noticias del d\u00eda\" \/>\n<meta name=\"parsely-tags\" content=\"\u00e9lites y crimen,per\u00fa,reforma judicial\" \/>\n<meta name=\"parsely-author\" content=\"Camilo Carranza\" \/>","tracker_url":"https:\/\/cdn.parsely.com\/keys\/insightcrime.org\/p.js"},"jetpack_sharing_enabled":true,"jetpack-related-posts":[{"id":172989,"url":"https:\/\/insightcrime.org\/es\/news\/cruzada-anticorrupcion-de-peru-se-debilita\/","url_meta":{"origin":95524,"position":0},"title":"Cruzada anticorrupci\u00f3n de Per\u00fa se debilita cada d\u00eda m\u00e1s","author":"Alejandra Rodriguez","date":"10 de diciembre de 2021","format":false,"excerpt":"Autoridades de Per\u00fa desmantelaron una red criminal que involucr\u00f3 al menos once funcionarios de dos ministerios, un sofisticado caso de corrupci\u00f3n en diferentes niveles de gobierno que evidencia la debilidad de los esfuerzos para prevenir la corrupci\u00f3n en el pa\u00eds.","rel":"","context":"En \u00abNews\u00bb","block_context":{"text":"News","link":"https:\/\/insightcrime.org\/category\/news\/"},"img":{"alt_text":"Autoridades","src":"https:\/\/i0.wp.com\/insightcrime.org\/wp-content\/uploads\/2021\/12\/peru-e1638891806597.png?fit=350%2C250&quality=100&ssl=1&resize=350%2C200","width":350,"height":200},"classes":[]},{"id":287283,"url":"https:\/\/insightcrime.org\/es\/noticias\/aumentan-ataques-contra-presidente-anticorrupcion-guatemala\/","url_meta":{"origin":95524,"position":1},"title":"Aumentan ataques contra el presidente anticorrupci\u00f3n de Guatemala","author":"Alex Papadovassilakis","date":"15 de agosto de 2024","format":false,"excerpt":"El arresto de una funcionaria del gobierno de Guatemala marca una ominosa escalada en una cruzada legal que pretende descarrilar la administraci\u00f3n del presidente Bernardo Ar\u00e9valo, que ha dado prioridad a la lucha contra la corrupci\u00f3n y el crimen organizado.","rel":"","context":"En \u00abNoticias\u00bb","block_context":{"text":"Noticias","link":"https:\/\/insightcrime.org\/es\/category\/noticias\/"},"img":{"alt_text":"","src":"https:\/\/i0.wp.com\/insightcrime.org\/wp-content\/uploads\/2024\/08\/ezgif-5-ac148b73e2.jpg?fit=350%2C250&quality=100&ssl=1&resize=350%2C200","width":350,"height":200},"classes":[]},{"id":206500,"url":"https:\/\/insightcrime.org\/es\/noticias\/disidente-criminal-predecible-caida-pedro-castillo-peru\/","url_meta":{"origin":95524,"position":2},"title":"De disidente a criminal: la predecible ca\u00edda de Pedro Castillo en Per\u00fa","author":"Chris Dalby","date":"8 de diciembre de 2022","format":false,"excerpt":"El expresidente de Per\u00fa Pedro Castillo es a la vez corriente y \u00fanico. Corriente en que es el sexto presidente de Per\u00fa en seis a\u00f1os y uno de los varios en enfrentar denuncias de corrupci\u00f3n. \u00danico en que es el primero que afronta una investigaci\u00f3n de la Fiscal\u00eda de la\u2026","rel":"","context":"En \u00abNoticias\u00bb","block_context":{"text":"Noticias","link":"https:\/\/insightcrime.org\/es\/category\/noticias\/"},"img":{"alt_text":"Expresidente de Per\u00fa Pedro Castillo enfrenta acusaciones penales muy familiares","src":"https:\/\/i0.wp.com\/insightcrime.org\/wp-content\/uploads\/2022\/12\/GettyImages-1322423382-1-1.jpg?fit=350%2C250&quality=100&ssl=1&resize=350%2C200","width":350,"height":200},"classes":[]},{"id":337555,"url":"https:\/\/insightcrime.org\/es\/noticias\/como-inestabilidad-politica-cronica-peru-facilita-crimen-organizado\/","url_meta":{"origin":95524,"position":3},"title":"C\u00f3mo la inestabilidad pol\u00edtica cr\u00f3nica de Per\u00fa facilita el crimen organizado","author":"Henry Shuldiner","date":"23 de marzo de 2026","format":false,"excerpt":"La incapacidad cr\u00f3nica de Per\u00fa para formar un gobierno estable ha dejado a las instituciones del Estado sin capacidad de respuesta frente a una alarmante expansi\u00f3n de los grupos criminales.","rel":"","context":"En \u00abNoticias\u00bb","block_context":{"text":"Noticias","link":"https:\/\/insightcrime.org\/es\/category\/noticias\/"},"img":{"alt_text":"","src":"https:\/\/i0.wp.com\/insightcrime.org\/wp-content\/uploads\/2026\/03\/Cover-reforma-leyes-en-Peru.jpg?fit=1200%2C690&quality=100&ssl=1&resize=350%2C200","width":350,"height":200,"srcset":"https:\/\/i0.wp.com\/insightcrime.org\/wp-content\/uploads\/2026\/03\/Cover-reforma-leyes-en-Peru.jpg?fit=1200%2C690&quality=100&ssl=1&resize=350%2C200 1x, https:\/\/i0.wp.com\/insightcrime.org\/wp-content\/uploads\/2026\/03\/Cover-reforma-leyes-en-Peru.jpg?fit=1200%2C690&quality=100&ssl=1&resize=525%2C300 1.5x, https:\/\/i0.wp.com\/insightcrime.org\/wp-content\/uploads\/2026\/03\/Cover-reforma-leyes-en-Peru.jpg?fit=1200%2C690&quality=100&ssl=1&resize=700%2C400 2x, https:\/\/i0.wp.com\/insightcrime.org\/wp-content\/uploads\/2026\/03\/Cover-reforma-leyes-en-Peru.jpg?fit=1200%2C690&quality=100&ssl=1&resize=1050%2C600 3x"},"classes":[]},{"id":322676,"url":"https:\/\/insightcrime.org\/es\/news\/cruzada-anticrimen-nuevo-presidente-peru-jose-jeri\/","url_meta":{"origin":95524,"position":4},"title":"La cruzada anticrimen del nuevo presidente de Per\u00fa, Jos\u00e9 Jer\u00ed","author":"Sean Doherty","date":"27 de octubre de 2025","format":false,"excerpt":"El nuevo presidente de Per\u00fa, Jos\u00e9 Jer\u00ed, ha prometido una \u201cguerra contra el crimen\u201d en medio de una profunda crisis de seguridad. Pero las medidas de mano dura, los estados de emergencia y las operaciones en prisiones evocan estrategias fallidas del pasado.","rel":"","context":"En \u00abNews\u00bb","block_context":{"text":"News","link":"https:\/\/insightcrime.org\/category\/news\/"},"img":{"alt_text":"Operacio\u0301n Ciclo\u0301n - Presidencia de Peru\u0301","src":"https:\/\/i0.wp.com\/insightcrime.org\/wp-content\/uploads\/2025\/10\/Operacion-Ciclon-Presidencia-de-Peru-e1773170329518.jpeg?fit=1200%2C800&quality=100&ssl=1&resize=350%2C200","width":350,"height":200,"srcset":"https:\/\/i0.wp.com\/insightcrime.org\/wp-content\/uploads\/2025\/10\/Operacion-Ciclon-Presidencia-de-Peru-e1773170329518.jpeg?fit=1200%2C800&quality=100&ssl=1&resize=350%2C200 1x, https:\/\/i0.wp.com\/insightcrime.org\/wp-content\/uploads\/2025\/10\/Operacion-Ciclon-Presidencia-de-Peru-e1773170329518.jpeg?fit=1200%2C800&quality=100&ssl=1&resize=525%2C300 1.5x, https:\/\/i0.wp.com\/insightcrime.org\/wp-content\/uploads\/2025\/10\/Operacion-Ciclon-Presidencia-de-Peru-e1773170329518.jpeg?fit=1200%2C800&quality=100&ssl=1&resize=700%2C400 2x, https:\/\/i0.wp.com\/insightcrime.org\/wp-content\/uploads\/2025\/10\/Operacion-Ciclon-Presidencia-de-Peru-e1773170329518.jpeg?fit=1200%2C800&quality=100&ssl=1&resize=1050%2C600 3x"},"classes":[]},{"id":315180,"url":"https:\/\/insightcrime.org\/es\/noticias\/realmente-nuevas-leyes-estan-empeorando-crisis-seguridad-peru\/","url_meta":{"origin":95524,"position":5},"title":"\u00bfNuevas leyes realmente est\u00e1n empeorando la crisis de seguridad en Per\u00fa?","author":"Monserrat Peters","date":"22 de julio de 2025","format":false,"excerpt":"La extorsi\u00f3n est\u00e1 en aumento, los sicariatos se han multiplicado, la miner\u00eda ilegal est\u00e1 en auge y los legisladores de Per\u00fa est\u00e1n empeorando las cosas al aprobar reformas que fomentan la impunidad, seg\u00fan un nuevo informe. En los \u00faltimos a\u00f1os, Per\u00fa ha experimentado un aumento dr\u00e1stico en la criminalidad: los\u2026","rel":"","context":"En \u00abNoticias\u00bb","block_context":{"text":"Noticias","link":"https:\/\/insightcrime.org\/es\/category\/noticias\/"},"img":{"alt_text":"","src":"https:\/\/i0.wp.com\/insightcrime.org\/wp-content\/uploads\/2025\/07\/Peru-Protesta-CreativeCommons-.jpg?fit=400%2C267&quality=100&ssl=1&resize=350%2C200","width":350,"height":200},"classes":[]}],"jetpack_featured_media_url":"https:\/\/i0.wp.com\/insightcrime.org\/wp-content\/uploads\/2019\/02\/Peru.jpg?fit=350%2C250&quality=100&ssl=1","_links":{"self":[{"href":"https:\/\/insightcrime.org\/es\/wp-json\/wp\/v2\/posts\/95524","targetHints":{"allow":["GET"]}}],"collection":[{"href":"https:\/\/insightcrime.org\/es\/wp-json\/wp\/v2\/posts"}],"about":[{"href":"https:\/\/insightcrime.org\/es\/wp-json\/wp\/v2\/types\/post"}],"author":[{"embeddable":true,"href":"https:\/\/insightcrime.org\/es\/wp-json\/wp\/v2\/users\/181"}],"replies":[{"embeddable":true,"href":"https:\/\/insightcrime.org\/es\/wp-json\/wp\/v2\/comments?post=95524"}],"version-history":[{"count":5,"href":"https:\/\/insightcrime.org\/es\/wp-json\/wp\/v2\/posts\/95524\/revisions"}],"predecessor-version":[{"id":95574,"href":"https:\/\/insightcrime.org\/es\/wp-json\/wp\/v2\/posts\/95524\/revisions\/95574"}],"wp:featuredmedia":[{"embeddable":true,"href":"https:\/\/insightcrime.org\/es\/wp-json\/wp\/v2\/media\/95505"}],"wp:attachment":[{"href":"https:\/\/insightcrime.org\/es\/wp-json\/wp\/v2\/media?parent=95524"}],"wp:term":[{"taxonomy":"category","embeddable":true,"href":"https:\/\/insightcrime.org\/es\/wp-json\/wp\/v2\/categories?post=95524"},{"taxonomy":"post_tag","embeddable":true,"href":"https:\/\/insightcrime.org\/es\/wp-json\/wp\/v2\/tags?post=95524"},{"taxonomy":"newspack_spnsrs_tax","embeddable":true,"href":"https:\/\/insightcrime.org\/es\/wp-json\/wp\/v2\/newspack_spnsrs_tax?post=95524"},{"taxonomy":"author","embeddable":true,"href":"https:\/\/insightcrime.org\/es\/wp-json\/wp\/v2\/coauthors?post=95524"}],"curies":[{"name":"wp","href":"https:\/\/api.w.org\/{rel}","templated":true}]}}