{"id":95857,"date":"2019-02-13T18:23:18","date_gmt":"2019-02-13T23:23:18","guid":{"rendered":"https:\/\/insightcrime.org\/?p=95857"},"modified":"2025-08-18T20:34:04","modified_gmt":"2025-08-19T01:34:04","slug":"incautaciones-de-armas-de-guerra-en-venezuela-atizan-ambiente-belico","status":"publish","type":"post","link":"https:\/\/insightcrime.org\/es\/news\/analysis\/incautaciones-de-armas-de-guerra-en-venezuela-atizan-ambiente-belico\/","title":{"rendered":"Incautaciones de armas de guerra en Venezuela atizan ambiente b\u00e9lico"},"content":{"rendered":"\n<p class=\"wp-block-paragraph\">Tres recientes incautaciones de armas de guerra en Venezuela dan nuevas pistas de la falta de control sobre la circulaci\u00f3n de armas yun mercado negro hasta ahora no identificado en el pa\u00eds, precisamente cuando atraviesa una grave crisis pol\u00edtica con matices b\u00e9licos.<\/p>\n\n\n\n<p class=\"wp-block-paragraph\">El evento que encendi\u00f3 las alarmas fue el decomiso de <a href=\"https:\/\/www.el-carabobeno.com\/incautado-cargamento-de-armas-de-uso-militar-en-aeropuerto-de-valencia\/\" target=\"_blank\" rel=\"noopener\">armas y pertrechos militares<\/a> en el Aeropuerto Internacional Arturo Michelena, en Valencia, capital del estado Carabobo. El viceministro de Prevenci\u00f3n y Seguridad Ciudadana, general de la Guardia Nacional Bolivariana (GNB), Ender Palencia Ortiz, inform\u00f3 que las autoridades incautaron 19 fusiles, seis tel\u00e9fonos con siglas militares y 90 antenas de radio para BT 150 para uso militar.<\/p>\n\n\n\n<p class=\"wp-block-paragraph\">Palencia Ortiz destac\u00f3 que las armas proced\u00edan de Miami y que llegaron a Venezuela el 3 de febrero. Aunque no se reportaron detenciones, el viceministro asegur\u00f3 que se emprender\u00edan las investigaciones para \u201cdar con los responsables de financiar <a href=\"https:\/\/twitter.com\/PalenciaEndes\/status\/1092874797950951425\" target=\"_blank\" rel=\"noopener\">grupos terroristas<\/a> que pretenden atentar la paz del pueblo de Venezuela\u201d.<\/p>\n\n\n\n<p class=\"wp-block-paragraph\"><span style=\"color: #993300;\"><strong>VEA TAMBI\u00c9N:<\/strong><\/span> <a href=\"https:\/\/es.insightcrime.org\/noticias\/noticias-del-dia\/gobierno-venezuela-propone-armar-civiles-combatir-crimen\/\" target=\"_blank\" rel=\"noopener\">Gobierno de Venezuela propone armar a civiles para combatir crimen<\/a><\/p>\n\n\n\n<p class=\"wp-block-paragraph\">Otra de las incautaciones se realiz\u00f3 el 4 de febrero en el estado Barinas. La GNB detuvo a un sargento de ese componente de la fuerza armada junto a su esposa y a sus dos hijas de 7 y 4 a\u00f1os de edad. Se le decomisaron <a href=\"https:\/\/www.elimpulso.com\/2019\/02\/05\/gnb-trata-como-delincuentes-a-ninas-de-4-y-7-anos-hijas-de-un-efectivo-acusado-de-trafico-de-armas-5feb\/\" target=\"_blank\" rel=\"noopener\">siete fusiles<\/a> autom\u00e1ticos livianos (FAL) que supuestamente intentar\u00eda vender.<\/p>\n\n\n\n<p class=\"wp-block-paragraph\">La tercera incautaci\u00f3n reciente se report\u00f3 el 9 de febrero. La GNB detuvo a dos hombres en una alcabala del estado Sucre y les incautaron <a href=\"http:\/\/www.ultimasnoticias.com.ve\/noticias\/sucesos\/detienen-a-2-sujetos-con-lote-de-armas\/\">cuatro fal<\/a>&nbsp;calibre 7,62; mil cartuchos calibre 7,62\u00d751 mm; mil cartuchos, calibre 7,62\u00d739 mm; 24 cargadores de fal; doce radios port\u00e1tiles con su respectivo cargador y antena y un tel\u00e9fono celular.<\/p>\n\n\n\n<p class=\"wp-block-paragraph\">Y en una operaci\u00f3n poco com\u00fan, esa misma semana la polic\u00eda cient\u00edfica desmantel\u00f3 en el estado Carabobo un <a href=\"https:\/\/ciudadvalencia.com.ve\/desarticulado-laboratorio-municiones\/\" target=\"_blank\" rel=\"noopener\">\u201claboratorio\u201d de municiones<\/a> para armas de guerra. Dos hombres fueron detenidos y el reporte policial se\u00f1ala que las municiones, \u201ceran comercializadas y distribuidas a bandas delictivas que operan por todo el territorio nacional\u201d.<\/p>\n\n\n\n<p class=\"wp-block-paragraph\">Estos procedimientos ocurrieron justo cuando el pa\u00eds est\u00e1 en medio de una fuerte tensi\u00f3n pol\u00edtica entre el gobierno y la oposici\u00f3n de Venezuela. Mientras Nicol\u00e1s Maduro alerta sobre una inminente <a href=\"https:\/\/www.elnuevoherald.com\/noticias\/mundo\/america-latina\/venezuela-es\/article225966920.html\">intervenci\u00f3n militar<\/a> \u201corquestada\u201d por Estados Unidos, la oposici\u00f3n, liderada por el presidente de la Asamblea Nacional, <a href=\"https:\/\/www.bbc.com\/mundo\/noticias-america-latina-46789183\" target=\"_blank\" rel=\"noopener\">Juan Guaid\u00f3<\/a>, insta a los militares a contribuir con la recuperaci\u00f3n de la democracia en el pa\u00eds.<\/p>\n\n\n\n<h3 class=\"wp-block-heading\">An\u00e1lisis de InSight Crime<\/h3>\n\n\n\n<p class=\"wp-block-paragraph\">La circulaci\u00f3n de armas sin ning\u00fan control ha sido com\u00fan en Venezuela en los \u00faltimos a\u00f1os. En 2012, la <a href=\"http:\/\/efectococuyo.com\/secundarias\/nos-estan-matando-a-nuestros-muchachos-y-eso-da-dolor-testimonios-en-accionporlavida\/\" target=\"_blank\" rel=\"noopener\">Comisi\u00f3n Presidencial para el Control de Armas y Municiones <\/a>calcul\u00f3 que en el pa\u00eds hab\u00eda entre 1,2 y 1,5 millones de armas sin registro en manos de civiles. Adem\u00e1s algunos estudios encuentran una relaci\u00f3n entre la cantidad de homicidios que ocurren en Venezuela, 81 por 100.000 habitantes, y el hecho de que&nbsp;<a href=\"http:\/\/pazactiva.org.ve\/expertos-aseguran-que-armas-de-fuego-exclusion-y-desigualdad-causan-homicidios\/\" target=\"_blank\" rel=\"noopener\">89 por ciento de estos homicidios<\/a> se cometen con armas de fuego.<\/p>\n\n\n\n<p class=\"wp-block-paragraph\"><strong><span style=\"color: #993300;\">VEA TAMBI\u00c9N:<\/span><\/strong> <a href=\"https:\/\/es.insightcrime.org\/noticias\/noticias-del-dia\/ley-de-desarme-venezuela-produce-casi-cero-resultados\/\" target=\"_blank\" rel=\"noopener\">Ley de desarme en Venezuela produce casi cero resultados<\/a><\/p>\n\n\n\n<p class=\"wp-block-paragraph\">Es frecuente que las bandas criminales <a href=\"http:\/\/pazactiva.org.ve\/de-la-guerra-al-crimen-asi-se-mueve-una-granada-en-venezuela\/\" target=\"_blank\" rel=\"noopener\">dispongan de granadas <\/a>y armas de guerra en la mayor\u00eda de los casos provenientes de los cuarteles y los arsenales militares. Algunos expertos venezolanos calculan que 85 por ciento de los proyectiles utilizados por las bandas \u2014el dato corresponde a un informe realizado en 2015 por el propio Gobierno, que nunca fue publicado\u2014 provienen de la Compa\u00f1\u00eda An\u00f3nima Venezolana de Industrias Militares (Cavim).<\/p>\n\n\n\n<p class=\"wp-block-paragraph\">Pero estas armas no est\u00e1n solo en manos de grupos criminales, pues los gobiernos de Hugo Ch\u00e1vez y Nicol\u00e1s Maduro han <a href=\"http:\/\/www.el-nacional.com\/noticias\/gobierno\/asi-ejercito-arma-civiles-defensa-revolucion_200549\" target=\"_blank\" rel=\"noopener\">anunciado<\/a> p\u00fablicamente y sin ning\u00fan rubor su disposici\u00f3n a <a href=\"http:\/\/talcualdigital.com\/index.php\/2019\/02\/06\/colectivos-de-seguridad-fronteriza-amenazan-el-ingreso-de-la-ayuda-humanitaria\/\" target=\"_blank\" rel=\"noopener\">armar a los \u201ccolectivos\u201d<\/a>, grupos paramilitares de civiles vinculados al chavismo; y a <a href=\"http:\/\/efectococuyo.com\/politica\/5-mil-400-milicianos-participan-en-ejercicios-militares-encabezados-por-maduro\/\" target=\"_blank\" rel=\"noopener\">las milicias,<\/a> grupos de civiles uniformados, pero sin formaci\u00f3n militar.<\/p>\n\n\n\n<p class=\"wp-block-paragraph\">Las recientes incautaciones de, al menos 30 fusiles, en tres procedimientos distintos son una se\u00f1al que llama la atenci\u00f3n, pues no parece posible identificar qu\u00e9 destino podr\u00edan tener estas armas. Por una parte, la impunidad con que opera el mercado negro de armas ha sido descrita a trav\u00e9s de investigaciones period\u00edsticas que indican que funcionarios de los cuerpos de seguridad del Estado hacen negocios a trav\u00e9s de las <a href=\"http:\/\/elestimulo.com\/climax\/mercado-negro-de-armas-policias-venden-pistolas-por-whatsapp\/\" target=\"_blank\" rel=\"noopener\">redes sociales<\/a>&nbsp;y venden este armamento a los bandas delictivas.<\/p>\n\n\n\n<p class=\"wp-block-paragraph\">Pero por otro lado, las incautaciones ocurren en uno de los momentos de mayor tensi\u00f3n pol\u00edtica que ha experimentado Venezuela en los \u00faltimos a\u00f1os, cuando Maduro parece estarse preparando para un eventual conflicto contra Estados Unidos y ordena <a href=\"https:\/\/www.elpais.com.uy\/mundo\/maduro-ordena-ejercicios-militares-medio-fuerte-tension-politica.html\" target=\"_blank\" rel=\"noopener\">ejercicios militares<\/a>, env\u00eda a 700 polic\u00edas de las temidas <a href=\"https:\/\/elcomercio.pe\/mundo\/venezuela\/venezuela-nicolas-maduro-traslada-700-policias-faes-tachira-frontera-colombia-noticia-606227\" target=\"_blank\" rel=\"noopener\">Fuerzas de Acciones Especiales <\/a>&nbsp;(FAES) a la frontera con Colombia, activa la Milicia Nacional Bolivariana y se apoya en grupos de civiles armados (\u201ccolectivos\u201d) para mantenerse &nbsp;en el poder. Maduro ha dicho claramente que usar\u00e1 las armas en contra de una supuesta <a href=\"http:\/\/www.correodelorinoco.gob.ve\/maduro-venezuela-quiere-paz-pero-esta-dispuesta-a-usar-las-armas-si-fuera-necesario\/\" target=\"_blank\" rel=\"noopener\">invasi\u00f3n extranjera<\/a>.<\/p>\n\n\n\n<p class=\"wp-block-paragraph\">El desarme de la poblaci\u00f3n civil es una tarea pendiente en Venezuela y no ha sido suficiente con la promulgaci\u00f3n de una<a href=\"https:\/\/www.bbc.com\/mundo\/ultimas_noticias\/2013\/06\/130615_ultnot_venezuela_armas_ley_jgc\" target=\"_blank\" rel=\"noopener\"> ley<\/a> ni los <a href=\"https:\/\/www.eluniverso.com\/noticias\/2016\/09\/08\/nota\/5789478\/plan-desarme-gobierno-venezuela-cambia-armas-electrodomesticos\" target=\"_blank\" rel=\"noopener\">\u201cincentivos\u201d<\/a> promovidos por el gobierno de Nicol\u00e1s Maduro para despojar a las bandas criminales del arsenal del cual disponen. De hecho, la ret\u00f3rica en torno a la idea de <a href=\"http:\/\/www.radiomundial.com.ve\/article\/decir-carabobo-es-decir-patria-es-decir-pueblo-en-armas-que-naci%C3%B3-para-ser-libre\" target=\"_blank\" rel=\"noopener\">\u201cpueblo en armas\u201d<\/a>, que ha sido una constante en el discurso oficialista y ahora ha sido revivida, es un obst\u00e1culo adicional.<\/p>\n","protected":false},"excerpt":{"rendered":"<p>Tres recientes incautaciones de armas de guerra en Venezuela dan nuevas pistas de la falta de control sobre la circulaci\u00f3n de armas yun mercado negro hasta ahora no identificado en [&hellip;]<\/p>\n","protected":false},"author":775,"featured_media":95863,"comment_status":"closed","ping_status":"closed","sticky":false,"template":"","format":"standard","meta":{"newspack_ads_suppress_ads":false,"newspack_popups_has_disabled_popups":false,"newspack_sponsor_sponsorship_scope":"","newspack_sponsor_native_byline_display":"inherit","newspack_sponsor_native_category_display":"inherit","newspack_sponsor_underwriter_style":"inherit","newspack_sponsor_underwriter_placement":"inherit","_EventAllDay":false,"_EventTimezone":"","_EventStartDate":"","_EventEndDate":"","_EventStartDateUTC":"","_EventEndDateUTC":"","_EventShowMap":false,"_EventShowMapLink":false,"_EventURL":"","_EventCost":"","_EventCostDescription":"","_EventCurrencySymbol":"","_EventCurrencyCode":"","_EventCurrencyPosition":"","_EventDateTimeSeparator":"","_EventTimeRangeSeparator":"","_EventOrganizerID":[],"_EventVenueID":[],"_OrganizerEmail":"","_OrganizerPhone":"","_OrganizerWebsite":"","_VenueAddress":"","_VenueCity":"","_VenueCountry":"","_VenueProvince":"","_VenueState":"","_VenueZip":"","_VenuePhone":"","_VenueURL":"","_VenueStateProvince":"","_VenueLat":"","_VenueLng":"","_VenueShowMap":false,"_VenueShowMapLink":false,"_newspack_byline_active":false,"_newspack_byline":"","newspack_hide_updated_date":false,"newspack_show_updated_date":false,"newspack_featured_image_position":"","newspack_post_subtitle":"","newspack_article_summary_title":"Overview:","newspack_article_summary":"","_jetpack_memberships_contains_paid_content":false,"footnotes":""},"categories":[329],"tags":[546,570],"newspack_spnsrs_tax":[],"coauthors":[4646],"class_list":["post-95857","post","type-post","status-publish","format-standard","has-post-thumbnail","hentry","category-analysis","tag-arms-trafficking","tag-venezuela","entry"],"parsely":{"version":"1.1.0","canonical_url":"https:\/\/insightcrime.org\/es\/news\/analysis\/incautaciones-de-armas-de-guerra-en-venezuela-atizan-ambiente-belico\/","smart_links":{"inbound":0,"outbound":0},"traffic_boost_suggestions_count":0,"meta":{"@context":"https:\/\/schema.org","@type":"NewsArticle","headline":"Incautaciones de armas de guerra en Venezuela atizan ambiente b\u00e9lico","url":"http:\/\/insightcrime.org\/es\/news\/analysis\/incautaciones-de-armas-de-guerra-en-venezuela-atizan-ambiente-belico\/","mainEntityOfPage":{"@type":"WebPage","@id":"http:\/\/insightcrime.org\/es\/news\/analysis\/incautaciones-de-armas-de-guerra-en-venezuela-atizan-ambiente-belico\/"},"thumbnailUrl":"https:\/\/i0.wp.com\/insightcrime.org\/wp-content\/uploads\/2019\/02\/armas-valencia-2.jpg?resize=150%2C150&quality=100&ssl=1","image":{"@type":"ImageObject","url":"https:\/\/i0.wp.com\/insightcrime.org\/wp-content\/uploads\/2019\/02\/armas-valencia-2.jpg?fit=1289%2C855&quality=100&ssl=1"},"articleSection":"Analysis","author":[{"@type":"Person","name":"Unidad Investigativa de Venezuela"}],"creator":["Unidad Investigativa de Venezuela"],"publisher":{"@type":"Organization","name":"InSight Crime","logo":"https:\/\/insightcrime.org\/wp-content\/uploads\/2023\/08\/logo.png"},"keywords":["tr\u00e1fico de armas","venezuela"],"dateCreated":"2019-02-13T23:23:18Z","datePublished":"2019-02-13T23:23:18Z","dateModified":"2025-08-19T01:34:04Z"},"rendered":"<meta name=\"parsely-title\" content=\"Incautaciones de armas de guerra en Venezuela atizan ambiente b\u00e9lico\" \/>\n<meta name=\"parsely-link\" content=\"http:\/\/insightcrime.org\/es\/news\/analysis\/incautaciones-de-armas-de-guerra-en-venezuela-atizan-ambiente-belico\/\" \/>\n<meta name=\"parsely-type\" content=\"post\" \/>\n<meta name=\"parsely-image-url\" content=\"https:\/\/i0.wp.com\/insightcrime.org\/wp-content\/uploads\/2019\/02\/armas-valencia-2.jpg?resize=150%2C150&amp;quality=100&amp;ssl=1\" \/>\n<meta name=\"parsely-pub-date\" content=\"2019-02-13T23:23:18Z\" \/>\n<meta name=\"parsely-section\" content=\"Analysis\" \/>\n<meta name=\"parsely-tags\" content=\"tr\u00e1fico de armas,venezuela\" \/>\n<meta name=\"parsely-author\" content=\"Unidad Investigativa de Venezuela\" \/>","tracker_url":"https:\/\/cdn.parsely.com\/keys\/insightcrime.org\/p.js"},"jetpack_sharing_enabled":true,"jetpack-related-posts":[{"id":232658,"url":"https:\/\/insightcrime.org\/es\/noticias\/granadas-convirtieron-elemento-esencial-arsenal-criminal-venezuela\/","url_meta":{"origin":95857,"position":0},"title":"C\u00f3mo las granadas se convirtieron en un elemento esencial del arsenal criminal de Venezuela","author":"Unidad Investigativa de Venezuela","date":"7 de junio de 2023","format":false,"excerpt":"Granadas, como las que suelen verse en los campos de guerra, se han convertido en armas habituales del mundo criminal venezolano, donde los grupos delictivos las utilizan para una amplia gama de actividades ilegales.","rel":"","context":"En \u00abNoticias\u00bb","block_context":{"text":"Noticias","link":"https:\/\/insightcrime.org\/es\/category\/noticias\/"},"img":{"alt_text":"","src":"https:\/\/i0.wp.com\/insightcrime.org\/wp-content\/uploads\/2023\/09\/Venezuela-Police-officers-secure-the-surrounding-area-where-a-small-bomb-exploded-Feb-2008-AP080224013393-A2-1.jpg?fit=1200%2C690&quality=100&ssl=1&resize=350%2C200","width":350,"height":200,"srcset":"https:\/\/i0.wp.com\/insightcrime.org\/wp-content\/uploads\/2023\/09\/Venezuela-Police-officers-secure-the-surrounding-area-where-a-small-bomb-exploded-Feb-2008-AP080224013393-A2-1.jpg?fit=1200%2C690&quality=100&ssl=1&resize=350%2C200 1x, https:\/\/i0.wp.com\/insightcrime.org\/wp-content\/uploads\/2023\/09\/Venezuela-Police-officers-secure-the-surrounding-area-where-a-small-bomb-exploded-Feb-2008-AP080224013393-A2-1.jpg?fit=1200%2C690&quality=100&ssl=1&resize=525%2C300 1.5x, https:\/\/i0.wp.com\/insightcrime.org\/wp-content\/uploads\/2023\/09\/Venezuela-Police-officers-secure-the-surrounding-area-where-a-small-bomb-exploded-Feb-2008-AP080224013393-A2-1.jpg?fit=1200%2C690&quality=100&ssl=1&resize=700%2C400 2x, https:\/\/i0.wp.com\/insightcrime.org\/wp-content\/uploads\/2023\/09\/Venezuela-Police-officers-secure-the-surrounding-area-where-a-small-bomb-exploded-Feb-2008-AP080224013393-A2-1.jpg?fit=1200%2C690&quality=100&ssl=1&resize=1050%2C600 3x"},"classes":[]},{"id":232452,"url":"https:\/\/insightcrime.org\/es\/noticias\/granadas-sello-distintivo-extorsionistas-venezolanos-peru\/","url_meta":{"origin":95857,"position":1},"title":"Las granadas, nuevo sello distintivo de los extorsionistas venezolanos en Per\u00fa","author":"Unidad Investigativa de Venezuela","date":"19 de septiembre de 2023","format":false,"excerpt":"Una serie de ataques con granadas, as\u00ed como amenazas y extorsiones relacionadas con bandas venezolanas en Per\u00fa, revelan que el uso de esta arma ha sido exportado de Venezuela a otros pa\u00edses latinoamericanos.\u00a0 El ataque m\u00e1s reciente ocurri\u00f3 el 15 de septiembre en San Juan de Lurigancho, un distrito de\u2026","rel":"","context":"En \u00abNoticias\u00bb","block_context":{"text":"Noticias","link":"https:\/\/insightcrime.org\/es\/category\/noticias\/"},"img":{"alt_text":"The nightclub in San Juan de Lurigancho, Lima, where a grenade attack hurt 15 people","src":"https:\/\/i0.wp.com\/insightcrime.org\/wp-content\/uploads\/2023\/09\/orig-1695079531764-1.jpg?fit=350%2C250&quality=100&ssl=1&resize=350%2C200","width":350,"height":200},"classes":[]},{"id":265016,"url":"https:\/\/insightcrime.org\/es\/noticias\/trafico-armas-europeas-pone-paraguay-contra-cuerdas\/","url_meta":{"origin":95857,"position":2},"title":"El tr\u00e1fico de armas europeas pone a Paraguay contra las cuerdas","author":"Beatriz Vicent Fern\u00e1ndez","date":"11 de enero de 2024","format":false,"excerpt":"Miles de armas de origen europeo y turco incautadas en Brasil junto con extensas redes de corrupci\u00f3n muestran la extensi\u00f3n del mercado ilegal de armas en Paraguay.","rel":"","context":"En \u00abNoticias\u00bb","block_context":{"text":"Noticias","link":"https:\/\/insightcrime.org\/es\/category\/noticias\/"},"img":{"alt_text":"Rifles incautados durante la Operaci\u00f3n Dakovo.","src":"https:\/\/i0.wp.com\/insightcrime.org\/wp-content\/uploads\/2024\/01\/armas_Dakovo2.jpg?fit=350%2C250&quality=100&ssl=1&resize=350%2C200","width":350,"height":200},"classes":[]},{"id":4985,"url":"https:\/\/insightcrime.org\/es\/venezuela-organized-crime-news\/bacrim-venezuela\/","url_meta":{"origin":95857,"position":3},"title":"BACRIM en Venezuela","author":"InSight Crime","date":"15 de febrero de 2023","format":false,"excerpt":"Varios remanentes de las Autodefensas Unidas de Colombia (AUC), conocidos en conjunto como bandas criminales (BACRIM), expandieron su presencia a Venezuela.","rel":"","context":"En \u00abVenezuela\u00bb","block_context":{"text":"Venezuela","link":"https:\/\/insightcrime.org\/category\/venezuela-organized-crime-news\/"},"img":{"alt_text":"Grupo criminal BACRIM, Venezuela.","src":"https:\/\/i0.wp.com\/insightcrime.org\/wp-content\/uploads\/2026\/08\/Grupo-Criminal-BACRIM-en-Venezuela.jpg?fit=1200%2C900&quality=100&ssl=1&resize=350%2C200","width":350,"height":200,"srcset":"https:\/\/i0.wp.com\/insightcrime.org\/wp-content\/uploads\/2026\/08\/Grupo-Criminal-BACRIM-en-Venezuela.jpg?fit=1200%2C900&quality=100&ssl=1&resize=350%2C200 1x, https:\/\/i0.wp.com\/insightcrime.org\/wp-content\/uploads\/2026\/08\/Grupo-Criminal-BACRIM-en-Venezuela.jpg?fit=1200%2C900&quality=100&ssl=1&resize=525%2C300 1.5x, https:\/\/i0.wp.com\/insightcrime.org\/wp-content\/uploads\/2026\/08\/Grupo-Criminal-BACRIM-en-Venezuela.jpg?fit=1200%2C900&quality=100&ssl=1&resize=700%2C400 2x, https:\/\/i0.wp.com\/insightcrime.org\/wp-content\/uploads\/2026\/08\/Grupo-Criminal-BACRIM-en-Venezuela.jpg?fit=1200%2C900&quality=100&ssl=1&resize=1050%2C600 3x"},"classes":[]},{"id":232737,"url":"https:\/\/insightcrime.org\/es\/noticias\/entrevistas\/gobiernos-latinoamerica-continuan-intentando-detener-flujo-armas\/","url_meta":{"origin":95857,"position":4},"title":"Gobiernos de Latinoam\u00e9rica contin\u00faan intentando detener el flujo de armas","author":"Henry Shuldiner","date":"24 de abril de 2023","format":false,"excerpt":"Entre los l\u00edderes latinoamericanos hay un renovado inter\u00e9s por enfrentar el tr\u00e1fico de armas hacia sus pa\u00edses, pero no est\u00e1 claro hasta qu\u00e9 punto podr\u00e1n debilitar este complicado comercio criminal transnacional.","rel":"","context":"En \u00abQ&amp;A\u00bb","block_context":{"text":"Q&amp;A","link":"https:\/\/insightcrime.org\/es\/category\/noticias\/entrevistas\/"},"img":{"alt_text":"Autoridades paraguayas con hombres arrestados por tr\u00e1fico de armas en una operaci\u00f3n internacional dirigida por Interpol.","src":"https:\/\/i0.wp.com\/insightcrime.org\/wp-content\/uploads\/2023\/09\/Mexic-Arms-Traffickong-Interpol-1804231-1.jpg?fit=350%2C250&quality=100&ssl=1&resize=350%2C200","width":350,"height":200},"classes":[]},{"id":232725,"url":"https:\/\/insightcrime.org\/es\/noticias\/cuatro-conclusiones-informe-caricom-armas\/","url_meta":{"origin":95857,"position":5},"title":"Cuatro conclusiones del informe de CARICOM sobre armas de fuego","author":"Gavin Voss","date":"4 de mayo de 2023","format":false,"excerpt":"La violencia de las pandillas aumenta los niveles de homicidios en el Caribe, atizados por armas estadounidenses; seg\u00fan un informe publicado recientemente, mientras que los l\u00edderes de la regi\u00f3n buscan incrementar la cooperaci\u00f3n contra el tr\u00e1fico de armas.","rel":"","context":"En \u00abNoticias\u00bb","block_context":{"text":"Noticias","link":"https:\/\/insightcrime.org\/es\/category\/noticias\/"},"img":{"alt_text":"Armas de tipo militar incautadas por autoridades estadounidenses","src":"https:\/\/i0.wp.com\/insightcrime.org\/wp-content\/uploads\/2023\/09\/Caribbean-Guns-Haiti-Arms-Trafficking-AP-1.jpeg?fit=350%2C250&quality=100&ssl=1&resize=350%2C200","width":350,"height":200},"classes":[]}],"jetpack_featured_media_url":"https:\/\/i0.wp.com\/insightcrime.org\/wp-content\/uploads\/2019\/02\/armas-valencia-2.jpg?fit=1289%2C855&quality=100&ssl=1","_links":{"self":[{"href":"https:\/\/insightcrime.org\/es\/wp-json\/wp\/v2\/posts\/95857","targetHints":{"allow":["GET"]}}],"collection":[{"href":"https:\/\/insightcrime.org\/es\/wp-json\/wp\/v2\/posts"}],"about":[{"href":"https:\/\/insightcrime.org\/es\/wp-json\/wp\/v2\/types\/post"}],"author":[{"embeddable":true,"href":"https:\/\/insightcrime.org\/es\/wp-json\/wp\/v2\/users\/775"}],"replies":[{"embeddable":true,"href":"https:\/\/insightcrime.org\/es\/wp-json\/wp\/v2\/comments?post=95857"}],"version-history":[{"count":6,"href":"https:\/\/insightcrime.org\/es\/wp-json\/wp\/v2\/posts\/95857\/revisions"}],"predecessor-version":[{"id":317800,"href":"https:\/\/insightcrime.org\/es\/wp-json\/wp\/v2\/posts\/95857\/revisions\/317800"}],"wp:featuredmedia":[{"embeddable":true,"href":"https:\/\/insightcrime.org\/es\/wp-json\/wp\/v2\/media\/95863"}],"wp:attachment":[{"href":"https:\/\/insightcrime.org\/es\/wp-json\/wp\/v2\/media?parent=95857"}],"wp:term":[{"taxonomy":"category","embeddable":true,"href":"https:\/\/insightcrime.org\/es\/wp-json\/wp\/v2\/categories?post=95857"},{"taxonomy":"post_tag","embeddable":true,"href":"https:\/\/insightcrime.org\/es\/wp-json\/wp\/v2\/tags?post=95857"},{"taxonomy":"newspack_spnsrs_tax","embeddable":true,"href":"https:\/\/insightcrime.org\/es\/wp-json\/wp\/v2\/newspack_spnsrs_tax?post=95857"},{"taxonomy":"author","embeddable":true,"href":"https:\/\/insightcrime.org\/es\/wp-json\/wp\/v2\/coauthors?post=95857"}],"curies":[{"name":"wp","href":"https:\/\/api.w.org\/{rel}","templated":true}]}}