{"id":9588,"date":"2017-02-06T19:35:43","date_gmt":"2017-03-28T00:22:49","guid":{"rendered":"http:\/\/newwp.insightcrime.org?p=9588"},"modified":"2023-04-24T15:56:50","modified_gmt":"2023-04-24T20:56:50","slug":"veracruz-mexico-epicentro-violencia-contra-periodistas-latinoamerica","status":"publish","type":"post","link":"https:\/\/insightcrime.org\/es\/noticias\/noticias-del-dia\/veracruz-mexico-epicentro-violencia-contra-periodistas-latinoamerica\/","title":{"rendered":"Veracruz, M\u00e9xico, epicentro de la violencia contra los periodistas en Latinoam\u00e9rica"},"content":{"rendered":"\n<p class=\"wp-block-paragraph\">El estado mexicano de Veracruz, ubicado al oriente del pa\u00eds, se convirti\u00f3 en el lugar m\u00e1s peligroso para los periodistas en Latinoam\u00e9rica durante la administraci\u00f3n del exgobernador Javier Duarte, actualmente pr\u00f3fugo, seg\u00fan un reciente informe que ilustra c\u00f3mo un Estado corrupto a menudo representa la principal amenaza que enfrentan los periodistas.<\/p>\n\n\n\n<p class=\"wp-block-paragraph\">En su informe \u201cVeracruz: periodistas y el Estado del terror\u201d, (<a href=\"https:\/\/rsf.org\/sites\/default\/files\/rapport_veracruz_en_def.pdf\" target=\"_blank\">pdf<\/a>) Reporteros Sin Fronteras (Reporters Sans Fronti\u00e8res \u2013 RSF) se\u00f1alan que 19 periodistas fueron asesinados y cuatro m\u00e1s desaparecieron en Veracruz entre enero de 2000 y septiembre de 2016. Esto significa que el 20 por ciento de los asesinatos de periodistas y el 20 por ciento de las desapariciones en M\u00e9xico durante ese per\u00edodo ocurrieron en ese estado.<\/p>\n\n\n\n<p class=\"wp-block-paragraph\">Sin embargo, fue s\u00f3lo despu\u00e9s de 2010, cuando el gobernador Javier Duarte asumi\u00f3 el poder, que Veracruz se convirti\u00f3 en el estado mexicano m\u00e1s peligroso para los periodistas. En los seis a\u00f1os de la administraci\u00f3n Duarte, que termin\u00f3 abruptamente cuando el gobernador huy\u00f3 para <a href=\"\/...\/nuevas-acusaciones-malversacion-contra-exgobernador%20-mexico-fugitivo\" target=\"_blank\">evadir acusaciones de corrupci\u00f3n<\/a> a finales de 2016, ocurrieron 17 de los asesinatos y tres de las desapariciones.<\/p>\n\n\n\n<p class=\"wp-block-paragraph\">Seg\u00fan la investigaci\u00f3n de RSF, aunque Veracruz est\u00e1 plagado de redes criminales como Los Zetas, la principal amenaza para los periodistas proviene no del crimen organizado sino del estado, especialmente durante la administraci\u00f3n Duarte.<\/p>\n\n\n\n<p class=\"wp-block-paragraph\">\u201cJavier Duarte estableci\u00f3 un reinado del terror para los periodistas a lo largo de sus seis a\u00f1os como gobernador, entre 2010 y 2016, en un clima de tal impunidad que \u00e9l pod\u00eda amenazar abierta y p\u00fablicamente a los medios de comunicaci\u00f3n sin tener que rendir cuentas por ello\u201d, indica el informe.<\/p>\n\n\n\n<p class=\"wp-block-paragraph\">Por su parte, los carteles son \u201cpercibidos en Veracruz como el brazo armado de los pol\u00edticos, pero act\u00faan sin reparos por iniciativa propia cuando los periodistas se interesan demasiado en sus asuntos\u201d.<\/p>\n\n\n\n<p class=\"wp-block-paragraph\">La violencia contra los periodistas en Veracruz se ha presentado a pesar de ser el estado con las mayores medidas de protecci\u00f3n para los periodistas; en efecto, el 18,6 por ciento de los periodistas mexicanos que reciben medidas de protecci\u00f3n residen en dicho estado.<\/p>\n\n\n\n<p class=\"wp-block-paragraph\">El informe se\u00f1ala que esta aparente contradicci\u00f3n es t\u00edpica de la situaci\u00f3n de M\u00e9xico.<\/p>\n\n\n\n<p class=\"wp-block-paragraph\">\u201cParad\u00f3jicamente, M\u00e9xico cuenta con una impresionante variedad de mecanismos y leyes para la protecci\u00f3n del personal de los medios de comunicaci\u00f3n. Por desgracia, las cifras presentadas en este informe evidencian la ineficacia de estos mecanismos y el fracaso de las autoridades\u201d, afirma el documento.<\/p>\n\n\n\n<h3 class=\"wp-block-heading\">An\u00e1lisis de InSight Crime<\/h3>\n\n\n\n<p class=\"wp-block-paragraph\"><a href=\"\/news\/briefs\/committee-to-protect-journalists-mexico\" target=\"_blank\">El aumento de la violencia contra los periodistas<\/a> en un momento en que la guerra contra las drogas en M\u00e9xico se ha salido de control ha sido bien documentado. Sin embargo, el informe de RSF llama la atenci\u00f3n sobre una parte de esta violencia que a menudo se pasa por alto: el papel del Estado.<\/p>\n\n\n\n<p class=\"wp-block-paragraph\">Desenmascarar la corrupci\u00f3n del Estado, bien sea mediante el enriquecimiento personal o la colusi\u00f3n con el crimen organizado, suele ser incluso m\u00e1s peligroso que desenmascarar a las redes criminales, pues los individuos en cuesti\u00f3n tienen una reputaci\u00f3n legal y un estatus que defender.<\/p>\n\n\n\n<p class=\"wp-block-paragraph\"><strong><span style=\"color: #800000\">VEA TAMBI\u00c9N<\/span><\/strong>: <a href=\"\/noticias-sobre-crimen-organizado-en-mexico\" target=\"_blank\">Noticias y perfiles de M\u00e9xico<\/a><\/p>\n\n\n\n<p class=\"wp-block-paragraph\">Como destaca RSF, el solo hecho de establecer mecanismos para proteger a los periodistas no es suficiente para combatir estas amenazas. Para que sean efectivos, estos mecanismos deben ser adecuadamente financiados, apoyados e implementados. Adem\u00e1s, poco se puede avanzar hasta que no se ponga fin a la impunidad en torno a los cr\u00edmenes contra los periodistas; en Veracruz, las tasas de impunidad de los cr\u00edmenes contra los periodistas ascienden a casi el 100 por ciento, seg\u00fan RSF.&nbsp;<\/p>\n","protected":false},"excerpt":{"rendered":"<p>El estado mexicano de Veracruz, ubicado al oriente del pa\u00eds, se convirti\u00f3 en el lugar m\u00e1s peligroso para los periodistas en Latinoam\u00e9rica durante la administraci\u00f3n del exgobernador Javier Duarte, actualmente pr\u00f3fugo, seg\u00fan un reciente informe que ilustra c\u00f3mo un Estado corrupto a menudo representa la principal amenaza que enfrentan los periodistas.<\/p>\n","protected":false},"author":16,"featured_media":45912,"comment_status":"closed","ping_status":"closed","sticky":false,"template":"","format":"standard","meta":{"newspack_ads_suppress_ads":false,"newspack_popups_has_disabled_popups":false,"newspack_sponsor_sponsorship_scope":"","newspack_sponsor_native_byline_display":"inherit","newspack_sponsor_native_category_display":"inherit","newspack_sponsor_underwriter_style":"inherit","newspack_sponsor_underwriter_placement":"inherit","_EventAllDay":false,"_EventTimezone":"","_EventStartDate":"","_EventEndDate":"","_EventStartDateUTC":"","_EventEndDateUTC":"","_EventShowMap":false,"_EventShowMapLink":false,"_EventURL":"","_EventCost":"","_EventCostDescription":"","_EventCurrencySymbol":"","_EventCurrencyCode":"","_EventCurrencyPosition":"","_EventDateTimeSeparator":"","_EventTimeRangeSeparator":"","_EventOrganizerID":[],"_EventVenueID":[],"_OrganizerEmail":"","_OrganizerPhone":"","_OrganizerWebsite":"","_VenueAddress":"","_VenueCity":"","_VenueCountry":"","_VenueProvince":"","_VenueState":"","_VenueZip":"","_VenuePhone":"","_VenueURL":"","_VenueStateProvince":"","_VenueLat":"","_VenueLng":"","_VenueShowMap":false,"_VenueShowMapLink":false,"_newspack_byline_active":false,"_newspack_byline":"","newspack_hide_updated_date":false,"newspack_show_updated_date":false,"newspack_featured_image_position":"","newspack_post_subtitle":"","newspack_article_summary_title":"Overview:","newspack_article_summary":"","_jetpack_memberships_contains_paid_content":false,"footnotes":""},"categories":[334],"tags":[450,406],"newspack_spnsrs_tax":[],"coauthors":[3821],"class_list":["post-9588","post","type-post","status-publish","format-standard","has-post-thumbnail","hentry","category-noticias-del-dia","tag-derechos-humanos","tag-mexico-pais","entry"],"parsely":{"version":"1.1.0","canonical_url":"https:\/\/insightcrime.org\/es\/noticias\/noticias-del-dia\/veracruz-mexico-epicentro-violencia-contra-periodistas-latinoamerica\/","smart_links":{"inbound":0,"outbound":0},"traffic_boost_suggestions_count":0,"meta":{"@context":"https:\/\/schema.org","@type":"NewsArticle","headline":"Veracruz, M\u00e9xico, epicentro de la violencia contra los periodistas en Latinoam\u00e9rica","url":"http:\/\/insightcrime.org\/es\/noticias\/noticias-del-dia\/veracruz-mexico-epicentro-violencia-contra-periodistas-latinoamerica\/","mainEntityOfPage":{"@type":"WebPage","@id":"http:\/\/insightcrime.org\/es\/noticias\/noticias-del-dia\/veracruz-mexico-epicentro-violencia-contra-periodistas-latinoamerica\/"},"thumbnailUrl":"https:\/\/i0.wp.com\/insightcrime.org\/wp-content\/uploads\/2017\/02\/es-17-02-03-Mexico-journalistmurders.jpg?resize=150%2C136&quality=100&ssl=1","image":{"@type":"ImageObject","url":"https:\/\/i0.wp.com\/insightcrime.org\/wp-content\/uploads\/2017\/02\/es-17-02-03-Mexico-journalistmurders.jpg?fit=240%2C136&quality=100&ssl=1"},"articleSection":"Noticias del d\u00eda","author":[{"@type":"Person","name":"James Bargent"}],"creator":["James Bargent"],"publisher":{"@type":"Organization","name":"InSight Crime","logo":"https:\/\/insightcrime.org\/wp-content\/uploads\/2023\/08\/logo.png"},"keywords":["derechos humanos","m\u00e9xico"],"dateCreated":"2017-03-28T00:22:49Z","datePublished":"2017-03-28T00:22:49Z","dateModified":"2023-04-24T20:56:50Z"},"rendered":"<meta name=\"parsely-title\" content=\"Veracruz, M\u00e9xico, epicentro de la violencia contra los periodistas en Latinoam\u00e9rica\" \/>\n<meta name=\"parsely-link\" content=\"http:\/\/insightcrime.org\/es\/noticias\/noticias-del-dia\/veracruz-mexico-epicentro-violencia-contra-periodistas-latinoamerica\/\" \/>\n<meta name=\"parsely-type\" content=\"post\" \/>\n<meta name=\"parsely-image-url\" content=\"https:\/\/i0.wp.com\/insightcrime.org\/wp-content\/uploads\/2017\/02\/es-17-02-03-Mexico-journalistmurders.jpg?resize=150%2C136&amp;quality=100&amp;ssl=1\" \/>\n<meta name=\"parsely-pub-date\" content=\"2017-03-28T00:22:49Z\" \/>\n<meta name=\"parsely-section\" content=\"Noticias del d\u00eda\" \/>\n<meta name=\"parsely-tags\" content=\"derechos humanos,m\u00e9xico\" \/>\n<meta name=\"parsely-author\" content=\"James Bargent\" \/>","tracker_url":"https:\/\/cdn.parsely.com\/keys\/insightcrime.org\/p.js"},"jetpack_sharing_enabled":true,"jetpack-related-posts":[{"id":146174,"url":"https:\/\/insightcrime.org\/es\/noticias\/asesinatos-periodistas-revelan-mano-negra-crimen-organizado\/","url_meta":{"origin":9588,"position":0},"title":"Asesinatos de periodistas revelan la mano negra del crimen organizado","author":"Saskia Wright","date":"24 de mayo de 2021","format":false,"excerpt":"De los casi 140 periodistas asesinados en M\u00e9xico, Colombia, Brasil y Honduras en la \u00faltima d\u00e9cada, cerca de la mitad cubr\u00edan temas de crimen organizado.","rel":"","context":"En \u00abNoticias\u00bb","block_context":{"text":"Noticias","link":"https:\/\/insightcrime.org\/es\/category\/noticias\/"},"img":{"alt_text":"","src":"https:\/\/i0.wp.com\/insightcrime.org\/wp-content\/uploads\/2021\/05\/5184.jpg?fit=350%2C250&quality=100&ssl=1&resize=350%2C200","width":350,"height":200},"classes":[]},{"id":147366,"url":"https:\/\/insightcrime.org\/es\/noticias\/veracruz-estado-mas-peligroso-mexico-homicidios-politicos\/","url_meta":{"origin":9588,"position":1},"title":"Por qu\u00e9 Veracruz es el estado m\u00e1s peligroso de M\u00e9xico en homicidios de pol\u00edticos","author":"Max Radwin","date":"3 de junio de 2021","format":false,"excerpt":"Postularse a un cargo de elecci\u00f3n popular en M\u00e9xico es una actividad de alto riesgo. Para el 31 de mayo, una semana antes de las elecciones locales del 6 de junio, hab\u00edan sido asesinados al menos 89 candidatos pol\u00edticos durante la actual campa\u00f1a.","rel":"","context":"En \u00abNoticias\u00bb","block_context":{"text":"Noticias","link":"https:\/\/insightcrime.org\/es\/category\/noticias\/"},"img":{"alt_text":"","src":"https:\/\/i0.wp.com\/insightcrime.org\/wp-content\/uploads\/2021\/06\/Veracruz-politicians.jpg?fit=1200%2C690&quality=100&ssl=1&resize=350%2C200","width":350,"height":200,"srcset":"https:\/\/i0.wp.com\/insightcrime.org\/wp-content\/uploads\/2021\/06\/Veracruz-politicians.jpg?fit=1200%2C690&quality=100&ssl=1&resize=350%2C200 1x, https:\/\/i0.wp.com\/insightcrime.org\/wp-content\/uploads\/2021\/06\/Veracruz-politicians.jpg?fit=1200%2C690&quality=100&ssl=1&resize=525%2C300 1.5x, https:\/\/i0.wp.com\/insightcrime.org\/wp-content\/uploads\/2021\/06\/Veracruz-politicians.jpg?fit=1200%2C690&quality=100&ssl=1&resize=700%2C400 2x, https:\/\/i0.wp.com\/insightcrime.org\/wp-content\/uploads\/2021\/06\/Veracruz-politicians.jpg?fit=1200%2C690&quality=100&ssl=1&resize=1050%2C600 3x"},"classes":[]},{"id":171253,"url":"https:\/\/insightcrime.org\/es\/noticias\/belice-puerto-entrada-contrabando-cigarrillos-mexico\/","url_meta":{"origin":9588,"position":2},"title":"Belice, puerto de entrada del contrabando de cigarrillos a M\u00e9xico","author":"Chris Dalby","date":"9 de noviembre de 2021","format":false,"excerpt":"Aunque el contrabando de cigarrillos es una actividad extendida en toda Latinoam\u00e9rica, Belice ha confirmado su lugar como principal puerto de ingreso de tabaco ilegal a M\u00e9xico.","rel":"","context":"En \u00abNoticias\u00bb","block_context":{"text":"Noticias","link":"https:\/\/insightcrime.org\/es\/category\/noticias\/"},"img":{"alt_text":"Belice es el mayor puerto de entrada del tabaco de contrabando a M\u00e9xico","src":"https:\/\/i0.wp.com\/insightcrime.org\/wp-content\/uploads\/2021\/11\/cigarros.jpg?fit=350%2C250&quality=100&ssl=1&resize=350%2C200","width":350,"height":200},"classes":[]},{"id":176977,"url":"https:\/\/insightcrime.org\/es\/noticias\/ataques-asesinatos-periodistas-escandalizan-mexico\/","url_meta":{"origin":9588,"position":3},"title":"Ataques y asesinatos de periodistas escandalizan a M\u00e9xico","author":"Parker Asmann","date":"28 de enero de 2022","format":false,"excerpt":"El inicio de 2022 en M\u00e9xico ha estado te\u00f1ido de sangre de periodistas, muertos a tiros, pu\u00f1aladas o emboscados, mientras las autoridades siguen acusando a las organizaciones criminales.","rel":"","context":"En \u00abNoticias\u00bb","block_context":{"text":"Noticias","link":"https:\/\/insightcrime.org\/es\/category\/noticias\/"},"img":{"alt_text":"Los asesinatos de periodistas en M\u00e9xico no paran","src":"https:\/\/i0.wp.com\/insightcrime.org\/wp-content\/uploads\/2022\/01\/2022-01-27-Mex-Journo-Killings.jpg?fit=350%2C250&quality=100&ssl=1&resize=350%2C200","width":350,"height":200},"classes":[]},{"id":184114,"url":"https:\/\/insightcrime.org\/es\/investigaciones\/detencion-desajusto-contrabando-ganado-mexico\/","url_meta":{"origin":9588,"position":4},"title":"El opaco negocio del tr\u00e1fico de ganado de Guatemala a Veracruz, M\u00e9xico","author":"InSight Crime","date":"18 de mayo de 2022","format":false,"excerpt":"Benem\u00e9rito de las Am\u00e9ricas es uno de los pueblos m\u00e1s remotos en la frontera entre M\u00e9xico y Guatemala. Se ubica en la ribera del r\u00edo Usumacinta, a cientos de kil\u00f3metros del centro urbano m\u00e1s cercano. El pueblo no tiene presencia de aduanas, ni un cruce fronterizo formal. Tiene una gasolinera,\u2026","rel":"","context":"En \u00abInvestigaciones\u00bb","block_context":{"text":"Investigaciones","link":"https:\/\/insightcrime.org\/es\/category\/investigaciones\/"},"img":{"alt_text":"Ilustraci\u00f3n mapa de Centroam\u00e9rica con im\u00e1genes de ganado y un preso de fondo","src":"https:\/\/i0.wp.com\/insightcrime.org\/wp-content\/uploads\/2022\/05\/Cattle-Trafficking-Cover-Cap-2-InSight-Crime-May-2023-1-scaled.jpg?fit=1200%2C450&quality=100&ssl=1&resize=350%2C200","width":350,"height":200,"srcset":"https:\/\/i0.wp.com\/insightcrime.org\/wp-content\/uploads\/2022\/05\/Cattle-Trafficking-Cover-Cap-2-InSight-Crime-May-2023-1-scaled.jpg?fit=1200%2C450&quality=100&ssl=1&resize=350%2C200 1x, https:\/\/i0.wp.com\/insightcrime.org\/wp-content\/uploads\/2022\/05\/Cattle-Trafficking-Cover-Cap-2-InSight-Crime-May-2023-1-scaled.jpg?fit=1200%2C450&quality=100&ssl=1&resize=525%2C300 1.5x, https:\/\/i0.wp.com\/insightcrime.org\/wp-content\/uploads\/2022\/05\/Cattle-Trafficking-Cover-Cap-2-InSight-Crime-May-2023-1-scaled.jpg?fit=1200%2C450&quality=100&ssl=1&resize=700%2C400 2x, https:\/\/i0.wp.com\/insightcrime.org\/wp-content\/uploads\/2022\/05\/Cattle-Trafficking-Cover-Cap-2-InSight-Crime-May-2023-1-scaled.jpg?fit=1200%2C450&quality=100&ssl=1&resize=1050%2C600 3x"},"classes":[]},{"id":151216,"url":"https:\/\/insightcrime.org\/es\/noticias\/yucatan-mexico-foco-pesca-ilegal\/","url_meta":{"origin":9588,"position":5},"title":"Estado de Yucat\u00e1n en M\u00e9xico: foco de pesca ilegal","author":"Alessandro Ford","date":"16 de julio de 2021","format":false,"excerpt":"La pesca ilegal est\u00e1 desbordada en el estado mexicano de Yucat\u00e1n, seg\u00fan afirman pescadores y medios locales. La combinaci\u00f3n entre las t\u00e9cnicas de pesca ilegales, la competencia de embarcaciones de fuera del estado y el empobrecimiento de los caladeros, tienen a esta importante industria nacional bajo amenaza.","rel":"","context":"En \u00abNoticias\u00bb","block_context":{"text":"Noticias","link":"https:\/\/insightcrime.org\/es\/category\/noticias\/"},"img":{"alt_text":"","src":"https:\/\/i0.wp.com\/insightcrime.org\/wp-content\/uploads\/2021\/07\/Pulpo-2.jpg?fit=350%2C250&quality=100&ssl=1&resize=350%2C200","width":350,"height":200},"classes":[]}],"jetpack_featured_media_url":"https:\/\/i0.wp.com\/insightcrime.org\/wp-content\/uploads\/2017\/02\/es-17-02-03-Mexico-journalistmurders.jpg?fit=240%2C136&quality=100&ssl=1","_links":{"self":[{"href":"https:\/\/insightcrime.org\/es\/wp-json\/wp\/v2\/posts\/9588","targetHints":{"allow":["GET"]}}],"collection":[{"href":"https:\/\/insightcrime.org\/es\/wp-json\/wp\/v2\/posts"}],"about":[{"href":"https:\/\/insightcrime.org\/es\/wp-json\/wp\/v2\/types\/post"}],"author":[{"embeddable":true,"href":"https:\/\/insightcrime.org\/es\/wp-json\/wp\/v2\/users\/16"}],"replies":[{"embeddable":true,"href":"https:\/\/insightcrime.org\/es\/wp-json\/wp\/v2\/comments?post=9588"}],"version-history":[{"count":1,"href":"https:\/\/insightcrime.org\/es\/wp-json\/wp\/v2\/posts\/9588\/revisions"}],"predecessor-version":[{"id":28072,"href":"https:\/\/insightcrime.org\/es\/wp-json\/wp\/v2\/posts\/9588\/revisions\/28072"}],"wp:featuredmedia":[{"embeddable":true,"href":"https:\/\/insightcrime.org\/es\/wp-json\/wp\/v2\/media\/45912"}],"wp:attachment":[{"href":"https:\/\/insightcrime.org\/es\/wp-json\/wp\/v2\/media?parent=9588"}],"wp:term":[{"taxonomy":"category","embeddable":true,"href":"https:\/\/insightcrime.org\/es\/wp-json\/wp\/v2\/categories?post=9588"},{"taxonomy":"post_tag","embeddable":true,"href":"https:\/\/insightcrime.org\/es\/wp-json\/wp\/v2\/tags?post=9588"},{"taxonomy":"newspack_spnsrs_tax","embeddable":true,"href":"https:\/\/insightcrime.org\/es\/wp-json\/wp\/v2\/newspack_spnsrs_tax?post=9588"},{"taxonomy":"author","embeddable":true,"href":"https:\/\/insightcrime.org\/es\/wp-json\/wp\/v2\/coauthors?post=9588"}],"curies":[{"name":"wp","href":"https:\/\/api.w.org\/{rel}","templated":true}]}}