{"id":9589,"date":"2017-02-07T16:22:56","date_gmt":"2017-03-28T00:22:49","guid":{"rendered":"http:\/\/newwp.insightcrime.org?p=9589"},"modified":"2023-04-24T15:56:51","modified_gmt":"2023-04-24T20:56:51","slug":"quien-controla-realmente-prisiones-brasil","status":"publish","type":"post","link":"https:\/\/insightcrime.org\/es\/noticias\/analisis\/quien-controla-realmente-prisiones-brasil\/","title":{"rendered":"\u00bfQui\u00e9n controla realmente las prisiones de Brasil?"},"content":{"rendered":"\n<p class=\"wp-block-paragraph\">La legitimidad del sistema carcelario brasile\u00f1o ha sido cuestionada profundamente, luego de una serie de violentos enfrentamientos entre pandillas rivales en el norte del pa\u00eds.<\/p>\n\n\n\n<p class=\"wp-block-paragraph\">Todo comenz\u00f3 el 1 de enero, cuando <a href=\"https:\/\/www.reuters.com\/article\/us-brazil-prison-riot-idUSKBN14M0QB\" target=\"_blank\">56 reclusos<\/a> afiliados a la pandilla criminal m\u00e1s grande del pa\u00eds, Primer Comando Capital (PCC), de S\u00e3o Paulo, fueron asesinados en el complejo penitenciario An\u00edsio Jobim en Manaos. Desde entonces, m\u00e1s de 110 reclusos han perdido la vida en diversas prisiones por conflictos acerca de qui\u00e9n controla esos espacios.<\/p>\n\n\n\n<p class=\"wp-block-paragraph\">Los asesinatos masivos se han presentado despu\u00e9s de varios enfrentamientos menores, aunque igual de violentos, entre el PCC y sus rivales del norte, en octubre de 2016, cuando otros 21 presos murieron. En cada incidente, el nuevo territorio de los vencedores ha quedado cubierto por los cuerpos mutilados de sus v\u00edctimas.<\/p>\n\n\n\n<p class=\"wp-block-paragraph\">El presidente de Brasil, Michel Temer, contin\u00faa siendo criticado por negar las consecuencias de las masacres. En particular, sus cr\u00edticos se\u00f1alan que los hechos violentos no son eventos aislados, sino los s\u00edntomas de un sistema en permanente crisis.<\/p>\n\n\n\n<p class=\"wp-block-paragraph\"><em><strong>*Este art\u00edculo fue editado y traducido para mayor claridad y publicado con el permiso de <a href=\"https:\/\/theconversation.com\/\" target=\"_blank\">The Conversation<\/a>. No representa necesariamente las opiniones de InSight Crime. Vea el art\u00edculo original en ingl\u00e9s <a href=\"https:\/\/theconversation.com\/who-is-really-in-control-of-brazils-prisons-71391\" target=\"_blank\">aqu\u00ed<\/a>.<\/strong><\/em><\/p>\n\n\n\n<p class=\"wp-block-paragraph\">En un<a href=\"https:\/\/www.crimeandjustice.org.uk\/resources\/whats-causing-brazils-prison-massacres\" target=\"_blank\"> art\u00edculo reciente<\/a>, el antrop\u00f3logo Chris Garc\u00e9s y yo analizamos los tres factores subyacentes que se pueden considerar culpables de los disturbios: las condiciones de vida inhumanas en medio del hacinamiento, en las prisiones brasile\u00f1as promedio; la incapacidad de evitar que las pandillas criminales se extiendan por todo el sistema penitenciario; y la reciente crisis en las relaciones entre el PCC y el Comando Vermelho (CV), de R\u00edo de Janeiro, la segunda pandilla criminal m\u00e1s grande de Brasil, por el comercio de coca\u00edna.<\/p>\n\n\n\n<p class=\"wp-block-paragraph\">Al controlar las c\u00e1rceles, las pandillas controlan indirectamente el tr\u00e1fico de drogas fuera de ellas. Las pandillas por lo general no suelen vender drogas, sino que lo hacen a trav\u00e9s de un sistema de franquicias o licencias. Cuando alguien le compra drogas a un pandillero mediante el sistema de licencias, pero no le paga sus deudas, sabe que no tendr\u00e1 escapatoria si alg\u00fan d\u00eda termina en la c\u00e1rcel.<\/p>\n\n\n\n<h3 class=\"wp-block-heading\">Los faxinas controlan los pabellones<\/h3>\n\n\n\n<p class=\"wp-block-paragraph\">Pero esta crisis es adem\u00e1s una ruptura temporal de un orden establecido desde hace largo tiempo. Los disturbios han interrumpido un sistema de \u201ccogobierno\u201d que ha regido por d\u00e9cadas y que ha mantenido el orden en las prisiones brasile\u00f1as, permitiendo que el preso brasile\u00f1o promedio logre sobrevivir a su experiencia en la c\u00e1rcel.<\/p>\n\n\n\n<p class=\"wp-block-paragraph\">El tema de los recortes de personal es fundamental para comprender el orden en las prisiones brasile\u00f1as. Hist\u00f3ricamente, los administradores de las prisiones brasile\u00f1as no han empleado el suficiente personal que les permita dirigir los establecimientos sin la cooperaci\u00f3n de los reclusos. De all\u00ed surgi\u00f3 el recurso del preso faxina o \u201climpiador\u201d. Los faxinas fueron descritos en 1953, en el relato autobiogr\u00e1fico del escritor <a href=\"https:\/\/graciliano.com.br\/site\/obra\/memorias-do-carcere-1953\/\" target=\"_blank\">Graciliano Ramos<\/a>, en el que narra su experiencia como preso pol\u00edtico en la prisi\u00f3n de Candido Mendes, R\u00edo de Janeiro, y en <a href=\"https:\/\/www.simonandschuster.com\/books\/Lockdown\/Drauzio-Varella\/9781849838665\" target=\"_blank\">la narraci\u00f3n de Drauzio Varella<\/a>, en 1991, sobre la vida cotidiana en la prisi\u00f3n de Carandiru, S\u00e3o Paulo, donde el autor trabaj\u00f3 como m\u00e9dico. En ambas prisiones, los faxinas eran los encargados de rutinas diarias como la limpieza y la distribuci\u00f3n de alimentos. Tambi\u00e9n trabajaban en conjunto con los guardias de las prisiones, o en su remplazo, ayudando a mantener el orden y la seguridad. Candido Mendes y Carandiru fueron los lugares donde surgieron las pandillas CV y PCC.<\/p>\n\n\n\n<p class=\"wp-block-paragraph\">La poblaci\u00f3n carcelaria de Brasil se ha multiplicado en los \u00faltimos treinta a\u00f1os, pasando de 37.071 presos registrados en 1984 a <a href=\"https:\/\/www.justica.gov.br\/seus-direitos\/politica-penal\/documentos\/infopen_dez14.pdf\" target=\"_blank\">622.731 presos<\/a> en el 2014. Al mismo tiempo, la proporci\u00f3n personal-presos ha disminuido, hasta el punto que es com\u00fan que haya un guardia en servicio <a href=\"https:\/\/onlinelibrary.wiley.com\/wol1\/doi\/10.1111\/hojo.12010\/abstract\" target=\"_blank\">por cada 200 o 300 presos<\/a>.<\/p>\n\n\n\n<p class=\"wp-block-paragraph\"><span style=\"color: #800000;\"><strong>VEA TAMBI\u00c9N:<\/strong><\/span> <a href=\"\/indepth\/prisiones\" target=\"_blank\">InDepth: Prisiones<\/a><\/p>\n\n\n\n<p class=\"wp-block-paragraph\">El personal de las prisiones ha llegado a recurrir cada vez m\u00e1s al autogobierno por parte de los prisioneros. <a href=\"https:\/\/www.crimeandjustice.org.uk\/publications\/psj\/prison-service-journal-229\" target=\"_blank\">Como en otras partes de Latinoam\u00e9rica<\/a>, los presos a su vez han tenido que organizarse cada vez m\u00e1s para poder sobrevivir. En la nueva era de las grandes pandillas carcelarias, los guardias tienen poca necesidad de entrar en las celdas, y solo deben abrir y cerrar los candados en la ma\u00f1ana y en la noche. En algunas prisiones, incluso esta funci\u00f3n b\u00e1sica de los carceleros est\u00e1 siendo reemplazada con el uso de puertas electr\u00f3nicas.<\/p>\n\n\n\n<p class=\"wp-block-paragraph\">Por supuesto, los presos brasile\u00f1os contin\u00faan confiando en el personal de las prisiones, pero la relaci\u00f3n entre ellos est\u00e1 en general mediada por la reciprocidad y los acuerdos. En algunas de las prisiones que he visitado o en las que he hecho investigaciones, lo que incluye c\u00e1rceles dirigidas por el PCC, los directores de las prisiones aprueban a los faxinas que han sido elegidos por los l\u00edderes de las pandillas.<\/p>\n\n\n\n<p class=\"wp-block-paragraph\">No es casualidad que ning\u00fan empleado de las prisiones haya muerto en los recientes motines. La actual crisis se ha presentado por una ruptura en las relaciones entre las pandillas criminales, no en las relaciones entre el personal y los prisioneros.<\/p>\n\n\n\n<figure class=\"wp-block-image\"><img decoding=\"async\" src=\"\/images\/2017\/Febrero\/image-20170123-8070-1wzujf2.jpg\" alt=\"image 20170123 8070 1wzujf2\"\/><\/figure>\n\n\n\n<p class=\"has-text-align-center wp-block-paragraph\"><em>Familiares lloran algunos de los presos muertos durante los brotes de violencia en las prisiones a principios de enero en Manaus. Nathalie Brasil\/EPA<\/em><\/p>\n\n\n\n<p class=\"wp-block-paragraph\">Como se puede ver, Brasil tiene una larga historia de <a href=\"https:\/\/onlinelibrary.wiley.com\/wol1\/doi\/10.1111\/hojo.12010\/abstract\" target=\"_blank\">gobernanza de las c\u00e1rceles por parte de los presos<\/a> y de colaboraci\u00f3n entre el personal y los prisioneros, lo cual ha permitido mantener el orden \u2014y la supervivencia\u2014. Pero esto se ha interrumpido temporalmente debido a que las dos grandes pandillas se encuentran compitiendo por el territorio en el norte de Brasil.<\/p>\n\n\n\n<h3 class=\"wp-block-heading\">Las pandillas mantienen la seguridad en las prisiones<\/h3>\n\n\n\n<p class=\"wp-block-paragraph\">Para los internos en la cima de las jerarqu\u00edas de las prisiones, este orden establecido de manera compartida les permite ganar dinero de las drogas. Pero los presos del com\u00fan est\u00e1n m\u00e1s preocupados con el orden del d\u00eda a d\u00eda: quieren que las pandillas de la c\u00e1rcel <a href=\"https:\/\/www.cambridge.org\/core\/journals\/american-political-science-review\/article\/div-classtitlecovenants-without-the-sword-comparing-prison-self-governance-globallydiv\/8B6C1317700957B3981527B42A8360C0\" target=\"_blank\">hagan sus vidas m\u00e1s predecibles<\/a>, que los protejan y satisfagan sus necesidades.<\/p>\n\n\n\n<p class=\"wp-block-paragraph\">Dado que el Estado brasile\u00f1o no ha logrado hacerlo, las pandillas de las prisiones est\u00e1n buscando llenar el vac\u00edo de Estado. El PCC es la m\u00e1s avanzada de estas organizaciones de prisioneros \u2014y la que m\u00e1s ha logrado mantener el orden\u2014. Estudios recientes llevados a cabo por los antrop\u00f3logos <a href=\"https:\/\/www.uncpress.org\/browse\/book_detail?title_id=3791\" target=\"_blank\">Karina Biondi<\/a> y <a href=\"https:\/\/www.alamedaeditorial.com.br\/crime-e-proceder-\/\" target=\"_blank\">Adalton Marques<\/a> han demostrado que, mediante la regulaci\u00f3n de los mercados il\u00edcitos, la prohibici\u00f3n de armas y drogas diferentes al cannabis, y el dictamen y la aplicaci\u00f3n de normas de convivencia, el PCC ha logrado que las c\u00e1rceles de S\u00e3o Paulo sean en efecto las m\u00e1s seguras del pa\u00eds.<\/p>\n\n\n\n<p class=\"wp-block-paragraph\"><span style=\"color: #800000;\"><strong>VEA TAMBI\u00c9N:<\/strong><\/span> <a href=\"\/noticias-sobre-crimen-organizado-en-brasil\/primer-comando-capital-pcc\" target=\"_blank\">Noticias y perfil del PCC<\/a><\/p>\n\n\n\n<p class=\"wp-block-paragraph\">Poco pueden hacer las autoridades brasile\u00f1as en el corto plazo para responder a la reciente ola de rebeliones. Esperar\u00e1n a que la crisis siga su curso. Cuando termine el conflicto en el norte entre el PCC y el CV, Temer podr\u00e1 estar seguro de que todo volver\u00e1 al rumbo normal. Las rebeliones en las prisiones no son parte de los intereses de los presos, como tampoco de las autoridades penitenciarias. Es posible que tambi\u00e9n Temer espere que alg\u00fan d\u00eda el PCC controle el sistema penitenciario en su totalidad.&nbsp;<\/p>\n\n\n\n<p class=\"wp-block-paragraph\"><em>*Este art\u00edculo fue editado y traducido para mayor claridad y publicado con el permiso de&nbsp;<a href=\"https:\/\/theconversation.com\/\" target=\"_blank\">The Conversation<\/a>. No representa necesariamente las opiniones de InSight Crime. Vea el art\u00edculo original en ingl\u00e9s&nbsp;<a href=\"https:\/\/theconversation.com\/who-is-really-in-control-of-brazils-prisons-71391\" target=\"_blank\">aqu\u00ed<\/a>.<\/em><\/p>\n","protected":false},"excerpt":{"rendered":"<p>La legitimidad del sistema carcelario brasile\u00f1o ha sido cuestionada profundamente, luego de una serie de violentos enfrentamientos entre pandillas rivales en el norte del pa\u00eds.<\/p>\n","protected":false},"author":77,"featured_media":45906,"comment_status":"closed","ping_status":"closed","sticky":false,"template":"","format":"standard","meta":{"newspack_ads_suppress_ads":false,"newspack_popups_has_disabled_popups":false,"newspack_sponsor_sponsorship_scope":"","newspack_sponsor_native_byline_display":"inherit","newspack_sponsor_native_category_display":"inherit","newspack_sponsor_underwriter_style":"inherit","newspack_sponsor_underwriter_placement":"inherit","_EventAllDay":false,"_EventTimezone":"","_EventStartDate":"","_EventEndDate":"","_EventStartDateUTC":"","_EventEndDateUTC":"","_EventShowMap":false,"_EventShowMapLink":false,"_EventURL":"","_EventCost":"","_EventCostDescription":"","_EventCurrencySymbol":"","_EventCurrencyCode":"","_EventCurrencyPosition":"","_EventDateTimeSeparator":"","_EventTimeRangeSeparator":"","_EventOrganizerID":[],"_EventVenueID":[],"_OrganizerEmail":"","_OrganizerPhone":"","_OrganizerWebsite":"","_VenueAddress":"","_VenueCity":"","_VenueCountry":"","_VenueProvince":"","_VenueState":"","_VenueZip":"","_VenuePhone":"","_VenueURL":"","_VenueStateProvince":"","_VenueLat":"","_VenueLng":"","_VenueShowMap":false,"_VenueShowMapLink":false,"_newspack_byline_active":false,"_newspack_byline":"","newspack_hide_updated_date":false,"newspack_show_updated_date":false,"newspack_featured_image_position":"","newspack_post_subtitle":"","newspack_article_summary_title":"Overview:","newspack_article_summary":"","_jetpack_memberships_contains_paid_content":false,"footnotes":""},"categories":[340],"tags":[405,446,3021],"newspack_spnsrs_tax":[],"coauthors":[4071],"class_list":["post-9589","post","type-post","status-publish","format-standard","has-post-thumbnail","hentry","category-analisis","tag-brasil","tag-el-pcc","tag-prisiones-es","entry"],"parsely":{"version":"1.1.0","canonical_url":"https:\/\/insightcrime.org\/es\/noticias\/analisis\/quien-controla-realmente-prisiones-brasil\/","smart_links":{"inbound":0,"outbound":0},"traffic_boost_suggestions_count":0,"meta":{"@context":"https:\/\/schema.org","@type":"NewsArticle","headline":"\u00bfQui\u00e9n controla realmente las prisiones de Brasil?","url":"http:\/\/insightcrime.org\/es\/noticias\/analisis\/quien-controla-realmente-prisiones-brasil\/","mainEntityOfPage":{"@type":"WebPage","@id":"http:\/\/insightcrime.org\/es\/noticias\/analisis\/quien-controla-realmente-prisiones-brasil\/"},"thumbnailUrl":"https:\/\/i0.wp.com\/insightcrime.org\/wp-content\/uploads\/2017\/02\/es-17-02-03-Brazil-Prisons-PCC.jpg?resize=150%2C150&quality=100&ssl=1","image":{"@type":"ImageObject","url":"https:\/\/i0.wp.com\/insightcrime.org\/wp-content\/uploads\/2017\/02\/es-17-02-03-Brazil-Prisons-PCC.jpg?fit=350%2C249&quality=100&ssl=1"},"articleSection":"An\u00e1lisis","author":[{"@type":"Person","name":"Sacha Darke"}],"creator":["Sacha Darke"],"publisher":{"@type":"Organization","name":"InSight Crime","logo":"https:\/\/insightcrime.org\/wp-content\/uploads\/2023\/08\/logo.png"},"keywords":["brasil","pcc","prisiones"],"dateCreated":"2017-03-28T00:22:49Z","datePublished":"2017-03-28T00:22:49Z","dateModified":"2023-04-24T20:56:51Z"},"rendered":"<meta name=\"parsely-title\" content=\"\u00bfQui\u00e9n controla realmente las prisiones de Brasil?\" \/>\n<meta name=\"parsely-link\" content=\"http:\/\/insightcrime.org\/es\/noticias\/analisis\/quien-controla-realmente-prisiones-brasil\/\" \/>\n<meta name=\"parsely-type\" content=\"post\" \/>\n<meta name=\"parsely-image-url\" content=\"https:\/\/i0.wp.com\/insightcrime.org\/wp-content\/uploads\/2017\/02\/es-17-02-03-Brazil-Prisons-PCC.jpg?resize=150%2C150&amp;quality=100&amp;ssl=1\" \/>\n<meta name=\"parsely-pub-date\" content=\"2017-03-28T00:22:49Z\" \/>\n<meta name=\"parsely-section\" content=\"An\u00e1lisis\" \/>\n<meta name=\"parsely-tags\" content=\"brasil,pcc,prisiones\" \/>\n<meta name=\"parsely-author\" content=\"Sacha Darke\" \/>","tracker_url":"https:\/\/cdn.parsely.com\/keys\/insightcrime.org\/p.js"},"jetpack_sharing_enabled":true,"jetpack-related-posts":[{"id":121640,"url":"https:\/\/insightcrime.org\/es\/noticias-crimen-organizado-paraguay\/clan-rotela\/","url_meta":{"origin":9589,"position":0},"title":"Clan Rotela","author":"InSight Crime","date":"16 de julio de 2026","format":false,"excerpt":"El Clan Rotela es una organizaci\u00f3n de car\u00e1cter familiar de Paraguay, especializado en el microtr\u00e1fico de crack en barrios populares de ciudades como Asunci\u00f3n y Concepci\u00f3n. Despu\u00e9s de la captura de su l\u00edder en 2016, este clan se expandi\u00f3 r\u00e1pidamente a la mayor\u00eda de las prisiones del pa\u00eds.","rel":"","context":"En \u00abParaguay\u00bb","block_context":{"text":"Paraguay","link":"https:\/\/insightcrime.org\/es\/category\/noticias-crimen-organizado-paraguay\/"},"img":{"alt_text":"Clan Rotela","src":"https:\/\/i0.wp.com\/insightcrime.org\/wp-content\/uploads\/2026\/06\/Grupo-Criminal-Clan-Rotela-1.jpg?fit=1200%2C900&quality=100&ssl=1&resize=350%2C200","width":350,"height":200,"srcset":"https:\/\/i0.wp.com\/insightcrime.org\/wp-content\/uploads\/2026\/06\/Grupo-Criminal-Clan-Rotela-1.jpg?fit=1200%2C900&quality=100&ssl=1&resize=350%2C200 1x, https:\/\/i0.wp.com\/insightcrime.org\/wp-content\/uploads\/2026\/06\/Grupo-Criminal-Clan-Rotela-1.jpg?fit=1200%2C900&quality=100&ssl=1&resize=525%2C300 1.5x, https:\/\/i0.wp.com\/insightcrime.org\/wp-content\/uploads\/2026\/06\/Grupo-Criminal-Clan-Rotela-1.jpg?fit=1200%2C900&quality=100&ssl=1&resize=700%2C400 2x, https:\/\/i0.wp.com\/insightcrime.org\/wp-content\/uploads\/2026\/06\/Grupo-Criminal-Clan-Rotela-1.jpg?fit=1200%2C900&quality=100&ssl=1&resize=1050%2C600 3x"},"classes":[]},{"id":168511,"url":"https:\/\/insightcrime.org\/es\/noticias\/masacre-en-prision-ecuador-advertencia-america-latina\/","url_meta":{"origin":9589,"position":1},"title":"Masacre en prisi\u00f3n de Ecuador, advertencia para toda Am\u00e9rica Latina","author":"Chris Dalby","date":"30 de septiembre de 2021","format":false,"excerpt":"Ecuador apenas se est\u00e1 recuperando del estupor de la peor masacre carcelaria en Guayaquil, pero los factores que llevaron a esta situaci\u00f3n podr\u00edan replicarse en otros pa\u00edses de la regi\u00f3n.","rel":"","context":"En \u00abNoticias\u00bb","block_context":{"text":"Noticias","link":"https:\/\/insightcrime.org\/es\/category\/noticias\/"},"img":{"alt_text":"masacre en prisi\u00f3n de Ecuador","src":"https:\/\/i0.wp.com\/insightcrime.org\/wp-content\/uploads\/2021\/09\/Ecuador-A-relative-of-an-inmate-awaits-news-outside-the-Litoral-Penitentiary-in-Guayaquil-Sept-29-2020-AP_21272826675431-A2.jpg?fit=1200%2C690&quality=100&ssl=1&resize=350%2C200","width":350,"height":200,"srcset":"https:\/\/i0.wp.com\/insightcrime.org\/wp-content\/uploads\/2021\/09\/Ecuador-A-relative-of-an-inmate-awaits-news-outside-the-Litoral-Penitentiary-in-Guayaquil-Sept-29-2020-AP_21272826675431-A2.jpg?fit=1200%2C690&quality=100&ssl=1&resize=350%2C200 1x, https:\/\/i0.wp.com\/insightcrime.org\/wp-content\/uploads\/2021\/09\/Ecuador-A-relative-of-an-inmate-awaits-news-outside-the-Litoral-Penitentiary-in-Guayaquil-Sept-29-2020-AP_21272826675431-A2.jpg?fit=1200%2C690&quality=100&ssl=1&resize=525%2C300 1.5x, https:\/\/i0.wp.com\/insightcrime.org\/wp-content\/uploads\/2021\/09\/Ecuador-A-relative-of-an-inmate-awaits-news-outside-the-Litoral-Penitentiary-in-Guayaquil-Sept-29-2020-AP_21272826675431-A2.jpg?fit=1200%2C690&quality=100&ssl=1&resize=700%2C400 2x, https:\/\/i0.wp.com\/insightcrime.org\/wp-content\/uploads\/2021\/09\/Ecuador-A-relative-of-an-inmate-awaits-news-outside-the-Litoral-Penitentiary-in-Guayaquil-Sept-29-2020-AP_21272826675431-A2.jpg?fit=1200%2C690&quality=100&ssl=1&resize=1050%2C600 3x"},"classes":[]},{"id":308841,"url":"https:\/\/insightcrime.org\/es\/noticias\/fracasa-tregua-entre-principales-bandas-brasilenas\/","url_meta":{"origin":9589,"position":2},"title":"Fracasa la tregua entre las principales bandas brasile\u00f1as","author":"Liza Schmidt","date":"6 de mayo de 2025","format":false,"excerpt":"La paz imperfecta que se estableci\u00f3 en febrero entre los principales grupos criminales de Brasil, el PCC y el CV, se convirti\u00f3 en una tregua fallida por los enfrentamientos regionales.","rel":"","context":"En \u00abNoticias\u00bb","block_context":{"text":"Noticias","link":"https:\/\/insightcrime.org\/es\/category\/noticias\/"},"img":{"alt_text":"","src":"https:\/\/i0.wp.com\/insightcrime.org\/wp-content\/uploads\/2025\/05\/imagem_tregua.jpg?fit=1200%2C690&quality=100&ssl=1&resize=350%2C200","width":350,"height":200,"srcset":"https:\/\/i0.wp.com\/insightcrime.org\/wp-content\/uploads\/2025\/05\/imagem_tregua.jpg?fit=1200%2C690&quality=100&ssl=1&resize=350%2C200 1x, https:\/\/i0.wp.com\/insightcrime.org\/wp-content\/uploads\/2025\/05\/imagem_tregua.jpg?fit=1200%2C690&quality=100&ssl=1&resize=525%2C300 1.5x, https:\/\/i0.wp.com\/insightcrime.org\/wp-content\/uploads\/2025\/05\/imagem_tregua.jpg?fit=1200%2C690&quality=100&ssl=1&resize=700%2C400 2x, https:\/\/i0.wp.com\/insightcrime.org\/wp-content\/uploads\/2025\/05\/imagem_tregua.jpg?fit=1200%2C690&quality=100&ssl=1&resize=1050%2C600 3x"},"classes":[]},{"id":178478,"url":"https:\/\/insightcrime.org\/es\/noticias\/homicidios-encargo-modus-operandi-pandillas-narco-paraguay\/","url_meta":{"origin":9589,"position":3},"title":"Homicidios por encargo: el modus operandi de las pandillas narco en Paraguay","author":"Scott Mistler-Ferguson","date":"16 de febrero de 2022","format":false,"excerpt":"Los crudos asesinatos perpetrados por sicarios en las \u00faltimas semanas no solo han conmocionado a Paraguay; tambi\u00e9n dejan ver c\u00f3mo las pandillas narcotraficantes del pa\u00eds recurren cada vez con mayor frecuencia a este m\u00e9todo para atacar a sus rivales.","rel":"","context":"En \u00abNoticias\u00bb","block_context":{"text":"Noticias","link":"https:\/\/insightcrime.org\/es\/category\/noticias\/"},"img":{"alt_text":"episodios de sicariato como ajuste de cuenta entre rivales por narcotr\u00e1fico en Paraguay","src":"https:\/\/i0.wp.com\/insightcrime.org\/wp-content\/uploads\/2022\/02\/Gun-in-Hand.jpeg?fit=350%2C250&quality=100&ssl=1&resize=350%2C200","width":350,"height":200},"classes":[]},{"id":233249,"url":"https:\/\/insightcrime.org\/es\/investigaciones\/brasil-pcc-prision-no-escapatoria\/","url_meta":{"origin":9589,"position":4},"title":"PCC: Una prisi\u00f3n de la que no hay escapatoria","author":"Steven Dudley","date":"14 de diciembre de 2020","format":false,"excerpt":"Era la noche del martes 14 de enero de 2020, despu\u00e9s del \u201cba\u00f1o de sol\u201d, cuando las autoridades de la prisi\u00f3n hallaron su cuerpo.","rel":"","context":"En \u00abInvestigaciones\u00bb","block_context":{"text":"Investigaciones","link":"https:\/\/insightcrime.org\/es\/category\/investigaciones\/"},"img":{"alt_text":"","src":"https:\/\/i0.wp.com\/insightcrime.org\/wp-content\/uploads\/2020\/12\/PCC-Chapter-2.jpg?fit=1200%2C450&quality=100&ssl=1&resize=350%2C200","width":350,"height":200,"srcset":"https:\/\/i0.wp.com\/insightcrime.org\/wp-content\/uploads\/2020\/12\/PCC-Chapter-2.jpg?fit=1200%2C450&quality=100&ssl=1&resize=350%2C200 1x, https:\/\/i0.wp.com\/insightcrime.org\/wp-content\/uploads\/2020\/12\/PCC-Chapter-2.jpg?fit=1200%2C450&quality=100&ssl=1&resize=525%2C300 1.5x, https:\/\/i0.wp.com\/insightcrime.org\/wp-content\/uploads\/2020\/12\/PCC-Chapter-2.jpg?fit=1200%2C450&quality=100&ssl=1&resize=700%2C400 2x, https:\/\/i0.wp.com\/insightcrime.org\/wp-content\/uploads\/2020\/12\/PCC-Chapter-2.jpg?fit=1200%2C450&quality=100&ssl=1&resize=1050%2C600 3x"},"classes":[]},{"id":189627,"url":"https:\/\/insightcrime.org\/es\/noticias\/fiscales-alcaldes-directores-prisiones-problema-asesinatos-paraguay\/","url_meta":{"origin":9589,"position":5},"title":"Fiscales, alcaldes y directores de prisiones: el problema de los asesinatos en Paraguay","author":"Scott Mistler-Ferguson","date":"28 de junio de 2022","format":false,"excerpt":"Fiscales, alcaldes, directores de prisiones, parientes de funcionarios de gobierno, Paraguay enfrenta una ola de asesinatos que amenaza con establecerse como t\u00e1ctica criminal en el pa\u00eds.","rel":"","context":"En \u00abNoticias\u00bb","block_context":{"text":"Noticias","link":"https:\/\/insightcrime.org\/es\/category\/noticias\/"},"img":{"alt_text":"Autom\u00f3vil en el que sufri\u00f3 un atentado Jos\u00e9 Carlos Acevedo, alcalde de Pedro Juan Caballero, en frontera entre Paraguay y Brasil","src":"https:\/\/i0.wp.com\/insightcrime.org\/wp-content\/uploads\/2022\/05\/AZ4DNBKJ4FHVTJOFESGIQX567U-1.jpg?fit=350%2C250&quality=100&ssl=1&resize=350%2C200","width":350,"height":200},"classes":[]}],"jetpack_featured_media_url":"https:\/\/i0.wp.com\/insightcrime.org\/wp-content\/uploads\/2017\/02\/es-17-02-03-Brazil-Prisons-PCC.jpg?fit=350%2C249&quality=100&ssl=1","_links":{"self":[{"href":"https:\/\/insightcrime.org\/es\/wp-json\/wp\/v2\/posts\/9589","targetHints":{"allow":["GET"]}}],"collection":[{"href":"https:\/\/insightcrime.org\/es\/wp-json\/wp\/v2\/posts"}],"about":[{"href":"https:\/\/insightcrime.org\/es\/wp-json\/wp\/v2\/types\/post"}],"author":[{"embeddable":true,"href":"https:\/\/insightcrime.org\/es\/wp-json\/wp\/v2\/users\/77"}],"replies":[{"embeddable":true,"href":"https:\/\/insightcrime.org\/es\/wp-json\/wp\/v2\/comments?post=9589"}],"version-history":[{"count":2,"href":"https:\/\/insightcrime.org\/es\/wp-json\/wp\/v2\/posts\/9589\/revisions"}],"predecessor-version":[{"id":71731,"href":"https:\/\/insightcrime.org\/es\/wp-json\/wp\/v2\/posts\/9589\/revisions\/71731"}],"wp:featuredmedia":[{"embeddable":true,"href":"https:\/\/insightcrime.org\/es\/wp-json\/wp\/v2\/media\/45906"}],"wp:attachment":[{"href":"https:\/\/insightcrime.org\/es\/wp-json\/wp\/v2\/media?parent=9589"}],"wp:term":[{"taxonomy":"category","embeddable":true,"href":"https:\/\/insightcrime.org\/es\/wp-json\/wp\/v2\/categories?post=9589"},{"taxonomy":"post_tag","embeddable":true,"href":"https:\/\/insightcrime.org\/es\/wp-json\/wp\/v2\/tags?post=9589"},{"taxonomy":"newspack_spnsrs_tax","embeddable":true,"href":"https:\/\/insightcrime.org\/es\/wp-json\/wp\/v2\/newspack_spnsrs_tax?post=9589"},{"taxonomy":"author","embeddable":true,"href":"https:\/\/insightcrime.org\/es\/wp-json\/wp\/v2\/coauthors?post=9589"}],"curies":[{"name":"wp","href":"https:\/\/api.w.org\/{rel}","templated":true}]}}