{"id":9607,"date":"2018-07-09T00:00:00","date_gmt":"2018-07-09T05:00:00","guid":{"rendered":"http:\/\/newwp.insightcrime.org?p=9607"},"modified":"2023-10-10T09:58:36","modified_gmt":"2023-10-10T14:58:36","slug":"damaso-lopez-nunez-alias-el-licenciado","status":"publish","type":"post","link":"https:\/\/insightcrime.org\/es\/noticias-crimen-organizado-mexico\/damaso-lopez-nunez-alias-el-licenciado\/","title":{"rendered":"D\u00e1maso L\u00f3pez N\u00fa\u00f1ez, alias \u00abEl Licenciado\u00bb"},"content":{"rendered":"\n<p class=\"wp-block-paragraph\">D\u00e1maso L\u00f3pez N\u00fa\u00f1ez, alias \u201cEl Licenciado\u201d, es una figura prominente del Cartel de Sinaloa. Las autoridades creen que fue muy cercano al legendario capo Joaqu\u00edn \u201cEl Chapo\u201d Guzm\u00e1n, quien fue capturado en enero de 2016 y extraditado un a\u00f1o m\u00e1s tarde. Despu\u00e9s de la captura de El Chapo, El Licenciado se convirti\u00f3 en una de las figuras m\u00e1s visibles del Cartel de Sinaloa y se cre\u00eda que pod\u00eda convertirse en el sucesor de El Chapo. Sin embargo, ahora es poco probable que esto ocurra, ya que El Licenciado fue capturado en mayo 2017 y en julio de 2018 fue extraditado a Estados Unidos.<\/p>\n\n\n\n<h3 class=\"wp-block-heading\">Historia<\/h3>\n\n\n\n<p class=\"wp-block-paragraph\">Nacido el 22 de febrero de 1966 en el estado de Sinaloa, El Licenciado estudi\u00f3 derecho en la universidad y luego comenz\u00f3 a trabajar para la fiscal\u00eda de su estado natal. En 1999 <a href=\"https:\/\/www.excelsior.com.mx\/nacional\/2016\/01\/28\/1071577\" target=\"_blank\" rel=\"noopener\">se convirti\u00f3 en un alto funcionario<\/a> en la rama de la administraci\u00f3n del sistema penitenciario, que se centraba en instituciones de m\u00e1xima seguridad, incluyendo la penitenciar\u00eda de Puente Grande en Jalisco, donde El Chapo estaba detenido.<\/p>\n\n\n\n<p class=\"wp-block-paragraph\">Seg\u00fan fuentes de la polic\u00eda de M\u00e9xico y Estados Unidos, El Licenciado estableci\u00f3 una red de guardias de prisiones corruptos y <a href=\"https:\/\/www.milenio.com\/policia\/Damaso_Lopez-El_Licenciado_Chapo-Chapo_Guzman-Joaquin_Chapo_Guzman_0_555544683.html\" target=\"_blank\" rel=\"noopener\">fue personalmente responsable<\/a> de organizar la fuga de Puente Grande de El Chapo el 19 de enero de 2001. Pocos meses despu\u00e9s de la fuga de Guzm\u00e1n, &nbsp;El Licenciado renunci\u00f3 a su cargo en Puente Grande.<\/p>\n\n\n\n<p class=\"wp-block-paragraph\">Despu\u00e9s del escape, El Licenciado se uni\u00f3 al Cartel de Sinaloa y gradualmente se convirti\u00f3 en uno de los m\u00e1s cercanos aliados de Guzm\u00e1n. La periodista mexicana <a href=\"https:\/\/apublica.org\/2017\/02\/o-sucessor-de-el-chapo-damaso-lopez-nunez\/\" target=\"_blank\" rel=\"noopener\">Anabel Hern\u00e1ndez escribi\u00f3<\/a> que \u201cdurante 15 a\u00f1os de servicio a El Chapo, [El Licenciado] construy\u00f3 su propia estructura criminal, que inclu\u00eda la compra de autoridades mediante grandes sobornos y una amplia red en M\u00e9xico, Estados Unidos, Centro y Suram\u00e9rica, dedicada al narcotr\u00e1fico\u201d.<\/p>\n\n\n\n<p class=\"wp-block-paragraph\">El Chapo fue <a href=\"...\/de-los-mas-buscados-en-el-mundo-chapo-guzman-%20capturado-en-mexico\" target=\"_blank\" rel=\"noopener\">recapturado por las autoridades mexicanas<\/a> en febrero de 2014, y, seg\u00fan se dice, entreg\u00f3 su liderazgo sobre el Cartel de Sinaloa a El Licenciado mientras \u00e9l estaba encarcelado. El Chapo logr\u00f3 <a href=\"...\/segunda-fuga-el-chapo-paralizar-planes-nacionales-%20seguridad-mexico\" target=\"_blank\" rel=\"noopener\">escapar de la prisi\u00f3n<\/a> una vez m\u00e1s en julio de 2015, pero fue <a href=\"https:\/\/es.insightcrime.org\/noticias\/analisis\/que-espera-mexico-tras-recaptura-chapo\/\" target=\"_blank\" rel=\"noopener\">capturado en enero de 2016<\/a> y <a href=\"https:\/\/es.insightcrime.org\/noticias\/analisis\/extradicion-el-chapo-genera-polemica\/\" target=\"_blank\" rel=\"noopener\">extraditado a Estados Unidos<\/a> exactamente un a\u00f1o despu\u00e9s.<\/p>\n\n\n\n<p class=\"wp-block-paragraph\">La disminuci\u00f3n del poder de El Chapo en el Cartel de Sinaloa y el vac\u00edo de poder resultante le dieron a El Licenciado la oportunidad para aumentar sus actividades ilegales y luchar contra grupos rivales por el control de territorios y rutas de narcotr\u00e1fico antes manejadas por El Chapo.<\/p>\n\n\n\n<p class=\"wp-block-paragraph\">El Licenciado fue capturado en mayo 2017 en la Ciudad de M\u00e9xico, antes de que pudiera consolidar su poder en Cartel de Sinaloa. Su extradici\u00f3n ya fue requerida por Estados Unidos y se concret\u00f3 el 6 de julio de 2018.<\/p>\n\n\n\n<h3 class=\"wp-block-heading\">Actividades criminales<\/h3>\n\n\n\n<p class=\"wp-block-paragraph\">Las autoridades de Estados Unidos han acusado a El Licenciado de estar profundamente involucrado en las actividades de narcotr\u00e1fico del Cartel de Sinaloa. En enero de 2013, la Oficina de Control de Activos Extranjeros del Departamento del Tesoro de Estados Unidos, (OFAC por sus iniciales en ingl\u00e9s) sancion\u00f3 a El Licenciado por su \u201c<a href=\"https:\/\/www.treasury.gov\/press-center\/press-releases\/Pages\/tf1817.aspx\" target=\"_blank\" rel=\"noopener\">importante papel en el tr\u00e1fico internacional de drogas<\/a>\u201c, alegando que \u00e9l fue responsable de enviar varias toneladas de narc\u00f3ticos de M\u00e9xico a Estados Unidos. En marzo de 2013, fiscales federales de Estados Unidos acusaron a El Licenciado de cargos de narcotr\u00e1fico y lavado de dinero, declarando que el producto de sus actividades criminales ascend\u00eda a unos US$280 millones.<\/p>\n\n\n\n<h3 class=\"wp-block-heading\">Geograf\u00eda<\/h3>\n\n\n\n<p class=\"wp-block-paragraph\">El Licenciado es originario de Sinaloa, y <a href=\"https:\/\/www.eluniversal.com.mx\/articulo\/nacion\/seguridad\/2016\/01\/20\/damaso-lopez-licenciado-en-lavar-dinero\" target=\"_blank\" rel=\"noopener\">se cree que opera<\/a> en su estado natal as\u00ed como en Baja California Sur. Los informes indican que \u00e9l tambi\u00e9n ha mantenido conexiones en pa\u00edses productores de droga como Colombia y Per\u00fa, y tambi\u00e9n en pa\u00edses de tr\u00e1nsito como Panam\u00e1.<\/p>\n\n\n\n<h3 class=\"wp-block-heading\">Aliados y enemigos<\/h3>\n\n\n\n<p class=\"wp-block-paragraph\">La evidencia sugiere que El Licenciado estuvo buscando la manera de llenar el vac\u00edo de poder que dej\u00f3 la captura de El Chapo, antes de que \u00e9l mismo fuera capturado. En febrero de 2017, El Licenciado presuntamente <a href=\"https:\/\/es.insightcrime.org\/noticias\/noticias-del-dia\/conflictos-interior-cartel-posible-causa-mayor-violencia-sinaloa-mexico\/\" target=\"_blank\" rel=\"noopener\">intent\u00f3 asesinar<\/a> al l\u00edder de otra facci\u00f3n del Cartel de Sinaloa, Ismael \u201cEl Mayo\u201d Zambada, como tambi\u00e9n a dos de los hijos de El Chapo, pero el ataque no tuvo \u00e9xito. El incidente <a href=\"https:\/\/es.insightcrime.org\/noticias\/noticias-del-dia\/conflictos-interior-cartel-posible-causa-mayor-violencia-sinaloa-mexico\/\">hizo creer a las autoridades<\/a> que El Licenciado est\u00e1 luchando por un lugar en la cima del Cartel de Sinaloa, lo cual lo pondr\u00eda en conflictos con otra facci\u00f3n de la organizaci\u00f3n. Este factor pudo haberlo llevado a su captura.<\/p>\n\n\n\n<p class=\"wp-block-paragraph\">El hijo de &nbsp;El Licenciado, D\u00e1maso L\u00f3pez Serrano, alias \u201cMini Lic\u201d, est\u00e1, <a href=\"https:\/\/www.excelsior.com.mx\/nacional\/2017\/02\/08\/1145181\" target=\"_blank\" rel=\"noopener\">seg\u00fan se informa, siguiendo los pasos de su padre<\/a>. Los informes indican que Mini Lic comenz\u00f3 a involucrarse en el narcotr\u00e1fico desde una temprana edad y empez\u00f3 liderando una facci\u00f3n de j\u00f3venes del Cartel de Sinaloa, quienes se llamaban a s\u00ed mismos \u201c\u00c1ntrax\u201d.<\/p>\n\n\n\n<h3 class=\"wp-block-heading\">Perspectivas<\/h3>\n\n\n\n<p class=\"wp-block-paragraph\">Seg\u00fan los informes, luego de ser capturado por segunda vez en febrero de 2014, El Chapo afirm\u00f3 que El Licenciado ser\u00eda su sucesor. Capturado una vez m\u00e1s <a href=\"https:\/\/es.insightcrime.org\/noticias\/analisis\/que-espera-mexico-tras-recaptura-chapo\/\" target=\"_blank\" rel=\"noopener\">en enero de 2016<\/a> y finalmente <a href=\"https:\/\/es.insightcrime.org\/noticias\/analisis\/extradicion-el-chapo-genera-polemica\/\" target=\"_blank\" rel=\"noopener\">extraditado a Estados Unidos solo un a\u00f1o despu\u00e9s<\/a>. Sin embargo, la captura de El Licenciado y su posible extradici\u00f3n complican sus posibilidades para consolidar el mando.<\/p>\n\n\n\n<p class=\"wp-block-paragraph\">Facciones rivales del Cartel de Sinaloa <a href=\"https:\/\/es.insightcrime.org\/noticias\/noticias-del-dia\/conflictos-interior-cartel-posible-causa-mayor-violencia-sinaloa-mexico\/\" target=\"_blank\" rel=\"noopener\">est\u00e1n enfrent\u00e1ndose mutuamente<\/a>, mientras otras importantes organizaciones de narcotr\u00e1fico en M\u00e9xico est\u00e1n tratando de entrar en territorios que estaban antiguamente bajo el control del Cartel de Sinaloa. En este contexto, la captura de El Licenciado deja al cartel a\u00fan m\u00e1s debilitado y aumenta su riesgo de fragmentaci\u00f3n, una recordatorio de que la lucha por el poder del Cartel de Sinaloa est\u00e1 lejos de terminar.<\/p>\n","protected":false},"excerpt":{"rendered":"<p>D\u00e1maso L\u00f3pez N\u00fa\u00f1ez, alias \u00abEl Licenciado\u00bb, es una figura prominente del Cartel de Sinaloa. Las autoridades creen que fue muy cercano al legendario capo Joaqu\u00edn \u00abEl Chapo\u00bb Guzm\u00e1n, quien fue capturado en enero de 2016 y extraditado un a\u00f1o m\u00e1s tarde. Despu\u00e9s de la captura de El Chapo, El Licenciado se convirti\u00f3 en una de las figuras m\u00e1s visibles del Cartel de Sinaloa y se cre\u00eda que pod\u00eda convertirse en el sucesor de El Chapo. Sin embargo, ahora es poco probable que esto ocurra, ya que El Licenciado fue capturado en mayo 2017 y posiblemente sea extraditado a Estados Unidos.<\/p>\n","protected":false},"author":94,"featured_media":46954,"comment_status":"closed","ping_status":"closed","sticky":false,"template":"","format":"standard","meta":{"newspack_ads_suppress_ads":false,"newspack_popups_has_disabled_popups":false,"newspack_sponsor_sponsorship_scope":"","newspack_sponsor_native_byline_display":"inherit","newspack_sponsor_native_category_display":"inherit","newspack_sponsor_underwriter_style":"inherit","newspack_sponsor_underwriter_placement":"inherit","_EventAllDay":false,"_EventTimezone":"","_EventStartDate":"","_EventEndDate":"","_EventStartDateUTC":"","_EventEndDateUTC":"","_EventShowMap":false,"_EventShowMapLink":false,"_EventURL":"","_EventCost":"","_EventCostDescription":"","_EventCurrencySymbol":"","_EventCurrencyCode":"","_EventCurrencyPosition":"","_EventDateTimeSeparator":"","_EventTimeRangeSeparator":"","_EventOrganizerID":[],"_EventVenueID":[],"_OrganizerEmail":"","_OrganizerPhone":"","_OrganizerWebsite":"","_VenueAddress":"","_VenueCity":"","_VenueCountry":"","_VenueProvince":"","_VenueState":"","_VenueZip":"","_VenuePhone":"","_VenueURL":"","_VenueStateProvince":"","_VenueLat":"","_VenueLng":"","_VenueShowMap":false,"_VenueShowMapLink":false,"_newspack_byline_active":false,"_newspack_byline":"","newspack_hide_updated_date":false,"newspack_show_updated_date":false,"newspack_featured_image_position":"","newspack_post_subtitle":"","newspack_article_summary_title":"Overview:","newspack_article_summary":"","_jetpack_memberships_contains_paid_content":false,"footnotes":""},"categories":[333],"tags":[396,406,501],"newspack_spnsrs_tax":[],"coauthors":[4351],"class_list":["post-9607","post","type-post","status-publish","format-standard","has-post-thumbnail","hentry","category-noticias-crimen-organizado-mexico","tag-cartel-de-sinaloa","tag-mexico-pais","tag-personajes-de-mexico","entry"],"parsely":{"version":"1.1.0","canonical_url":"https:\/\/insightcrime.org\/es\/noticias-crimen-organizado-mexico\/damaso-lopez-nunez-alias-el-licenciado\/","smart_links":{"inbound":0,"outbound":0},"traffic_boost_suggestions_count":0,"meta":{"@context":"https:\/\/schema.org","@type":"NewsArticle","headline":"D\u00e1maso L\u00f3pez N\u00fa\u00f1ez, alias \u00abEl Licenciado\u00bb","url":"http:\/\/insightcrime.org\/es\/noticias-crimen-organizado-mexico\/damaso-lopez-nunez-alias-el-licenciado\/","mainEntityOfPage":{"@type":"WebPage","@id":"http:\/\/insightcrime.org\/es\/noticias-crimen-organizado-mexico\/damaso-lopez-nunez-alias-el-licenciado\/"},"thumbnailUrl":"https:\/\/i0.wp.com\/insightcrime.org\/wp-content\/uploads\/2017\/02\/Alias-El-Licenciado-Mexico.jpg?resize=150%2C150&quality=100&ssl=1","image":{"@type":"ImageObject","url":"https:\/\/i0.wp.com\/insightcrime.org\/wp-content\/uploads\/2017\/02\/Alias-El-Licenciado-Mexico.jpg?fit=450%2C350&quality=100&ssl=1"},"articleSection":"M\u00e9xico","author":[{"@type":"Person","name":"InSight Crime"}],"creator":["InSight Crime"],"publisher":{"@type":"Organization","name":"InSight Crime","logo":"https:\/\/insightcrime.org\/wp-content\/uploads\/2023\/08\/logo.png"},"keywords":["cartel de sinaloa","m\u00e9xico","personajes de m\u00e9xico"],"dateCreated":"2018-07-09T05:00:00Z","datePublished":"2018-07-09T05:00:00Z","dateModified":"2023-10-10T14:58:36Z"},"rendered":"<meta name=\"parsely-title\" content=\"D\u00e1maso L\u00f3pez N\u00fa\u00f1ez, alias \u00abEl Licenciado\u00bb\" \/>\n<meta name=\"parsely-link\" content=\"http:\/\/insightcrime.org\/es\/noticias-crimen-organizado-mexico\/damaso-lopez-nunez-alias-el-licenciado\/\" \/>\n<meta name=\"parsely-type\" content=\"post\" \/>\n<meta name=\"parsely-image-url\" content=\"https:\/\/i0.wp.com\/insightcrime.org\/wp-content\/uploads\/2017\/02\/Alias-El-Licenciado-Mexico.jpg?resize=150%2C150&amp;quality=100&amp;ssl=1\" \/>\n<meta name=\"parsely-pub-date\" content=\"2018-07-09T05:00:00Z\" \/>\n<meta name=\"parsely-section\" content=\"M\u00e9xico\" \/>\n<meta name=\"parsely-tags\" content=\"cartel de sinaloa,m\u00e9xico,personajes de m\u00e9xico\" \/>\n<meta name=\"parsely-author\" content=\"InSight Crime\" \/>","tracker_url":"https:\/\/cdn.parsely.com\/keys\/insightcrime.org\/p.js"},"jetpack_sharing_enabled":true,"jetpack-related-posts":[{"id":313620,"url":"https:\/\/insightcrime.org\/es\/noticias-crimen-organizado-mexico\/damaso-lopez-serrano-alias-mini-lic\/","url_meta":{"origin":9607,"position":0},"title":"Dam\u00e1so L\u00f3pez Serrano, alias \u201cMini Lic\u201d","author":"InSight Crime","date":"4 de julio de 2025","format":false,"excerpt":"D\u00e1maso L\u00f3pez Serrano, alias \u201cMini Lic\u201d, fue un operador clave del Cartel de Sinaloa y es hijo de D\u00e1maso L\u00f3pez N\u00fa\u00f1ez, alias \u201cEl Licenciado\u201d.","rel":"","context":"En \u00abM\u00e9xico\u00bb","block_context":{"text":"M\u00e9xico","link":"https:\/\/insightcrime.org\/es\/category\/noticias-crimen-organizado-mexico\/"},"img":{"alt_text":"","src":"https:\/\/i0.wp.com\/insightcrime.org\/wp-content\/uploads\/2025\/07\/Perfil-criminal-Damaso-Lopez-Serrano-alias-Mini-Lic-Capturado.jpg?fit=350%2C250&quality=100&ssl=1&resize=350%2C200","width":350,"height":200},"classes":[]},{"id":340029,"url":"https:\/\/insightcrime.org\/es\/noticias\/mexico-se-esta-quedando-sin-capos\/","url_meta":{"origin":9607,"position":1},"title":"\u00bfM\u00e9xico se est\u00e1 quedando sin capos?","author":"Victoria Dittmar","date":"28 de abril de 2026","format":false,"excerpt":"La captura de Audias Flores Silva, alias \u201cEl Jardinero\u201d, refleja c\u00f3mo la estrategia de perseguir capos de la droga en M\u00e9xico sigue fragmentando a los grandes grupos criminales y reconfigurando el mapa criminal del pa\u00eds.","rel":"","context":"En \u00abNoticias\u00bb","block_context":{"text":"Noticias","link":"https:\/\/insightcrime.org\/es\/category\/noticias\/"},"img":{"alt_text":"","src":"https:\/\/i0.wp.com\/insightcrime.org\/wp-content\/uploads\/2026\/04\/Flagship-Cover-Is-Mexico-Running-Out-of-Kingpins-InSightCrime-Abr-2026.jpg?fit=1200%2C690&quality=100&ssl=1&resize=350%2C200","width":350,"height":200,"srcset":"https:\/\/i0.wp.com\/insightcrime.org\/wp-content\/uploads\/2026\/04\/Flagship-Cover-Is-Mexico-Running-Out-of-Kingpins-InSightCrime-Abr-2026.jpg?fit=1200%2C690&quality=100&ssl=1&resize=350%2C200 1x, https:\/\/i0.wp.com\/insightcrime.org\/wp-content\/uploads\/2026\/04\/Flagship-Cover-Is-Mexico-Running-Out-of-Kingpins-InSightCrime-Abr-2026.jpg?fit=1200%2C690&quality=100&ssl=1&resize=525%2C300 1.5x, https:\/\/i0.wp.com\/insightcrime.org\/wp-content\/uploads\/2026\/04\/Flagship-Cover-Is-Mexico-Running-Out-of-Kingpins-InSightCrime-Abr-2026.jpg?fit=1200%2C690&quality=100&ssl=1&resize=700%2C400 2x, https:\/\/i0.wp.com\/insightcrime.org\/wp-content\/uploads\/2026\/04\/Flagship-Cover-Is-Mexico-Running-Out-of-Kingpins-InSightCrime-Abr-2026.jpg?fit=1200%2C690&quality=100&ssl=1&resize=1050%2C600 3x"},"classes":[]},{"id":347342,"url":"https:\/\/insightcrime.org\/es\/noticias\/cuatro-decadas-trayectoria-criminal-el-mayo-terminan-cadena-perpetua\/","url_meta":{"origin":9607,"position":2},"title":"Cuatro d\u00e9cadas de trayectoria criminal de \u2018El Mayo\u2019 terminan en cadena perpetua","author":"Victoria Dittmar","date":"21 de julio de 2026","format":false,"excerpt":"Durante cuatro d\u00e9cadas, Ismael Zambada Garc\u00eda, alias \u201cEl Mayo\u201d, condenado en Estados Unidos a cadena perpetua sin posibilidad de libertad condicional, fue el fantasma del narcotr\u00e1fico en M\u00e9xico. Durante a\u00f1os, mientras que Joaqu\u00edn \u201cEl Chapo\u201d Guzm\u00e1n, con quien fund\u00f3 el Cartel de Sinaloa, se convirti\u00f3 en una figura ampliamente conocida\u2026","rel":"","context":"En \u00abNoticias\u00bb","block_context":{"text":"Noticias","link":"https:\/\/insightcrime.org\/es\/category\/noticias\/"},"img":{"alt_text":"","src":"https:\/\/i0.wp.com\/insightcrime.org\/wp-content\/uploads\/2026\/07\/Flagship-Mexico-Sentencia_Ismael_ElMayo_Zambada_Corte_Federal_Brooklyn-2026-07-20-AP26201579429969.jpg?fit=1200%2C675&quality=100&ssl=1&resize=350%2C200","width":350,"height":200,"srcset":"https:\/\/i0.wp.com\/insightcrime.org\/wp-content\/uploads\/2026\/07\/Flagship-Mexico-Sentencia_Ismael_ElMayo_Zambada_Corte_Federal_Brooklyn-2026-07-20-AP26201579429969.jpg?fit=1200%2C675&quality=100&ssl=1&resize=350%2C200 1x, https:\/\/i0.wp.com\/insightcrime.org\/wp-content\/uploads\/2026\/07\/Flagship-Mexico-Sentencia_Ismael_ElMayo_Zambada_Corte_Federal_Brooklyn-2026-07-20-AP26201579429969.jpg?fit=1200%2C675&quality=100&ssl=1&resize=525%2C300 1.5x, https:\/\/i0.wp.com\/insightcrime.org\/wp-content\/uploads\/2026\/07\/Flagship-Mexico-Sentencia_Ismael_ElMayo_Zambada_Corte_Federal_Brooklyn-2026-07-20-AP26201579429969.jpg?fit=1200%2C675&quality=100&ssl=1&resize=700%2C400 2x, https:\/\/i0.wp.com\/insightcrime.org\/wp-content\/uploads\/2026\/07\/Flagship-Mexico-Sentencia_Ismael_ElMayo_Zambada_Corte_Federal_Brooklyn-2026-07-20-AP26201579429969.jpg?fit=1200%2C675&quality=100&ssl=1&resize=1050%2C600 3x"},"classes":[]},{"id":4865,"url":"https:\/\/insightcrime.org\/es\/noticias-crimen-organizado-mexico\/ismael-zambada-garcia-el-mayo\/","url_meta":{"origin":9607,"position":3},"title":"Ismael Zambada Garc\u00eda, alias &#8216;El Mayo&#8217;","author":"InSight Crime","date":"5 de agosto de 2026","format":false,"excerpt":"Ismael \u201cEl Mayo\u201d Zambada fue condenado a cadena perpetua en Estados Unidos. Su historia, su papel en el Cartel de Sinaloa, todo en nuestro perfil completo actualizado de 2026.","rel":"","context":"En \u00abM\u00e9xico\u00bb","block_context":{"text":"M\u00e9xico","link":"https:\/\/insightcrime.org\/es\/category\/noticias-crimen-organizado-mexico\/"},"img":{"alt_text":"Ismael \"El Mayo\" Zambada - La Mayiza - Cartel de M\u00e9xico","src":"https:\/\/i0.wp.com\/insightcrime.org\/wp-content\/uploads\/2026\/06\/Perfil-Criminal-Alias-El-Mayo-Zambada.jpg?fit=1200%2C900&quality=100&ssl=1&resize=350%2C200","width":350,"height":200,"srcset":"https:\/\/i0.wp.com\/insightcrime.org\/wp-content\/uploads\/2026\/06\/Perfil-Criminal-Alias-El-Mayo-Zambada.jpg?fit=1200%2C900&quality=100&ssl=1&resize=350%2C200 1x, https:\/\/i0.wp.com\/insightcrime.org\/wp-content\/uploads\/2026\/06\/Perfil-Criminal-Alias-El-Mayo-Zambada.jpg?fit=1200%2C900&quality=100&ssl=1&resize=525%2C300 1.5x, https:\/\/i0.wp.com\/insightcrime.org\/wp-content\/uploads\/2026\/06\/Perfil-Criminal-Alias-El-Mayo-Zambada.jpg?fit=1200%2C900&quality=100&ssl=1&resize=700%2C400 2x, https:\/\/i0.wp.com\/insightcrime.org\/wp-content\/uploads\/2026\/06\/Perfil-Criminal-Alias-El-Mayo-Zambada.jpg?fit=1200%2C900&quality=100&ssl=1&resize=1050%2C600 3x"},"classes":[]},{"id":124862,"url":"https:\/\/insightcrime.org\/es\/noticias\/mexico-cerrara-celebre-prision-famosa-por-narcofiestas-y-fuga-de-el-chapo\/","url_meta":{"origin":9607,"position":4},"title":"M\u00e9xico cerrar\u00e1 c\u00e9lebre prisi\u00f3n famosa por narcofiestas y fuga de \u2018El Chapo\u2019","author":"Parker Asmann","date":"30 de septiembre de 2020","format":false,"excerpt":"Una prisi\u00f3n federal que alberg\u00f3 a algunos de los capos m\u00e1s poderosos de M\u00e9xico cerrar\u00e1, marcando as\u00ed el fin de una instalaci\u00f3n que fue testigo desde fugas de alto perfil hasta ostentosas fiestas animadas con narcocorridos.","rel":"","context":"En \u00abNoticias\u00bb","block_context":{"text":"Noticias","link":"https:\/\/insightcrime.org\/es\/category\/noticias\/"},"img":{"alt_text":"","src":"https:\/\/i0.wp.com\/insightcrime.org\/wp-content\/uploads\/2020\/09\/20-09-29-Puente-Grande-Mexico.jpg?fit=350%2C250&quality=100&ssl=1&resize=350%2C200","width":350,"height":200},"classes":[]},{"id":316594,"url":"https:\/\/insightcrime.org\/es\/noticias\/series-anuales\/insights-del-verano-2025-chapitos-herederos-guerras-internas-cartel-sinaloa-mexico\/","url_meta":{"origin":9607,"position":5},"title":"Los Chapitos: Herederos y guerras internas en el Cartel de Sinaloa de M\u00e9xico","author":"InSight Crime","date":"28 de agosto de 2025","format":false,"excerpt":"El estado de Sinaloa, M\u00e9xico est\u00e1 paralizado por una sangrienta disputa entre dos familias. \u00bfLos responsables? Los Chapitos y la Mayiza, dos facciones del Cartel de Sinaloa, cada una liderada por los hijos de un fundador del cartel. Estos \u201cnarco juniors\u201d crecieron juntos, aprendiendo el negocio del narcotr\u00e1fico. Pero en\u2026","rel":"","context":"En \u00abNoticias\u00bb","block_context":{"text":"Noticias","link":"https:\/\/insightcrime.org\/es\/category\/noticias\/"},"img":{"alt_text":"","src":"https:\/\/i0.wp.com\/insightcrime.org\/wp-content\/uploads\/2025\/08\/Cover-Chapitos-ESP-Summer-InSights-2025.jpg?fit=1200%2C690&quality=100&ssl=1&resize=350%2C200","width":350,"height":200,"srcset":"https:\/\/i0.wp.com\/insightcrime.org\/wp-content\/uploads\/2025\/08\/Cover-Chapitos-ESP-Summer-InSights-2025.jpg?fit=1200%2C690&quality=100&ssl=1&resize=350%2C200 1x, https:\/\/i0.wp.com\/insightcrime.org\/wp-content\/uploads\/2025\/08\/Cover-Chapitos-ESP-Summer-InSights-2025.jpg?fit=1200%2C690&quality=100&ssl=1&resize=525%2C300 1.5x, https:\/\/i0.wp.com\/insightcrime.org\/wp-content\/uploads\/2025\/08\/Cover-Chapitos-ESP-Summer-InSights-2025.jpg?fit=1200%2C690&quality=100&ssl=1&resize=700%2C400 2x, https:\/\/i0.wp.com\/insightcrime.org\/wp-content\/uploads\/2025\/08\/Cover-Chapitos-ESP-Summer-InSights-2025.jpg?fit=1200%2C690&quality=100&ssl=1&resize=1050%2C600 3x"},"classes":[]}],"jetpack_featured_media_url":"https:\/\/i0.wp.com\/insightcrime.org\/wp-content\/uploads\/2017\/02\/Alias-El-Licenciado-Mexico.jpg?fit=450%2C350&quality=100&ssl=1","_links":{"self":[{"href":"https:\/\/insightcrime.org\/es\/wp-json\/wp\/v2\/posts\/9607","targetHints":{"allow":["GET"]}}],"collection":[{"href":"https:\/\/insightcrime.org\/es\/wp-json\/wp\/v2\/posts"}],"about":[{"href":"https:\/\/insightcrime.org\/es\/wp-json\/wp\/v2\/types\/post"}],"author":[{"embeddable":true,"href":"https:\/\/insightcrime.org\/es\/wp-json\/wp\/v2\/users\/94"}],"replies":[{"embeddable":true,"href":"https:\/\/insightcrime.org\/es\/wp-json\/wp\/v2\/comments?post=9607"}],"version-history":[{"count":5,"href":"https:\/\/insightcrime.org\/es\/wp-json\/wp\/v2\/posts\/9607\/revisions"}],"predecessor-version":[{"id":240524,"href":"https:\/\/insightcrime.org\/es\/wp-json\/wp\/v2\/posts\/9607\/revisions\/240524"}],"wp:featuredmedia":[{"embeddable":true,"href":"https:\/\/insightcrime.org\/es\/wp-json\/wp\/v2\/media\/46954"}],"wp:attachment":[{"href":"https:\/\/insightcrime.org\/es\/wp-json\/wp\/v2\/media?parent=9607"}],"wp:term":[{"taxonomy":"category","embeddable":true,"href":"https:\/\/insightcrime.org\/es\/wp-json\/wp\/v2\/categories?post=9607"},{"taxonomy":"post_tag","embeddable":true,"href":"https:\/\/insightcrime.org\/es\/wp-json\/wp\/v2\/tags?post=9607"},{"taxonomy":"newspack_spnsrs_tax","embeddable":true,"href":"https:\/\/insightcrime.org\/es\/wp-json\/wp\/v2\/newspack_spnsrs_tax?post=9607"},{"taxonomy":"author","embeddable":true,"href":"https:\/\/insightcrime.org\/es\/wp-json\/wp\/v2\/coauthors?post=9607"}],"curies":[{"name":"wp","href":"https:\/\/api.w.org\/{rel}","templated":true}]}}