{"id":9626,"date":"2017-02-21T20:26:28","date_gmt":"2017-03-28T00:23:08","guid":{"rendered":"http:\/\/newwp.insightcrime.org?p=9626"},"modified":"2023-04-24T15:57:03","modified_gmt":"2023-04-24T20:57:03","slug":"desmovilizacion-farc-puede-amenazar-seguridad-costa-rica-ministro","status":"publish","type":"post","link":"https:\/\/insightcrime.org\/es\/noticias\/noticias-del-dia\/desmovilizacion-farc-puede-amenazar-seguridad-costa-rica-ministro\/","title":{"rendered":"Desmovilizaci\u00f3n de las FARC puede amenazar seguridad en Costa Rica"},"content":{"rendered":"\n<p class=\"wp-block-paragraph\">Las autoridades de Costa Rica temen que la desarticulaci\u00f3n del grupo guerrillero m\u00e1s importante de Colombia amenace la estabilidad del pa\u00eds centroamericano por la posibilidad de que una nueva generaci\u00f3n de redes criminales asuma el control de las rutas de drogas antes controladas por los guerrilleros.<\/p>\n\n\n\n<p class=\"wp-block-paragraph\">En un discurso ante la Comisi\u00f3n de Seguridad y Narcotr\u00e1fico de la Asamblea Legislativa, el ministro de Seguridad, Gustavo Mata, afirm\u00f3 que la desmovilizaci\u00f3n de las Fuerzas Armadas Revolucionarias de Colombia (FARC) permitir\u00e1 la expansi\u00f3n en Costa Rica de nuevos grupos de crimen organizado de menor tama\u00f1o, inform\u00f3 <a href=\"https:\/\/www.diarioextra.com\/Noticia\/detalle\/325284\/ola-de-armas-entrara-a--cr-para-pequenas-mafias\" target=\"_blank\">Diario Extra<\/a>.&nbsp;<\/p>\n\n\n\n<p class=\"wp-block-paragraph\"><strong><span style=\"color: #800000\">VEA TAMBI\u00c9N:<\/span><\/strong> <a href=\"\/component\/tags\/tag\/370-paz-con-las-farc\" target=\"_blank\">Cobertura sobre Proceso de paz con las FARC<\/a><\/p>\n\n\n\n<p class=\"wp-block-paragraph\">Mata se\u00f1al\u00f3 que anticipa que un gran n\u00famero de las armas que deben ser entregadas por las FARC podr\u00edan caer en manos de las pandillas costarricenses.<\/p>\n\n\n\n<p class=\"wp-block-paragraph\">\u201cyo espero que las entreguen\u201d, apunt\u00f3 Mata, en referencia a las armas de las FARC. \u201cPero yo s\u00e9 que eso no va a ser as\u00ed\u201d.<\/p>\n\n\n\n<p class=\"wp-block-paragraph\">Las armas \u201cvan a venir [a Costa Rica], acompa\u00f1adas por coca por una sencilla raz\u00f3n\u201d, continu\u00f3 el ministro de Seguridad. \u201cEstas organizaciones van a querer posicionarse en la regi\u00f3n, van a dotar de armas a los peque\u00f1os grupos para hacer las luchas internas que estamos viendo en Costa Rica\u201d.<\/p>\n\n\n\n<p class=\"wp-block-paragraph\">Como evidencia de esto, Mata mencion\u00f3 el operativo del 14 de febrero donde se capturaron a 11 personas y se<a href=\"https:\/\/elguardian.cr\/decomisan-siete-armas-de-fuego-entre-ellas-dos-ametralladoras-en-calle-morenos\/\" target=\"_blank\"> decomisaron siete armas de fuego<\/a> \u2014entre ellos rifles AK-47 y M16\u2014, a la par que solicit\u00f3 una estrategia m\u00e1s agresiva para combatir el narcotr\u00e1fico. (No parece haber indicios de que esas armas tuvieran relaci\u00f3n con las FARC).<\/p>\n\n\n\n<p class=\"wp-block-paragraph\">En medio de una <a href=\"https:\/\/es.insightcrime.org\/noticias\/noticias-del-dia\/70-por-ciento-homicidios-costa-rica-estan-relacionados-drogas-informe\/\" target=\"_blank\">tendencia de aumento de la violencia asociada a actividades criminales<\/a>, Costa Rica ha venido intensificando la lucha contra el narcotr\u00e1fico. El pa\u00eds ha adquirido nuevos radares para la vigilancia de sus costas y ha contratado nuevos agentes de polic\u00eda entrenados, seg\u00fan <a href=\"https:\/\/www.nacion.com\/sucesos\/narcotrafico\/Ministro-Seguridad-Costa-Rica-penetrado_0_1616238415.html\" target=\"_blank\">destac\u00f3 Mata<\/a>. Adicionalmente, hace poco, Estados Unidos don\u00f3 dos buques antinarc\u00f3ticos que comenzar\u00e1n a patrullar las costas de Costa Rica a finales de 2017.<\/p>\n\n\n\n<h3 class=\"wp-block-heading\">An\u00e1lisis de InSight Crime<\/h3>\n\n\n\n<p class=\"wp-block-paragraph\">Aunque por mucho tiempo Costa Rica ha sido un<a href=\"https:\/\/insightcrime.org\/investigations\/costa-rica-in-the-crosshairs-part-ii\/\" target=\"_blank\"> punto de tr\u00e1nsito<\/a> crucial para los traficantes que buscan traficar coca\u00edna colombiana a Estados Unidos, la desarticulaci\u00f3n de las FARC podr\u00eda cambiar la din\u00e1mica de la situaci\u00f3n de seguridad en el pa\u00eds centroamericano.<\/p>\n\n\n\n<p class=\"wp-block-paragraph\">Costa Rica fue usada originalmente como punto de encuentro entre grupos criminales mexicanos y colombianos para cerrar transacciones sobre cargamentos de coca\u00edna con destino a Estados Unidos. Sin embargo, desde mediados de los a\u00f1os 2000, se ha convertido en un centro de trasbordo importante para las drogas colombianas y ahora <a href=\"https:\/\/insightcrime.org\/news\/brief\/mexican-cartels-use-costa-rica-as-transport-hub\/\" target=\"_blank\">sirve como punto de operaciones<\/a> de algunos grupos criminales transnacionales.<\/p>\n\n\n\n<p class=\"wp-block-paragraph\">El fiscal general de Costa Rica, Jorge Chavarr\u00eda, declar\u00f3 recientemente que los <a href=\"https:\/\/es.insightcrime.org\/noticias\/noticias-del-dia\/fiscal-general-costa-rica-carteles-mexicanos-reclutan-entrenan-grupos-locales\/\" target=\"_blank\">carteles de la droga mexicanos reclutan delincuentes costarricenses <\/a>y los llevan a M\u00e9xico, donde los entrenan en las estrategias de los carteles y en formas de adoptarlas en su pa\u00eds. La relaci\u00f3n entre las redes de tr\u00e1fico jamaiquinas y costarricenses tambi\u00e9n se ha fortalecido presuntamente, con rumores de que las pandillas ticas est\u00e1n intercambiando coca\u00edna por marihuana jamaiquina, la cual, <a href=\"https:\/\/www.diarioextra.com\/Noticia\/detalle\/325284\/ola-de-armas-entrara-a--cr-para-pequenas-mafias\" target=\"_blank\">seg\u00fan las autoridades<\/a>, ahora se vende en Costa Rica y se exporta al exterior en grandes cantidades. Adem\u00e1s, operativos policiales en 2015 <a href=\"https:\/\/es.insightcrime.org\/noticias\/noticias-del-dia\/redadas-antidrogas-presencia-mafia-italiana-costa-rica\/\" target=\"_blank\">descubrieron la presencia<\/a> de la peligrosa mafia italiana conocida como \u2018Ndranghetaen el pa\u00eds centroamericano.<\/p>\n\n\n\n<p class=\"wp-block-paragraph\"><strong><span style=\"color: #800000\">VEA TAMBI\u00c9N:<\/span> <\/strong><a href=\"\/component\/tags\/tag\/261-costa-rica\" target=\"_blank\">Cobertura sobre Costa Rica<\/a><\/p>\n\n\n\n<p class=\"wp-block-paragraph\">Por su parte, durante un largo tiempo las FARC han sido un actor clave en Costa Rica, y se dice que han usado el pa\u00eds para <a href=\"https:\/\/www.eltiempo.com\/archivo\/documento\/CMS-3374594\" target=\"_blank\">evadir la persecuci\u00f3n<\/a>,<a href=\"https:\/\/es.insightcrime.org\/noticias\/noticias-del-dia\/farc-ocultan-activos-costa-rica-informe\/\" target=\"_blank\"> ocultar bienes<\/a> y <a href=\"https:\/\/es.insightcrime.org\/noticias\/noticias-del-dia\/desmantelan-celula-de-las-farc-en-costa-rica\/\" target=\"_blank\">erigir redes de tr\u00e1fico de armas y estupefacientes<\/a>. La desmovilizaci\u00f3n del grupo guerrillero podr\u00eda plantear una oportunidad para <a href=\"https:\/\/es.insightcrime.org\/noticias\/analisis\/resquebraja-unidad-farc-colombia\/\" target=\"_blank\">facciones disidentes<\/a> de las FARC y otras redes criminales de ampliar sus operaciones en el pa\u00eds. Esto podr\u00eda llevar no solo a un incremento de la cantidad de narc\u00f3ticos ingresados ilegalmente a Costa Rica, sino que tambi\u00e9n podr\u00eda derivar en un repunte del n\u00famero de armas en manos de pandillas locales, si como lo predice Mata, recibieran armas de esos grupos.<\/p>\n","protected":false},"excerpt":{"rendered":"<p>Las autoridades de Costa Rica temen que la desarticulaci\u00f3n del grupo guerrillero m\u00e1s importante de Colombia amenace la estabilidad del pa\u00eds centroamericano por la posibilidad de que una nueva generaci\u00f3n de redes criminales asuma el control de las rutas de drogas antes controladas por los guerrilleros.<\/p>\n","protected":false},"author":84,"featured_media":46000,"comment_status":"closed","ping_status":"closed","sticky":false,"template":"","format":"standard","meta":{"newspack_ads_suppress_ads":false,"newspack_popups_has_disabled_popups":false,"newspack_sponsor_sponsorship_scope":"","newspack_sponsor_native_byline_display":"inherit","newspack_sponsor_native_category_display":"inherit","newspack_sponsor_underwriter_style":"inherit","newspack_sponsor_underwriter_placement":"inherit","_EventAllDay":false,"_EventTimezone":"","_EventStartDate":"","_EventEndDate":"","_EventStartDateUTC":"","_EventEndDateUTC":"","_EventShowMap":false,"_EventShowMapLink":false,"_EventURL":"","_EventCost":"","_EventCostDescription":"","_EventCurrencySymbol":"","_EventCurrencyCode":"","_EventCurrencyPosition":"","_EventDateTimeSeparator":"","_EventTimeRangeSeparator":"","_EventOrganizerID":[],"_EventVenueID":[],"_OrganizerEmail":"","_OrganizerPhone":"","_OrganizerWebsite":"","_VenueAddress":"","_VenueCity":"","_VenueCountry":"","_VenueProvince":"","_VenueState":"","_VenueZip":"","_VenuePhone":"","_VenueURL":"","_VenueStateProvince":"","_VenueLat":"","_VenueLng":"","_VenueShowMap":false,"_VenueShowMapLink":false,"_newspack_byline_active":false,"_newspack_byline":"","newspack_hide_updated_date":false,"newspack_show_updated_date":false,"newspack_featured_image_position":"","newspack_post_subtitle":"","newspack_article_summary_title":"Overview:","newspack_article_summary":"","_jetpack_memberships_contains_paid_content":false,"footnotes":""},"categories":[334],"tags":[462,1542,475],"newspack_spnsrs_tax":[],"coauthors":[4066],"class_list":["post-9626","post","type-post","status-publish","format-standard","has-post-thumbnail","hentry","category-noticias-del-dia","tag-costa-rica-pais","tag-farc-ep","tag-paz-con-las-farc","entry"],"parsely":{"version":"1.1.0","canonical_url":"https:\/\/insightcrime.org\/es\/noticias\/noticias-del-dia\/desmovilizacion-farc-puede-amenazar-seguridad-costa-rica-ministro\/","smart_links":{"inbound":0,"outbound":0},"traffic_boost_suggestions_count":0,"meta":{"@context":"https:\/\/schema.org","@type":"NewsArticle","headline":"Desmovilizaci\u00f3n de las FARC puede amenazar seguridad en Costa Rica","url":"http:\/\/insightcrime.org\/es\/noticias\/noticias-del-dia\/desmovilizacion-farc-puede-amenazar-seguridad-costa-rica-ministro\/","mainEntityOfPage":{"@type":"WebPage","@id":"http:\/\/insightcrime.org\/es\/noticias\/noticias-del-dia\/desmovilizacion-farc-puede-amenazar-seguridad-costa-rica-ministro\/"},"thumbnailUrl":"https:\/\/i0.wp.com\/insightcrime.org\/wp-content\/uploads\/2017\/02\/es-17-02-20-Gustavo-Mata.jpg?resize=150%2C150&quality=100&ssl=1","image":{"@type":"ImageObject","url":"https:\/\/i0.wp.com\/insightcrime.org\/wp-content\/uploads\/2017\/02\/es-17-02-20-Gustavo-Mata.jpg?fit=350%2C250&quality=100&ssl=1"},"articleSection":"Noticias del d\u00eda","author":[{"@type":"Person","name":"Leonardo Goi"}],"creator":["Leonardo Goi"],"publisher":{"@type":"Organization","name":"InSight Crime","logo":"https:\/\/insightcrime.org\/wp-content\/uploads\/2023\/08\/logo.png"},"keywords":["costa rica","farc","paz farc"],"dateCreated":"2017-03-28T00:23:08Z","datePublished":"2017-03-28T00:23:08Z","dateModified":"2023-04-24T20:57:03Z"},"rendered":"<meta name=\"parsely-title\" content=\"Desmovilizaci\u00f3n de las FARC puede amenazar seguridad en Costa Rica\" \/>\n<meta name=\"parsely-link\" content=\"http:\/\/insightcrime.org\/es\/noticias\/noticias-del-dia\/desmovilizacion-farc-puede-amenazar-seguridad-costa-rica-ministro\/\" \/>\n<meta name=\"parsely-type\" content=\"post\" \/>\n<meta name=\"parsely-image-url\" content=\"https:\/\/i0.wp.com\/insightcrime.org\/wp-content\/uploads\/2017\/02\/es-17-02-20-Gustavo-Mata.jpg?resize=150%2C150&amp;quality=100&amp;ssl=1\" \/>\n<meta name=\"parsely-pub-date\" content=\"2017-03-28T00:23:08Z\" \/>\n<meta name=\"parsely-section\" content=\"Noticias del d\u00eda\" \/>\n<meta name=\"parsely-tags\" content=\"costa rica,farc,paz farc\" \/>\n<meta name=\"parsely-author\" content=\"Leonardo Goi\" \/>","tracker_url":"https:\/\/cdn.parsely.com\/keys\/insightcrime.org\/p.js"},"jetpack_sharing_enabled":true,"jetpack-related-posts":[{"id":84822,"url":"https:\/\/insightcrime.org\/es\/noticias-crimen-organizado-costa-rica\/perfil-de-costa-rica\/","url_meta":{"origin":9626,"position":0},"title":"Perfil de Costa Rica","author":"InSight Crime","date":"12 de mayo de 2026","format":false,"excerpt":"Costa Rica ha sido considerada tradicionalmente como un refugio de seguridad en Centroam\u00e9rica, una regi\u00f3n asolada por la violencia. Sin embargo, en a\u00f1os recientes el pa\u00eds ha experimentado niveles r\u00e9cord de violencia, que seg\u00fan las autoridades se debe a su creciente papel como punto de transbordo de drogas. Los grupos\u2026","rel":"","context":"En \u00abCosta Rica\u00bb","block_context":{"text":"Costa Rica","link":"https:\/\/insightcrime.org\/es\/category\/noticias-crimen-organizado-costa-rica\/"},"img":{"alt_text":"","src":"https:\/\/i0.wp.com\/insightcrime.org\/wp-content\/uploads\/2026\/05\/Cover-Costa-Rica.jpg?fit=1200%2C900&quality=100&ssl=1&resize=350%2C200","width":350,"height":200,"srcset":"https:\/\/i0.wp.com\/insightcrime.org\/wp-content\/uploads\/2026\/05\/Cover-Costa-Rica.jpg?fit=1200%2C900&quality=100&ssl=1&resize=350%2C200 1x, https:\/\/i0.wp.com\/insightcrime.org\/wp-content\/uploads\/2026\/05\/Cover-Costa-Rica.jpg?fit=1200%2C900&quality=100&ssl=1&resize=525%2C300 1.5x, https:\/\/i0.wp.com\/insightcrime.org\/wp-content\/uploads\/2026\/05\/Cover-Costa-Rica.jpg?fit=1200%2C900&quality=100&ssl=1&resize=700%2C400 2x, https:\/\/i0.wp.com\/insightcrime.org\/wp-content\/uploads\/2026\/05\/Cover-Costa-Rica.jpg?fit=1200%2C900&quality=100&ssl=1&resize=1050%2C600 3x"},"classes":[]},{"id":129198,"url":"https:\/\/insightcrime.org\/es\/noticias\/trafico-de-personas-prolifera-entre-costa-rica-y-nicaragua\/","url_meta":{"origin":9626,"position":1},"title":"Tr\u00e1fico de personas prolifera entre Costa Rica y Nicaragua","author":"Katie Jones","date":"15 de enero de 2021","format":false,"excerpt":"Varias interceptaciones recientes asociadas al tr\u00e1fico de migrantes en la frontera entre Nicaragua y Costa Rica ilustran en qu\u00e9 medida grupos clandestinos e individuos siguen operando entre ambos pa\u00edses a pesar de las restricciones a la movilidad por la pandemia de coronavirus.","rel":"","context":"En \u00abNoticias\u00bb","block_context":{"text":"Noticias","link":"https:\/\/insightcrime.org\/es\/category\/noticias\/"},"img":{"alt_text":"","src":"https:\/\/i0.wp.com\/insightcrime.org\/wp-content\/uploads\/2021\/01\/Costa-Rica-Nicaragua.jpg?fit=350%2C250&quality=100&ssl=1&resize=350%2C200","width":350,"height":200},"classes":[]},{"id":233541,"url":"https:\/\/insightcrime.org\/es\/noticias\/homicidios-disparan-costa-rica-coordinacion-seguridad\/","url_meta":{"origin":9626,"position":2},"title":"Homicidios se disparan en Costa Rica sin coordinaci\u00f3n entre fuerzas de seguridad","author":"Gavin Voss","date":"26 de septiembre de 2023","format":false,"excerpt":"Costa Rica ya super\u00f3 el r\u00e9cord de homicidios que registr\u00f3 el a\u00f1o anterior, seg\u00fan estad\u00edsticas oficiales. El 25 de septiembre, el pa\u00eds registr\u00f3 630 homicidios, superando por dos el r\u00e9cord de 628 registrado para el total de 2022. Los c\u00e1lculos de InSight Crime excluyen casos de eutanasia y negligencia profesional,\u2026","rel":"","context":"En \u00abNoticias\u00bb","block_context":{"text":"Noticias","link":"https:\/\/insightcrime.org\/es\/category\/noticias\/"},"img":{"alt_text":"Two masked policemen sit on either side of their spokesperson as they criticize the government's approach to the security and homicide crisis.","src":"https:\/\/i0.wp.com\/insightcrime.org\/wp-content\/uploads\/2023\/09\/Costa-Rica-homicides.jpeg?fit=350%2C250&quality=100&ssl=1&resize=350%2C200","width":350,"height":200},"classes":[]},{"id":324332,"url":"https:\/\/insightcrime.org\/es\/noticias\/que-hay-detras-gestacion-primer-cartel-costa-rica\/","url_meta":{"origin":9626,"position":3},"title":"\u00bfQu\u00e9 hay detr\u00e1s de la gestaci\u00f3n del primer cartel de Costa Rica?","author":"Deborah Bonello","date":"21 de noviembre de 2025","format":false,"excerpt":"Las autoridades de Costa Rica encendieron las alarmas al designar al llamado Cartel del Caribe Sur como la primera organizaci\u00f3n criminal transnacional del pa\u00eds. La categorizaci\u00f3n llega en medio del aumento de la violencia y los esc\u00e1ndalos de corrupci\u00f3n.","rel":"","context":"En \u00abNoticias\u00bb","block_context":{"text":"Noticias","link":"https:\/\/insightcrime.org\/es\/category\/noticias\/"},"img":{"alt_text":"","src":"https:\/\/i0.wp.com\/insightcrime.org\/wp-content\/uploads\/2025\/11\/2025-11-20-Costa-Rica-Cartel.jpeg?fit=350%2C250&quality=100&ssl=1&resize=350%2C200","width":350,"height":200},"classes":[]},{"id":295645,"url":"https:\/\/insightcrime.org\/es\/noticias\/seguira-costa-rica-camino-criminal-ecuador\/","url_meta":{"origin":9626,"position":4},"title":"\u00bfSeguir\u00e1 Costa Rica el mismo camino criminal que Ecuador?","author":"Peter Appleby","date":"7 de noviembre de 2024","format":false,"excerpt":"Los altos niveles de violencia indican c\u00f3mo la otrora pac\u00edfica Costa Rica est\u00e1 sintiendo la presi\u00f3n del tr\u00e1fico de coca\u00edna. Pero, \u00bfva el pa\u00eds centroamericano por el mismo camino que Ecuador?","rel":"","context":"En \u00abNoticias\u00bb","block_context":{"text":"Noticias","link":"https:\/\/insightcrime.org\/es\/category\/noticias\/"},"img":{"alt_text":"Members of Costa Rica\u2019s OIJ investigate a crime scene following a shooting. Credit: Unidad de Exiliados Nicarag\u00fcenses","src":"https:\/\/i0.wp.com\/insightcrime.org\/wp-content\/uploads\/2024\/11\/24-11-06-Violence-in-Costa-Rica-OIJ-.jpg?fit=350%2C250&quality=100&ssl=1&resize=350%2C200","width":350,"height":200},"classes":[]},{"id":268969,"url":"https:\/\/insightcrime.org\/es\/noticias\/agrava-crisis-seguridad-costa-rica-lucha\/","url_meta":{"origin":9626,"position":5},"title":"A medida que se agrava la crisis de seguridad, Costa Rica lucha","author":"Beatriz Vicent Fern\u00e1ndez","date":"20 de febrero de 2024","format":false,"excerpt":"Las autoridades de Costa Rica han anunciado 10 pol\u00edticas para ayudar al pa\u00eds a enfrentar su creciente crisis de seguridad, pero las reformas no abordan las carencias presupuestarias ni las causas subyacentes de la criminalidad. Los dirigentes de los tres poderes del gobierno de Costa Rica se reunieron el 30\u2026","rel":"","context":"En \u00abNews\u00bb","block_context":{"text":"News","link":"https:\/\/insightcrime.org\/category\/news\/"},"img":{"alt_text":"Costa Rican police frisk a civilian. \n\nPolic\u00eda en Costa Rica ","src":"https:\/\/i0.wp.com\/insightcrime.org\/wp-content\/uploads\/2024\/02\/Costa-Rica-police-frisk-civilian-security-policy-El-Pais.png?fit=350%2C250&quality=100&ssl=1&resize=350%2C200","width":350,"height":200},"classes":[]}],"jetpack_featured_media_url":"https:\/\/i0.wp.com\/insightcrime.org\/wp-content\/uploads\/2017\/02\/es-17-02-20-Gustavo-Mata.jpg?fit=350%2C250&quality=100&ssl=1","_links":{"self":[{"href":"https:\/\/insightcrime.org\/es\/wp-json\/wp\/v2\/posts\/9626","targetHints":{"allow":["GET"]}}],"collection":[{"href":"https:\/\/insightcrime.org\/es\/wp-json\/wp\/v2\/posts"}],"about":[{"href":"https:\/\/insightcrime.org\/es\/wp-json\/wp\/v2\/types\/post"}],"author":[{"embeddable":true,"href":"https:\/\/insightcrime.org\/es\/wp-json\/wp\/v2\/users\/84"}],"replies":[{"embeddable":true,"href":"https:\/\/insightcrime.org\/es\/wp-json\/wp\/v2\/comments?post=9626"}],"version-history":[{"count":1,"href":"https:\/\/insightcrime.org\/es\/wp-json\/wp\/v2\/posts\/9626\/revisions"}],"predecessor-version":[{"id":28158,"href":"https:\/\/insightcrime.org\/es\/wp-json\/wp\/v2\/posts\/9626\/revisions\/28158"}],"wp:featuredmedia":[{"embeddable":true,"href":"https:\/\/insightcrime.org\/es\/wp-json\/wp\/v2\/media\/46000"}],"wp:attachment":[{"href":"https:\/\/insightcrime.org\/es\/wp-json\/wp\/v2\/media?parent=9626"}],"wp:term":[{"taxonomy":"category","embeddable":true,"href":"https:\/\/insightcrime.org\/es\/wp-json\/wp\/v2\/categories?post=9626"},{"taxonomy":"post_tag","embeddable":true,"href":"https:\/\/insightcrime.org\/es\/wp-json\/wp\/v2\/tags?post=9626"},{"taxonomy":"newspack_spnsrs_tax","embeddable":true,"href":"https:\/\/insightcrime.org\/es\/wp-json\/wp\/v2\/newspack_spnsrs_tax?post=9626"},{"taxonomy":"author","embeddable":true,"href":"https:\/\/insightcrime.org\/es\/wp-json\/wp\/v2\/coauthors?post=9626"}],"curies":[{"name":"wp","href":"https:\/\/api.w.org\/{rel}","templated":true}]}}