{"id":97512,"date":"2019-03-21T15:52:28","date_gmt":"2019-03-21T20:52:28","guid":{"rendered":"https:\/\/insightcrime.org\/?p=97512"},"modified":"2024-09-02T15:07:39","modified_gmt":"2024-09-02T20:07:39","slug":"cerro-mono-un-fragil-ecosistema-en-colapso-por-la-mineria-ilegal","status":"publish","type":"post","link":"https:\/\/insightcrime.org\/es\/noticias\/cerro-mono-un-fragil-ecosistema-en-colapso-por-la-mineria-ilegal\/","title":{"rendered":"Cerro Mono: un fr\u00e1gil ecosistema en colapso por miner\u00eda ilegal en Colombia"},"content":{"rendered":"\n<p class=\"wp-block-paragraph\">Las autoridades de Colombia han descubierto la amenaza que se cierne sobre un importante recurso h\u00eddrico por causa de la miner\u00eda ilegal en la zona rural de C\u00facuta, lo que revela que la regi\u00f3n enfrenta mucho m\u00e1s que la crisis fronteriza con Venezuela de la que tanto hablan los medios.<\/p>\n\n\n\n<p class=\"wp-block-paragraph\">En una visita a Palmarito, norte de C\u00facuta, un grupo de ambientalistas descubrieron aproximadamente <a href=\"https:\/\/www.rcnradio.com\/colombia\/santanderes\/mineria-ilegal-pone-en-riesgo-reserva-hidrica-de-cucuta\" target=\"_blank\" rel=\"noopener\">20 campamentos mineros<\/a> que operan ilegalmente en la zona rural de Cerro Mono, que se extiende por lo menos unas 515 hect\u00e1reas.<\/p>\n\n\n\n<p class=\"wp-block-paragraph\">Cerro Mono es una regi\u00f3n monta\u00f1osa donde nacen m\u00e1s de diez manantiales que garantizan la longevidad de Ca\u00f1o Barrancas, un afluente que provee agua a m\u00e1s de <a href=\"https:\/\/www.laopinion.com.co\/cucuta\/coca-y-mineria-ilegal-en-reserva-hidrica-de-cucuta-149636#OP\" target=\"_blank\" rel=\"noopener\">3.000 familias de la regi\u00f3n<\/a>. Seg\u00fan C\u00e9sar Augusto Ortega, coordinador de miner\u00eda e hidrocarburos de la Corporaci\u00f3n Aut\u00f3noma Regional de la Frontera Nororiental (Corponor), la miner\u00eda ilegal est\u00e1 destruyendo estas fuentes de agua por la excavaci\u00f3n de t\u00faneles para extraer los dep\u00f3sitos m\u00e1s ricos en carb\u00f3n de la regi\u00f3n.<\/p>\n\n\n\n<p class=\"wp-block-paragraph\"><strong><span style=\"color: #800000;\">VEA TAMBI\u00c9N: <\/span><\/strong><a href=\"https:\/\/es.insightcrime.org\/tag\/mineria\/\" target=\"_blank\" rel=\"noopener\">Cobertura sobre Miner\u00eda ilegal<\/a><\/p>\n\n\n\n<p class=\"wp-block-paragraph\">En un intento por contener el da\u00f1o ambiental, m\u00faltiples organizaciones, incluidos funcionarios de la ciudad de C\u00facuta, han implementado medidas iniciales para afrontar la situaci\u00f3n que se vive en la regi\u00f3n. Esas medidas consistir\u00e1n de un <a href=\"https:\/\/www.eltiempo.com\/colombia\/otras-ciudades\/mineria-ilegal-arrasa-con-una-reserva-hidrica-en-cucuta-335958\" target=\"_blank\" rel=\"noopener\">an\u00e1lisis m\u00e1s detallado del \u00e1rea afectada<\/a>, que se convertir\u00e1 en un informe con el que las autoridades locales penalizar\u00e1n y sancionar\u00e1n a los responsables de la devastaci\u00f3n causada.<\/p>\n\n\n\n<h3 class=\"wp-block-heading\">An\u00e1lisis de InSight Crime<\/h3>\n\n\n\n<p class=\"wp-block-paragraph\">C\u00facuta es conocida por su proximidad geogr\u00e1fica con Venezuela, una regi\u00f3n fronteriza famosa como punto \u00e1lgido de econom\u00edas il\u00edcitas, como la trata de personas, el narcotr\u00e1fico y el contrabando. Pero esta nueva noticia sobre el desarrollo de miner\u00eda ilegal en Cerro Mono arroja una luz sobre la actividad criminal que se ha extendido a la sombra de la crisis fronteriza con Venezuela.<\/p>\n\n\n\n<p class=\"wp-block-paragraph\">La miner\u00eda ilegal de oro y otros recursos ha sido bien documentada en otros lugares de Colombia, como <a href=\"https:\/\/es.insightcrime.org\/sin-categorizar\/fiebre-oro-municipio-colombia-paga-precio-auge-mineria-ilegal\/\" target=\"_blank\" rel=\"noopener\">Antioquia<\/a>, <a href=\"https:\/\/es.insightcrime.org\/noticias\/noticias-del-dia\/iranies-contrabandeaban-oro-platino-choco-colombia\/\" target=\"_blank\" rel=\"noopener\">Choco<\/a>, y la zona del Catatumbo, en la parte norte del departamento de Norte de Santander. Sin embargo, no se hab\u00eda prestado mucha atenci\u00f3n a Cerro Mono, en parte por la gran atenci\u00f3n que se prestaba a las dem\u00e1s actividades il\u00edcitas que prevalecen en C\u00facuta. La repentina atenci\u00f3n a la crisis ecol\u00f3gica en la regi\u00f3n fue causada por una manifestaci\u00f3n de m\u00e1s de 300 campesinos en el concejo municipal de <a href=\"https:\/\/www.laopinion.com.co\/cucuta\/comunidad-de-palmarito-protesta-por-mineria-en-cerro-mono-172622#OP\" target=\"_blank\" rel=\"noopener\">C\u00facuta el 5 de marzo<\/a>. Algo muy raro, pues suele suceder que <a href=\"https:\/\/noticias.caracoltv.com\/colombia\/antioquia\/bloquean-entre-risaralda-y-medellin-en-protesta-por-operativos-contra-la-mineria-ilegal\" target=\"_blank\" rel=\"noopener\">grupos locales por lo general se beneficien<\/a> de las pr\u00e1cticas ilegales que afectan la sostenibilidad.<\/p>\n\n\n\n<p class=\"wp-block-paragraph\">Seg\u00fan el gobierno colombiano, la miner\u00eda ilegal es causante de casi el 8 por ciento de la deforestaci\u00f3n en el pa\u00eds. Se cre\u00eda que la extracci\u00f3n il\u00edcita de carb\u00f3n se concentraba en la zona del <a href=\"https:\/\/es.insightcrime.org\/noticias\/analisis\/milicia-urbana-de-epl-siembra-terror-en-comunidades-en-frontera-colombia-venezuela\/\" target=\"_blank\" rel=\"noopener\">Catatumbo<\/a>, pero es claro que dicha pr\u00e1ctica se est\u00e1 acercando m\u00e1s a la mayor ciudad del departamento, y reci\u00e9n se est\u00e1 viendo el impacto.<\/p>\n\n\n\n<p class=\"wp-block-paragraph\"><strong><span style=\"color: #800000;\">VEA TAMBI\u00c9N:<\/span><\/strong> <a href=\"https:\/\/es.insightcrime.org\/sin-categorizar\/fiebre-oro-municipio-colombia-paga-precio-auge-mineria-ilegal\/\" target=\"_blank\" rel=\"noopener\">Tras fiebre del oro, municipio de Colombia paga el precio del auge de miner\u00eda ilegal<\/a><\/p>\n\n\n\n<p class=\"wp-block-paragraph\">InSight Crime divulg\u00f3 recientemente un informe sobre <a href=\"https:\/\/es.insightcrime.org\/noticias\/analisis\/deforestacion-crimen-organizado-colombia\/\">la miner\u00eda ilegal en Colombia<\/a> y sobre el uso de maquinaria pesada que termina ocasionando da\u00f1os ambientales irreparables. Con una escasez en el suministro de agua de por lo menos 50 por ciento en la regi\u00f3n, es claro ver por qu\u00e9 los habitantes se oponen firmemente a la miner\u00eda ilegal y sus catastr\u00f3ficos efectos.<\/p>\n","protected":false},"excerpt":{"rendered":"<p>Las autoridades colombianas han descubierto la amenaza que se cierne sobre un importante recurso h\u00eddrico por causa de la miner\u00eda ilegal en la zona rural de C\u00facuta, lo que revela que la regi\u00f3n enfrenta mucho m\u00e1s que la crisis fronteriza con Venezuela de la que tanto hablan los medios.<\/p>\n","protected":false},"author":181,"featured_media":97471,"comment_status":"closed","ping_status":"closed","sticky":false,"template":"","format":"standard","meta":{"newspack_ads_suppress_ads":false,"newspack_popups_has_disabled_popups":false,"newspack_sponsor_sponsorship_scope":"","newspack_sponsor_native_byline_display":"inherit","newspack_sponsor_native_category_display":"inherit","newspack_sponsor_underwriter_style":"inherit","newspack_sponsor_underwriter_placement":"inherit","_EventAllDay":false,"_EventTimezone":"","_EventStartDate":"","_EventEndDate":"","_EventStartDateUTC":"","_EventEndDateUTC":"","_EventShowMap":false,"_EventShowMapLink":false,"_EventURL":"","_EventCost":"","_EventCostDescription":"","_EventCurrencySymbol":"","_EventCurrencyCode":"","_EventCurrencyPosition":"","_EventDateTimeSeparator":"","_EventTimeRangeSeparator":"","_EventOrganizerID":[],"_EventVenueID":[],"_OrganizerEmail":"","_OrganizerPhone":"","_OrganizerWebsite":"","_VenueAddress":"","_VenueCity":"","_VenueCountry":"","_VenueProvince":"","_VenueState":"","_VenueZip":"","_VenuePhone":"","_VenueURL":"","_VenueStateProvince":"","_VenueLat":"","_VenueLng":"","_VenueShowMap":false,"_VenueShowMapLink":false,"_newspack_byline_active":false,"_newspack_byline":"","newspack_hide_updated_date":false,"newspack_show_updated_date":false,"newspack_featured_image_position":"","newspack_post_subtitle":"","newspack_article_summary_title":"Overview:","newspack_article_summary":"","_jetpack_memberships_contains_paid_content":false,"footnotes":""},"categories":[759],"tags":[368,456],"newspack_spnsrs_tax":[],"coauthors":[4152],"class_list":["post-97512","post","type-post","status-publish","format-standard","has-post-thumbnail","hentry","category-noticias","tag-colombia-pais","tag-mineria","entry"],"parsely":{"version":"1.1.0","canonical_url":"https:\/\/insightcrime.org\/es\/noticias\/cerro-mono-un-fragil-ecosistema-en-colapso-por-la-mineria-ilegal\/","smart_links":{"inbound":0,"outbound":0},"traffic_boost_suggestions_count":0,"meta":{"@context":"https:\/\/schema.org","@type":"NewsArticle","headline":"Cerro Mono: un fr\u00e1gil ecosistema en colapso por miner\u00eda ilegal en Colombia","url":"http:\/\/insightcrime.org\/es\/noticias\/cerro-mono-un-fragil-ecosistema-en-colapso-por-la-mineria-ilegal\/","mainEntityOfPage":{"@type":"WebPage","@id":"http:\/\/insightcrime.org\/es\/noticias\/cerro-mono-un-fragil-ecosistema-en-colapso-por-la-mineria-ilegal\/"},"thumbnailUrl":"https:\/\/i0.wp.com\/insightcrime.org\/wp-content\/uploads\/2019\/03\/1399024151211_wps_epa04188135_A_crowd_obser.jpg?resize=150%2C150&quality=100&ssl=1","image":{"@type":"ImageObject","url":"https:\/\/i0.wp.com\/insightcrime.org\/wp-content\/uploads\/2019\/03\/1399024151211_wps_epa04188135_A_crowd_obser.jpg?fit=350%2C233&quality=100&ssl=1"},"articleSection":"Noticias","author":[{"@type":"Person","name":"Camilo Carranza"}],"creator":["Camilo Carranza"],"publisher":{"@type":"Organization","name":"InSight Crime","logo":"https:\/\/insightcrime.org\/wp-content\/uploads\/2023\/08\/logo.png"},"keywords":["colombia","miner\u00eda ilegal"],"dateCreated":"2019-03-21T20:52:28Z","datePublished":"2019-03-21T20:52:28Z","dateModified":"2024-09-02T20:07:39Z"},"rendered":"<meta name=\"parsely-title\" content=\"Cerro Mono: un fr\u00e1gil ecosistema en colapso por miner\u00eda ilegal en Colombia\" \/>\n<meta name=\"parsely-link\" content=\"http:\/\/insightcrime.org\/es\/noticias\/cerro-mono-un-fragil-ecosistema-en-colapso-por-la-mineria-ilegal\/\" \/>\n<meta name=\"parsely-type\" content=\"post\" \/>\n<meta name=\"parsely-image-url\" content=\"https:\/\/i0.wp.com\/insightcrime.org\/wp-content\/uploads\/2019\/03\/1399024151211_wps_epa04188135_A_crowd_obser.jpg?resize=150%2C150&amp;quality=100&amp;ssl=1\" \/>\n<meta name=\"parsely-pub-date\" content=\"2019-03-21T20:52:28Z\" \/>\n<meta name=\"parsely-section\" content=\"Noticias\" \/>\n<meta name=\"parsely-tags\" content=\"colombia,miner\u00eda ilegal\" \/>\n<meta name=\"parsely-author\" content=\"Camilo Carranza\" \/>","tracker_url":"https:\/\/cdn.parsely.com\/keys\/insightcrime.org\/p.js"},"jetpack_sharing_enabled":true,"jetpack-related-posts":[{"id":205991,"url":"https:\/\/insightcrime.org\/es\/noticias\/provincia-napo-ecuador-ejemplo-expansion-mineria-ilegal-amazonia\/","url_meta":{"origin":97512,"position":0},"title":"Provincia de Napo, Ecuador, ejemplo de expansi\u00f3n de miner\u00eda ilegal hacia la Amazon\u00eda","author":"Scott Mistler-Ferguson","date":"2 de diciembre de 2022","format":false,"excerpt":"Las operaciones policiales de Ecuador en este a\u00f1o han descubierto niveles impactantes de deterioro ambiental causado por la miner\u00eda ilegal en la remota provincia de Napo, lo que indica que dicha pr\u00e1ctica contin\u00faa proliferando en \u00e1reas remotas de la selva amaz\u00f3nica.","rel":"","context":"En \u00abNoticias\u00bb","block_context":{"text":"Noticias","link":"https:\/\/insightcrime.org\/es\/category\/noticias\/"},"img":{"alt_text":"Miner\u00eda ilegal de oro en Napo, Ecuador","src":"https:\/\/i0.wp.com\/insightcrime.org\/wp-content\/uploads\/2022\/12\/napo-illegal-mining-1.jpeg?fit=350%2C250&quality=100&ssl=1&resize=350%2C200","width":350,"height":200},"classes":[]},{"id":232513,"url":"https:\/\/insightcrime.org\/es\/investigaciones\/delitos-ambientales-acechan-regiones-triple-frontera-amazonas\/","url_meta":{"origin":97512,"position":1},"title":"Delitos ambientales acechan las regiones de triple frontera en el Amazonas","author":"Seth Robbins","date":"8 de agosto de 2023","format":false,"excerpt":"En lo profundo de la cuenca del Amazonas se encuentran dos regiones de triple frontera, donde los delitos ambientales y sus perpetradores no reconocen fronteras nacionales.","rel":"","context":"En \u00abInvestigaciones\u00bb","block_context":{"text":"Investigaciones","link":"https:\/\/insightcrime.org\/es\/category\/investigaciones\/"},"img":{"alt_text":"","src":"https:\/\/i0.wp.com\/insightcrime.org\/wp-content\/uploads\/2023\/09\/Amazonas-Cover-ESP-Executive-Summary-InSightCrime-2023.png?fit=1200%2C438&quality=100&ssl=1&resize=350%2C200","width":350,"height":200,"srcset":"https:\/\/i0.wp.com\/insightcrime.org\/wp-content\/uploads\/2023\/09\/Amazonas-Cover-ESP-Executive-Summary-InSightCrime-2023.png?fit=1200%2C438&quality=100&ssl=1&resize=350%2C200 1x, https:\/\/i0.wp.com\/insightcrime.org\/wp-content\/uploads\/2023\/09\/Amazonas-Cover-ESP-Executive-Summary-InSightCrime-2023.png?fit=1200%2C438&quality=100&ssl=1&resize=525%2C300 1.5x, https:\/\/i0.wp.com\/insightcrime.org\/wp-content\/uploads\/2023\/09\/Amazonas-Cover-ESP-Executive-Summary-InSightCrime-2023.png?fit=1200%2C438&quality=100&ssl=1&resize=700%2C400 2x, https:\/\/i0.wp.com\/insightcrime.org\/wp-content\/uploads\/2023\/09\/Amazonas-Cover-ESP-Executive-Summary-InSightCrime-2023.png?fit=1200%2C438&quality=100&ssl=1&resize=1050%2C600 3x"},"classes":[]},{"id":232525,"url":"https:\/\/insightcrime.org\/es\/investigaciones\/comercio-toxico-mineria-ilegal-regiones-triple-frontera-amazonicas\/","url_meta":{"origin":97512,"position":2},"title":"Un comercio t\u00f3xico: la miner\u00eda ilegal en las regiones de triple frontera amaz\u00f3nicas","author":"Mar\u00eda Fernanda Ram\u00edrez","date":"8 de agosto de 2023","format":false,"excerpt":"La miner\u00eda ilegal es, de lejos, el delito ambiental m\u00e1s extendido y perjudicial en las regiones de triple frontera de la Amazon\u00eda.","rel":"","context":"En \u00abInvestigaciones\u00bb","block_context":{"text":"Investigaciones","link":"https:\/\/insightcrime.org\/es\/category\/investigaciones\/"},"img":{"alt_text":"","src":"https:\/\/i0.wp.com\/insightcrime.org\/wp-content\/uploads\/2023\/09\/Amazonas-Cover-Capitulo1-ESP-InSightCrime-2023.png?fit=1200%2C438&quality=100&ssl=1&resize=350%2C200","width":350,"height":200,"srcset":"https:\/\/i0.wp.com\/insightcrime.org\/wp-content\/uploads\/2023\/09\/Amazonas-Cover-Capitulo1-ESP-InSightCrime-2023.png?fit=1200%2C438&quality=100&ssl=1&resize=350%2C200 1x, https:\/\/i0.wp.com\/insightcrime.org\/wp-content\/uploads\/2023\/09\/Amazonas-Cover-Capitulo1-ESP-InSightCrime-2023.png?fit=1200%2C438&quality=100&ssl=1&resize=525%2C300 1.5x, https:\/\/i0.wp.com\/insightcrime.org\/wp-content\/uploads\/2023\/09\/Amazonas-Cover-Capitulo1-ESP-InSightCrime-2023.png?fit=1200%2C438&quality=100&ssl=1&resize=700%2C400 2x, https:\/\/i0.wp.com\/insightcrime.org\/wp-content\/uploads\/2023\/09\/Amazonas-Cover-Capitulo1-ESP-InSightCrime-2023.png?fit=1200%2C438&quality=100&ssl=1&resize=1050%2C600 3x"},"classes":[]},{"id":208146,"url":"https:\/\/insightcrime.org\/es\/noticias\/mineros-oro-apuntan-parques-nacionales-ecuador\/","url_meta":{"origin":97512,"position":3},"title":"Naturaleza bajo amenaza en Ecuador: mineros de oro apuntan a Parque Nacional","author":"Javier Lizcano Villalba","date":"20 de enero de 2023","format":false,"excerpt":"Puntos de miner\u00eda ilegal en el parque Podocarpus, sur de Ecuador; otro ejemplo de la expansi\u00f3n de la miner\u00eda criminal","rel":"","context":"En \u00abNoticias\u00bb","block_context":{"text":"Noticias","link":"https:\/\/insightcrime.org\/es\/category\/noticias\/"},"img":{"alt_text":"Maquinaria para la miner\u00eda ilegal en un terreno selvatico","src":"https:\/\/i0.wp.com\/insightcrime.org\/wp-content\/uploads\/2023\/01\/Mineria-ilegal-en-Ecuador-foto-1.jpg?fit=350%2C250&quality=100&ssl=1&resize=350%2C200","width":350,"height":200},"classes":[]},{"id":201015,"url":"https:\/\/insightcrime.org\/es\/noticias\/masacres-defensores-ambientales-impunes-lationamerica\/","url_meta":{"origin":97512,"position":4},"title":"Masacres de defensores ambientales siguen impunes en Latinoam\u00e9rica: informe","author":"Peter Appleby","date":"7 de octubre de 2022","format":false,"excerpt":"Latinoam\u00e9rica es, por un amplio margen, la regi\u00f3n m\u00e1s peligrosa del mundo para los activistas ambientales, con siete de sus pa\u00edses entre los primeros diez lugares de un macabro nuevo ranking.","rel":"","context":"En \u00abNoticias\u00bb","block_context":{"text":"Noticias","link":"https:\/\/insightcrime.org\/es\/category\/noticias\/"},"img":{"alt_text":"Manifestantes en Brasil se pronuncian por muertes de activistas","src":"https:\/\/i0.wp.com\/insightcrime.org\/wp-content\/uploads\/2022\/10\/environmental-crime-murder-1.jpeg?fit=350%2C250&quality=100&ssl=1&resize=350%2C200","width":350,"height":200},"classes":[]},{"id":249905,"url":"https:\/\/insightcrime.org\/es\/noticias\/mineria-ilegal-colombia-conectada-crimen-organizado\/","url_meta":{"origin":97512,"position":5},"title":"Miner\u00eda en Colombia cada vez m\u00e1s conectada con el crimen organizado: informe","author":"Maria Luisa Valencia","date":"7 de diciembre de 2023","format":false,"excerpt":"Un reciente informe analiza las evidencias de explotaci\u00f3n de oro de aluvi\u00f3n en Colombia y deja entrever que el rol del crimen organizado en el sector es m\u00e1s importante de lo que se sospecha.","rel":"","context":"En \u00abNoticias\u00bb","block_context":{"text":"Noticias","link":"https:\/\/insightcrime.org\/es\/category\/noticias\/"},"img":{"alt_text":"Operaciones de miner\u00eda ilegal en Putumayo, Colombia-FAC Colombia, noviembre, 2022","src":"https:\/\/i0.wp.com\/insightcrime.org\/wp-content\/uploads\/2023\/12\/FAC-nov2022-3.jpg?fit=350%2C250&quality=100&ssl=1&resize=350%2C200","width":350,"height":200},"classes":[]}],"jetpack_featured_media_url":"https:\/\/i0.wp.com\/insightcrime.org\/wp-content\/uploads\/2019\/03\/1399024151211_wps_epa04188135_A_crowd_obser.jpg?fit=350%2C233&quality=100&ssl=1","_links":{"self":[{"href":"https:\/\/insightcrime.org\/es\/wp-json\/wp\/v2\/posts\/97512","targetHints":{"allow":["GET"]}}],"collection":[{"href":"https:\/\/insightcrime.org\/es\/wp-json\/wp\/v2\/posts"}],"about":[{"href":"https:\/\/insightcrime.org\/es\/wp-json\/wp\/v2\/types\/post"}],"author":[{"embeddable":true,"href":"https:\/\/insightcrime.org\/es\/wp-json\/wp\/v2\/users\/181"}],"replies":[{"embeddable":true,"href":"https:\/\/insightcrime.org\/es\/wp-json\/wp\/v2\/comments?post=97512"}],"version-history":[{"count":6,"href":"https:\/\/insightcrime.org\/es\/wp-json\/wp\/v2\/posts\/97512\/revisions"}],"predecessor-version":[{"id":291385,"href":"https:\/\/insightcrime.org\/es\/wp-json\/wp\/v2\/posts\/97512\/revisions\/291385"}],"wp:featuredmedia":[{"embeddable":true,"href":"https:\/\/insightcrime.org\/es\/wp-json\/wp\/v2\/media\/97471"}],"wp:attachment":[{"href":"https:\/\/insightcrime.org\/es\/wp-json\/wp\/v2\/media?parent=97512"}],"wp:term":[{"taxonomy":"category","embeddable":true,"href":"https:\/\/insightcrime.org\/es\/wp-json\/wp\/v2\/categories?post=97512"},{"taxonomy":"post_tag","embeddable":true,"href":"https:\/\/insightcrime.org\/es\/wp-json\/wp\/v2\/tags?post=97512"},{"taxonomy":"newspack_spnsrs_tax","embeddable":true,"href":"https:\/\/insightcrime.org\/es\/wp-json\/wp\/v2\/newspack_spnsrs_tax?post=97512"},{"taxonomy":"author","embeddable":true,"href":"https:\/\/insightcrime.org\/es\/wp-json\/wp\/v2\/coauthors?post=97512"}],"curies":[{"name":"wp","href":"https:\/\/api.w.org\/{rel}","templated":true}]}}