{"id":97963,"date":"2019-03-27T06:32:15","date_gmt":"2019-03-27T11:32:15","guid":{"rendered":"https:\/\/insightcrime.org\/?p=97963"},"modified":"2023-04-24T16:34:38","modified_gmt":"2023-04-24T21:34:38","slug":"asesinatos-por-marines-mexicanos-indican-falta-supervision","status":"publish","type":"post","link":"https:\/\/insightcrime.org\/es\/noticias\/asesinatos-por-marines-mexicanos-indican-falta-supervision\/","title":{"rendered":"Asesinatos por marines mexicanos indican que se carece de controles"},"content":{"rendered":"\n<p class=\"wp-block-paragraph\">Datos recientes indican que los marines mexicanos se han vuelto mucho m\u00e1s agresivos en los enfrentamientos con civiles, lo que plantea dudas acerca de la rendici\u00f3n de cuentas en un momento en que M\u00e9xico se prepara para el despliegue de una nueva unidad de la Guardia Nacional.<\/p>\n\n\n\n<p class=\"wp-block-paragraph\">Durante los \u00faltimos 12 a\u00f1os, los marines mexicanos han participado en al menos 400 enfrentamientos con civiles supuestamente armados y han matado a m\u00e1s de 400 personas, seg\u00fan datos obtenidos por <a href=\"https:\/\/www.animalpolitico.com\/2019\/03\/marina-letalidad-enfrentamientos-fallecidos-heridos\/\" target=\"_blank\" rel=\"noopener\">Animal Pol\u00edtico<\/a>.&nbsp; Todas las muertes, con excepci\u00f3n de una, se produjeron en los \u00faltimos siete a\u00f1os, como lo muestran los datos de la Secretar\u00eda de Marina (SEMAR).<\/p>\n\n\n\n<p class=\"wp-block-paragraph\">El uso de la fuerza por parte de los marines tambi\u00e9n ha aumentado considerablemente. Entre 2007 y 2011, alrededor de 200 civiles resultaron heridos en estos enfrentamientos y solo una persona fue asesinada. Esta tendencia cambi\u00f3 dr\u00e1sticamente entre 2012 y 2019, cuando dicha unidad fue responsable de 445 muertes de civiles. En comparaci\u00f3n, solo 19 personas resultaron heridas en tales enfrentamientos, lo que demuestra el grado de agresividad que han alcanzado.<\/p>\n\n\n\n<p class=\"wp-block-paragraph\"><span style=\"color: #993300;\"><strong>&nbsp; &nbsp; &nbsp; VEA TAMBI\u00c9N:<\/strong><\/span> <a href=\"https:\/\/es.insightcrime.org\/noticias-sobre-crimen-organizado-en-mexico\/\" target=\"_blank\" rel=\"noopener\">Noticias y perfil de M\u00e9xico<\/a><\/p>\n\n\n\n<p class=\"wp-block-paragraph\">La cantidad de enfrentamientos entre marines mexicanos y civiles tambi\u00e9n aument\u00f3 en 2010 y desde entonces ha permanecido en un promedio de 30 a 60 por a\u00f1o.<\/p>\n\n\n\n<h3 class=\"wp-block-heading\">An\u00e1lisis de InSight Crime<\/h3>\n\n\n\n<p class=\"wp-block-paragraph\">Los datos que muestran que los marines utilizan cada vez m\u00e1s la fuerza letal contra civiles armados generan dudas acerca de la capacitaci\u00f3n y la supervisi\u00f3n de dicho organismo, en un momento en que M\u00e9xico se prepara para la creaci\u00f3n de una nueva unidad de la Guardia Nacional para combatir el aumento del crimen y la violencia.<\/p>\n\n\n\n<p class=\"wp-block-paragraph\">Durante mucho tiempo, el ej\u00e9rcito ha sido un aliado clave para la estrategia de seguridad interna de M\u00e9xico. Hacia 2006, el entonces presidente de M\u00e9xico, Felipe Calder\u00f3n, <a href=\"https:\/\/es.insightcrime.org\/noticias\/analisis\/guerra-mexico-contra-crimen-decada-fracasos-militarizados\/\" target=\"_blank\" rel=\"noopener\">anunci\u00f3 que su administraci\u00f3n<\/a> desplegar\u00eda miles de tropas federales para enfrentar el crimen en Michoac\u00e1n, estado de donde \u00e9l es originario.<\/p>\n\n\n\n<p class=\"wp-block-paragraph\">Tras el anuncio de dicha medida se presentaron gran cantidad de denuncias de <a href=\"https:\/\/es.insightcrime.org\/noticias\/analisis\/principales-recomendaciones-onu-poner-fin-tortura-mexico\/\" target=\"_blank\" rel=\"noopener\">tortura<\/a>, <a href=\"https:\/\/www.20minutos.com\/noticia\/145287\/0\/mexico-infantes-de-marina-mataron-a-familia-con-metralleta\/\" target=\"_blank\" rel=\"noopener\">uso excesivo de la fuerza<\/a>, <a href=\"https:\/\/es.insightcrime.org\/noticias\/noticias-del-dia\/comision-gubernamental-confirma-masacre-perpetrada-ejercito\/\" target=\"_blank\" rel=\"noopener\">ejecuciones extrajudiciales<\/a> y otras violaciones a los derechos humanos.<\/p>\n\n\n\n<p class=\"wp-block-paragraph\"><span style=\"color: #993300;\"><strong>&nbsp; &nbsp; &nbsp; VEA TAMBI\u00c9N:<\/strong><\/span> <a href=\"https:\/\/es.insightcrime.org\/noticias\/analisis\/nueva-guardia-nacional-mexico-uniforme\/\" target=\"_blank\" rel=\"noopener\">Nueva Guardia Nacional de M\u00e9xico: \u00bfun uniforme m\u00e1s?<\/a><\/p>\n\n\n\n<p class=\"wp-block-paragraph\">Las m\u00e1s recientes denuncias sobre violaciones incluyen un informe de 2018, seg\u00fan el cual <a href=\"https:\/\/www.20minutos.com\/noticia\/145287\/0\/mexico-infantes-de-marina-mataron-a-familia-con-metralleta\/\" target=\"_blank\" rel=\"noopener\">los marines usaron indebidamente una metralleta<\/a>, produciendo la muerte de tres civiles en Nuevo Laredo. Por otro lado, en el mismo a\u00f1o y en la misma ciudad, se inform\u00f3 que al menos 33 personas hab\u00edan <a href=\"https:\/\/www.amnesty.org\/download\/Documents\/AMR4186392018ENGLISH.pdf\" target=\"_blank\" rel=\"noopener\">desaparecido de manera forzosa<\/a>. Algunas de las desapariciones han sido relacionadas con la Armada mexicana.<\/p>\n\n\n\n<p class=\"wp-block-paragraph\">Antes de que el Congreso realizara las votaciones para la creaci\u00f3n de la nueva unidad de la Guardia Nacional, quienes sosten\u00edan que los miembros del ej\u00e9rcito mexicano y la Marina hab\u00edan cometido graves violaciones a los derechos humanos <a href=\"https:\/\/vanguardia.com.mx\/articulo\/victimas-piden-no-aprobar-guardia-nacional-narran-abusos-y-desapariciones-de-militares\" target=\"_blank\" rel=\"noopener\">pidieron a los legisladores<\/a> que no aprobaran dicha medida.<\/p>\n\n\n\n<p class=\"wp-block-paragraph\">Y un reciente <a href=\"https:\/\/www.amnesty.org\/download\/Documents\/AMR4195782018ENGLISH.PDF\" target=\"_blank\" rel=\"noopener\">informe<\/a> de Amnist\u00eda Internacional advierte que la decisi\u00f3n de crear una nueva unidad de las fuerzas armadas es \u201cun desencadenante y causa directa del aumento de la violencia en los municipios\u201d en donde se despliegan.<\/p>\n\n\n\n<p class=\"wp-block-paragraph\">Aunque se supone que la nueva unidad tendr\u00eda un car\u00e1cter m\u00e1s bien civil, esta medida no establece <a href=\"https:\/\/es.insightcrime.org\/noticias\/analisis\/nueva-guardia-nacional-mexico-uniforme\/\" target=\"_blank\" rel=\"noopener\">una clara ruptura<\/a> con la estrategia militarizada de los \u00faltimos 12 a\u00f1os. La Guardia Nacional estar\u00e1 conformada inicialmente por miembros de la polic\u00eda militar y federal mexicana, y aunque depende de la Secretar\u00eda de Seguridad P\u00fablica y Protecci\u00f3n Ciudadana, puede estar encabezada por un funcionario militar.<\/p>\n\n\n\n<p class=\"wp-block-paragraph\">La unidad cuasimilitar se desplegar\u00e1 por todo el pa\u00eds.<\/p>\n\n\n\n<p class=\"wp-block-paragraph\">Madeleine Penman, investigadora regional de Amnist\u00eda Internacional en la Ciudad de M\u00e9xico, le dijo a InSight Crime que M\u00e9xico ha demostrado que es incapaz de investigar y vigilar a sus fuerzas armadas, especialmente dada la \u201cnaturaleza bastante reservada de las fuerzas armadas\u201d.<\/p>\n\n\n\n<p class=\"wp-block-paragraph\">El sistema de justicia civil de M\u00e9xico <a href=\"https:\/\/es.insightcrime.org\/noticias\/noticias-del-dia\/reformas-mexico-logran-impedir-abusos-ejercito-informe\/\" target=\"_blank\" rel=\"noopener\">investiga los abusos<\/a> cometidos por las fuerzas armadas, pero los fiscales se han topado durante mucho tiempo con obstrucciones por parte de los funcionarios militares, quienes retrasan las investigaciones, falsifican o manipulan pruebas y retienen testimonios.<\/p>\n\n\n\n<p class=\"wp-block-paragraph\">Del 2012 al 2016, la Fiscal\u00eda General de la Rep\u00fablica de M\u00e9xico inici\u00f3 505 investigaciones criminales en torno a presuntos cr\u00edmenes cometidos por soldados contra civiles, seg\u00fan un <a href=\"https:\/\/insightcrime.org\/wp-content\/uploads\/2017\/11\/17-11-06-WOLA_MilitaryReport_ENG_EMBARGOED.pdf\" target=\"_blank\" rel=\"noopener\">informe<\/a> elaborado en 2017 por la Oficina en Washington para Asuntos Latinoamericanos (WOLA). De estas investigaciones, los fiscales solo realizaron 16 condenas.<\/p>\n\n\n\n<p class=\"wp-block-paragraph\">\u201cLa falta de control independiente sobre las acciones de las fuerzas armadas\u201d, dice Penman, \u201ces muy preocupante\u201d.<\/p>\n","protected":false},"excerpt":{"rendered":"<p>Datos recientes indican que los marines mexicanos se han vuelto mucho m\u00e1s agresivos en los enfrentamientos con civiles, lo que plantea dudas acerca de la rendici\u00f3n de cuentas en un momento en que M\u00e9xico se prepara para desplegar una nueva unidad de la Guardia Nacional en las calles.<\/p>\n","protected":false},"author":181,"featured_media":97891,"comment_status":"closed","ping_status":"closed","sticky":false,"template":"","format":"standard","meta":{"newspack_ads_suppress_ads":false,"newspack_popups_has_disabled_popups":false,"newspack_sponsor_sponsorship_scope":"","newspack_sponsor_native_byline_display":"inherit","newspack_sponsor_native_category_display":"inherit","newspack_sponsor_underwriter_style":"inherit","newspack_sponsor_underwriter_placement":"inherit","_EventAllDay":false,"_EventTimezone":"","_EventStartDate":"","_EventEndDate":"","_EventStartDateUTC":"","_EventEndDateUTC":"","_EventShowMap":false,"_EventShowMapLink":false,"_EventURL":"","_EventCost":"","_EventCostDescription":"","_EventCurrencySymbol":"","_EventCurrencyCode":"","_EventCurrencyPosition":"","_EventDateTimeSeparator":"","_EventTimeRangeSeparator":"","_EventOrganizerID":[],"_EventVenueID":[],"_OrganizerEmail":"","_OrganizerPhone":"","_OrganizerWebsite":"","_VenueAddress":"","_VenueCity":"","_VenueCountry":"","_VenueProvince":"","_VenueState":"","_VenueZip":"","_VenuePhone":"","_VenueURL":"","_VenueStateProvince":"","_VenueLat":"","_VenueLng":"","_VenueShowMap":false,"_VenueShowMapLink":false,"_newspack_byline_active":false,"_newspack_byline":"","newspack_hide_updated_date":false,"newspack_show_updated_date":false,"newspack_featured_image_position":"","newspack_post_subtitle":"","newspack_article_summary_title":"Overview:","newspack_article_summary":"","_jetpack_memberships_contains_paid_content":false,"footnotes":""},"categories":[759],"tags":[452,406,438],"newspack_spnsrs_tax":[],"coauthors":[4152],"class_list":["post-97963","post","type-post","status-publish","format-standard","has-post-thumbnail","hentry","category-noticias","tag-homicidios","tag-mexico-pais","tag-politicas-de-seguridad","entry"],"parsely":{"version":"1.1.0","canonical_url":"https:\/\/insightcrime.org\/es\/noticias\/asesinatos-por-marines-mexicanos-indican-falta-supervision\/","smart_links":{"inbound":0,"outbound":0},"traffic_boost_suggestions_count":0,"meta":{"@context":"https:\/\/schema.org","@type":"NewsArticle","headline":"Asesinatos por marines mexicanos indican que se carece de controles","url":"http:\/\/insightcrime.org\/es\/noticias\/asesinatos-por-marines-mexicanos-indican-falta-supervision\/","mainEntityOfPage":{"@type":"WebPage","@id":"http:\/\/insightcrime.org\/es\/noticias\/asesinatos-por-marines-mexicanos-indican-falta-supervision\/"},"thumbnailUrl":"https:\/\/i0.wp.com\/insightcrime.org\/wp-content\/uploads\/2019\/03\/3-22-1018-Killings-Mexico-Marines.jpg?resize=150%2C150&quality=100&ssl=1","image":{"@type":"ImageObject","url":"https:\/\/i0.wp.com\/insightcrime.org\/wp-content\/uploads\/2019\/03\/3-22-1018-Killings-Mexico-Marines.jpg?fit=350%2C249&quality=100&ssl=1"},"articleSection":"Noticias","author":[{"@type":"Person","name":"Camilo Carranza"}],"creator":["Camilo Carranza"],"publisher":{"@type":"Organization","name":"InSight Crime","logo":"https:\/\/insightcrime.org\/wp-content\/uploads\/2023\/08\/logo.png"},"keywords":["homicidios","m\u00e9xico","pol\u00edticas de seguridad"],"dateCreated":"2019-03-27T11:32:15Z","datePublished":"2019-03-27T11:32:15Z","dateModified":"2023-04-24T21:34:38Z"},"rendered":"<meta name=\"parsely-title\" content=\"Asesinatos por marines mexicanos indican que se carece de controles\" \/>\n<meta name=\"parsely-link\" content=\"http:\/\/insightcrime.org\/es\/noticias\/asesinatos-por-marines-mexicanos-indican-falta-supervision\/\" \/>\n<meta name=\"parsely-type\" content=\"post\" \/>\n<meta name=\"parsely-image-url\" content=\"https:\/\/i0.wp.com\/insightcrime.org\/wp-content\/uploads\/2019\/03\/3-22-1018-Killings-Mexico-Marines.jpg?resize=150%2C150&amp;quality=100&amp;ssl=1\" \/>\n<meta name=\"parsely-pub-date\" content=\"2019-03-27T11:32:15Z\" \/>\n<meta name=\"parsely-section\" content=\"Noticias\" \/>\n<meta name=\"parsely-tags\" content=\"homicidios,m\u00e9xico,pol\u00edticas de seguridad\" \/>\n<meta name=\"parsely-author\" content=\"Camilo Carranza\" \/>","tracker_url":"https:\/\/cdn.parsely.com\/keys\/insightcrime.org\/p.js"},"jetpack_sharing_enabled":true,"jetpack-related-posts":[{"id":232707,"url":"https:\/\/insightcrime.org\/es\/investigaciones\/sintetizar-fentanilo-mexico\/","url_meta":{"origin":97963,"position":0},"title":"As\u00ed se sintetiza el fentanilo en M\u00e9xico","author":"Steven Dudley","date":"9 de mayo de 2023","format":false,"excerpt":"En 2018, las autoridades de EE. UU. y M\u00e9xico comenzaron a seguir la pista de varios qu\u00edmicos que trataban de sintetizar fentanilo en M\u00e9xico","rel":"","context":"En \u00abInvestigaciones\u00bb","block_context":{"text":"Investigaciones","link":"https:\/\/insightcrime.org\/es\/category\/investigaciones\/"},"img":{"alt_text":"","src":"https:\/\/i0.wp.com\/insightcrime.org\/wp-content\/uploads\/2023\/09\/Precursor-Chemical-Cover-C6-1-1.jpg?fit=1200%2C576&quality=100&ssl=1&resize=350%2C200","width":350,"height":200,"srcset":"https:\/\/i0.wp.com\/insightcrime.org\/wp-content\/uploads\/2023\/09\/Precursor-Chemical-Cover-C6-1-1.jpg?fit=1200%2C576&quality=100&ssl=1&resize=350%2C200 1x, https:\/\/i0.wp.com\/insightcrime.org\/wp-content\/uploads\/2023\/09\/Precursor-Chemical-Cover-C6-1-1.jpg?fit=1200%2C576&quality=100&ssl=1&resize=525%2C300 1.5x, https:\/\/i0.wp.com\/insightcrime.org\/wp-content\/uploads\/2023\/09\/Precursor-Chemical-Cover-C6-1-1.jpg?fit=1200%2C576&quality=100&ssl=1&resize=700%2C400 2x, https:\/\/i0.wp.com\/insightcrime.org\/wp-content\/uploads\/2023\/09\/Precursor-Chemical-Cover-C6-1-1.jpg?fit=1200%2C576&quality=100&ssl=1&resize=1050%2C600 3x"},"classes":[]},{"id":209114,"url":"https:\/\/insightcrime.org\/es\/noticias\/marina-ecuador-enfrenta-evidencia-creciente-colusion-criminal\/","url_meta":{"origin":97963,"position":1},"title":"Marina de Ecuador enfrenta evidencia creciente de colusi\u00f3n criminal","author":"Chris Dalby","date":"26 de enero de 2023","format":false,"excerpt":"Informes de inteligencia revelan que varios efectivos de la marina de Ecuador fueron sorprendidos en colaboraci\u00f3n con importantes bandas criminales, lo que exacerba la crisis de seguridad que sufre el pa\u00eds actualmente.","rel":"","context":"En \u00abNoticias\u00bb","block_context":{"text":"Noticias","link":"https:\/\/insightcrime.org\/es\/category\/noticias\/"},"img":{"alt_text":"Nuevos reclutas de la Marina de Ecuador","src":"https:\/\/i0.wp.com\/insightcrime.org\/wp-content\/uploads\/2023\/01\/ATCTVP47QNE4JKBGKME3J34ZZM-1-1.jpg?fit=350%2C250&quality=100&ssl=1&resize=350%2C200","width":350,"height":200},"classes":[]},{"id":182361,"url":"https:\/\/insightcrime.org\/es\/news\/vaquita-marina-lucha-por-sobrevivire-la-pesca-ilegal-en-mexico\/","url_meta":{"origin":97963,"position":2},"title":"La Vaquita Marina lucha por sobrevivir en medio de la pesca ilegal en M\u00e9xico","author":"Henry Shuldiner","date":"14 de abril de 2022","format":false,"excerpt":"El enfoque err\u00e1tico del gobierno mexicano para salvar la vaquita marina en el mar frente al estado noroccidental de Baja California solo ha promovido la amenaza cr\u00edtica que la pesca ilegal representa para la especie.","rel":"","context":"En \u00abNews\u00bb","block_context":{"text":"News","link":"https:\/\/insightcrime.org\/category\/news\/"},"img":{"alt_text":"Descimated by illegal fishing, only eight Vaquita Marina remain in the world","src":"https:\/\/i0.wp.com\/insightcrime.org\/wp-content\/uploads\/2022\/04\/Mexico-Vaquita-Marina-Wildlife-Trafficking-DW1.jpg?fit=350%2C250&quality=100&ssl=1&resize=350%2C200","width":350,"height":200},"classes":[]},{"id":289263,"url":"https:\/\/insightcrime.org\/es\/noticias\/grupos-criminales-atacan-civiles-chiapas-mexico\/","url_meta":{"origin":97963,"position":3},"title":"Grupos criminales en guerra atacan a civiles en Chiapas, M\u00e9xico","author":"Sam Woolston","date":"27 de agosto de 2024","format":false,"excerpt":"La intensificaci\u00f3n de la violencia en el estado fronterizo de Chiapas, en el sur de M\u00e9xico, est\u00e1 elevando el n\u00famero de desplazados y desaparecidos a nuevos niveles. Miles de habitantes se han visto obligados a abandonar sus hogares, y los grupos criminales est\u00e1n atacando cada vez m\u00e1s a la poblaci\u00f3n\u2026","rel":"","context":"En \u00abNoticias\u00bb","block_context":{"text":"Noticias","link":"https:\/\/insightcrime.org\/es\/category\/noticias\/"},"img":{"alt_text":"","src":"https:\/\/i0.wp.com\/insightcrime.org\/wp-content\/uploads\/2024\/08\/Cover-Data-Graphics-Chiapas-Mexico-InSightCrime-1.jpg?fit=1200%2C690&quality=100&ssl=1&resize=350%2C200","width":350,"height":200,"srcset":"https:\/\/i0.wp.com\/insightcrime.org\/wp-content\/uploads\/2024\/08\/Cover-Data-Graphics-Chiapas-Mexico-InSightCrime-1.jpg?fit=1200%2C690&quality=100&ssl=1&resize=350%2C200 1x, https:\/\/i0.wp.com\/insightcrime.org\/wp-content\/uploads\/2024\/08\/Cover-Data-Graphics-Chiapas-Mexico-InSightCrime-1.jpg?fit=1200%2C690&quality=100&ssl=1&resize=525%2C300 1.5x, https:\/\/i0.wp.com\/insightcrime.org\/wp-content\/uploads\/2024\/08\/Cover-Data-Graphics-Chiapas-Mexico-InSightCrime-1.jpg?fit=1200%2C690&quality=100&ssl=1&resize=700%2C400 2x, https:\/\/i0.wp.com\/insightcrime.org\/wp-content\/uploads\/2024\/08\/Cover-Data-Graphics-Chiapas-Mexico-InSightCrime-1.jpg?fit=1200%2C690&quality=100&ssl=1&resize=1050%2C600 3x"},"classes":[]},{"id":340029,"url":"https:\/\/insightcrime.org\/es\/noticias\/mexico-se-esta-quedando-sin-capos\/","url_meta":{"origin":97963,"position":4},"title":"\u00bfM\u00e9xico se est\u00e1 quedando sin capos?","author":"Victoria Dittmar","date":"28 de abril de 2026","format":false,"excerpt":"La captura de Audias Flores Silva, alias \u201cEl Jardinero\u201d, refleja c\u00f3mo la estrategia de perseguir capos de la droga en M\u00e9xico sigue fragmentando a los grandes grupos criminales y reconfigurando el mapa criminal del pa\u00eds.","rel":"","context":"En \u00abNoticias\u00bb","block_context":{"text":"Noticias","link":"https:\/\/insightcrime.org\/es\/category\/noticias\/"},"img":{"alt_text":"","src":"https:\/\/i0.wp.com\/insightcrime.org\/wp-content\/uploads\/2026\/04\/Flagship-Cover-Is-Mexico-Running-Out-of-Kingpins-InSightCrime-Abr-2026.jpg?fit=1200%2C690&quality=100&ssl=1&resize=350%2C200","width":350,"height":200,"srcset":"https:\/\/i0.wp.com\/insightcrime.org\/wp-content\/uploads\/2026\/04\/Flagship-Cover-Is-Mexico-Running-Out-of-Kingpins-InSightCrime-Abr-2026.jpg?fit=1200%2C690&quality=100&ssl=1&resize=350%2C200 1x, https:\/\/i0.wp.com\/insightcrime.org\/wp-content\/uploads\/2026\/04\/Flagship-Cover-Is-Mexico-Running-Out-of-Kingpins-InSightCrime-Abr-2026.jpg?fit=1200%2C690&quality=100&ssl=1&resize=525%2C300 1.5x, https:\/\/i0.wp.com\/insightcrime.org\/wp-content\/uploads\/2026\/04\/Flagship-Cover-Is-Mexico-Running-Out-of-Kingpins-InSightCrime-Abr-2026.jpg?fit=1200%2C690&quality=100&ssl=1&resize=700%2C400 2x, https:\/\/i0.wp.com\/insightcrime.org\/wp-content\/uploads\/2026\/04\/Flagship-Cover-Is-Mexico-Running-Out-of-Kingpins-InSightCrime-Abr-2026.jpg?fit=1200%2C690&quality=100&ssl=1&resize=1050%2C600 3x"},"classes":[]},{"id":200935,"url":"https:\/\/insightcrime.org\/es\/noticias\/mexico-ejercito-crimen-abusos-derechos-humanos\/","url_meta":{"origin":97963,"position":5},"title":"Ej\u00e9rcito de M\u00e9xico seguir\u00e1 combatiendo crimen a pesar de abusos de derechos humanos","author":"Peter Appleby","date":"6 de octubre de 2022","format":false,"excerpt":"El presidente Andr\u00e9s Manuel L\u00f3pez Obrador no logra imponerse sobre los grupos criminales a pesar de apoyarse cada vez m\u00e1s en las fuerzas armadas de M\u00e9xico contra todas las evidencias de abusos de derechos humanos por parte de esa entidad que han salido a la luz en los \u00faltimos meses.","rel":"","context":"En \u00abNoticias\u00bb","block_context":{"text":"Noticias","link":"https:\/\/insightcrime.org\/es\/category\/noticias\/"},"img":{"alt_text":"Formaci\u00f3n de soldados del Ej\u00e9rcito Mexicano","src":"https:\/\/i0.wp.com\/insightcrime.org\/wp-content\/uploads\/2022\/10\/mexico-army-1.jpeg?fit=350%2C250&quality=100&ssl=1&resize=350%2C200","width":350,"height":200},"classes":[]}],"jetpack_featured_media_url":"https:\/\/i0.wp.com\/insightcrime.org\/wp-content\/uploads\/2019\/03\/3-22-1018-Killings-Mexico-Marines.jpg?fit=350%2C249&quality=100&ssl=1","_links":{"self":[{"href":"https:\/\/insightcrime.org\/es\/wp-json\/wp\/v2\/posts\/97963","targetHints":{"allow":["GET"]}}],"collection":[{"href":"https:\/\/insightcrime.org\/es\/wp-json\/wp\/v2\/posts"}],"about":[{"href":"https:\/\/insightcrime.org\/es\/wp-json\/wp\/v2\/types\/post"}],"author":[{"embeddable":true,"href":"https:\/\/insightcrime.org\/es\/wp-json\/wp\/v2\/users\/181"}],"replies":[{"embeddable":true,"href":"https:\/\/insightcrime.org\/es\/wp-json\/wp\/v2\/comments?post=97963"}],"version-history":[{"count":5,"href":"https:\/\/insightcrime.org\/es\/wp-json\/wp\/v2\/posts\/97963\/revisions"}],"predecessor-version":[{"id":97982,"href":"https:\/\/insightcrime.org\/es\/wp-json\/wp\/v2\/posts\/97963\/revisions\/97982"}],"wp:featuredmedia":[{"embeddable":true,"href":"https:\/\/insightcrime.org\/es\/wp-json\/wp\/v2\/media\/97891"}],"wp:attachment":[{"href":"https:\/\/insightcrime.org\/es\/wp-json\/wp\/v2\/media?parent=97963"}],"wp:term":[{"taxonomy":"category","embeddable":true,"href":"https:\/\/insightcrime.org\/es\/wp-json\/wp\/v2\/categories?post=97963"},{"taxonomy":"post_tag","embeddable":true,"href":"https:\/\/insightcrime.org\/es\/wp-json\/wp\/v2\/tags?post=97963"},{"taxonomy":"newspack_spnsrs_tax","embeddable":true,"href":"https:\/\/insightcrime.org\/es\/wp-json\/wp\/v2\/newspack_spnsrs_tax?post=97963"},{"taxonomy":"author","embeddable":true,"href":"https:\/\/insightcrime.org\/es\/wp-json\/wp\/v2\/coauthors?post=97963"}],"curies":[{"name":"wp","href":"https:\/\/api.w.org\/{rel}","templated":true}]}}