{"id":98956,"date":"2019-04-12T15:30:27","date_gmt":"2019-04-12T20:30:27","guid":{"rendered":"https:\/\/insightcrime.org\/?p=98956"},"modified":"2025-08-18T20:41:05","modified_gmt":"2025-08-19T01:41:05","slug":"neutralizar-a-grupos-criminales-sera-clave-en-plan-de-seguridad-de-guaido","status":"publish","type":"post","link":"https:\/\/insightcrime.org\/es\/news\/brief\/neutralizar-a-grupos-criminales-sera-clave-en-plan-de-seguridad-de-guaido\/","title":{"rendered":"Neutralizar a grupos criminales ser\u00e1 clave en plan de seguridad de Guaid\u00f3"},"content":{"rendered":"\n<p class=\"wp-block-paragraph\">El l\u00edder opositor y presidente de la Asamblea Nacional de Venezuela ha presentado su plan de seguridad <span style=\"background-color: #ffffff;\">para cuando inicie un eventual gobierno de transici\u00f3n<\/span>, y ha anunciado una serie de propuestas para restablecer la seguridad ciudadana y neutralizar a los grupos criminales armados que tienen el pa\u00eds bajo su control.<\/p>\n\n\n\n<p class=\"wp-block-paragraph\">El plan de seguridad hace parte del \u201c<a href=\"https:\/\/www.planpais.com\/\" target=\"_blank\" rel=\"noopener\">Plan Pa\u00eds<\/a>\u201d, la estrategia de reconstrucci\u00f3n nacional promovida por Juan Guaid\u00f3 desde que fuera declarado presidente interino en enero pasado. Desarrollado a lo largo de un a\u00f1o de <a href=\"https:\/\/www.univision.com\/univision-news\/latin-america\/venezuelas-guaido-to-announce-national-reconstruction-plan-for-the-day-after\" target=\"_blank\" rel=\"noopener\">reuniones<\/a> con expertos y representantes de la sociedad civil, el plan detalla las reformas sociales y econ\u00f3micas que constituyen la m\u00e9dula de la visi\u00f3n alternativa de Guaid\u00f3 para Venezuela.<\/p>\n\n\n\n<p class=\"wp-block-paragraph\"><span style=\"color: #800000;\"><strong>VEA TAMBI\u00c9N:<\/strong> <\/span><a href=\"https:\/\/es.insightcrime.org\/investigaciones\/venezuela-estado-mafioso-2\/\" target=\"_blank\" rel=\"noopener\">Venezuela: \u00bfestado mafioso?<\/a><\/p>\n\n\n\n<p class=\"wp-block-paragraph\">Presentado el 11 de abril en Caracas, el <a href=\"https:\/\/www.ntn24.com\/america-latina\/venezuela\/juan-guaido-25-de-la-poblacion-venezolana-requiere-ayuda-humanitaria-105821\" target=\"_blank\" rel=\"noopener\">plan de seguridad contiene<\/a> una serie de medidas a corto, mediano y largo plazo con el objetivo manifiesto de \u201ccambiar la relaci\u00f3n entre el ciudadano y los cuerpos de seguridad para crear una alianza que garantice la vida y el respeto a los Derechos Humanos de los venezolanos\u201d.<\/p>\n\n\n\n<p class=\"wp-block-paragraph\">El plan establece como prioridad cuatro \u00e1reas de intervenci\u00f3n para restaurar la estabilidad nacional: la actuaci\u00f3n policial, la prevenci\u00f3n para reducir la violencia, as\u00ed como reformas al sistema judicial penal y al sistema penitenciario. Tambi\u00e9n contiene propuestas para el control de armas, un aspecto vital para combatir la criminalidad en el pa\u00eds.<\/p>\n\n\n\n<h3 class=\"wp-block-heading\">An\u00e1lisis de InSight Crime<\/h3>\n\n\n\n<p class=\"wp-block-paragraph\">Las prioridades trazadas en el plan de seguridad de Guaid\u00f3 demuestran que es consciente de que el \u00e9xito de cualquier gobierno transicional en Venezuela requerir\u00e1 neutralizar los elementos armados, y cada vez m\u00e1s criminalizados, de los que depende el r\u00e9gimen de Nicol\u00e1s Maduro.<\/p>\n\n\n\n<p class=\"wp-block-paragraph\">Un enfoque clave es la profesionalizaci\u00f3n de la fuerza de polic\u00eda mediante mejor adiestramiento, condiciones laborales y procedimientos de ascenso. Transferir las funciones de seguridad a un cuerpo de polic\u00eda responsable es fundamental para reducir los cr\u00edmenes y los homicidios.<\/p>\n\n\n\n<p class=\"wp-block-paragraph\">Tambi\u00e9n se presta atenci\u00f3n a la necesidad de mayores restricciones en el sistema penitenciario, con la meta de debilitar el poder de los jefes de la prisi\u00f3n, conocidos como \u201c<a href=\"https:\/\/es.insightcrime.org\/investigaciones\/la-delegacion-del-poder-estatal-los-pranes\/\" target=\"_blank\" rel=\"noopener\">pranes<\/a>\u201c. En la actualidad, estas figuras carcelarias dominan el sistema penitenciario de Venezuela y controlan poderosas redes criminales desde su reclusi\u00f3n.<\/p>\n\n\n\n<p class=\"wp-block-paragraph\"><span style=\"color: #800000;\"><strong>VEA TAMBI\u00c9N:<\/strong> <\/span><a href=\"https:\/\/es.insightcrime.org\/news\/analysis\/las-2-caras-de-los-ejercitos-criminales-del-regimen-de-venezuela\/\" target=\"_blank\" rel=\"noopener\">Las 2 caras de los \u201cej\u00e9rcitos\u201d criminales del r\u00e9gimen de Venezuela<\/a><\/p>\n\n\n\n<p class=\"wp-block-paragraph\">Crucial para el \u00e9xito del plan es el programa de registro y control de armas y municiones. Esta medida busca reducir el gran n\u00famero de armas en manos de civiles en todo el pa\u00eds. Esta, en particular, ser\u00e1 una tarea cuesta arriba. Maduro <a href=\"https:\/\/www.larazon.es\/internacional\/maduro-arma-a-un-millon-y-medio-de-civiles-en-venezuela-NC20995383\" target=\"_blank\" rel=\"noopener\">trabaja activamente<\/a> para salvaguardar su r\u00e9gimen armando a grupos paramilitares, conocidos como \u201c<a href=\"https:\/\/es.insightcrime.org\/investigaciones\/la-delegacion-del-poder-estatal-los-colectivos\/\" target=\"_blank\" rel=\"noopener\">colectivos<\/a>\u201c, y el armamento de alto calibre abunda entre las \u201c<a href=\"https:\/\/es.insightcrime.org\/noticias\/noticias-del-dia\/video-de-jefe-de-megabanda-de-venezuela-otro-simbolo-de-ausencia-del-estado\/\" target=\"_blank\" rel=\"noopener\">megabandas<\/a>\u201d que controlan las zonas populares de Venezuela.<\/p>\n\n\n\n<p class=\"wp-block-paragraph\">Para complicar a\u00fan m\u00e1s la situaci\u00f3n, est\u00e1 la presencia de grupos armados colombianos, entre ellos las disidencias de las Fuerzas Armadas Revolucionarias de Colombia (FARC) y el Ej\u00e9rcito de Liberaci\u00f3n Nacional (ELN).<\/p>\n\n\n\n<p class=\"wp-block-paragraph\">Ambos grupos dependen de la complicidad de la administraci\u00f3n de Maduro para contar con protecci\u00f3n y acceso a econom\u00edas lucrativas, como el corredor de la coca\u00edna en el Caribe, y las operaciones mineras ilegales. Estos grupos han expresado su <a href=\"https:\/\/www.telegraph.co.uk\/news\/2019\/02\/02\/eln-interview-colombian-marxist-guerrillas-will-fight-us-troops\/\" target=\"_blank\" rel=\"noopener\">disposici\u00f3n de defender militarmente<\/a> el r\u00e9gimen que les concede tales beneficios, y han sido vistos trabajando con los colectivos para <a href=\"https:\/\/es.insightcrime.org\/noticias\/noticias-del-dia\/colectivo-fronterizo-ayuda-humanitaria-venezuela\/\" target=\"_blank\" rel=\"noopener\">impedir el ingreso<\/a> de ayuda humanitaria a Venezuela.<\/p>\n\n\n\n<p class=\"wp-block-paragraph\">El plan de Guaid\u00f3 es sin duda ambicioso y bien pensado, pero con esa pl\u00e9tora de actores armados alineados con Maduro, la capacidad de Guaid\u00f3 de implementar su estrategia depender\u00e1 de las lealtades vacilantes de los mismos grupos que pretende neutralizar.<\/p>\n","protected":false},"excerpt":{"rendered":"<p>El l\u00edder opositor y presidente de la Asamblea Nacional de Venezuela ha presentado su plan de seguridad para cuando inicie un eventual gobierno de transici\u00f3n, y ha anunciado una serie de propuestas para restablecer la seguridad ciudadana y neutralizar a los grupos criminales armados que tienen el pa\u00eds bajo su control.<\/p>\n","protected":false},"author":775,"featured_media":98947,"comment_status":"closed","ping_status":"closed","sticky":false,"template":"","format":"standard","meta":{"newspack_ads_suppress_ads":false,"newspack_popups_has_disabled_popups":false,"newspack_sponsor_sponsorship_scope":"","newspack_sponsor_native_byline_display":"inherit","newspack_sponsor_native_category_display":"inherit","newspack_sponsor_underwriter_style":"inherit","newspack_sponsor_underwriter_placement":"inherit","_EventAllDay":false,"_EventTimezone":"","_EventStartDate":"","_EventEndDate":"","_EventStartDateUTC":"","_EventEndDateUTC":"","_EventShowMap":false,"_EventShowMapLink":false,"_EventURL":"","_EventCost":"","_EventCostDescription":"","_EventCurrencySymbol":"","_EventCurrencyCode":"","_EventCurrencyPosition":"","_EventDateTimeSeparator":"","_EventTimeRangeSeparator":"","_EventOrganizerID":[],"_EventVenueID":[],"_OrganizerEmail":"","_OrganizerPhone":"","_OrganizerWebsite":"","_VenueAddress":"","_VenueCity":"","_VenueCountry":"","_VenueProvince":"","_VenueState":"","_VenueZip":"","_VenuePhone":"","_VenueURL":"","_VenueStateProvince":"","_VenueLat":"","_VenueLng":"","_VenueShowMap":false,"_VenueShowMapLink":false,"_newspack_byline_active":false,"_newspack_byline":"","newspack_hide_updated_date":false,"newspack_show_updated_date":false,"newspack_featured_image_position":"","newspack_post_subtitle":"","newspack_article_summary_title":"Overview:","newspack_article_summary":"","_jetpack_memberships_contains_paid_content":false,"footnotes":""},"categories":[741,345],"tags":[3409,627,3360,643,570],"newspack_spnsrs_tax":[],"coauthors":[4646],"class_list":["post-98956","post","type-post","status-publish","format-standard","has-post-thumbnail","hentry","category-news","category-brief","tag-colectivos","tag-eln","tag-ex-farc-mafia","tag-security-policy","tag-venezuela","entry"],"parsely":{"version":"1.1.0","canonical_url":"https:\/\/insightcrime.org\/es\/news\/brief\/neutralizar-a-grupos-criminales-sera-clave-en-plan-de-seguridad-de-guaido\/","smart_links":{"inbound":0,"outbound":0},"traffic_boost_suggestions_count":0,"meta":{"@context":"https:\/\/schema.org","@type":"NewsArticle","headline":"Neutralizar a grupos criminales ser\u00e1 clave en plan de seguridad de Guaid\u00f3","url":"http:\/\/insightcrime.org\/es\/news\/brief\/neutralizar-a-grupos-criminales-sera-clave-en-plan-de-seguridad-de-guaido\/","mainEntityOfPage":{"@type":"WebPage","@id":"http:\/\/insightcrime.org\/es\/news\/brief\/neutralizar-a-grupos-criminales-sera-clave-en-plan-de-seguridad-de-guaido\/"},"thumbnailUrl":"https:\/\/i0.wp.com\/insightcrime.org\/wp-content\/uploads\/2019\/04\/Juan-Guaido-Plan-Pais.jpg?resize=150%2C150&quality=100&ssl=1","image":{"@type":"ImageObject","url":"https:\/\/i0.wp.com\/insightcrime.org\/wp-content\/uploads\/2019\/04\/Juan-Guaido-Plan-Pais.jpg?fit=350%2C250&quality=100&ssl=1"},"articleSection":"Brief","author":[{"@type":"Person","name":"Unidad Investigativa de Venezuela"}],"creator":["Unidad Investigativa de Venezuela"],"publisher":{"@type":"Organization","name":"InSight Crime","logo":"https:\/\/insightcrime.org\/wp-content\/uploads\/2023\/08\/logo.png"},"keywords":["colectivos","eln","ex-farc mafia","pol\u00edticas de seguridad","venezuela"],"dateCreated":"2019-04-12T20:30:27Z","datePublished":"2019-04-12T20:30:27Z","dateModified":"2025-08-19T01:41:05Z"},"rendered":"<meta name=\"parsely-title\" content=\"Neutralizar a grupos criminales ser\u00e1 clave en plan de seguridad de Guaid\u00f3\" \/>\n<meta name=\"parsely-link\" content=\"http:\/\/insightcrime.org\/es\/news\/brief\/neutralizar-a-grupos-criminales-sera-clave-en-plan-de-seguridad-de-guaido\/\" \/>\n<meta name=\"parsely-type\" content=\"post\" \/>\n<meta name=\"parsely-image-url\" content=\"https:\/\/i0.wp.com\/insightcrime.org\/wp-content\/uploads\/2019\/04\/Juan-Guaido-Plan-Pais.jpg?resize=150%2C150&amp;quality=100&amp;ssl=1\" \/>\n<meta name=\"parsely-pub-date\" content=\"2019-04-12T20:30:27Z\" \/>\n<meta name=\"parsely-section\" content=\"Brief\" \/>\n<meta name=\"parsely-tags\" content=\"colectivos,eln,ex-farc mafia,pol\u00edticas de seguridad,venezuela\" \/>\n<meta name=\"parsely-author\" content=\"Unidad Investigativa de Venezuela\" \/>","tracker_url":"https:\/\/cdn.parsely.com\/keys\/insightcrime.org\/p.js"},"jetpack_sharing_enabled":true,"jetpack-related-posts":[{"id":299259,"url":"https:\/\/insightcrime.org\/es\/noticias\/como-trump-podria-reconfigurar-panorama-criminal-venezuela\/","url_meta":{"origin":98956,"position":0},"title":"\u00bfC\u00f3mo el gobierno de Trump podr\u00eda reconfigurar el panorama criminal de Venezuela?","author":"Sarah D\u00f6bbener","date":"7 de enero de 2025","format":false,"excerpt":"Ante la inminente toma de posesi\u00f3n del presidente electo Donald Trump, surge la pregunta: \u00bfc\u00f3mo influir\u00e1 la nueva administraci\u00f3n de los Estados Unidos en el crimen organizado en Venezuela?\u00a0 Durante el primer mandato de Trump, su pol\u00edtica hacia el pa\u00eds sudamericano comprend\u00eda sanciones econ\u00f3micas e intentos de cambio de r\u00e9gimen,\u2026","rel":"","context":"En \u00abNoticias\u00bb","block_context":{"text":"Noticias","link":"https:\/\/insightcrime.org\/es\/category\/noticias\/"},"img":{"alt_text":"","src":"https:\/\/i0.wp.com\/insightcrime.org\/wp-content\/uploads\/2025\/01\/Trump-United-States-Venezuela-small-.jpeg?fit=347%2C250&quality=100&ssl=1&resize=350%2C200","width":350,"height":200},"classes":[]},{"id":129557,"url":"https:\/\/insightcrime.org\/es\/noticias-crimen-organizado-venezuela\/colectivo-de-seguridad-fronteriza\/","url_meta":{"origin":98956,"position":1},"title":"Colectivo de Seguridad Fronteriza","author":"InSight Crime","date":"22 de septiembre de 2021","format":false,"excerpt":"El Colectivo de Seguridad Fronteriza (CSF) es una milicia irregular con apoyo estatal asentada en el estado de T\u00e1chira, en la frontera con Colombia.","rel":"","context":"En \u00abVenezuela\u00bb","block_context":{"text":"Venezuela","link":"https:\/\/insightcrime.org\/es\/category\/noticias-crimen-organizado-venezuela\/"},"img":{"alt_text":"Grupo Criminal Colectivo de Seguridad Fronteriza, Venezuela.","src":"https:\/\/i0.wp.com\/insightcrime.org\/wp-content\/uploads\/2026\/08\/Grupo-Criminal-Colectivo-de-Seguridad-Fronteriza-Venezuela.jpg?fit=1200%2C900&quality=100&ssl=1&resize=350%2C200","width":350,"height":200,"srcset":"https:\/\/i0.wp.com\/insightcrime.org\/wp-content\/uploads\/2026\/08\/Grupo-Criminal-Colectivo-de-Seguridad-Fronteriza-Venezuela.jpg?fit=1200%2C900&quality=100&ssl=1&resize=350%2C200 1x, https:\/\/i0.wp.com\/insightcrime.org\/wp-content\/uploads\/2026\/08\/Grupo-Criminal-Colectivo-de-Seguridad-Fronteriza-Venezuela.jpg?fit=1200%2C900&quality=100&ssl=1&resize=525%2C300 1.5x, https:\/\/i0.wp.com\/insightcrime.org\/wp-content\/uploads\/2026\/08\/Grupo-Criminal-Colectivo-de-Seguridad-Fronteriza-Venezuela.jpg?fit=1200%2C900&quality=100&ssl=1&resize=700%2C400 2x, https:\/\/i0.wp.com\/insightcrime.org\/wp-content\/uploads\/2026\/08\/Grupo-Criminal-Colectivo-de-Seguridad-Fronteriza-Venezuela.jpg?fit=1200%2C900&quality=100&ssl=1&resize=1050%2C600 3x"},"classes":[]},{"id":173917,"url":"https:\/\/insightcrime.org\/es\/noticias\/nuevos-gobernadores-nuevos-capos-crimen-organizado-venezuela-tras-elecciones\/","url_meta":{"origin":98956,"position":2},"title":"Nuevos gobernadores, nuevos capos: crimen organizado en Venezuela tras las elecciones","author":"Unidad Investigativa de Venezuela","date":"20 de diciembre de 2021","format":false,"excerpt":"En noviembre pasado, las elecciones regionales fortalecieron el dominio del presidente Nicol\u00e1s Maduro y su familia en varias regiones estrat\u00e9gicas para las econom\u00edas criminales y los grupos armados con presuntos v\u00ednculos con su gobierno.","rel":"","context":"En \u00abNoticias\u00bb","block_context":{"text":"Noticias","link":"https:\/\/insightcrime.org\/es\/category\/noticias\/"},"img":{"alt_text":"","src":"https:\/\/i0.wp.com\/insightcrime.org\/wp-content\/uploads\/2021\/12\/Ven-Elections-resized-and-cropped.jpg?fit=350%2C250&quality=100&ssl=1&resize=350%2C200","width":350,"height":200},"classes":[]},{"id":285573,"url":"https:\/\/insightcrime.org\/es\/noticias\/como-regimen-criminal-maduro-esta-inclinando-balanza-elecciones-venezuela\/","url_meta":{"origin":98956,"position":3},"title":"C\u00f3mo el r\u00e9gimen criminal de Maduro est\u00e1 inclinando la balanza en las elecciones en Venezuela","author":"Unidad Investigativa de Venezuela","date":"25 de julio de 2024","format":false,"excerpt":"En unas elecciones donde no solamente est\u00e1 en juego el futuro democr\u00e1tico, sino tambi\u00e9n el ecosistema criminal de Venezuela, el presidente Nicol\u00e1s Maduro ha recurrido a una serie de herramientas ilegales y represivas para asegurar un tercer mandato consecutivo el pr\u00f3ximo domingo.","rel":"","context":"En \u00abNoticias\u00bb","block_context":{"text":"Noticias","link":"https:\/\/insightcrime.org\/es\/category\/noticias\/"},"img":{"alt_text":"","src":"https:\/\/i0.wp.com\/insightcrime.org\/wp-content\/uploads\/2024\/07\/Feature-image-elecciones-Venezuela.jpg?fit=1200%2C690&quality=100&ssl=1&resize=350%2C200","width":350,"height":200,"srcset":"https:\/\/i0.wp.com\/insightcrime.org\/wp-content\/uploads\/2024\/07\/Feature-image-elecciones-Venezuela.jpg?fit=1200%2C690&quality=100&ssl=1&resize=350%2C200 1x, https:\/\/i0.wp.com\/insightcrime.org\/wp-content\/uploads\/2024\/07\/Feature-image-elecciones-Venezuela.jpg?fit=1200%2C690&quality=100&ssl=1&resize=525%2C300 1.5x, https:\/\/i0.wp.com\/insightcrime.org\/wp-content\/uploads\/2024\/07\/Feature-image-elecciones-Venezuela.jpg?fit=1200%2C690&quality=100&ssl=1&resize=700%2C400 2x, https:\/\/i0.wp.com\/insightcrime.org\/wp-content\/uploads\/2024\/07\/Feature-image-elecciones-Venezuela.jpg?fit=1200%2C690&quality=100&ssl=1&resize=1050%2C600 3x"},"classes":[]},{"id":264935,"url":"https:\/\/insightcrime.org\/es\/noticias\/explosiva-guerra-ecuador-contra-crimen-carece-estrategia-salida\/","url_meta":{"origin":98956,"position":4},"title":"La explosiva guerra de Ecuador contra el crimen carece de estrategia de salida","author":"Anastasia Austin","date":"9 de enero de 2024","format":false,"excerpt":"Las pandillas de Ecuador desataron una ola de violencia en respuesta a los esfuerzos del nuevo gobierno por frenar la criminalidad, pero la r\u00e1pida militarizaci\u00f3n del conflicto por parte de las autoridades carece de una estrategia de salida.\u00a0","rel":"","context":"En \u00abNoticias\u00bb","block_context":{"text":"Noticias","link":"https:\/\/insightcrime.org\/es\/category\/noticias\/"},"img":{"alt_text":"Una fila de soldados ecuatorianos.","src":"https:\/\/i0.wp.com\/insightcrime.org\/wp-content\/uploads\/2023\/08\/Ecuador-soldiers-internal-conflict-gangs-Reuters.png?fit=350%2C250&quality=100&ssl=1&resize=350%2C200","width":350,"height":200},"classes":[]},{"id":190786,"url":"https:\/\/insightcrime.org\/es\/noticias\/preguntas-deja-informe-comision-verdad-presidente-electo-colombia\/","url_meta":{"origin":98956,"position":5},"title":"Las preguntas que deja el informe de la Comisi\u00f3n de la Verdad para el presidente electo de Colombia","author":"Javier Lizcano Villalba","date":"12 de julio de 2022","format":false,"excerpt":"La Comisi\u00f3n de la Verdad present\u00f3 su Informe Final en Bogot\u00e1, Colombia, sobre la realidad del conflicto interno en el pa\u00eds. Adem\u00e1s de entregar una radiograf\u00eda del pa\u00eds, deja varios interrogantes para el nuevo gobierno.","rel":"","context":"En \u00abNoticias\u00bb","block_context":{"text":"Noticias","link":"https:\/\/insightcrime.org\/es\/category\/noticias\/"},"img":{"alt_text":"Gustavo Petro recibe el Informe Final de la Comisi\u00f3n de la Verdad","src":"https:\/\/i0.wp.com\/insightcrime.org\/wp-content\/uploads\/2022\/07\/A2-AP_22179626340637.jpg?fit=1200%2C690&quality=100&ssl=1&resize=350%2C200","width":350,"height":200,"srcset":"https:\/\/i0.wp.com\/insightcrime.org\/wp-content\/uploads\/2022\/07\/A2-AP_22179626340637.jpg?fit=1200%2C690&quality=100&ssl=1&resize=350%2C200 1x, https:\/\/i0.wp.com\/insightcrime.org\/wp-content\/uploads\/2022\/07\/A2-AP_22179626340637.jpg?fit=1200%2C690&quality=100&ssl=1&resize=525%2C300 1.5x, https:\/\/i0.wp.com\/insightcrime.org\/wp-content\/uploads\/2022\/07\/A2-AP_22179626340637.jpg?fit=1200%2C690&quality=100&ssl=1&resize=700%2C400 2x, https:\/\/i0.wp.com\/insightcrime.org\/wp-content\/uploads\/2022\/07\/A2-AP_22179626340637.jpg?fit=1200%2C690&quality=100&ssl=1&resize=1050%2C600 3x"},"classes":[]}],"jetpack_featured_media_url":"https:\/\/i0.wp.com\/insightcrime.org\/wp-content\/uploads\/2019\/04\/Juan-Guaido-Plan-Pais.jpg?fit=350%2C250&quality=100&ssl=1","_links":{"self":[{"href":"https:\/\/insightcrime.org\/es\/wp-json\/wp\/v2\/posts\/98956","targetHints":{"allow":["GET"]}}],"collection":[{"href":"https:\/\/insightcrime.org\/es\/wp-json\/wp\/v2\/posts"}],"about":[{"href":"https:\/\/insightcrime.org\/es\/wp-json\/wp\/v2\/types\/post"}],"author":[{"embeddable":true,"href":"https:\/\/insightcrime.org\/es\/wp-json\/wp\/v2\/users\/775"}],"replies":[{"embeddable":true,"href":"https:\/\/insightcrime.org\/es\/wp-json\/wp\/v2\/comments?post=98956"}],"version-history":[{"count":5,"href":"https:\/\/insightcrime.org\/es\/wp-json\/wp\/v2\/posts\/98956\/revisions"}],"predecessor-version":[{"id":291360,"href":"https:\/\/insightcrime.org\/es\/wp-json\/wp\/v2\/posts\/98956\/revisions\/291360"}],"wp:featuredmedia":[{"embeddable":true,"href":"https:\/\/insightcrime.org\/es\/wp-json\/wp\/v2\/media\/98947"}],"wp:attachment":[{"href":"https:\/\/insightcrime.org\/es\/wp-json\/wp\/v2\/media?parent=98956"}],"wp:term":[{"taxonomy":"category","embeddable":true,"href":"https:\/\/insightcrime.org\/es\/wp-json\/wp\/v2\/categories?post=98956"},{"taxonomy":"post_tag","embeddable":true,"href":"https:\/\/insightcrime.org\/es\/wp-json\/wp\/v2\/tags?post=98956"},{"taxonomy":"newspack_spnsrs_tax","embeddable":true,"href":"https:\/\/insightcrime.org\/es\/wp-json\/wp\/v2\/newspack_spnsrs_tax?post=98956"},{"taxonomy":"author","embeddable":true,"href":"https:\/\/insightcrime.org\/es\/wp-json\/wp\/v2\/coauthors?post=98956"}],"curies":[{"name":"wp","href":"https:\/\/api.w.org\/{rel}","templated":true}]}}