{"id":99133,"date":"2019-04-17T14:09:47","date_gmt":"2019-04-17T19:09:47","guid":{"rendered":"https:\/\/insightcrime.org\/?p=99133"},"modified":"2024-09-02T15:07:22","modified_gmt":"2024-09-02T20:07:22","slug":"amlo-promete-descubrir-fosas","status":"publish","type":"post","link":"https:\/\/insightcrime.org\/es\/noticias\/amlo-promete-descubrir-fosas\/","title":{"rendered":"La complicada promesa de AMLO de encontrar fosas comunes en M\u00e9xico"},"content":{"rendered":"\n<p class=\"wp-block-paragraph\">El presidente de M\u00e9xico Andr\u00e9s Manuel L\u00f3pez Obrador reinstaur\u00f3 recientemente el Sistema Nacional de B\u00fasqueda de Personas (SNBP), lo que da esperanzas de que se haga un esfuerzo real por descubrir las fosas clandestinas. Pero la promesa deja m\u00e1s interrogantes que respuestas por la complejidad de la implementaci\u00f3n de este proyecto.<\/p>\n\n\n\n<p class=\"wp-block-paragraph\">A finales de marzo, L\u00f3pez Obrador declar\u00f3 que el gobierno federal destinar\u00e1 <a href=\"https:\/\/www.telemundo.com\/noticias\/2019\/03\/25\/amlo-promete-presupuesto-ilimitado-para-la-busqueda-de-40000-desaparecidos-en\" target=\"_blank\" rel=\"noopener\">recursos ilimitados<\/a> para la b\u00fasqueda de unos 40.000 desaparecidos. Adem\u00e1s, el programa tambi\u00e9n destinar\u00e1 fondos para asistir el limitado sistema forense del pa\u00eds, que actualmente tiene problemas para identificar m\u00e1s de 26.000 cuerpos que llegan sus morgues.<\/p>\n\n\n\n<p class=\"wp-block-paragraph\"><span style=\"color: #800000;\"><strong>VEA TAMBI\u00c9N:<\/strong><\/span> <a href=\"https:\/\/es.insightcrime.org\/noticias\/analisis\/sobre-fosas-clandestinas-mexico\/\" target=\"_blank\" rel=\"noopener\">Realidad enterrada: una mirada a las fosas clandestinas en M\u00e9xico<\/a><\/p>\n\n\n\n<p class=\"wp-block-paragraph\">El anuncio hecho por AMLO fue bien recibido por m\u00faltiples ONG y por las <a href=\"https:\/\/vanguardia.com.mx\/articulo\/onu-aplaude-reactivacion-de-sistema-de-busqueda-de-desaparecidos-en-mexico\" target=\"_blank\" rel=\"noopener\">Naciones Unidas<\/a>. Los activistas est\u00e1n de acuerdo en que una destinaci\u00f3n de recursos adecuada dar\u00eda a familias y grupos de b\u00fasqueda la oportunidad de explorar las m\u00e1s de 1.300 fosas clandestinas cuya existencia ya se conoce en el pa\u00eds y de encontrar muchas m\u00e1s.<\/p>\n\n\n\n<p class=\"wp-block-paragraph\">En un intento por garantizar el \u00e9xito del SNBP, se prev\u00e9 que cada estado cree un <a href=\"https:\/\/mvsnoticias.com\/noticias\/nacionales\/busqueda-de-los-desaparecidos-es-responsabilidad-de-estado-amlo-video\/\" target=\"_blank\" rel=\"noopener\">comit\u00e9 de b\u00fasqueda<\/a> con ayuda del gobierno federal, y L\u00f3pez Obrador anunci\u00f3 que estos se habr\u00e1n creado antes de septiembre.<\/p>\n\n\n\n<p class=\"wp-block-paragraph\">El presidente a\u00f1adi\u00f3 que, en los pr\u00f3ximos tres meses, se reunir\u00eda con familiares de v\u00edctimas, defensores de derechos humanos y expertos para verificar los avances.<\/p>\n\n\n\n<h3 class=\"wp-block-heading\">An\u00e1lisis de InSight Crime<\/h3>\n\n\n\n<p class=\"wp-block-paragraph\">Pese al compromiso de L\u00f3pez Obrador de hacerle frente a la dif\u00edcil situaci\u00f3n de las desapariciones forzosas y las fosas clandestinas, reinstaurar el SNBP deja m\u00e1s preguntas sobre lo que seguramente ser\u00e1 una batalla colosal para implementar este programa.<\/p>\n\n\n\n<p class=\"wp-block-paragraph\">En la d\u00e9cada anterior, la ardua tarea de descubrir y explorar las fosas clandestinas la realizaron en su mayor\u00eda las familias de los desaparecidos y ONG que los apoyaban.&nbsp;Esto cobr\u00f3 relieve en los recientes descubrimientos de cad\u00e1veres en fosas comunes en zonas como <a href=\"https:\/\/www.milenio.com\/policia\/sinaloa-hallan-18-cuerpos-fosas-clandestinas\" target=\"_blank\" rel=\"noopener\">Sinaloa<\/a>, <a href=\"http:\/\/oaxaca.eluniversal.com.mx\/seguridad\/06-04-2019\/hallan-en-oaxaca-13-fosas-clandestinas-en-2018-suman-49-en-dos-anos\" target=\"_blank\" rel=\"noopener\">Oaxaca<\/a>, <a href=\"https:\/\/www.proceso.com.mx\/570889\/suman-30-cadaveres-hallados-en-fosas-clandestinas-en-tecoman-colima\" target=\"_blank\" rel=\"noopener\">Colima<\/a>, <a href=\"https:\/\/www.elsoldemexico.com.mx\/republica\/sociedad\/van-10-cuerpos-encontrados-en-fosa-clandestina-de-rio-blanco-veracruz-3182820.html\" target=\"_blank\" rel=\"noopener\">Veracruz<\/a> y <a href=\"https:\/\/www.infobae.com\/america\/mexico\/2019\/04\/14\/hallaron-una-fosa-clandestina-con-restos-de-27-personas-en-sonora\/\" target=\"_blank\" rel=\"noopener\">Sonora<\/a>, entre otras.<\/p>\n\n\n\n<p class=\"wp-block-paragraph\">De estas, una de las m\u00e1s notorias es <a href=\"https:\/\/www.eluniversal.com.mx\/estados\/suman-300-cuerpos-hallados-en-fosa-clandestina-de-veracruz\" target=\"_blank\" rel=\"noopener\">una fosa com\u00fan<\/a> descubierta en Colinas de Santa Fe, zona urbana de Veracruz, donde un grupo de familias llamado el <a href=\"https:\/\/www.proceso.com.mx\/545787\/el-colectivo-solecito-dos-anos-de-escarbar-en-el-narcocementerio-mas-grande-de-latinoamerica\" target=\"_blank\" rel=\"noopener\">Colectivo Solecito de Veracruz<\/a> descubri\u00f3 m\u00e1s de 300 restos humanos. Un miembro del grupo denunci\u00f3 p\u00fablicamente la <a href=\"https:\/\/www.alcalorpolitico.com\/informacion\/en-dos-meses-terminarian-busqueda-de-fosas-en-colinas-de-santa-fe-colectivo-solecito-284802.html#.XKSmblVKhxC\" target=\"_blank\" rel=\"noopener\">falta de apoyo<\/a> y ayuda de la Fiscal\u00eda General del Estado.<\/p>\n\n\n\n<p class=\"wp-block-paragraph\"><span style=\"color: #800000;\"><strong>VEA TAMBI\u00c9N:<\/strong><\/span> <a href=\"https:\/\/es.insightcrime.org\/noticias\/noticias-del-dia\/familiares-victimas-hallan-75-fosas-comunes-mexico-critican-autoridades\/\" target=\"_blank\" rel=\"noopener\">V\u00edctimas en M\u00e9xico descubren 75 fosas comunes, critican a autoridades<\/a><\/p>\n\n\n\n<p class=\"wp-block-paragraph\">La promesa del presidente de entregar recursos ilimitados para esta misi\u00f3n no brinda respuestas claras a las m\u00faltiples preguntas que rodean la implementaci\u00f3n del programa. \u00bfC\u00f3mo trabajar\u00e1n el gobierno federal y los 31 estados de M\u00e9xico junto con ONG y familias para garantizar el uso adecuado de los recursos? Y dado que estas fosas muchas veces est\u00e1n ubicadas en zonas donde operan carteles, \u00bfc\u00f3mo garantizar\u00e1 el gobierno la seguridad de quienes participan en los esfuerzos de b\u00fasqueda?<\/p>\n\n\n\n<p class=\"wp-block-paragraph\">El 30 de marzo, Abiram Hern\u00e1ndez Fern\u00e1ndez, activista local y fuerte defensor de las familias en la b\u00fasqueda de desaparecidos, fue <a href=\"https:\/\/www.univision.com\/noticias\/criminalidad\/matan-a-activista-mexicano-que-ayudaba-a-familias-a-buscar-a-sus-miembros-desaparecidos\" target=\"_blank\" rel=\"noopener\">asesinado en Veracruz<\/a>.<\/p>\n\n\n\n<p class=\"wp-block-paragraph\">Falko Ernst, analista principal del International Crisis Group, se\u00f1al\u00f3 a InSight Crime que \u201csimb\u00f3licamente, este es un salto importante en la direcci\u00f3n correcta en comparaci\u00f3n con la obstrucci\u00f3n y la negaci\u00f3n de las anteriores administraciones\u201d.<\/p>\n\n\n\n<p class=\"wp-block-paragraph\">Es claro que esta es prioridad para L\u00f3pez Obrador, y las familias de los millares de v\u00edctimas se aferran a la esperanza de que esta no sea otra vana promesa de una larga lista del gobierno mexicano.<\/p>\n\n\n\n<p class=\"wp-block-paragraph\">El \u201cradio de acci\u00f3n [del SNBP]&nbsp;solo llegar\u00e1 hasta donde el gobierno federal tenga la capacidad y la voluntad de brindar protecci\u00f3n\u201d, agreg\u00f3 Ernst.<\/p>\n","protected":false},"excerpt":{"rendered":"<p>El presidente de M\u00e9xico Andr\u00e9s Manuel L\u00f3pez Obrador reinstaur\u00f3 recientemente el Sistema Nacional de B\u00fasqueda de Personas (SNBP), lo que da esperanzas de que se haga un esfuerzo real por descubrir las fosas clandestinas. Pero la promesa deja m\u00e1s interrogantes que respuestas por la complejidad de la implementaci\u00f3n de este proyecto.<\/p>\n","protected":false},"author":181,"featured_media":99082,"comment_status":"closed","ping_status":"closed","sticky":false,"template":"","format":"standard","meta":{"newspack_ads_suppress_ads":false,"newspack_popups_has_disabled_popups":false,"newspack_sponsor_sponsorship_scope":"","newspack_sponsor_native_byline_display":"inherit","newspack_sponsor_native_category_display":"inherit","newspack_sponsor_underwriter_style":"inherit","newspack_sponsor_underwriter_placement":"inherit","_EventAllDay":false,"_EventTimezone":"","_EventStartDate":"","_EventEndDate":"","_EventStartDateUTC":"","_EventEndDateUTC":"","_EventShowMap":false,"_EventShowMapLink":false,"_EventURL":"","_EventCost":"","_EventCostDescription":"","_EventCurrencySymbol":"","_EventCurrencyCode":"","_EventCurrencyPosition":"","_EventDateTimeSeparator":"","_EventTimeRangeSeparator":"","_EventOrganizerID":[],"_EventVenueID":[],"_OrganizerEmail":"","_OrganizerPhone":"","_OrganizerWebsite":"","_VenueAddress":"","_VenueCity":"","_VenueCountry":"","_VenueProvince":"","_VenueState":"","_VenueZip":"","_VenuePhone":"","_VenueURL":"","_VenueStateProvince":"","_VenueLat":"","_VenueLng":"","_VenueShowMap":false,"_VenueShowMapLink":false,"_newspack_byline_active":false,"_newspack_byline":"","newspack_hide_updated_date":false,"newspack_show_updated_date":false,"newspack_featured_image_position":"","newspack_post_subtitle":"","newspack_article_summary_title":"Overview:","newspack_article_summary":"","_jetpack_memberships_contains_paid_content":false,"footnotes":""},"categories":[759],"tags":[406,460],"newspack_spnsrs_tax":[],"coauthors":[4152],"class_list":["post-99133","post","type-post","status-publish","format-standard","has-post-thumbnail","hentry","category-noticias","tag-mexico-pais","tag-secuestro","entry"],"parsely":{"version":"1.1.0","canonical_url":"https:\/\/insightcrime.org\/es\/noticias\/amlo-promete-descubrir-fosas\/","smart_links":{"inbound":0,"outbound":0},"traffic_boost_suggestions_count":0,"meta":{"@context":"https:\/\/schema.org","@type":"NewsArticle","headline":"La complicada promesa de AMLO de encontrar fosas comunes en M\u00e9xico","url":"http:\/\/insightcrime.org\/es\/noticias\/amlo-promete-descubrir-fosas\/","mainEntityOfPage":{"@type":"WebPage","@id":"http:\/\/insightcrime.org\/es\/noticias\/amlo-promete-descubrir-fosas\/"},"thumbnailUrl":"https:\/\/i0.wp.com\/insightcrime.org\/wp-content\/uploads\/2017\/06\/es-17-06-27-Mexico-Colinas.jpg?resize=150%2C150&quality=100&ssl=1","image":{"@type":"ImageObject","url":"https:\/\/i0.wp.com\/insightcrime.org\/wp-content\/uploads\/2017\/06\/es-17-06-27-Mexico-Colinas.jpg?fit=350%2C250&quality=100&ssl=1"},"articleSection":"Noticias","author":[{"@type":"Person","name":"Camilo Carranza"}],"creator":["Camilo Carranza"],"publisher":{"@type":"Organization","name":"InSight Crime","logo":"https:\/\/insightcrime.org\/wp-content\/uploads\/2023\/08\/logo.png"},"keywords":["m\u00e9xico","secuestro"],"dateCreated":"2019-04-17T19:09:47Z","datePublished":"2019-04-17T19:09:47Z","dateModified":"2024-09-02T20:07:22Z"},"rendered":"<meta name=\"parsely-title\" content=\"La complicada promesa de AMLO de encontrar fosas comunes en M\u00e9xico\" \/>\n<meta name=\"parsely-link\" content=\"http:\/\/insightcrime.org\/es\/noticias\/amlo-promete-descubrir-fosas\/\" \/>\n<meta name=\"parsely-type\" content=\"post\" \/>\n<meta name=\"parsely-image-url\" content=\"https:\/\/i0.wp.com\/insightcrime.org\/wp-content\/uploads\/2017\/06\/es-17-06-27-Mexico-Colinas.jpg?resize=150%2C150&amp;quality=100&amp;ssl=1\" \/>\n<meta name=\"parsely-pub-date\" content=\"2019-04-17T19:09:47Z\" \/>\n<meta name=\"parsely-section\" content=\"Noticias\" \/>\n<meta name=\"parsely-tags\" content=\"m\u00e9xico,secuestro\" \/>\n<meta name=\"parsely-author\" content=\"Camilo Carranza\" \/>","tracker_url":"https:\/\/cdn.parsely.com\/keys\/insightcrime.org\/p.js"},"jetpack_sharing_enabled":true,"jetpack-related-posts":[{"id":201722,"url":"https:\/\/insightcrime.org\/es\/noticias\/madres-buscadoras-mexico-abandonadas-estado\/","url_meta":{"origin":99133,"position":0},"title":"Madres buscadoras de M\u00e9xico se sienten abandonadas por el Estado","author":"Raquel Balletin","date":"19 de octubre de 2022","format":false,"excerpt":"Siguen los asesinatos de las madres que buscan los cuerpos de sus seres queridos en M\u00e9xico, lo que deja mal parado al presidente L\u00f3pez Obrador por no honrar su promesa de protegerlas.","rel":"","context":"En \u00abNoticias\u00bb","block_context":{"text":"Noticias","link":"https:\/\/insightcrime.org\/es\/category\/noticias\/"},"img":{"alt_text":"Two mothers hug in Mexico's state of Sonora after finding a mass grave.","src":"https:\/\/i0.wp.com\/insightcrime.org\/wp-content\/uploads\/2022\/10\/37IWYMSBAJEMTM6ZG6UTWOOZGM-1-1.jpg?fit=350%2C250&quality=100&ssl=1&resize=350%2C200","width":350,"height":200},"classes":[]},{"id":147749,"url":"https:\/\/insightcrime.org\/es\/noticias\/porque-masiva-falta-cualificacion-guardia-nacional-mexico\/","url_meta":{"origin":99133,"position":1},"title":"Por qu\u00e9 la masiva falta de cualificaci\u00f3n de la Guardia Nacional de M\u00e9xico","author":"Alessandro Ford","date":"9 de junio de 2021","format":false,"excerpt":"M\u00e1s del 90 por ciento del personal activo en la Guardia Nacional de M\u00e9xico sigue sin certificar dos a\u00f1os despu\u00e9s de la creaci\u00f3n de ese organismo de seguridad, lo que se\u00f1ala el fracaso de una meta bandera del presidente mexicano Andr\u00e9s Manuel L\u00f3pez Obrador, quien defendi\u00f3 la creaci\u00f3n del nuevo\u2026","rel":"","context":"En \u00abNoticias\u00bb","block_context":{"text":"Noticias","link":"https:\/\/insightcrime.org\/es\/category\/noticias\/"},"img":{"alt_text":"","src":"https:\/\/i0.wp.com\/insightcrime.org\/wp-content\/uploads\/2021\/06\/7cbcc2b8c3e1d858abc349949f15547084cdf078-copy.jpeg?fit=350%2C250&quality=100&ssl=1&resize=350%2C200","width":350,"height":200},"classes":[]},{"id":166332,"url":"https:\/\/insightcrime.org\/es\/noticias\/desapariciones-sonora-mexico-extienden-comunidades-indigenas\/","url_meta":{"origin":99133,"position":2},"title":"Desapariciones en Sonora, M\u00e9xico, se extienden a comunidades ind\u00edgenas","author":"Chris Dalby","date":"26 de agosto de 2021","format":false,"excerpt":"La b\u00fasqueda incesante de miembros de la comunidad ind\u00edgena de los Yaqui en M\u00e9xico, desaparecidos hace m\u00e1s de un mes, se ha convertido en un grito de guerra para los activistas que llaman la atenci\u00f3n sobre el estremecedor n\u00famero de desapariciones en el estado de Sonora, al norte del pa\u00eds.","rel":"","context":"En \u00abNoticias\u00bb","block_context":{"text":"Noticias","link":"https:\/\/insightcrime.org\/es\/category\/noticias\/"},"img":{"alt_text":"People at a protest holding up banners featuring photos of missing loved ones in Mexico","src":"https:\/\/i0.wp.com\/insightcrime.org\/wp-content\/uploads\/2021\/08\/desaparecidos.jpg?fit=350%2C250&quality=100&ssl=1&resize=350%2C200","width":350,"height":200},"classes":[]},{"id":200935,"url":"https:\/\/insightcrime.org\/es\/noticias\/mexico-ejercito-crimen-abusos-derechos-humanos\/","url_meta":{"origin":99133,"position":3},"title":"Ej\u00e9rcito de M\u00e9xico seguir\u00e1 combatiendo crimen a pesar de abusos de derechos humanos","author":"Peter Appleby","date":"6 de octubre de 2022","format":false,"excerpt":"El presidente Andr\u00e9s Manuel L\u00f3pez Obrador no logra imponerse sobre los grupos criminales a pesar de apoyarse cada vez m\u00e1s en las fuerzas armadas de M\u00e9xico contra todas las evidencias de abusos de derechos humanos por parte de esa entidad que han salido a la luz en los \u00faltimos meses.","rel":"","context":"En \u00abNoticias\u00bb","block_context":{"text":"Noticias","link":"https:\/\/insightcrime.org\/es\/category\/noticias\/"},"img":{"alt_text":"Formaci\u00f3n de soldados del Ej\u00e9rcito Mexicano","src":"https:\/\/i0.wp.com\/insightcrime.org\/wp-content\/uploads\/2022\/10\/mexico-army-1.jpeg?fit=350%2C250&quality=100&ssl=1&resize=350%2C200","width":350,"height":200},"classes":[]},{"id":204704,"url":"https:\/\/insightcrime.org\/es\/noticias\/aumenta-la-violencia-en-hidalgo-centro-del-robo-de-petroleo-en-mexico\/","url_meta":{"origin":99133,"position":4},"title":"Aumenta la violencia en Hidalgo, centro del robo de petr\u00f3leo en M\u00e9xico","author":"Peter Appleby","date":"17 de noviembre de 2022","format":false,"excerpt":"El estado de Hidalgo, M\u00e9xico, que tradicionalmente ha sido pac\u00edfico, est\u00e1 experimentando un r\u00e1pido aumento de la violencia relacionada con el robo de petr\u00f3leo, lo que demuestra que las promesas del gobierno para acabar con esta econom\u00eda criminal se han quedado cortas.","rel":"","context":"En \u00abNoticias\u00bb","block_context":{"text":"Noticias","link":"https:\/\/insightcrime.org\/es\/category\/noticias\/"},"img":{"alt_text":"Militares mexicanos vigilan oleoductos, en tanto el gobierno intenta reducir el huachicoleo.","src":"https:\/\/i0.wp.com\/insightcrime.org\/wp-content\/uploads\/2022\/11\/huachicol-1.jpeg?fit=350%2C250&quality=100&ssl=1&resize=350%2C200","width":350,"height":200},"classes":[]},{"id":164447,"url":"https:\/\/insightcrime.org\/es\/noticias\/sitios-exterminio-mexico-predominan-estados-noreste\/","url_meta":{"origin":99133,"position":5},"title":"Sitios de exterminio, una arista m\u00e1s en la crisis de desapariciones en M\u00e9xico","author":"Victoria Dittmar","date":"4 de agosto de 2021","format":false,"excerpt":"Dada la inacci\u00f3n por parte del gobierno, las familias de los desaparecidos de M\u00e9xico est\u00e1n acudiendo a los cabecillas de los carteles para que les ayuden a encontrar a sus seres queridos.","rel":"","context":"En \u00abNoticias\u00bb","block_context":{"text":"Noticias","link":"https:\/\/insightcrime.org\/es\/category\/noticias\/"},"img":{"alt_text":"Fiscales buscan cuerpos en los campos de exterminio","src":"https:\/\/i0.wp.com\/insightcrime.org\/wp-content\/uploads\/2021\/08\/Exterminio.jpg?fit=350%2C250&quality=100&ssl=1&resize=350%2C200","width":350,"height":200},"classes":[]}],"jetpack_featured_media_url":"https:\/\/i0.wp.com\/insightcrime.org\/wp-content\/uploads\/2017\/06\/es-17-06-27-Mexico-Colinas.jpg?fit=350%2C250&quality=100&ssl=1","_links":{"self":[{"href":"https:\/\/insightcrime.org\/es\/wp-json\/wp\/v2\/posts\/99133","targetHints":{"allow":["GET"]}}],"collection":[{"href":"https:\/\/insightcrime.org\/es\/wp-json\/wp\/v2\/posts"}],"about":[{"href":"https:\/\/insightcrime.org\/es\/wp-json\/wp\/v2\/types\/post"}],"author":[{"embeddable":true,"href":"https:\/\/insightcrime.org\/es\/wp-json\/wp\/v2\/users\/181"}],"replies":[{"embeddable":true,"href":"https:\/\/insightcrime.org\/es\/wp-json\/wp\/v2\/comments?post=99133"}],"version-history":[{"count":6,"href":"https:\/\/insightcrime.org\/es\/wp-json\/wp\/v2\/posts\/99133\/revisions"}],"predecessor-version":[{"id":291357,"href":"https:\/\/insightcrime.org\/es\/wp-json\/wp\/v2\/posts\/99133\/revisions\/291357"}],"wp:featuredmedia":[{"embeddable":true,"href":"https:\/\/insightcrime.org\/es\/wp-json\/wp\/v2\/media\/99082"}],"wp:attachment":[{"href":"https:\/\/insightcrime.org\/es\/wp-json\/wp\/v2\/media?parent=99133"}],"wp:term":[{"taxonomy":"category","embeddable":true,"href":"https:\/\/insightcrime.org\/es\/wp-json\/wp\/v2\/categories?post=99133"},{"taxonomy":"post_tag","embeddable":true,"href":"https:\/\/insightcrime.org\/es\/wp-json\/wp\/v2\/tags?post=99133"},{"taxonomy":"newspack_spnsrs_tax","embeddable":true,"href":"https:\/\/insightcrime.org\/es\/wp-json\/wp\/v2\/newspack_spnsrs_tax?post=99133"},{"taxonomy":"author","embeddable":true,"href":"https:\/\/insightcrime.org\/es\/wp-json\/wp\/v2\/coauthors?post=99133"}],"curies":[{"name":"wp","href":"https:\/\/api.w.org\/{rel}","templated":true}]}}